{"id":4419,"date":"2022-05-05T15:28:00","date_gmt":"2022-05-05T18:28:00","guid":{"rendered":"https:\/\/ubaldofernandes.com\/?post_type=news&#038;p=4419"},"modified":"2022-05-05T18:53:17","modified_gmt":"2022-05-05T21:53:17","slug":"ubaldo-outdoor-presta-contas-do-mandato-com-amparo-na-lei-2","status":"publish","type":"news","link":"https:\/\/ubaldofernandes.com\/index.php\/news\/ubaldo-outdoor-presta-contas-do-mandato-com-amparo-na-lei-2\/","title":{"rendered":"Ubaldo: \u201cOutdoor presta contas do mandato com amparo na Lei\u201d"},"content":{"rendered":"\n<p>O Tribunal Regional Eleitoral do Rio Grande do Norte (TRE\/RN) concedeu liminar solicitada pelo Minist\u00e9rio P\u00fablico Eleitoral (MPE) e determinou a retirada de outdoors feitos pelo deputado Ubaldo Fernandes e espalhados por avenidas da capital potiguar.<\/p>\n\n\n\n<p>Diante disso, o parlamentar emite uma Nota, nesta quinta-feira (05\/05), em que externa sua tranquilidade, destacando que somente presta contas das a\u00e7\u00f5es do seu mandato, informando sobre emendas parlamentares e leis de sua autoria em benef\u00edcio da popula\u00e7\u00e3o, e que, portanto, tais materiais publicit\u00e1rios estariam dentro do permitido, como demonstrar\u00e1 sua assessoria jur\u00eddica.<\/p>\n\n\n\n<p><strong>SEGUE NOTA:<\/strong><\/p>\n\n\n\n<p><em>\u201cO Deputado Estadual Ubaldo Fernandes da Silva vem a p\u00fablico informar que recebe com tranquilidade a informa\u00e7\u00e3o de que o Minist\u00e9rio P\u00fablico Eleitoral ingressou com a\u00e7\u00e3o judicial na Justi\u00e7a Eleitoral, tendo em vista questionar a legalidade da exposi\u00e7\u00e3o de outdoors contendo informa\u00e7\u00f5es acerca do exerc\u00edcio do seu mandato parlamentar, ressaltando que o contrato com a SBS Outdoors aconteceu somente no per\u00edodo de 14\/03\/2022 a 27\/03\/2022.<\/em><br><em>Nesse caso, oportunamente o Deputado ir\u00e1 se manifestar no processo em quest\u00e3o, afim de comprovar a regularidade dos referidos outdoors, uma vez que se revelam em meios de presta\u00e7\u00e3o de contas do seu exerc\u00edcio parlamentar \u00e0 popula\u00e7\u00e3o potiguar, tendo amparo na Lei 9.504\/97 (Lei das Elei\u00e7\u00f5es), notadamente no artigo 36-A, caput, inciso IV, que diz \u201cn\u00e3o se configurar em campanha eleitoral antecipada a divulga\u00e7\u00e3o de atos de parlamentares e debates legislativos, desde que n\u00e3o se fa\u00e7a pedido de votos\u201d.<\/em><\/p>\n\n\n\n<p>Mat\u00e9ria publicada no <a href=\"https:\/\/blogafonte.com.br\/2022\/05\/05\/ubaldo-outdoor-presta-contas-do-mandato-com-amparo-na-lei\/\">Blog A Fonte<\/a>. <\/p>\n","protected":false},"featured_media":4418,"parent":0,"template":"","class_list":["post-4419","news","type-news","status-publish","has-post-thumbnail","hentry"],"acf":[],"yoast_head":"<!-- This site is optimized with the Yoast SEO plugin v24.6 - https:\/\/yoast.com\/wordpress\/plugins\/seo\/ -->\n<title>Ubaldo: \u201cOutdoor presta contas do mandato com amparo na Lei\u201d - Ubaldo Fernandes<\/title>\n<meta name=\"robots\" content=\"index, follow, max-snippet:-1, max-image-preview:large, max-video-preview:-1\" \/>\n<link rel=\"canonical\" href=\"https:\/\/ubaldofernandes.com\/index.php\/news\/ubaldo-outdoor-presta-contas-do-mandato-com-amparo-na-lei-2\/\" \/>\n<meta property=\"og:locale\" content=\"pt_BR\" \/>\n<meta property=\"og:type\" content=\"article\" \/>\n<meta property=\"og:title\" content=\"Ubaldo: \u201cOutdoor presta contas do mandato com amparo na Lei\u201d - Ubaldo Fernandes\" \/>\n<meta property=\"og:description\" content=\"O Tribunal Regional Eleitoral do Rio Grande do Norte (TRE\/RN) concedeu liminar solicitada pelo Minist\u00e9rio P\u00fablico Eleitoral (MPE) e determinou a retirada de outdoors feitos pelo deputado Ubaldo Fernandes e espalhados por avenidas da capital potiguar. Diante disso, o parlamentar emite uma Nota, nesta quinta-feira (05\/05), em que externa sua tranquilidade, destacando que somente presta [&hellip;]\" \/>\n<meta property=\"og:url\" content=\"https:\/\/ubaldofernandes.com\/index.php\/news\/ubaldo-outdoor-presta-contas-do-mandato-com-amparo-na-lei-2\/\" \/>\n<meta property=\"og:site_name\" content=\"Ubaldo Fernandes\" \/>\n<meta property=\"article:modified_time\" content=\"2022-05-05T21:53:17+00:00\" \/>\n<meta property=\"og:image\" content=\"https:\/\/ubaldofernandes.com\/wp-content\/uploads\/2022\/05\/Ubaldo-Outdoor.jpg\" \/>\n\t<meta property=\"og:image:width\" content=\"1280\" \/>\n\t<meta property=\"og:image:height\" content=\"853\" \/>\n\t<meta property=\"og:image:type\" content=\"image\/jpeg\" \/>\n<meta name=\"twitter:card\" content=\"summary_large_image\" \/>\n<meta name=\"twitter:label1\" content=\"Est. tempo de leitura\" \/>\n\t<meta name=\"twitter:data1\" content=\"1 minuto\" \/>\n<script type=\"application\/ld+json\" class=\"yoast-schema-graph\">{\"@context\":\"https:\/\/schema.org\",\"@graph\":[{\"@type\":\"WebPage\",\"@id\":\"https:\/\/ubaldofernandes.com\/index.php\/news\/ubaldo-outdoor-presta-contas-do-mandato-com-amparo-na-lei-2\/\",\"url\":\"https:\/\/ubaldofernandes.com\/index.php\/news\/ubaldo-outdoor-presta-contas-do-mandato-com-amparo-na-lei-2\/\",\"name\":\"Ubaldo: \u201cOutdoor presta contas do mandato com amparo na Lei\u201d - Ubaldo Fernandes\",\"isPartOf\":{\"@id\":\"https:\/\/ubaldofernandes.com\/#website\"},\"primaryImageOfPage\":{\"@id\":\"https:\/\/ubaldofernandes.com\/index.php\/news\/ubaldo-outdoor-presta-contas-do-mandato-com-amparo-na-lei-2\/#primaryimage\"},\"image\":{\"@id\":\"https:\/\/ubaldofernandes.com\/index.php\/news\/ubaldo-outdoor-presta-contas-do-mandato-com-amparo-na-lei-2\/#primaryimage\"},\"thumbnailUrl\":\"https:\/\/ubaldofernandes.com\/wp-content\/uploads\/2022\/05\/Ubaldo-Outdoor.jpg\",\"datePublished\":\"2022-05-05T18:28:00+00:00\",\"dateModified\":\"2022-05-05T21:53:17+00:00\",\"breadcrumb\":{\"@id\":\"https:\/\/ubaldofernandes.com\/index.php\/news\/ubaldo-outdoor-presta-contas-do-mandato-com-amparo-na-lei-2\/#breadcrumb\"},\"inLanguage\":\"pt-BR\",\"potentialAction\":[{\"@type\":\"ReadAction\",\"target\":[\"https:\/\/ubaldofernandes.com\/index.php\/news\/ubaldo-outdoor-presta-contas-do-mandato-com-amparo-na-lei-2\/\"]}]},{\"@type\":\"ImageObject\",\"inLanguage\":\"pt-BR\",\"@id\":\"https:\/\/ubaldofernandes.com\/index.php\/news\/ubaldo-outdoor-presta-contas-do-mandato-com-amparo-na-lei-2\/#primaryimage\",\"url\":\"https:\/\/ubaldofernandes.com\/wp-content\/uploads\/2022\/05\/Ubaldo-Outdoor.jpg\",\"contentUrl\":\"https:\/\/ubaldofernandes.com\/wp-content\/uploads\/2022\/05\/Ubaldo-Outdoor.jpg\",\"width\":1280,\"height\":853},{\"@type\":\"BreadcrumbList\",\"@id\":\"https:\/\/ubaldofernandes.com\/index.php\/news\/ubaldo-outdoor-presta-contas-do-mandato-com-amparo-na-lei-2\/#breadcrumb\",\"itemListElement\":[{\"@type\":\"ListItem\",\"position\":1,\"name\":\"In\u00edcio\",\"item\":\"https:\/\/ubaldofernandes.com\/\"},{\"@type\":\"ListItem\",\"position\":2,\"name\":\"Not\u00edcias\",\"item\":\"https:\/\/ubaldofernandes.com\/index.php\/news\/\"},{\"@type\":\"ListItem\",\"position\":3,\"name\":\"Ubaldo: \u201cOutdoor presta contas do mandato com amparo na Lei\u201d\"}]},{\"@type\":\"WebSite\",\"@id\":\"https:\/\/ubaldofernandes.com\/#website\",\"url\":\"https:\/\/ubaldofernandes.com\/\",\"name\":\"Ubaldo Fernandes\",\"description\":\"Deputado Estadual\",\"potentialAction\":[{\"@type\":\"SearchAction\",\"target\":{\"@type\":\"EntryPoint\",\"urlTemplate\":\"https:\/\/ubaldofernandes.com\/?s={search_term_string}\"},\"query-input\":{\"@type\":\"PropertyValueSpecification\",\"valueRequired\":true,\"valueName\":\"search_term_string\"}}],\"inLanguage\":\"pt-BR\"}]}<\/script>\n<!-- \/ Yoast SEO plugin. -->","yoast_head_json":{"title":"Ubaldo: \u201cOutdoor presta contas do mandato com amparo na Lei\u201d - Ubaldo Fernandes","robots":{"index":"index","follow":"follow","max-snippet":"max-snippet:-1","max-image-preview":"max-image-preview:large","max-video-preview":"max-video-preview:-1"},"canonical":"https:\/\/ubaldofernandes.com\/index.php\/news\/ubaldo-outdoor-presta-contas-do-mandato-com-amparo-na-lei-2\/","og_locale":"pt_BR","og_type":"article","og_title":"Ubaldo: \u201cOutdoor presta contas do mandato com amparo na Lei\u201d - Ubaldo Fernandes","og_description":"O Tribunal Regional Eleitoral do Rio Grande do Norte (TRE\/RN) concedeu liminar solicitada pelo Minist\u00e9rio P\u00fablico Eleitoral (MPE) e determinou a retirada de outdoors feitos pelo deputado Ubaldo Fernandes e espalhados por avenidas da capital potiguar. Diante disso, o parlamentar emite uma Nota, nesta quinta-feira (05\/05), em que externa sua tranquilidade, destacando que somente presta [&hellip;]","og_url":"https:\/\/ubaldofernandes.com\/index.php\/news\/ubaldo-outdoor-presta-contas-do-mandato-com-amparo-na-lei-2\/","og_site_name":"Ubaldo Fernandes","article_modified_time":"2022-05-05T21:53:17+00:00","og_image":[{"width":1280,"height":853,"url":"https:\/\/ubaldofernandes.com\/wp-content\/uploads\/2022\/05\/Ubaldo-Outdoor.jpg","type":"image\/jpeg"}],"twitter_card":"summary_large_image","twitter_misc":{"Est. tempo de leitura":"1 minuto"},"schema":{"@context":"https:\/\/schema.org","@graph":[{"@type":"WebPage","@id":"https:\/\/ubaldofernandes.com\/index.php\/news\/ubaldo-outdoor-presta-contas-do-mandato-com-amparo-na-lei-2\/","url":"https:\/\/ubaldofernandes.com\/index.php\/news\/ubaldo-outdoor-presta-contas-do-mandato-com-amparo-na-lei-2\/","name":"Ubaldo: \u201cOutdoor presta contas do mandato com amparo na Lei\u201d - Ubaldo Fernandes","isPartOf":{"@id":"https:\/\/ubaldofernandes.com\/#website"},"primaryImageOfPage":{"@id":"https:\/\/ubaldofernandes.com\/index.php\/news\/ubaldo-outdoor-presta-contas-do-mandato-com-amparo-na-lei-2\/#primaryimage"},"image":{"@id":"https:\/\/ubaldofernandes.com\/index.php\/news\/ubaldo-outdoor-presta-contas-do-mandato-com-amparo-na-lei-2\/#primaryimage"},"thumbnailUrl":"https:\/\/ubaldofernandes.com\/wp-content\/uploads\/2022\/05\/Ubaldo-Outdoor.jpg","datePublished":"2022-05-05T18:28:00+00:00","dateModified":"2022-05-05T21:53:17+00:00","breadcrumb":{"@id":"https:\/\/ubaldofernandes.com\/index.php\/news\/ubaldo-outdoor-presta-contas-do-mandato-com-amparo-na-lei-2\/#breadcrumb"},"inLanguage":"pt-BR","potentialAction":[{"@type":"ReadAction","target":["https:\/\/ubaldofernandes.com\/index.php\/news\/ubaldo-outdoor-presta-contas-do-mandato-com-amparo-na-lei-2\/"]}]},{"@type":"ImageObject","inLanguage":"pt-BR","@id":"https:\/\/ubaldofernandes.com\/index.php\/news\/ubaldo-outdoor-presta-contas-do-mandato-com-amparo-na-lei-2\/#primaryimage","url":"https:\/\/ubaldofernandes.com\/wp-content\/uploads\/2022\/05\/Ubaldo-Outdoor.jpg","contentUrl":"https:\/\/ubaldofernandes.com\/wp-content\/uploads\/2022\/05\/Ubaldo-Outdoor.jpg","width":1280,"height":853},{"@type":"BreadcrumbList","@id":"https:\/\/ubaldofernandes.com\/index.php\/news\/ubaldo-outdoor-presta-contas-do-mandato-com-amparo-na-lei-2\/#breadcrumb","itemListElement":[{"@type":"ListItem","position":1,"name":"In\u00edcio","item":"https:\/\/ubaldofernandes.com\/"},{"@type":"ListItem","position":2,"name":"Not\u00edcias","item":"https:\/\/ubaldofernandes.com\/index.php\/news\/"},{"@type":"ListItem","position":3,"name":"Ubaldo: \u201cOutdoor presta contas do mandato com amparo na Lei\u201d"}]},{"@type":"WebSite","@id":"https:\/\/ubaldofernandes.com\/#website","url":"https:\/\/ubaldofernandes.com\/","name":"Ubaldo Fernandes","description":"Deputado Estadual","potentialAction":[{"@type":"SearchAction","target":{"@type":"EntryPoint","urlTemplate":"https:\/\/ubaldofernandes.com\/?s={search_term_string}"},"query-input":{"@type":"PropertyValueSpecification","valueRequired":true,"valueName":"search_term_string"}}],"inLanguage":"pt-BR"}]}},"_links":{"self":[{"href":"https:\/\/ubaldofernandes.com\/index.php\/wp-json\/wp\/v2\/news\/4419","targetHints":{"allow":["GET"]}}],"collection":[{"href":"https:\/\/ubaldofernandes.com\/index.php\/wp-json\/wp\/v2\/news"}],"about":[{"href":"https:\/\/ubaldofernandes.com\/index.php\/wp-json\/wp\/v2\/types\/news"}],"wp:featuredmedia":[{"embeddable":true,"href":"https:\/\/ubaldofernandes.com\/index.php\/wp-json\/wp\/v2\/media\/4418"}],"wp:attachment":[{"href":"https:\/\/ubaldofernandes.com\/index.php\/wp-json\/wp\/v2\/media?parent=4419"}],"curies":[{"name":"wp","href":"https:\/\/api.w.org\/{rel}","templated":true}]}}