{"id":4465,"date":"2022-05-11T14:19:09","date_gmt":"2022-05-11T17:19:09","guid":{"rendered":"https:\/\/ubaldofernandes.com\/?post_type=news&#038;p=4465"},"modified":"2022-05-12T09:21:15","modified_gmt":"2022-05-12T12:21:15","slug":"ubaldo-hoje-a-assembleia-escreve-um-capitulo-historico-na-trajetoria-dos-policiais-penais-do-rn","status":"publish","type":"news","link":"https:\/\/ubaldofernandes.com\/index.php\/news\/ubaldo-hoje-a-assembleia-escreve-um-capitulo-historico-na-trajetoria-dos-policiais-penais-do-rn\/","title":{"rendered":"Ubaldo: \u201cHoje, a Assembleia escreve um cap\u00edtulo hist\u00f3rico na trajet\u00f3ria dos policiais penais do RN\u201d"},"content":{"rendered":"\n<p>A Assembleia Legislativa do Rio Grande do Norte realizou uma Sess\u00e3o Solene logo em seguida \u00e0 Sess\u00e3o Ordin\u00e1ria desta quarta-feira (11\/05) para promulgar uma Proposta de Emenda Constitucional que beneficia os policiais penais do estado. Ao fim da sess\u00e3o, o deputado estadual Ubaldo Fernandes, que ocupou a 2\u00aa Secretaria na presente Sess\u00e3o, externou nas suas redes sociais, ao final, sua felicidade de participar e contribuir com este momento hist\u00f3rico para a categoria.<\/p>\n\n\n\n<p>Ficou promulgada a PEC n\u00ba 22, de 11 de maio de 2022, que acresce o inciso 6 ao artigo 18, altera o inciso 15 do artigo 37A, al\u00ednea D do artigo 46 e o artigo 90 da Constitui\u00e7\u00e3o Estadual, incluindo a Pol\u00edcia Penal entre os \u00f3rg\u00e3os de seguran\u00e7a p\u00fablica estadual, adequando-se \u00e0 Constitui\u00e7\u00e3o da Rep\u00fablica Federativa do Brasil.&nbsp;<\/p>\n\n\n\n<p>\u201cHoje, a Assembleia escreve um cap\u00edtulo hist\u00f3rico na trajet\u00f3ria dos policiais penais do RN. \u00c9 important\u00edssima a promulga\u00e7\u00e3o dessa PEC que vem, acima de tudo, para valorizar e dar dignidade ao policial penal do Rio Grande do Norte. Contribui muito para que essa categoria tenha sua autonomia e seja reconhecida como institui\u00e7\u00e3o da seguran\u00e7a p\u00fablica, do mesmo modo que as outras pol\u00edcias (militar e civil) e o Corpo de Bombeiros. Tenho muito orgulho de fazer parte dessa conquista do policial penal do meu querido estado.<\/p>\n\n\n\n<p>Presidente do Sindicato dos Policiais Penais do Rio Grande do Norte (SINDPPEN\/RN), Vilma Batista, declarou: \u201cN\u00f3s j\u00e1 t\u00ednhamos aprovado na Constitui\u00e7\u00e3o Federal, e faltava o Rio Grande do Norte atualizar a sua Constitui\u00e7\u00e3o Estadual, colocando os policiais penais no rol da seguran\u00e7a p\u00fablica, fazendo, assim, justi\u00e7a a essa categoria que mant\u00e9m a ordem e controle no sistema prisional, e \u00e9 a base &#8211; junto com as demais for\u00e7as de seguran\u00e7a &#8211; contra o crime organizado e diminuindo os \u00edndices de viol\u00eancia no Rio Grande do Norte\u201d.<\/p>\n\n\n\n<p>Mat\u00e9ria publicada no <a href=\"https:\/\/www.blogdojadson.com.br\/ler.php?idnot=23504\">Blog do Jadson<\/a>. <\/p>\n","protected":false},"featured_media":4466,"parent":0,"template":"","class_list":["post-4465","news","type-news","status-publish","has-post-thumbnail","hentry"],"acf":[],"yoast_head":"<!-- This site is optimized with the Yoast SEO plugin v24.6 - https:\/\/yoast.com\/wordpress\/plugins\/seo\/ -->\n<title>Ubaldo: \u201cHoje, a Assembleia escreve um cap\u00edtulo hist\u00f3rico na trajet\u00f3ria dos policiais penais do RN\u201d - Ubaldo Fernandes<\/title>\n<meta name=\"robots\" content=\"index, follow, max-snippet:-1, max-image-preview:large, max-video-preview:-1\" \/>\n<link rel=\"canonical\" href=\"https:\/\/ubaldofernandes.com\/index.php\/news\/ubaldo-hoje-a-assembleia-escreve-um-capitulo-historico-na-trajetoria-dos-policiais-penais-do-rn\/\" \/>\n<meta property=\"og:locale\" content=\"pt_BR\" \/>\n<meta property=\"og:type\" content=\"article\" \/>\n<meta property=\"og:title\" content=\"Ubaldo: \u201cHoje, a Assembleia escreve um cap\u00edtulo hist\u00f3rico na trajet\u00f3ria dos policiais penais do RN\u201d - Ubaldo Fernandes\" \/>\n<meta property=\"og:description\" content=\"A Assembleia Legislativa do Rio Grande do Norte realizou uma Sess\u00e3o Solene logo em seguida \u00e0 Sess\u00e3o Ordin\u00e1ria desta quarta-feira (11\/05) para promulgar uma Proposta de Emenda Constitucional que beneficia os policiais penais do estado. Ao fim da sess\u00e3o, o deputado estadual Ubaldo Fernandes, que ocupou a 2\u00aa Secretaria na presente Sess\u00e3o, externou nas suas [&hellip;]\" \/>\n<meta property=\"og:url\" content=\"https:\/\/ubaldofernandes.com\/index.php\/news\/ubaldo-hoje-a-assembleia-escreve-um-capitulo-historico-na-trajetoria-dos-policiais-penais-do-rn\/\" \/>\n<meta property=\"og:site_name\" content=\"Ubaldo Fernandes\" \/>\n<meta property=\"article:modified_time\" content=\"2022-05-12T12:21:15+00:00\" \/>\n<meta property=\"og:image\" content=\"https:\/\/ubaldofernandes.com\/wp-content\/uploads\/2022\/05\/Ubaldo-Policia-Penal-2.jpg\" \/>\n\t<meta property=\"og:image:width\" content=\"600\" \/>\n\t<meta property=\"og:image:height\" content=\"400\" \/>\n\t<meta property=\"og:image:type\" content=\"image\/jpeg\" \/>\n<meta name=\"twitter:card\" content=\"summary_large_image\" \/>\n<meta name=\"twitter:label1\" content=\"Est. tempo de leitura\" \/>\n\t<meta name=\"twitter:data1\" content=\"2 minutos\" \/>\n<script type=\"application\/ld+json\" class=\"yoast-schema-graph\">{\"@context\":\"https:\/\/schema.org\",\"@graph\":[{\"@type\":\"WebPage\",\"@id\":\"https:\/\/ubaldofernandes.com\/index.php\/news\/ubaldo-hoje-a-assembleia-escreve-um-capitulo-historico-na-trajetoria-dos-policiais-penais-do-rn\/\",\"url\":\"https:\/\/ubaldofernandes.com\/index.php\/news\/ubaldo-hoje-a-assembleia-escreve-um-capitulo-historico-na-trajetoria-dos-policiais-penais-do-rn\/\",\"name\":\"Ubaldo: \u201cHoje, a Assembleia escreve um cap\u00edtulo hist\u00f3rico na trajet\u00f3ria dos policiais penais do RN\u201d - Ubaldo Fernandes\",\"isPartOf\":{\"@id\":\"https:\/\/ubaldofernandes.com\/#website\"},\"primaryImageOfPage\":{\"@id\":\"https:\/\/ubaldofernandes.com\/index.php\/news\/ubaldo-hoje-a-assembleia-escreve-um-capitulo-historico-na-trajetoria-dos-policiais-penais-do-rn\/#primaryimage\"},\"image\":{\"@id\":\"https:\/\/ubaldofernandes.com\/index.php\/news\/ubaldo-hoje-a-assembleia-escreve-um-capitulo-historico-na-trajetoria-dos-policiais-penais-do-rn\/#primaryimage\"},\"thumbnailUrl\":\"https:\/\/ubaldofernandes.com\/wp-content\/uploads\/2022\/05\/Ubaldo-Policia-Penal-2.jpg\",\"datePublished\":\"2022-05-11T17:19:09+00:00\",\"dateModified\":\"2022-05-12T12:21:15+00:00\",\"breadcrumb\":{\"@id\":\"https:\/\/ubaldofernandes.com\/index.php\/news\/ubaldo-hoje-a-assembleia-escreve-um-capitulo-historico-na-trajetoria-dos-policiais-penais-do-rn\/#breadcrumb\"},\"inLanguage\":\"pt-BR\",\"potentialAction\":[{\"@type\":\"ReadAction\",\"target\":[\"https:\/\/ubaldofernandes.com\/index.php\/news\/ubaldo-hoje-a-assembleia-escreve-um-capitulo-historico-na-trajetoria-dos-policiais-penais-do-rn\/\"]}]},{\"@type\":\"ImageObject\",\"inLanguage\":\"pt-BR\",\"@id\":\"https:\/\/ubaldofernandes.com\/index.php\/news\/ubaldo-hoje-a-assembleia-escreve-um-capitulo-historico-na-trajetoria-dos-policiais-penais-do-rn\/#primaryimage\",\"url\":\"https:\/\/ubaldofernandes.com\/wp-content\/uploads\/2022\/05\/Ubaldo-Policia-Penal-2.jpg\",\"contentUrl\":\"https:\/\/ubaldofernandes.com\/wp-content\/uploads\/2022\/05\/Ubaldo-Policia-Penal-2.jpg\",\"width\":600,\"height\":400},{\"@type\":\"BreadcrumbList\",\"@id\":\"https:\/\/ubaldofernandes.com\/index.php\/news\/ubaldo-hoje-a-assembleia-escreve-um-capitulo-historico-na-trajetoria-dos-policiais-penais-do-rn\/#breadcrumb\",\"itemListElement\":[{\"@type\":\"ListItem\",\"position\":1,\"name\":\"In\u00edcio\",\"item\":\"https:\/\/ubaldofernandes.com\/\"},{\"@type\":\"ListItem\",\"position\":2,\"name\":\"Not\u00edcias\",\"item\":\"https:\/\/ubaldofernandes.com\/index.php\/news\/\"},{\"@type\":\"ListItem\",\"position\":3,\"name\":\"Ubaldo: \u201cHoje, a Assembleia escreve um cap\u00edtulo hist\u00f3rico na trajet\u00f3ria dos policiais penais do RN\u201d\"}]},{\"@type\":\"WebSite\",\"@id\":\"https:\/\/ubaldofernandes.com\/#website\",\"url\":\"https:\/\/ubaldofernandes.com\/\",\"name\":\"Ubaldo Fernandes\",\"description\":\"Deputado Estadual\",\"potentialAction\":[{\"@type\":\"SearchAction\",\"target\":{\"@type\":\"EntryPoint\",\"urlTemplate\":\"https:\/\/ubaldofernandes.com\/?s={search_term_string}\"},\"query-input\":{\"@type\":\"PropertyValueSpecification\",\"valueRequired\":true,\"valueName\":\"search_term_string\"}}],\"inLanguage\":\"pt-BR\"}]}<\/script>\n<!-- \/ Yoast SEO plugin. -->","yoast_head_json":{"title":"Ubaldo: \u201cHoje, a Assembleia escreve um cap\u00edtulo hist\u00f3rico na trajet\u00f3ria dos policiais penais do RN\u201d - Ubaldo Fernandes","robots":{"index":"index","follow":"follow","max-snippet":"max-snippet:-1","max-image-preview":"max-image-preview:large","max-video-preview":"max-video-preview:-1"},"canonical":"https:\/\/ubaldofernandes.com\/index.php\/news\/ubaldo-hoje-a-assembleia-escreve-um-capitulo-historico-na-trajetoria-dos-policiais-penais-do-rn\/","og_locale":"pt_BR","og_type":"article","og_title":"Ubaldo: \u201cHoje, a Assembleia escreve um cap\u00edtulo hist\u00f3rico na trajet\u00f3ria dos policiais penais do RN\u201d - Ubaldo Fernandes","og_description":"A Assembleia Legislativa do Rio Grande do Norte realizou uma Sess\u00e3o Solene logo em seguida \u00e0 Sess\u00e3o Ordin\u00e1ria desta quarta-feira (11\/05) para promulgar uma Proposta de Emenda Constitucional que beneficia os policiais penais do estado. Ao fim da sess\u00e3o, o deputado estadual Ubaldo Fernandes, que ocupou a 2\u00aa Secretaria na presente Sess\u00e3o, externou nas suas [&hellip;]","og_url":"https:\/\/ubaldofernandes.com\/index.php\/news\/ubaldo-hoje-a-assembleia-escreve-um-capitulo-historico-na-trajetoria-dos-policiais-penais-do-rn\/","og_site_name":"Ubaldo Fernandes","article_modified_time":"2022-05-12T12:21:15+00:00","og_image":[{"width":600,"height":400,"url":"https:\/\/ubaldofernandes.com\/wp-content\/uploads\/2022\/05\/Ubaldo-Policia-Penal-2.jpg","type":"image\/jpeg"}],"twitter_card":"summary_large_image","twitter_misc":{"Est. tempo de leitura":"2 minutos"},"schema":{"@context":"https:\/\/schema.org","@graph":[{"@type":"WebPage","@id":"https:\/\/ubaldofernandes.com\/index.php\/news\/ubaldo-hoje-a-assembleia-escreve-um-capitulo-historico-na-trajetoria-dos-policiais-penais-do-rn\/","url":"https:\/\/ubaldofernandes.com\/index.php\/news\/ubaldo-hoje-a-assembleia-escreve-um-capitulo-historico-na-trajetoria-dos-policiais-penais-do-rn\/","name":"Ubaldo: \u201cHoje, a Assembleia escreve um cap\u00edtulo hist\u00f3rico na trajet\u00f3ria dos policiais penais do RN\u201d - Ubaldo Fernandes","isPartOf":{"@id":"https:\/\/ubaldofernandes.com\/#website"},"primaryImageOfPage":{"@id":"https:\/\/ubaldofernandes.com\/index.php\/news\/ubaldo-hoje-a-assembleia-escreve-um-capitulo-historico-na-trajetoria-dos-policiais-penais-do-rn\/#primaryimage"},"image":{"@id":"https:\/\/ubaldofernandes.com\/index.php\/news\/ubaldo-hoje-a-assembleia-escreve-um-capitulo-historico-na-trajetoria-dos-policiais-penais-do-rn\/#primaryimage"},"thumbnailUrl":"https:\/\/ubaldofernandes.com\/wp-content\/uploads\/2022\/05\/Ubaldo-Policia-Penal-2.jpg","datePublished":"2022-05-11T17:19:09+00:00","dateModified":"2022-05-12T12:21:15+00:00","breadcrumb":{"@id":"https:\/\/ubaldofernandes.com\/index.php\/news\/ubaldo-hoje-a-assembleia-escreve-um-capitulo-historico-na-trajetoria-dos-policiais-penais-do-rn\/#breadcrumb"},"inLanguage":"pt-BR","potentialAction":[{"@type":"ReadAction","target":["https:\/\/ubaldofernandes.com\/index.php\/news\/ubaldo-hoje-a-assembleia-escreve-um-capitulo-historico-na-trajetoria-dos-policiais-penais-do-rn\/"]}]},{"@type":"ImageObject","inLanguage":"pt-BR","@id":"https:\/\/ubaldofernandes.com\/index.php\/news\/ubaldo-hoje-a-assembleia-escreve-um-capitulo-historico-na-trajetoria-dos-policiais-penais-do-rn\/#primaryimage","url":"https:\/\/ubaldofernandes.com\/wp-content\/uploads\/2022\/05\/Ubaldo-Policia-Penal-2.jpg","contentUrl":"https:\/\/ubaldofernandes.com\/wp-content\/uploads\/2022\/05\/Ubaldo-Policia-Penal-2.jpg","width":600,"height":400},{"@type":"BreadcrumbList","@id":"https:\/\/ubaldofernandes.com\/index.php\/news\/ubaldo-hoje-a-assembleia-escreve-um-capitulo-historico-na-trajetoria-dos-policiais-penais-do-rn\/#breadcrumb","itemListElement":[{"@type":"ListItem","position":1,"name":"In\u00edcio","item":"https:\/\/ubaldofernandes.com\/"},{"@type":"ListItem","position":2,"name":"Not\u00edcias","item":"https:\/\/ubaldofernandes.com\/index.php\/news\/"},{"@type":"ListItem","position":3,"name":"Ubaldo: \u201cHoje, a Assembleia escreve um cap\u00edtulo hist\u00f3rico na trajet\u00f3ria dos policiais penais do RN\u201d"}]},{"@type":"WebSite","@id":"https:\/\/ubaldofernandes.com\/#website","url":"https:\/\/ubaldofernandes.com\/","name":"Ubaldo Fernandes","description":"Deputado Estadual","potentialAction":[{"@type":"SearchAction","target":{"@type":"EntryPoint","urlTemplate":"https:\/\/ubaldofernandes.com\/?s={search_term_string}"},"query-input":{"@type":"PropertyValueSpecification","valueRequired":true,"valueName":"search_term_string"}}],"inLanguage":"pt-BR"}]}},"_links":{"self":[{"href":"https:\/\/ubaldofernandes.com\/index.php\/wp-json\/wp\/v2\/news\/4465","targetHints":{"allow":["GET"]}}],"collection":[{"href":"https:\/\/ubaldofernandes.com\/index.php\/wp-json\/wp\/v2\/news"}],"about":[{"href":"https:\/\/ubaldofernandes.com\/index.php\/wp-json\/wp\/v2\/types\/news"}],"wp:featuredmedia":[{"embeddable":true,"href":"https:\/\/ubaldofernandes.com\/index.php\/wp-json\/wp\/v2\/media\/4466"}],"wp:attachment":[{"href":"https:\/\/ubaldofernandes.com\/index.php\/wp-json\/wp\/v2\/media?parent=4465"}],"curies":[{"name":"wp","href":"https:\/\/api.w.org\/{rel}","templated":true}]}}