{"id":4471,"date":"2022-05-16T11:58:48","date_gmt":"2022-05-16T14:58:48","guid":{"rendered":"https:\/\/ubaldofernandes.com\/?post_type=news&#038;p=4471"},"modified":"2022-05-16T12:10:32","modified_gmt":"2022-05-16T15:10:32","slug":"ex-vereador-de-natal-deputado-ubaldo-fernandes-recebera-titulo-de-cidadao-natalense","status":"publish","type":"news","link":"https:\/\/ubaldofernandes.com\/index.php\/news\/ex-vereador-de-natal-deputado-ubaldo-fernandes-recebera-titulo-de-cidadao-natalense\/","title":{"rendered":"Ex-vereador de Natal, deputado Ubaldo Fernandes receber\u00e1 t\u00edtulo de cidad\u00e3o natalense"},"content":{"rendered":"\n<p>Nesta segunda-feira, 16 de maio, o deputado estadual Ubaldo Fernandes completa mais um ano de vida, com uma raz\u00e3o a mais para celebrar. Natural de Tangar\u00e1, na regi\u00e3o Trairi potiguar, o ex-vereador de Natal receber\u00e1 o t\u00e3o esperado T\u00edtulo Honor\u00edfico de Cidad\u00e3o Natalense, por uma proposi\u00e7\u00e3o do vereador Herberth Sena. A Sess\u00e3o Solene acontecer\u00e1 \u00e0s 18h30, no Plen\u00e1rio \u00c9rico Hackradt do Pal\u00e1cio Padre Miguelinho (C\u00e2mara Municipal de Natal).<\/p>\n\n\n\n<p>\u201cSer\u00e1 uma noite de muita emo\u00e7\u00e3o, pois receberei esse t\u00edtulo, que, ali\u00e1s, j\u00e1 carrego comigo dentro do cora\u00e7\u00e3o e em todas as minhas a\u00e7\u00f5es. Me sinto natalense desde que essa cidade me acolheu em 1985, quando sa\u00ed de Tangar\u00e1, com a minha fam\u00edlia, e decidi residir em Natal, mais precisamente nas Rocas \u2013 onde vivo at\u00e9 hoje. Foi aqui que iniciou nossa trajet\u00f3ria p\u00fablica, mudando minha vida para sempre\u201d, comenta Ubaldo.<\/p>\n\n\n\n<p>Ubaldo elenca v\u00e1rias a\u00e7\u00f5es em prol dos natalenses. Enquanto deputado, por exemplo, destinou quase R$ 700 mil em emendas parlamentares, realizou mais de 5 mil atendimentos jur\u00eddicos, mais de 2 mil psicol\u00f3gicos, mais de 6 mil transportes de potiguares em ambul\u00e2ncia para tratamentos cl\u00ednicos, mais de 3 mil viagens de \u00f4nibus para sepultamentos e passeios religiosos e de bem-estar, cerca de 300 pessoas idosas atendidas semanalmente no \u201cMovimento \u00e9 Vida\u201d, al\u00e9m da A\u00e7\u00e3o do Bem, que oferece mais de 20 tipos de servi\u00e7os em comunidades carentes.<\/p>\n\n\n\n<p>J\u00e1 em sua passagem pela C\u00e2mara de Natal, Ubaldo transformou em Lei Municipal a prioriza\u00e7\u00e3o do atendimento aos idosos pelos Postos de Sa\u00fade, a entrega em resid\u00eancia dos medicamentos para hipertensos e diab\u00e9ticos e a organiza\u00e7\u00e3o do atendimento veterin\u00e1rio no munic\u00edpio. Na Educa\u00e7\u00e3o, apresentou Projeto de Lei incluindo no curr\u00edculo dos estudantes do ensino fundamental disciplina sobre a hist\u00f3ria, a economia e a cultura das comunidades perif\u00e9ricas da cidade. \u201cUma de suas leis municipais mais difundidas foi a que co\u00edbe a ind\u00fastria da multa, proibindo o munic\u00edpio de multar os condutores nos primeiros 90 dias de funcionamento de novos radares\u201d, explica Herberth Sena. E acrescenta: \u201cUbaldo \u00e9 um pol\u00edtico com forte atua\u00e7\u00e3o junto \u00e0s comunidades de Natal. Nada mais justo que receba este reconhecimento da Casa do Povo\u201d.<\/p>\n\n\n\n<p><strong>BIOGRAFIA<\/strong><\/p>\n\n\n\n<p>Ubaldo Fernandes nasceu em 16 de maio de 1967, em Tangar\u00e1, no Trairi. Foi no in\u00edcio da juventude que recebeu um convite do Padre Campos (1985) para se mudar para a capital potiguar. Em Natal, participou de trabalhos voltados a quest\u00f5es sociais, como pastorais; foi presidente do Conselho Comunit\u00e1rio das Rocas (3 mandatos); subprefeito da regi\u00e3o Leste da Prefeitura do Natal; diretor da Urbana; al\u00e9m de interlocutor de movimentos sociais, como membro dos Conselhos Municipais de Sa\u00fade e dos Direitos da Crian\u00e7a e do Adolescente.<\/p>\n\n\n\n<p>Em 2000, entrou pra valer na vida pol\u00edtica, disputando elei\u00e7\u00f5es para a C\u00e2mara de Natal, ficando na 1\u00aa supl\u00eancia em 2000, 2004 e 2008. Em 2012, teve sua 1\u00aa vit\u00f3ria, com 6.803 votos. Em 2016, foi reeleito, com 7.574 votos. E em 2018, disputou para deputado estadual, conquistando sua 3\u00aa vit\u00f3ria, com 20.148 votos. \u201cAcredito que essa hist\u00f3ria de vida \u00e9 parecida com a de tantos bravos potiguares que buscam uma vida melhor para todos. Assim, encaro diariamente nosso mandato, fazendo leis, a\u00e7\u00f5es e buscando solu\u00e7\u00f5es junto \u00e0 sociedade civil organizada e autoridades p\u00fablicas\u201d.<\/p>\n\n\n\n<p>Mat\u00e9ria publicada no <a href=\"https:\/\/senadinhomacaiba.com.br\/ex-vereador-de-natal-deputado-ubaldo-fernandes-recebera-titulo-de-cidadao-natalense\/\">Blog Senadinho Maca\u00edba<\/a>.<\/p>\n\n\n\n<p><\/p>\n","protected":false},"featured_media":4476,"parent":0,"template":"","class_list":["post-4471","news","type-news","status-publish","has-post-thumbnail","hentry"],"acf":[],"yoast_head":"<!-- This site is optimized with the Yoast SEO plugin v24.6 - https:\/\/yoast.com\/wordpress\/plugins\/seo\/ -->\n<title>Ex-vereador de Natal, deputado Ubaldo Fernandes receber\u00e1 t\u00edtulo de cidad\u00e3o natalense - Ubaldo Fernandes<\/title>\n<meta name=\"robots\" content=\"index, follow, max-snippet:-1, max-image-preview:large, max-video-preview:-1\" \/>\n<link rel=\"canonical\" href=\"https:\/\/ubaldofernandes.com\/index.php\/news\/ex-vereador-de-natal-deputado-ubaldo-fernandes-recebera-titulo-de-cidadao-natalense\/\" \/>\n<meta property=\"og:locale\" content=\"pt_BR\" \/>\n<meta property=\"og:type\" content=\"article\" \/>\n<meta property=\"og:title\" content=\"Ex-vereador de Natal, deputado Ubaldo Fernandes receber\u00e1 t\u00edtulo de cidad\u00e3o natalense - Ubaldo Fernandes\" \/>\n<meta property=\"og:description\" content=\"Nesta segunda-feira, 16 de maio, o deputado estadual Ubaldo Fernandes completa mais um ano de vida, com uma raz\u00e3o a mais para celebrar. Natural de Tangar\u00e1, na regi\u00e3o Trairi potiguar, o ex-vereador de Natal receber\u00e1 o t\u00e3o esperado T\u00edtulo Honor\u00edfico de Cidad\u00e3o Natalense, por uma proposi\u00e7\u00e3o do vereador Herberth Sena. A Sess\u00e3o Solene acontecer\u00e1 \u00e0s [&hellip;]\" \/>\n<meta property=\"og:url\" content=\"https:\/\/ubaldofernandes.com\/index.php\/news\/ex-vereador-de-natal-deputado-ubaldo-fernandes-recebera-titulo-de-cidadao-natalense\/\" \/>\n<meta property=\"og:site_name\" content=\"Ubaldo Fernandes\" \/>\n<meta property=\"article:modified_time\" content=\"2022-05-16T15:10:32+00:00\" \/>\n<meta property=\"og:image\" content=\"https:\/\/ubaldofernandes.com\/wp-content\/uploads\/2022\/05\/IMG-20220516-WA0012.jpg\" \/>\n\t<meta property=\"og:image:width\" content=\"720\" \/>\n\t<meta property=\"og:image:height\" content=\"720\" \/>\n\t<meta property=\"og:image:type\" content=\"image\/jpeg\" \/>\n<meta name=\"twitter:card\" content=\"summary_large_image\" \/>\n<meta name=\"twitter:label1\" content=\"Est. tempo de leitura\" \/>\n\t<meta name=\"twitter:data1\" content=\"3 minutos\" \/>\n<script type=\"application\/ld+json\" class=\"yoast-schema-graph\">{\"@context\":\"https:\/\/schema.org\",\"@graph\":[{\"@type\":\"WebPage\",\"@id\":\"https:\/\/ubaldofernandes.com\/index.php\/news\/ex-vereador-de-natal-deputado-ubaldo-fernandes-recebera-titulo-de-cidadao-natalense\/\",\"url\":\"https:\/\/ubaldofernandes.com\/index.php\/news\/ex-vereador-de-natal-deputado-ubaldo-fernandes-recebera-titulo-de-cidadao-natalense\/\",\"name\":\"Ex-vereador de Natal, deputado Ubaldo Fernandes receber\u00e1 t\u00edtulo de cidad\u00e3o natalense - Ubaldo Fernandes\",\"isPartOf\":{\"@id\":\"https:\/\/ubaldofernandes.com\/#website\"},\"primaryImageOfPage\":{\"@id\":\"https:\/\/ubaldofernandes.com\/index.php\/news\/ex-vereador-de-natal-deputado-ubaldo-fernandes-recebera-titulo-de-cidadao-natalense\/#primaryimage\"},\"image\":{\"@id\":\"https:\/\/ubaldofernandes.com\/index.php\/news\/ex-vereador-de-natal-deputado-ubaldo-fernandes-recebera-titulo-de-cidadao-natalense\/#primaryimage\"},\"thumbnailUrl\":\"https:\/\/ubaldofernandes.com\/wp-content\/uploads\/2022\/05\/IMG-20220516-WA0012.jpg\",\"datePublished\":\"2022-05-16T14:58:48+00:00\",\"dateModified\":\"2022-05-16T15:10:32+00:00\",\"breadcrumb\":{\"@id\":\"https:\/\/ubaldofernandes.com\/index.php\/news\/ex-vereador-de-natal-deputado-ubaldo-fernandes-recebera-titulo-de-cidadao-natalense\/#breadcrumb\"},\"inLanguage\":\"pt-BR\",\"potentialAction\":[{\"@type\":\"ReadAction\",\"target\":[\"https:\/\/ubaldofernandes.com\/index.php\/news\/ex-vereador-de-natal-deputado-ubaldo-fernandes-recebera-titulo-de-cidadao-natalense\/\"]}]},{\"@type\":\"ImageObject\",\"inLanguage\":\"pt-BR\",\"@id\":\"https:\/\/ubaldofernandes.com\/index.php\/news\/ex-vereador-de-natal-deputado-ubaldo-fernandes-recebera-titulo-de-cidadao-natalense\/#primaryimage\",\"url\":\"https:\/\/ubaldofernandes.com\/wp-content\/uploads\/2022\/05\/IMG-20220516-WA0012.jpg\",\"contentUrl\":\"https:\/\/ubaldofernandes.com\/wp-content\/uploads\/2022\/05\/IMG-20220516-WA0012.jpg\",\"width\":720,\"height\":720},{\"@type\":\"BreadcrumbList\",\"@id\":\"https:\/\/ubaldofernandes.com\/index.php\/news\/ex-vereador-de-natal-deputado-ubaldo-fernandes-recebera-titulo-de-cidadao-natalense\/#breadcrumb\",\"itemListElement\":[{\"@type\":\"ListItem\",\"position\":1,\"name\":\"In\u00edcio\",\"item\":\"https:\/\/ubaldofernandes.com\/\"},{\"@type\":\"ListItem\",\"position\":2,\"name\":\"Not\u00edcias\",\"item\":\"https:\/\/ubaldofernandes.com\/index.php\/news\/\"},{\"@type\":\"ListItem\",\"position\":3,\"name\":\"Ex-vereador de Natal, deputado Ubaldo Fernandes receber\u00e1 t\u00edtulo de cidad\u00e3o natalense\"}]},{\"@type\":\"WebSite\",\"@id\":\"https:\/\/ubaldofernandes.com\/#website\",\"url\":\"https:\/\/ubaldofernandes.com\/\",\"name\":\"Ubaldo Fernandes\",\"description\":\"Deputado Estadual\",\"potentialAction\":[{\"@type\":\"SearchAction\",\"target\":{\"@type\":\"EntryPoint\",\"urlTemplate\":\"https:\/\/ubaldofernandes.com\/?s={search_term_string}\"},\"query-input\":{\"@type\":\"PropertyValueSpecification\",\"valueRequired\":true,\"valueName\":\"search_term_string\"}}],\"inLanguage\":\"pt-BR\"}]}<\/script>\n<!-- \/ Yoast SEO plugin. -->","yoast_head_json":{"title":"Ex-vereador de Natal, deputado Ubaldo Fernandes receber\u00e1 t\u00edtulo de cidad\u00e3o natalense - Ubaldo Fernandes","robots":{"index":"index","follow":"follow","max-snippet":"max-snippet:-1","max-image-preview":"max-image-preview:large","max-video-preview":"max-video-preview:-1"},"canonical":"https:\/\/ubaldofernandes.com\/index.php\/news\/ex-vereador-de-natal-deputado-ubaldo-fernandes-recebera-titulo-de-cidadao-natalense\/","og_locale":"pt_BR","og_type":"article","og_title":"Ex-vereador de Natal, deputado Ubaldo Fernandes receber\u00e1 t\u00edtulo de cidad\u00e3o natalense - Ubaldo Fernandes","og_description":"Nesta segunda-feira, 16 de maio, o deputado estadual Ubaldo Fernandes completa mais um ano de vida, com uma raz\u00e3o a mais para celebrar. Natural de Tangar\u00e1, na regi\u00e3o Trairi potiguar, o ex-vereador de Natal receber\u00e1 o t\u00e3o esperado T\u00edtulo Honor\u00edfico de Cidad\u00e3o Natalense, por uma proposi\u00e7\u00e3o do vereador Herberth Sena. A Sess\u00e3o Solene acontecer\u00e1 \u00e0s [&hellip;]","og_url":"https:\/\/ubaldofernandes.com\/index.php\/news\/ex-vereador-de-natal-deputado-ubaldo-fernandes-recebera-titulo-de-cidadao-natalense\/","og_site_name":"Ubaldo Fernandes","article_modified_time":"2022-05-16T15:10:32+00:00","og_image":[{"width":720,"height":720,"url":"https:\/\/ubaldofernandes.com\/wp-content\/uploads\/2022\/05\/IMG-20220516-WA0012.jpg","type":"image\/jpeg"}],"twitter_card":"summary_large_image","twitter_misc":{"Est. tempo de leitura":"3 minutos"},"schema":{"@context":"https:\/\/schema.org","@graph":[{"@type":"WebPage","@id":"https:\/\/ubaldofernandes.com\/index.php\/news\/ex-vereador-de-natal-deputado-ubaldo-fernandes-recebera-titulo-de-cidadao-natalense\/","url":"https:\/\/ubaldofernandes.com\/index.php\/news\/ex-vereador-de-natal-deputado-ubaldo-fernandes-recebera-titulo-de-cidadao-natalense\/","name":"Ex-vereador de Natal, deputado Ubaldo Fernandes receber\u00e1 t\u00edtulo de cidad\u00e3o natalense - Ubaldo Fernandes","isPartOf":{"@id":"https:\/\/ubaldofernandes.com\/#website"},"primaryImageOfPage":{"@id":"https:\/\/ubaldofernandes.com\/index.php\/news\/ex-vereador-de-natal-deputado-ubaldo-fernandes-recebera-titulo-de-cidadao-natalense\/#primaryimage"},"image":{"@id":"https:\/\/ubaldofernandes.com\/index.php\/news\/ex-vereador-de-natal-deputado-ubaldo-fernandes-recebera-titulo-de-cidadao-natalense\/#primaryimage"},"thumbnailUrl":"https:\/\/ubaldofernandes.com\/wp-content\/uploads\/2022\/05\/IMG-20220516-WA0012.jpg","datePublished":"2022-05-16T14:58:48+00:00","dateModified":"2022-05-16T15:10:32+00:00","breadcrumb":{"@id":"https:\/\/ubaldofernandes.com\/index.php\/news\/ex-vereador-de-natal-deputado-ubaldo-fernandes-recebera-titulo-de-cidadao-natalense\/#breadcrumb"},"inLanguage":"pt-BR","potentialAction":[{"@type":"ReadAction","target":["https:\/\/ubaldofernandes.com\/index.php\/news\/ex-vereador-de-natal-deputado-ubaldo-fernandes-recebera-titulo-de-cidadao-natalense\/"]}]},{"@type":"ImageObject","inLanguage":"pt-BR","@id":"https:\/\/ubaldofernandes.com\/index.php\/news\/ex-vereador-de-natal-deputado-ubaldo-fernandes-recebera-titulo-de-cidadao-natalense\/#primaryimage","url":"https:\/\/ubaldofernandes.com\/wp-content\/uploads\/2022\/05\/IMG-20220516-WA0012.jpg","contentUrl":"https:\/\/ubaldofernandes.com\/wp-content\/uploads\/2022\/05\/IMG-20220516-WA0012.jpg","width":720,"height":720},{"@type":"BreadcrumbList","@id":"https:\/\/ubaldofernandes.com\/index.php\/news\/ex-vereador-de-natal-deputado-ubaldo-fernandes-recebera-titulo-de-cidadao-natalense\/#breadcrumb","itemListElement":[{"@type":"ListItem","position":1,"name":"In\u00edcio","item":"https:\/\/ubaldofernandes.com\/"},{"@type":"ListItem","position":2,"name":"Not\u00edcias","item":"https:\/\/ubaldofernandes.com\/index.php\/news\/"},{"@type":"ListItem","position":3,"name":"Ex-vereador de Natal, deputado Ubaldo Fernandes receber\u00e1 t\u00edtulo de cidad\u00e3o natalense"}]},{"@type":"WebSite","@id":"https:\/\/ubaldofernandes.com\/#website","url":"https:\/\/ubaldofernandes.com\/","name":"Ubaldo Fernandes","description":"Deputado Estadual","potentialAction":[{"@type":"SearchAction","target":{"@type":"EntryPoint","urlTemplate":"https:\/\/ubaldofernandes.com\/?s={search_term_string}"},"query-input":{"@type":"PropertyValueSpecification","valueRequired":true,"valueName":"search_term_string"}}],"inLanguage":"pt-BR"}]}},"_links":{"self":[{"href":"https:\/\/ubaldofernandes.com\/index.php\/wp-json\/wp\/v2\/news\/4471","targetHints":{"allow":["GET"]}}],"collection":[{"href":"https:\/\/ubaldofernandes.com\/index.php\/wp-json\/wp\/v2\/news"}],"about":[{"href":"https:\/\/ubaldofernandes.com\/index.php\/wp-json\/wp\/v2\/types\/news"}],"wp:featuredmedia":[{"embeddable":true,"href":"https:\/\/ubaldofernandes.com\/index.php\/wp-json\/wp\/v2\/media\/4476"}],"wp:attachment":[{"href":"https:\/\/ubaldofernandes.com\/index.php\/wp-json\/wp\/v2\/media?parent=4471"}],"curies":[{"name":"wp","href":"https:\/\/api.w.org\/{rel}","templated":true}]}}