{"id":4509,"date":"2022-05-23T14:47:00","date_gmt":"2022-05-23T17:47:00","guid":{"rendered":"https:\/\/ubaldofernandes.com\/?post_type=news&#038;p=4509"},"modified":"2022-05-23T20:00:11","modified_gmt":"2022-05-23T23:00:11","slug":"destaqueubaldo-sobre-2o-lugar-na-pesquisa-item-cidadaos-aprovam-nosso-mandato-popular","status":"publish","type":"news","link":"https:\/\/ubaldofernandes.com\/index.php\/news\/destaqueubaldo-sobre-2o-lugar-na-pesquisa-item-cidadaos-aprovam-nosso-mandato-popular\/","title":{"rendered":"Destaque: Ubaldo sobre 2\u00ba lugar na pesquisa Item: \u201ccidad\u00e3os aprovam nosso mandato popular\u201d"},"content":{"rendered":"\n<p>Mais uma pesquisa eleitoral aponta o deputado estadual Ubaldo Fernandes, pr\u00e9-candidato \u00e0 reelei\u00e7\u00e3o, como um dos mais citados referente ao pleito de 2022. O Instituto Item divulgou, nesta segunda-feira (23\/05), seu primeiro levantamento, registrado no TRE sob n\u00famero RN 09111\/2022, que aponta o parlamentar em 2\u00ba lugar, com 3,1% das inten\u00e7\u00f5es de votos. A empresa ouviu 1.600 pessoas entre os dias 12 e 15 de maio e tem erro amostral de mais ou menos 2,5% e<br>margem de confiabilidade de 95,0%. Na anterior, da Br\u00e2mane, o novo tucano aparecia em terceira coloca\u00e7\u00e3o.<\/p>\n\n\n\n<p>\u201cV\u00e1rios levantamentos est\u00e3o sendo divulgados nos \u00faltimos dias, sinalizando o comportamento dos norte-rio-grandenses nesta pr\u00e9-campanha, j\u00e1 com vistas \u00e0s elei\u00e7\u00f5es de outubro. Fico muito satisfeito em ver que nosso nome est\u00e1 aparecendo em bons posicionamentos. Com muita sobriedade, analisamos que essas sinaliza\u00e7\u00f5es confirmam que os cidad\u00e3os est\u00e3o se identificando com nosso mandato popular, uma vez que temos uma atua\u00e7\u00e3o pr\u00f3xima dos cidad\u00e3os, lutando lado a lado por suas demandas e trazendo respostas efetivas para essas necessidades. Agrade\u00e7o o potiguar por essa demonstra\u00e7\u00e3o de aprova\u00e7\u00e3o desse trabalho que realizo com toda dedica\u00e7\u00e3o e tenho muito orgulho\u201d, declarou Ubaldo, refor\u00e7ando, ainda, que sua atua\u00e7\u00e3o, que era focada em Natal, expandiu para v\u00e1rios munic\u00edpios do Rio Grande do Norte, com forte atua\u00e7\u00e3o na regi\u00e3o metropolitana, Trairi, Serid\u00f3, Mato Grande, Vale do A\u00e7u e Oeste Potiguar.<\/p>\n\n\n\n<p><strong>PESQUISAS<\/strong><br>Na pesquisa realizada pelo instituto Br\u00e2mane, divulgada no dia 10\/05, de forma espont\u00e2nea, Ubaldo apareceu em terceira coloca\u00e7\u00e3o, com 2,3% das inten\u00e7\u00f5es de voto. O levantamento foi realizado entre os dias 2 e 5 de maio, com 1.500 entrevistados de todas as microrregi\u00f5es do RN. Os resultados foram calculados com margem de erro de 2,53% para mais ou para menos e com intervalo de confian\u00e7a de 95%. Foi protocolada na Justi\u00e7a Eleitoral sob o registro RN-07483\/2022. J\u00e1 na pesquisa Band\/Seta, divulgada no dia 06\/05, Ubaldo aparecia em 13\u00ba lugar, com 0,3% das inten\u00e7\u00f5es de votos dos entrevistados. O registro da pesquisa \u00e9 o RN-05375\/2022. A pesquisa foi realizada de 30 de abril a 2 de maio de 2022. A margem de erro \u00e9 de 2,7% e o intervalo de confian\u00e7a \u00e9 de 95%.<\/p>\n\n\n\n<p>Mat\u00e9ria publicada no <a href=\"https:\/\/blogdopassaro.com.br\/ubaldo-sobre-2o-lugar-na-pesquisa-item-cidadaos-aprovam-nosso-mandato-popular\/\">Blog do P\u00e1ssaro<\/a>. <\/p>\n","protected":false},"featured_media":4508,"parent":0,"template":"","class_list":["post-4509","news","type-news","status-publish","has-post-thumbnail","hentry"],"acf":[],"yoast_head":"<!-- This site is optimized with the Yoast SEO plugin v24.6 - https:\/\/yoast.com\/wordpress\/plugins\/seo\/ -->\n<title>Destaque: Ubaldo sobre 2\u00ba lugar na pesquisa Item: \u201ccidad\u00e3os aprovam nosso mandato popular\u201d - Ubaldo Fernandes<\/title>\n<meta name=\"robots\" content=\"index, follow, max-snippet:-1, max-image-preview:large, max-video-preview:-1\" \/>\n<link rel=\"canonical\" href=\"https:\/\/ubaldofernandes.com\/index.php\/news\/destaqueubaldo-sobre-2o-lugar-na-pesquisa-item-cidadaos-aprovam-nosso-mandato-popular\/\" \/>\n<meta property=\"og:locale\" content=\"pt_BR\" \/>\n<meta property=\"og:type\" content=\"article\" \/>\n<meta property=\"og:title\" content=\"Destaque: Ubaldo sobre 2\u00ba lugar na pesquisa Item: \u201ccidad\u00e3os aprovam nosso mandato popular\u201d - Ubaldo Fernandes\" \/>\n<meta property=\"og:description\" content=\"Mais uma pesquisa eleitoral aponta o deputado estadual Ubaldo Fernandes, pr\u00e9-candidato \u00e0 reelei\u00e7\u00e3o, como um dos mais citados referente ao pleito de 2022. O Instituto Item divulgou, nesta segunda-feira (23\/05), seu primeiro levantamento, registrado no TRE sob n\u00famero RN 09111\/2022, que aponta o parlamentar em 2\u00ba lugar, com 3,1% das inten\u00e7\u00f5es de votos. A empresa [&hellip;]\" \/>\n<meta property=\"og:url\" content=\"https:\/\/ubaldofernandes.com\/index.php\/news\/destaqueubaldo-sobre-2o-lugar-na-pesquisa-item-cidadaos-aprovam-nosso-mandato-popular\/\" \/>\n<meta property=\"og:site_name\" content=\"Ubaldo Fernandes\" \/>\n<meta property=\"article:modified_time\" content=\"2022-05-23T23:00:11+00:00\" \/>\n<meta property=\"og:image\" content=\"https:\/\/ubaldofernandes.com\/wp-content\/uploads\/2022\/05\/Deputado-Ubaldo-Fernandes.jpeg\" \/>\n\t<meta property=\"og:image:width\" content=\"1280\" \/>\n\t<meta property=\"og:image:height\" content=\"853\" \/>\n\t<meta property=\"og:image:type\" content=\"image\/jpeg\" \/>\n<meta name=\"twitter:card\" content=\"summary_large_image\" \/>\n<meta name=\"twitter:label1\" content=\"Est. tempo de leitura\" \/>\n\t<meta name=\"twitter:data1\" content=\"2 minutos\" \/>\n<script type=\"application\/ld+json\" class=\"yoast-schema-graph\">{\"@context\":\"https:\/\/schema.org\",\"@graph\":[{\"@type\":\"WebPage\",\"@id\":\"https:\/\/ubaldofernandes.com\/index.php\/news\/destaqueubaldo-sobre-2o-lugar-na-pesquisa-item-cidadaos-aprovam-nosso-mandato-popular\/\",\"url\":\"https:\/\/ubaldofernandes.com\/index.php\/news\/destaqueubaldo-sobre-2o-lugar-na-pesquisa-item-cidadaos-aprovam-nosso-mandato-popular\/\",\"name\":\"Destaque: Ubaldo sobre 2\u00ba lugar na pesquisa Item: \u201ccidad\u00e3os aprovam nosso mandato popular\u201d - Ubaldo Fernandes\",\"isPartOf\":{\"@id\":\"https:\/\/ubaldofernandes.com\/#website\"},\"primaryImageOfPage\":{\"@id\":\"https:\/\/ubaldofernandes.com\/index.php\/news\/destaqueubaldo-sobre-2o-lugar-na-pesquisa-item-cidadaos-aprovam-nosso-mandato-popular\/#primaryimage\"},\"image\":{\"@id\":\"https:\/\/ubaldofernandes.com\/index.php\/news\/destaqueubaldo-sobre-2o-lugar-na-pesquisa-item-cidadaos-aprovam-nosso-mandato-popular\/#primaryimage\"},\"thumbnailUrl\":\"https:\/\/ubaldofernandes.com\/wp-content\/uploads\/2022\/05\/Deputado-Ubaldo-Fernandes.jpeg\",\"datePublished\":\"2022-05-23T17:47:00+00:00\",\"dateModified\":\"2022-05-23T23:00:11+00:00\",\"breadcrumb\":{\"@id\":\"https:\/\/ubaldofernandes.com\/index.php\/news\/destaqueubaldo-sobre-2o-lugar-na-pesquisa-item-cidadaos-aprovam-nosso-mandato-popular\/#breadcrumb\"},\"inLanguage\":\"pt-BR\",\"potentialAction\":[{\"@type\":\"ReadAction\",\"target\":[\"https:\/\/ubaldofernandes.com\/index.php\/news\/destaqueubaldo-sobre-2o-lugar-na-pesquisa-item-cidadaos-aprovam-nosso-mandato-popular\/\"]}]},{\"@type\":\"ImageObject\",\"inLanguage\":\"pt-BR\",\"@id\":\"https:\/\/ubaldofernandes.com\/index.php\/news\/destaqueubaldo-sobre-2o-lugar-na-pesquisa-item-cidadaos-aprovam-nosso-mandato-popular\/#primaryimage\",\"url\":\"https:\/\/ubaldofernandes.com\/wp-content\/uploads\/2022\/05\/Deputado-Ubaldo-Fernandes.jpeg\",\"contentUrl\":\"https:\/\/ubaldofernandes.com\/wp-content\/uploads\/2022\/05\/Deputado-Ubaldo-Fernandes.jpeg\",\"width\":1280,\"height\":853},{\"@type\":\"BreadcrumbList\",\"@id\":\"https:\/\/ubaldofernandes.com\/index.php\/news\/destaqueubaldo-sobre-2o-lugar-na-pesquisa-item-cidadaos-aprovam-nosso-mandato-popular\/#breadcrumb\",\"itemListElement\":[{\"@type\":\"ListItem\",\"position\":1,\"name\":\"In\u00edcio\",\"item\":\"https:\/\/ubaldofernandes.com\/\"},{\"@type\":\"ListItem\",\"position\":2,\"name\":\"Not\u00edcias\",\"item\":\"https:\/\/ubaldofernandes.com\/index.php\/news\/\"},{\"@type\":\"ListItem\",\"position\":3,\"name\":\"Destaque: Ubaldo sobre 2\u00ba lugar na pesquisa Item: \u201ccidad\u00e3os aprovam nosso mandato popular\u201d\"}]},{\"@type\":\"WebSite\",\"@id\":\"https:\/\/ubaldofernandes.com\/#website\",\"url\":\"https:\/\/ubaldofernandes.com\/\",\"name\":\"Ubaldo Fernandes\",\"description\":\"Deputado Estadual\",\"potentialAction\":[{\"@type\":\"SearchAction\",\"target\":{\"@type\":\"EntryPoint\",\"urlTemplate\":\"https:\/\/ubaldofernandes.com\/?s={search_term_string}\"},\"query-input\":{\"@type\":\"PropertyValueSpecification\",\"valueRequired\":true,\"valueName\":\"search_term_string\"}}],\"inLanguage\":\"pt-BR\"}]}<\/script>\n<!-- \/ Yoast SEO plugin. -->","yoast_head_json":{"title":"Destaque: Ubaldo sobre 2\u00ba lugar na pesquisa Item: \u201ccidad\u00e3os aprovam nosso mandato popular\u201d - Ubaldo Fernandes","robots":{"index":"index","follow":"follow","max-snippet":"max-snippet:-1","max-image-preview":"max-image-preview:large","max-video-preview":"max-video-preview:-1"},"canonical":"https:\/\/ubaldofernandes.com\/index.php\/news\/destaqueubaldo-sobre-2o-lugar-na-pesquisa-item-cidadaos-aprovam-nosso-mandato-popular\/","og_locale":"pt_BR","og_type":"article","og_title":"Destaque: Ubaldo sobre 2\u00ba lugar na pesquisa Item: \u201ccidad\u00e3os aprovam nosso mandato popular\u201d - Ubaldo Fernandes","og_description":"Mais uma pesquisa eleitoral aponta o deputado estadual Ubaldo Fernandes, pr\u00e9-candidato \u00e0 reelei\u00e7\u00e3o, como um dos mais citados referente ao pleito de 2022. O Instituto Item divulgou, nesta segunda-feira (23\/05), seu primeiro levantamento, registrado no TRE sob n\u00famero RN 09111\/2022, que aponta o parlamentar em 2\u00ba lugar, com 3,1% das inten\u00e7\u00f5es de votos. A empresa [&hellip;]","og_url":"https:\/\/ubaldofernandes.com\/index.php\/news\/destaqueubaldo-sobre-2o-lugar-na-pesquisa-item-cidadaos-aprovam-nosso-mandato-popular\/","og_site_name":"Ubaldo Fernandes","article_modified_time":"2022-05-23T23:00:11+00:00","og_image":[{"width":1280,"height":853,"url":"https:\/\/ubaldofernandes.com\/wp-content\/uploads\/2022\/05\/Deputado-Ubaldo-Fernandes.jpeg","type":"image\/jpeg"}],"twitter_card":"summary_large_image","twitter_misc":{"Est. tempo de leitura":"2 minutos"},"schema":{"@context":"https:\/\/schema.org","@graph":[{"@type":"WebPage","@id":"https:\/\/ubaldofernandes.com\/index.php\/news\/destaqueubaldo-sobre-2o-lugar-na-pesquisa-item-cidadaos-aprovam-nosso-mandato-popular\/","url":"https:\/\/ubaldofernandes.com\/index.php\/news\/destaqueubaldo-sobre-2o-lugar-na-pesquisa-item-cidadaos-aprovam-nosso-mandato-popular\/","name":"Destaque: Ubaldo sobre 2\u00ba lugar na pesquisa Item: \u201ccidad\u00e3os aprovam nosso mandato popular\u201d - Ubaldo Fernandes","isPartOf":{"@id":"https:\/\/ubaldofernandes.com\/#website"},"primaryImageOfPage":{"@id":"https:\/\/ubaldofernandes.com\/index.php\/news\/destaqueubaldo-sobre-2o-lugar-na-pesquisa-item-cidadaos-aprovam-nosso-mandato-popular\/#primaryimage"},"image":{"@id":"https:\/\/ubaldofernandes.com\/index.php\/news\/destaqueubaldo-sobre-2o-lugar-na-pesquisa-item-cidadaos-aprovam-nosso-mandato-popular\/#primaryimage"},"thumbnailUrl":"https:\/\/ubaldofernandes.com\/wp-content\/uploads\/2022\/05\/Deputado-Ubaldo-Fernandes.jpeg","datePublished":"2022-05-23T17:47:00+00:00","dateModified":"2022-05-23T23:00:11+00:00","breadcrumb":{"@id":"https:\/\/ubaldofernandes.com\/index.php\/news\/destaqueubaldo-sobre-2o-lugar-na-pesquisa-item-cidadaos-aprovam-nosso-mandato-popular\/#breadcrumb"},"inLanguage":"pt-BR","potentialAction":[{"@type":"ReadAction","target":["https:\/\/ubaldofernandes.com\/index.php\/news\/destaqueubaldo-sobre-2o-lugar-na-pesquisa-item-cidadaos-aprovam-nosso-mandato-popular\/"]}]},{"@type":"ImageObject","inLanguage":"pt-BR","@id":"https:\/\/ubaldofernandes.com\/index.php\/news\/destaqueubaldo-sobre-2o-lugar-na-pesquisa-item-cidadaos-aprovam-nosso-mandato-popular\/#primaryimage","url":"https:\/\/ubaldofernandes.com\/wp-content\/uploads\/2022\/05\/Deputado-Ubaldo-Fernandes.jpeg","contentUrl":"https:\/\/ubaldofernandes.com\/wp-content\/uploads\/2022\/05\/Deputado-Ubaldo-Fernandes.jpeg","width":1280,"height":853},{"@type":"BreadcrumbList","@id":"https:\/\/ubaldofernandes.com\/index.php\/news\/destaqueubaldo-sobre-2o-lugar-na-pesquisa-item-cidadaos-aprovam-nosso-mandato-popular\/#breadcrumb","itemListElement":[{"@type":"ListItem","position":1,"name":"In\u00edcio","item":"https:\/\/ubaldofernandes.com\/"},{"@type":"ListItem","position":2,"name":"Not\u00edcias","item":"https:\/\/ubaldofernandes.com\/index.php\/news\/"},{"@type":"ListItem","position":3,"name":"Destaque: Ubaldo sobre 2\u00ba lugar na pesquisa Item: \u201ccidad\u00e3os aprovam nosso mandato popular\u201d"}]},{"@type":"WebSite","@id":"https:\/\/ubaldofernandes.com\/#website","url":"https:\/\/ubaldofernandes.com\/","name":"Ubaldo Fernandes","description":"Deputado Estadual","potentialAction":[{"@type":"SearchAction","target":{"@type":"EntryPoint","urlTemplate":"https:\/\/ubaldofernandes.com\/?s={search_term_string}"},"query-input":{"@type":"PropertyValueSpecification","valueRequired":true,"valueName":"search_term_string"}}],"inLanguage":"pt-BR"}]}},"_links":{"self":[{"href":"https:\/\/ubaldofernandes.com\/index.php\/wp-json\/wp\/v2\/news\/4509","targetHints":{"allow":["GET"]}}],"collection":[{"href":"https:\/\/ubaldofernandes.com\/index.php\/wp-json\/wp\/v2\/news"}],"about":[{"href":"https:\/\/ubaldofernandes.com\/index.php\/wp-json\/wp\/v2\/types\/news"}],"wp:featuredmedia":[{"embeddable":true,"href":"https:\/\/ubaldofernandes.com\/index.php\/wp-json\/wp\/v2\/media\/4508"}],"wp:attachment":[{"href":"https:\/\/ubaldofernandes.com\/index.php\/wp-json\/wp\/v2\/media?parent=4509"}],"curies":[{"name":"wp","href":"https:\/\/api.w.org\/{rel}","templated":true}]}}