{"id":4542,"date":"2022-05-31T20:05:00","date_gmt":"2022-05-31T23:05:00","guid":{"rendered":"https:\/\/ubaldofernandes.com\/?post_type=news&#038;p=4542"},"modified":"2022-06-03T11:33:45","modified_gmt":"2022-06-03T14:33:45","slug":"audiencia-na-alrn-cobra-cumprimento-de-protocolo-que-garante-insulina-a-populacao-2","status":"publish","type":"news","link":"https:\/\/ubaldofernandes.com\/index.php\/news\/audiencia-na-alrn-cobra-cumprimento-de-protocolo-que-garante-insulina-a-populacao-2\/","title":{"rendered":"Audi\u00eancia na ALRN cobra cumprimento de protocolo que garante insulina \u00e0 popula\u00e7\u00e3o"},"content":{"rendered":"\n<p>A situa\u00e7\u00e3o dos diab\u00e9ticos que dependem do fornecimento de insumos para controle da doen\u00e7a foi tema de debate na tarde desta ter\u00e7a-feira (31), na Assembleia Legislativa do Rio Grande do Norte. Por iniciativa do deputado Ubaldo Fernandes (PSDB), uma audi\u00eancia p\u00fablica foi realizada na Casa, reunindo autoridades, pessoas que sofrem com o problema e institui\u00e7\u00f5es que atuam na defensa dos direitos das pessoas diab\u00e9ticas. No ponto central do debate esteve a necessidade de garantir o fornecimento gratuito dos insumos.<\/p>\n\n\n\n<p>A audi\u00eancia foi realizada a partir de uma den\u00fancia recorrente sobre a irregularidade no fornecimento de insumos \u00e0s pessoas diab\u00e9ticas. A Associa\u00e7\u00e3o Potiguar Amigos dos Diab\u00e9ticos entrou em contato com o parlamentar para tentar mediar a solu\u00e7\u00e3o da quest\u00e3o, mas at\u00e9 agora n\u00e3o houve sucesso. Por isso, o debate foi realizado. N\u00e3o estiveram presentes, contudo, representantes da Prefeitura do Natal, o que foi sentido e registrado pelo deputado.<\/p>\n\n\n\n<p>\u201cA maioria dos que est\u00e3o aqui j\u00e1 est\u00e3o cientes da dimens\u00e3o deste problema, que afeta milhares de potiguares. Quero que esse debate n\u00e3 fique apenas em declara\u00e7\u00f5es que n\u00e3o levem a a\u00e7\u00f5es concretas. Temos aqui uma grande oportunidade de encaminhar solu\u00e7\u00f5es para melhorar a vida dessas pessoas que vivem com diabetes. Lamento que a Prefeitura n\u00e3o tenha enviado representante\u201d, disse.<\/p>\n\n\n\n<p>De acordo com o coordenador-geral da Unicat, Ralf Medeiros, o pacto firmado entre Uni\u00e3o, Estados e Munic\u00edpios, a responsabilidade da Secretaria Estadual de Sa\u00fade \u00e9 a log\u00edstica para distribui\u00e7\u00e3o dos insumos aos munic\u00edpios e \u00e0s pessoas cadastradas que devem receber atrav\u00e9s da Uni\u00e3o. Por\u00e9m, \u00e9 de responsabilidade da Uni\u00e3o e das Prefeituras a compra dos medicamentos e distribui\u00e7\u00e3o. E est\u00e1 sendo recorrente a falta da insulina.<\/p>\n\n\n\n<p>Segundo a vice-presidente da Associa\u00e7\u00e3o Potiguar Amigos dos Diab\u00e9ticos, Milena Katharina, desde mar\u00e7o que faltam os insumos. Pessoas s\u00e3o obrigadas a ir aos pontos de distribui\u00e7\u00e3o e, muitas vezes, s\u00e3o surpreendidas com a quantidade insuficiente de insulina ou at\u00e9 mesmo a falta completa para atender \u00e0s pessoas que levam horas em filas para receber a medica\u00e7\u00e3o.<\/p>\n\n\n\n<p>\u201cN\u00e3o h\u00e1 absolutamente nada. Cad\u00ea a Prefeitura? \u00c9 um processo de licita\u00e7\u00e3o que nunca acaba e nunca se tem para todo mundo. V\u00e3o ao ProSus n\u00e3o conseguem. Cad\u00ea a gest\u00e3o? Cad\u00ea a quantidade de acordo com o n\u00famero de diab\u00e9ticos?\u201d, questionou Milena Katharina.<\/p>\n\n\n\n<p>A farmac\u00eautica Fernanda Mac\u00eado, tamb\u00e9m participando da audi\u00eancia, falou sobre o protocolo cl\u00ednico que obriga a disponibiliza\u00e7\u00e3o da insulina, que chega a custar R$ 200 por m\u00eas a cada paciente. Pelo protocolo cl\u00ednico em vigor no pa\u00eds, os gestores estaduais, distrital e municipais do SUS, conforme a sua compet\u00eancia e pactua\u00e7\u00f5es, dever\u00e3o estruturar a rede assistencial, definir os servi\u00e7os referenciais e estabelecer os fluxos para o atendimento dos indiv\u00edduos com diabetes melito tipo 1. Segundo ela, por\u00e9m, a determina\u00e7\u00e3o n\u00e3o \u00e9 cumprida.<\/p>\n\n\n\n<p>\u201cO que queremos \u00e9 que seja implementado de forma efetiva (o protocolo), e n\u00e3o de pouquinho em pouquinho. A judicializa\u00e7\u00e3o virou uma forma de fazer com que a efetiva\u00e7\u00e3o da pol\u00edtica p\u00fablica seja eficaz, sobrecarregando o judici\u00e1rio e privilegiando uma parcela da popula\u00e7\u00e3o, e n\u00e3o o coletivo\u201d, criticou.<\/p>\n\n\n\n<p>Ap\u00f3s diversas contribui\u00e7\u00f5es, explanando opini\u00f5es e as dificuldades sofridas com a escassez da insulina, o deputado Ubaldo Fernandes se colocou \u00e0 disposi\u00e7\u00e3o para continuar na cobran\u00e7a para a solu\u00e7\u00e3o do caso.<\/p>\n\n\n\n<p>Mat\u00e9ria publicada no <a href=\"https:\/\/eliasjornalista.com\/audiencia-na-alrn-cobra-cumprimento-de-protocolo-que-garante-insulina-a-populacao\/\">Blog Elias Jornalista<\/a>. <\/p>\n","protected":false},"featured_media":4543,"parent":0,"template":"","class_list":["post-4542","news","type-news","status-publish","has-post-thumbnail","hentry"],"acf":[],"yoast_head":"<!-- This site is optimized with the Yoast SEO plugin v24.6 - https:\/\/yoast.com\/wordpress\/plugins\/seo\/ -->\n<title>Audi\u00eancia na ALRN cobra cumprimento de protocolo que garante insulina \u00e0 popula\u00e7\u00e3o - Ubaldo Fernandes<\/title>\n<meta name=\"robots\" content=\"index, follow, max-snippet:-1, max-image-preview:large, max-video-preview:-1\" \/>\n<link rel=\"canonical\" href=\"https:\/\/ubaldofernandes.com\/index.php\/news\/audiencia-na-alrn-cobra-cumprimento-de-protocolo-que-garante-insulina-a-populacao-2\/\" \/>\n<meta property=\"og:locale\" content=\"pt_BR\" \/>\n<meta property=\"og:type\" content=\"article\" \/>\n<meta property=\"og:title\" content=\"Audi\u00eancia na ALRN cobra cumprimento de protocolo que garante insulina \u00e0 popula\u00e7\u00e3o - Ubaldo Fernandes\" \/>\n<meta property=\"og:description\" content=\"A situa\u00e7\u00e3o dos diab\u00e9ticos que dependem do fornecimento de insumos para controle da doen\u00e7a foi tema de debate na tarde desta ter\u00e7a-feira (31), na Assembleia Legislativa do Rio Grande do Norte. Por iniciativa do deputado Ubaldo Fernandes (PSDB), uma audi\u00eancia p\u00fablica foi realizada na Casa, reunindo autoridades, pessoas que sofrem com o problema e institui\u00e7\u00f5es [&hellip;]\" \/>\n<meta property=\"og:url\" content=\"https:\/\/ubaldofernandes.com\/index.php\/news\/audiencia-na-alrn-cobra-cumprimento-de-protocolo-que-garante-insulina-a-populacao-2\/\" \/>\n<meta property=\"og:site_name\" content=\"Ubaldo Fernandes\" \/>\n<meta property=\"article:modified_time\" content=\"2022-06-03T14:33:45+00:00\" \/>\n<meta property=\"og:image\" content=\"https:\/\/ubaldofernandes.com\/wp-content\/uploads\/2022\/06\/3113-630x420-1.jpg\" \/>\n\t<meta property=\"og:image:width\" content=\"630\" \/>\n\t<meta property=\"og:image:height\" content=\"420\" \/>\n\t<meta property=\"og:image:type\" content=\"image\/jpeg\" \/>\n<meta name=\"twitter:card\" content=\"summary_large_image\" \/>\n<meta name=\"twitter:label1\" content=\"Est. tempo de leitura\" \/>\n\t<meta name=\"twitter:data1\" content=\"3 minutos\" \/>\n<script type=\"application\/ld+json\" class=\"yoast-schema-graph\">{\"@context\":\"https:\/\/schema.org\",\"@graph\":[{\"@type\":\"WebPage\",\"@id\":\"https:\/\/ubaldofernandes.com\/index.php\/news\/audiencia-na-alrn-cobra-cumprimento-de-protocolo-que-garante-insulina-a-populacao-2\/\",\"url\":\"https:\/\/ubaldofernandes.com\/index.php\/news\/audiencia-na-alrn-cobra-cumprimento-de-protocolo-que-garante-insulina-a-populacao-2\/\",\"name\":\"Audi\u00eancia na ALRN cobra cumprimento de protocolo que garante insulina \u00e0 popula\u00e7\u00e3o - Ubaldo Fernandes\",\"isPartOf\":{\"@id\":\"https:\/\/ubaldofernandes.com\/#website\"},\"primaryImageOfPage\":{\"@id\":\"https:\/\/ubaldofernandes.com\/index.php\/news\/audiencia-na-alrn-cobra-cumprimento-de-protocolo-que-garante-insulina-a-populacao-2\/#primaryimage\"},\"image\":{\"@id\":\"https:\/\/ubaldofernandes.com\/index.php\/news\/audiencia-na-alrn-cobra-cumprimento-de-protocolo-que-garante-insulina-a-populacao-2\/#primaryimage\"},\"thumbnailUrl\":\"https:\/\/ubaldofernandes.com\/wp-content\/uploads\/2022\/06\/3113-630x420-1.jpg\",\"datePublished\":\"2022-05-31T23:05:00+00:00\",\"dateModified\":\"2022-06-03T14:33:45+00:00\",\"breadcrumb\":{\"@id\":\"https:\/\/ubaldofernandes.com\/index.php\/news\/audiencia-na-alrn-cobra-cumprimento-de-protocolo-que-garante-insulina-a-populacao-2\/#breadcrumb\"},\"inLanguage\":\"pt-BR\",\"potentialAction\":[{\"@type\":\"ReadAction\",\"target\":[\"https:\/\/ubaldofernandes.com\/index.php\/news\/audiencia-na-alrn-cobra-cumprimento-de-protocolo-que-garante-insulina-a-populacao-2\/\"]}]},{\"@type\":\"ImageObject\",\"inLanguage\":\"pt-BR\",\"@id\":\"https:\/\/ubaldofernandes.com\/index.php\/news\/audiencia-na-alrn-cobra-cumprimento-de-protocolo-que-garante-insulina-a-populacao-2\/#primaryimage\",\"url\":\"https:\/\/ubaldofernandes.com\/wp-content\/uploads\/2022\/06\/3113-630x420-1.jpg\",\"contentUrl\":\"https:\/\/ubaldofernandes.com\/wp-content\/uploads\/2022\/06\/3113-630x420-1.jpg\",\"width\":630,\"height\":420},{\"@type\":\"BreadcrumbList\",\"@id\":\"https:\/\/ubaldofernandes.com\/index.php\/news\/audiencia-na-alrn-cobra-cumprimento-de-protocolo-que-garante-insulina-a-populacao-2\/#breadcrumb\",\"itemListElement\":[{\"@type\":\"ListItem\",\"position\":1,\"name\":\"In\u00edcio\",\"item\":\"https:\/\/ubaldofernandes.com\/\"},{\"@type\":\"ListItem\",\"position\":2,\"name\":\"Not\u00edcias\",\"item\":\"https:\/\/ubaldofernandes.com\/index.php\/news\/\"},{\"@type\":\"ListItem\",\"position\":3,\"name\":\"Audi\u00eancia na ALRN cobra cumprimento de protocolo que garante insulina \u00e0 popula\u00e7\u00e3o\"}]},{\"@type\":\"WebSite\",\"@id\":\"https:\/\/ubaldofernandes.com\/#website\",\"url\":\"https:\/\/ubaldofernandes.com\/\",\"name\":\"Ubaldo Fernandes\",\"description\":\"Deputado Estadual\",\"potentialAction\":[{\"@type\":\"SearchAction\",\"target\":{\"@type\":\"EntryPoint\",\"urlTemplate\":\"https:\/\/ubaldofernandes.com\/?s={search_term_string}\"},\"query-input\":{\"@type\":\"PropertyValueSpecification\",\"valueRequired\":true,\"valueName\":\"search_term_string\"}}],\"inLanguage\":\"pt-BR\"}]}<\/script>\n<!-- \/ Yoast SEO plugin. -->","yoast_head_json":{"title":"Audi\u00eancia na ALRN cobra cumprimento de protocolo que garante insulina \u00e0 popula\u00e7\u00e3o - Ubaldo Fernandes","robots":{"index":"index","follow":"follow","max-snippet":"max-snippet:-1","max-image-preview":"max-image-preview:large","max-video-preview":"max-video-preview:-1"},"canonical":"https:\/\/ubaldofernandes.com\/index.php\/news\/audiencia-na-alrn-cobra-cumprimento-de-protocolo-que-garante-insulina-a-populacao-2\/","og_locale":"pt_BR","og_type":"article","og_title":"Audi\u00eancia na ALRN cobra cumprimento de protocolo que garante insulina \u00e0 popula\u00e7\u00e3o - Ubaldo Fernandes","og_description":"A situa\u00e7\u00e3o dos diab\u00e9ticos que dependem do fornecimento de insumos para controle da doen\u00e7a foi tema de debate na tarde desta ter\u00e7a-feira (31), na Assembleia Legislativa do Rio Grande do Norte. Por iniciativa do deputado Ubaldo Fernandes (PSDB), uma audi\u00eancia p\u00fablica foi realizada na Casa, reunindo autoridades, pessoas que sofrem com o problema e institui\u00e7\u00f5es [&hellip;]","og_url":"https:\/\/ubaldofernandes.com\/index.php\/news\/audiencia-na-alrn-cobra-cumprimento-de-protocolo-que-garante-insulina-a-populacao-2\/","og_site_name":"Ubaldo Fernandes","article_modified_time":"2022-06-03T14:33:45+00:00","og_image":[{"width":630,"height":420,"url":"https:\/\/ubaldofernandes.com\/wp-content\/uploads\/2022\/06\/3113-630x420-1.jpg","type":"image\/jpeg"}],"twitter_card":"summary_large_image","twitter_misc":{"Est. tempo de leitura":"3 minutos"},"schema":{"@context":"https:\/\/schema.org","@graph":[{"@type":"WebPage","@id":"https:\/\/ubaldofernandes.com\/index.php\/news\/audiencia-na-alrn-cobra-cumprimento-de-protocolo-que-garante-insulina-a-populacao-2\/","url":"https:\/\/ubaldofernandes.com\/index.php\/news\/audiencia-na-alrn-cobra-cumprimento-de-protocolo-que-garante-insulina-a-populacao-2\/","name":"Audi\u00eancia na ALRN cobra cumprimento de protocolo que garante insulina \u00e0 popula\u00e7\u00e3o - Ubaldo Fernandes","isPartOf":{"@id":"https:\/\/ubaldofernandes.com\/#website"},"primaryImageOfPage":{"@id":"https:\/\/ubaldofernandes.com\/index.php\/news\/audiencia-na-alrn-cobra-cumprimento-de-protocolo-que-garante-insulina-a-populacao-2\/#primaryimage"},"image":{"@id":"https:\/\/ubaldofernandes.com\/index.php\/news\/audiencia-na-alrn-cobra-cumprimento-de-protocolo-que-garante-insulina-a-populacao-2\/#primaryimage"},"thumbnailUrl":"https:\/\/ubaldofernandes.com\/wp-content\/uploads\/2022\/06\/3113-630x420-1.jpg","datePublished":"2022-05-31T23:05:00+00:00","dateModified":"2022-06-03T14:33:45+00:00","breadcrumb":{"@id":"https:\/\/ubaldofernandes.com\/index.php\/news\/audiencia-na-alrn-cobra-cumprimento-de-protocolo-que-garante-insulina-a-populacao-2\/#breadcrumb"},"inLanguage":"pt-BR","potentialAction":[{"@type":"ReadAction","target":["https:\/\/ubaldofernandes.com\/index.php\/news\/audiencia-na-alrn-cobra-cumprimento-de-protocolo-que-garante-insulina-a-populacao-2\/"]}]},{"@type":"ImageObject","inLanguage":"pt-BR","@id":"https:\/\/ubaldofernandes.com\/index.php\/news\/audiencia-na-alrn-cobra-cumprimento-de-protocolo-que-garante-insulina-a-populacao-2\/#primaryimage","url":"https:\/\/ubaldofernandes.com\/wp-content\/uploads\/2022\/06\/3113-630x420-1.jpg","contentUrl":"https:\/\/ubaldofernandes.com\/wp-content\/uploads\/2022\/06\/3113-630x420-1.jpg","width":630,"height":420},{"@type":"BreadcrumbList","@id":"https:\/\/ubaldofernandes.com\/index.php\/news\/audiencia-na-alrn-cobra-cumprimento-de-protocolo-que-garante-insulina-a-populacao-2\/#breadcrumb","itemListElement":[{"@type":"ListItem","position":1,"name":"In\u00edcio","item":"https:\/\/ubaldofernandes.com\/"},{"@type":"ListItem","position":2,"name":"Not\u00edcias","item":"https:\/\/ubaldofernandes.com\/index.php\/news\/"},{"@type":"ListItem","position":3,"name":"Audi\u00eancia na ALRN cobra cumprimento de protocolo que garante insulina \u00e0 popula\u00e7\u00e3o"}]},{"@type":"WebSite","@id":"https:\/\/ubaldofernandes.com\/#website","url":"https:\/\/ubaldofernandes.com\/","name":"Ubaldo Fernandes","description":"Deputado Estadual","potentialAction":[{"@type":"SearchAction","target":{"@type":"EntryPoint","urlTemplate":"https:\/\/ubaldofernandes.com\/?s={search_term_string}"},"query-input":{"@type":"PropertyValueSpecification","valueRequired":true,"valueName":"search_term_string"}}],"inLanguage":"pt-BR"}]}},"_links":{"self":[{"href":"https:\/\/ubaldofernandes.com\/index.php\/wp-json\/wp\/v2\/news\/4542","targetHints":{"allow":["GET"]}}],"collection":[{"href":"https:\/\/ubaldofernandes.com\/index.php\/wp-json\/wp\/v2\/news"}],"about":[{"href":"https:\/\/ubaldofernandes.com\/index.php\/wp-json\/wp\/v2\/types\/news"}],"wp:featuredmedia":[{"embeddable":true,"href":"https:\/\/ubaldofernandes.com\/index.php\/wp-json\/wp\/v2\/media\/4543"}],"wp:attachment":[{"href":"https:\/\/ubaldofernandes.com\/index.php\/wp-json\/wp\/v2\/media?parent=4542"}],"curies":[{"name":"wp","href":"https:\/\/api.w.org\/{rel}","templated":true}]}}