{"id":4564,"date":"2022-06-09T09:35:00","date_gmt":"2022-06-09T12:35:00","guid":{"rendered":"https:\/\/ubaldofernandes.com\/?post_type=news&#038;p=4564"},"modified":"2022-06-09T11:46:02","modified_gmt":"2022-06-09T14:46:02","slug":"moradores-da-zona-leste-dao-mais-um-passo-para-a-regularizacao-fundiaria","status":"publish","type":"news","link":"https:\/\/ubaldofernandes.com\/index.php\/news\/moradores-da-zona-leste-dao-mais-um-passo-para-a-regularizacao-fundiaria\/","title":{"rendered":"Moradores da zona leste d\u00e3o mais um passo para a regulariza\u00e7\u00e3o fundi\u00e1ria"},"content":{"rendered":"\n<p>Na noite dessa ter\u00e7a-feira (07), foi dado mais um passo rumo \u00e0 regulariza\u00e7\u00e3o de 6.500 im\u00f3veis da zona Leste de Natal, um pleito que est\u00e1 sendo atendido, do deputado estadual Ubaldo Fernandes e do vereador Herberth Sena, junto ao ex-ministro do Desenvolvimento Regional, Rog\u00e9rio Marinho. Na \u00faltima reuni\u00e3o com moradores das comunidades contempladas, na quadra de esportes da na Escola Estadual Caf\u00e9 Filho, representantes dos \u00f3rg\u00e3os p\u00fablicos envolvidos informaram sobre os pr\u00f3ximos passos para que os cidad\u00e3os conquistem a t\u00e3o sonhada seguran\u00e7a jur\u00eddica de seus im\u00f3veis.<\/p>\n\n\n\n<p>\u201cNa noite desta ter\u00e7a-feira, avan\u00e7amos para concretizar o sonho de fam\u00edlias carentes da zona Leste de Natal, em mais um encontro com representantes da Funda\u00e7\u00e3o de Apoio ao IFRN (Funcern) e Secretaria de Habita\u00e7\u00e3o e Regulariza\u00e7\u00e3o Fundi\u00e1ria (Prefeitura de Natal). Dessa vez, foram os cidad\u00e3os da minha amada Rocas. Mas antes, j\u00e1 t\u00ednhamos nos reunido com o pessoal da Praia do Meio, Santos Reis e Bras\u00edlia Teimosa. Para quem nos acompanha, sabe que abra\u00e7o essa luta desde que eu era l\u00edder comunit\u00e1rio. Agradecemos a Rog\u00e9rio Marinho pelos R$ 3,5 milh\u00f5es destinados para beneficiar fam\u00edlias da nossa regi\u00e3o\u201d, destacou Ubaldo. O pr\u00f3ximo passo \u00e9 o cadastro das resid\u00eancias das Rocas, com investiga\u00e7\u00e3o social e cartorial. A expectativa \u00e9 que at\u00e9 o final do ano o processo seja encerrado.&nbsp;<\/p>\n\n\n\n<p>MAIS<br>Hoje, completa-se um ano da Lei N\u00b0 10.919\/21, de autoria do Deputado, que busca dar amparo aos familiares das v\u00edtimas da pandemia, garantindo apoio e assist\u00eancia psicol\u00f3gica decorrente do luto. \u201cCome\u00e7amos a acompanhar o surgimento de novos casos de coronav\u00edrus pelo pa\u00eds afora. At\u00e9 o \u00faltimo dia 3, foram contabilizadas 667 mil v\u00edtimas da Coivd-19 no Brasil, sendo 8.202 \u00f3bitos no nosso RN. S\u00e3o para essas pessoas que buscamos apoio\u201d, observa.<\/p>\n\n\n\n<p>Ubaldo enfatiza que seu mandato tem contribuindo no enfrentamento desta doen\u00e7a com v\u00e1rias iniciativas. \u201cTivemos leis sancionadas, como o \u2018Dia em Mem\u00f3ria das V\u00edtimas de Covid-19\u2019 e o \u2018Direito do Paciente de Acompanhar a Manipula\u00e7\u00e3o Adequada da Vacina\u2019, al\u00e9m da campanha educativa \u201cVacina \u00e9 Vida\u201d. Continuaremos colaborando com pol\u00edticas p\u00fablicas que priorizem a aten\u00e7\u00e3o integral \u00e0s v\u00edtimas da Covid e seus n\u00facleos familiares e sociais, com enfoque na sa\u00fade, na educa\u00e7\u00e3o e na prote\u00e7\u00e3o social e econ\u00f4mica\u201d.<\/p>\n\n\n\n<p>Mat\u00e9ria publicada no <a href=\"https:\/\/rnnews.com.br\/moradores-da-zona-leste-dao-mais-um-passo-para-a-regularizacao-fundiaria\/\">Portal RN News<\/a>. <\/p>\n","protected":false},"featured_media":4565,"parent":0,"template":"","class_list":["post-4564","news","type-news","status-publish","has-post-thumbnail","hentry"],"acf":[],"yoast_head":"<!-- This site is optimized with the Yoast SEO plugin v24.6 - https:\/\/yoast.com\/wordpress\/plugins\/seo\/ -->\n<title>Moradores da zona leste d\u00e3o mais um passo para a regulariza\u00e7\u00e3o fundi\u00e1ria - Ubaldo Fernandes<\/title>\n<meta name=\"robots\" content=\"index, follow, max-snippet:-1, max-image-preview:large, max-video-preview:-1\" \/>\n<link rel=\"canonical\" href=\"https:\/\/ubaldofernandes.com\/index.php\/news\/moradores-da-zona-leste-dao-mais-um-passo-para-a-regularizacao-fundiaria\/\" \/>\n<meta property=\"og:locale\" content=\"pt_BR\" \/>\n<meta property=\"og:type\" content=\"article\" \/>\n<meta property=\"og:title\" content=\"Moradores da zona leste d\u00e3o mais um passo para a regulariza\u00e7\u00e3o fundi\u00e1ria - Ubaldo Fernandes\" \/>\n<meta property=\"og:description\" content=\"Na noite dessa ter\u00e7a-feira (07), foi dado mais um passo rumo \u00e0 regulariza\u00e7\u00e3o de 6.500 im\u00f3veis da zona Leste de Natal, um pleito que est\u00e1 sendo atendido, do deputado estadual Ubaldo Fernandes e do vereador Herberth Sena, junto ao ex-ministro do Desenvolvimento Regional, Rog\u00e9rio Marinho. Na \u00faltima reuni\u00e3o com moradores das comunidades contempladas, na quadra [&hellip;]\" \/>\n<meta property=\"og:url\" content=\"https:\/\/ubaldofernandes.com\/index.php\/news\/moradores-da-zona-leste-dao-mais-um-passo-para-a-regularizacao-fundiaria\/\" \/>\n<meta property=\"og:site_name\" content=\"Ubaldo Fernandes\" \/>\n<meta property=\"article:modified_time\" content=\"2022-06-09T14:46:02+00:00\" \/>\n<meta property=\"og:image\" content=\"https:\/\/ubaldofernandes.com\/wp-content\/uploads\/2022\/06\/WhatsApp-Image-2022-06-08-at-16.33.22.jpeg\" \/>\n\t<meta property=\"og:image:width\" content=\"1200\" \/>\n\t<meta property=\"og:image:height\" content=\"1600\" \/>\n\t<meta property=\"og:image:type\" content=\"image\/jpeg\" \/>\n<meta name=\"twitter:card\" content=\"summary_large_image\" \/>\n<meta name=\"twitter:label1\" content=\"Est. tempo de leitura\" \/>\n\t<meta name=\"twitter:data1\" content=\"2 minutos\" \/>\n<script type=\"application\/ld+json\" class=\"yoast-schema-graph\">{\"@context\":\"https:\/\/schema.org\",\"@graph\":[{\"@type\":\"WebPage\",\"@id\":\"https:\/\/ubaldofernandes.com\/index.php\/news\/moradores-da-zona-leste-dao-mais-um-passo-para-a-regularizacao-fundiaria\/\",\"url\":\"https:\/\/ubaldofernandes.com\/index.php\/news\/moradores-da-zona-leste-dao-mais-um-passo-para-a-regularizacao-fundiaria\/\",\"name\":\"Moradores da zona leste d\u00e3o mais um passo para a regulariza\u00e7\u00e3o fundi\u00e1ria - Ubaldo Fernandes\",\"isPartOf\":{\"@id\":\"https:\/\/ubaldofernandes.com\/#website\"},\"primaryImageOfPage\":{\"@id\":\"https:\/\/ubaldofernandes.com\/index.php\/news\/moradores-da-zona-leste-dao-mais-um-passo-para-a-regularizacao-fundiaria\/#primaryimage\"},\"image\":{\"@id\":\"https:\/\/ubaldofernandes.com\/index.php\/news\/moradores-da-zona-leste-dao-mais-um-passo-para-a-regularizacao-fundiaria\/#primaryimage\"},\"thumbnailUrl\":\"https:\/\/ubaldofernandes.com\/wp-content\/uploads\/2022\/06\/WhatsApp-Image-2022-06-08-at-16.33.22.jpeg\",\"datePublished\":\"2022-06-09T12:35:00+00:00\",\"dateModified\":\"2022-06-09T14:46:02+00:00\",\"breadcrumb\":{\"@id\":\"https:\/\/ubaldofernandes.com\/index.php\/news\/moradores-da-zona-leste-dao-mais-um-passo-para-a-regularizacao-fundiaria\/#breadcrumb\"},\"inLanguage\":\"pt-BR\",\"potentialAction\":[{\"@type\":\"ReadAction\",\"target\":[\"https:\/\/ubaldofernandes.com\/index.php\/news\/moradores-da-zona-leste-dao-mais-um-passo-para-a-regularizacao-fundiaria\/\"]}]},{\"@type\":\"ImageObject\",\"inLanguage\":\"pt-BR\",\"@id\":\"https:\/\/ubaldofernandes.com\/index.php\/news\/moradores-da-zona-leste-dao-mais-um-passo-para-a-regularizacao-fundiaria\/#primaryimage\",\"url\":\"https:\/\/ubaldofernandes.com\/wp-content\/uploads\/2022\/06\/WhatsApp-Image-2022-06-08-at-16.33.22.jpeg\",\"contentUrl\":\"https:\/\/ubaldofernandes.com\/wp-content\/uploads\/2022\/06\/WhatsApp-Image-2022-06-08-at-16.33.22.jpeg\",\"width\":1200,\"height\":1600},{\"@type\":\"BreadcrumbList\",\"@id\":\"https:\/\/ubaldofernandes.com\/index.php\/news\/moradores-da-zona-leste-dao-mais-um-passo-para-a-regularizacao-fundiaria\/#breadcrumb\",\"itemListElement\":[{\"@type\":\"ListItem\",\"position\":1,\"name\":\"In\u00edcio\",\"item\":\"https:\/\/ubaldofernandes.com\/\"},{\"@type\":\"ListItem\",\"position\":2,\"name\":\"Not\u00edcias\",\"item\":\"https:\/\/ubaldofernandes.com\/index.php\/news\/\"},{\"@type\":\"ListItem\",\"position\":3,\"name\":\"Moradores da zona leste d\u00e3o mais um passo para a regulariza\u00e7\u00e3o fundi\u00e1ria\"}]},{\"@type\":\"WebSite\",\"@id\":\"https:\/\/ubaldofernandes.com\/#website\",\"url\":\"https:\/\/ubaldofernandes.com\/\",\"name\":\"Ubaldo Fernandes\",\"description\":\"Deputado Estadual\",\"potentialAction\":[{\"@type\":\"SearchAction\",\"target\":{\"@type\":\"EntryPoint\",\"urlTemplate\":\"https:\/\/ubaldofernandes.com\/?s={search_term_string}\"},\"query-input\":{\"@type\":\"PropertyValueSpecification\",\"valueRequired\":true,\"valueName\":\"search_term_string\"}}],\"inLanguage\":\"pt-BR\"}]}<\/script>\n<!-- \/ Yoast SEO plugin. -->","yoast_head_json":{"title":"Moradores da zona leste d\u00e3o mais um passo para a regulariza\u00e7\u00e3o fundi\u00e1ria - Ubaldo Fernandes","robots":{"index":"index","follow":"follow","max-snippet":"max-snippet:-1","max-image-preview":"max-image-preview:large","max-video-preview":"max-video-preview:-1"},"canonical":"https:\/\/ubaldofernandes.com\/index.php\/news\/moradores-da-zona-leste-dao-mais-um-passo-para-a-regularizacao-fundiaria\/","og_locale":"pt_BR","og_type":"article","og_title":"Moradores da zona leste d\u00e3o mais um passo para a regulariza\u00e7\u00e3o fundi\u00e1ria - Ubaldo Fernandes","og_description":"Na noite dessa ter\u00e7a-feira (07), foi dado mais um passo rumo \u00e0 regulariza\u00e7\u00e3o de 6.500 im\u00f3veis da zona Leste de Natal, um pleito que est\u00e1 sendo atendido, do deputado estadual Ubaldo Fernandes e do vereador Herberth Sena, junto ao ex-ministro do Desenvolvimento Regional, Rog\u00e9rio Marinho. Na \u00faltima reuni\u00e3o com moradores das comunidades contempladas, na quadra [&hellip;]","og_url":"https:\/\/ubaldofernandes.com\/index.php\/news\/moradores-da-zona-leste-dao-mais-um-passo-para-a-regularizacao-fundiaria\/","og_site_name":"Ubaldo Fernandes","article_modified_time":"2022-06-09T14:46:02+00:00","og_image":[{"width":1200,"height":1600,"url":"https:\/\/ubaldofernandes.com\/wp-content\/uploads\/2022\/06\/WhatsApp-Image-2022-06-08-at-16.33.22.jpeg","type":"image\/jpeg"}],"twitter_card":"summary_large_image","twitter_misc":{"Est. tempo de leitura":"2 minutos"},"schema":{"@context":"https:\/\/schema.org","@graph":[{"@type":"WebPage","@id":"https:\/\/ubaldofernandes.com\/index.php\/news\/moradores-da-zona-leste-dao-mais-um-passo-para-a-regularizacao-fundiaria\/","url":"https:\/\/ubaldofernandes.com\/index.php\/news\/moradores-da-zona-leste-dao-mais-um-passo-para-a-regularizacao-fundiaria\/","name":"Moradores da zona leste d\u00e3o mais um passo para a regulariza\u00e7\u00e3o fundi\u00e1ria - Ubaldo Fernandes","isPartOf":{"@id":"https:\/\/ubaldofernandes.com\/#website"},"primaryImageOfPage":{"@id":"https:\/\/ubaldofernandes.com\/index.php\/news\/moradores-da-zona-leste-dao-mais-um-passo-para-a-regularizacao-fundiaria\/#primaryimage"},"image":{"@id":"https:\/\/ubaldofernandes.com\/index.php\/news\/moradores-da-zona-leste-dao-mais-um-passo-para-a-regularizacao-fundiaria\/#primaryimage"},"thumbnailUrl":"https:\/\/ubaldofernandes.com\/wp-content\/uploads\/2022\/06\/WhatsApp-Image-2022-06-08-at-16.33.22.jpeg","datePublished":"2022-06-09T12:35:00+00:00","dateModified":"2022-06-09T14:46:02+00:00","breadcrumb":{"@id":"https:\/\/ubaldofernandes.com\/index.php\/news\/moradores-da-zona-leste-dao-mais-um-passo-para-a-regularizacao-fundiaria\/#breadcrumb"},"inLanguage":"pt-BR","potentialAction":[{"@type":"ReadAction","target":["https:\/\/ubaldofernandes.com\/index.php\/news\/moradores-da-zona-leste-dao-mais-um-passo-para-a-regularizacao-fundiaria\/"]}]},{"@type":"ImageObject","inLanguage":"pt-BR","@id":"https:\/\/ubaldofernandes.com\/index.php\/news\/moradores-da-zona-leste-dao-mais-um-passo-para-a-regularizacao-fundiaria\/#primaryimage","url":"https:\/\/ubaldofernandes.com\/wp-content\/uploads\/2022\/06\/WhatsApp-Image-2022-06-08-at-16.33.22.jpeg","contentUrl":"https:\/\/ubaldofernandes.com\/wp-content\/uploads\/2022\/06\/WhatsApp-Image-2022-06-08-at-16.33.22.jpeg","width":1200,"height":1600},{"@type":"BreadcrumbList","@id":"https:\/\/ubaldofernandes.com\/index.php\/news\/moradores-da-zona-leste-dao-mais-um-passo-para-a-regularizacao-fundiaria\/#breadcrumb","itemListElement":[{"@type":"ListItem","position":1,"name":"In\u00edcio","item":"https:\/\/ubaldofernandes.com\/"},{"@type":"ListItem","position":2,"name":"Not\u00edcias","item":"https:\/\/ubaldofernandes.com\/index.php\/news\/"},{"@type":"ListItem","position":3,"name":"Moradores da zona leste d\u00e3o mais um passo para a regulariza\u00e7\u00e3o fundi\u00e1ria"}]},{"@type":"WebSite","@id":"https:\/\/ubaldofernandes.com\/#website","url":"https:\/\/ubaldofernandes.com\/","name":"Ubaldo Fernandes","description":"Deputado Estadual","potentialAction":[{"@type":"SearchAction","target":{"@type":"EntryPoint","urlTemplate":"https:\/\/ubaldofernandes.com\/?s={search_term_string}"},"query-input":{"@type":"PropertyValueSpecification","valueRequired":true,"valueName":"search_term_string"}}],"inLanguage":"pt-BR"}]}},"_links":{"self":[{"href":"https:\/\/ubaldofernandes.com\/index.php\/wp-json\/wp\/v2\/news\/4564","targetHints":{"allow":["GET"]}}],"collection":[{"href":"https:\/\/ubaldofernandes.com\/index.php\/wp-json\/wp\/v2\/news"}],"about":[{"href":"https:\/\/ubaldofernandes.com\/index.php\/wp-json\/wp\/v2\/types\/news"}],"wp:featuredmedia":[{"embeddable":true,"href":"https:\/\/ubaldofernandes.com\/index.php\/wp-json\/wp\/v2\/media\/4565"}],"wp:attachment":[{"href":"https:\/\/ubaldofernandes.com\/index.php\/wp-json\/wp\/v2\/media?parent=4564"}],"curies":[{"name":"wp","href":"https:\/\/api.w.org\/{rel}","templated":true}]}}