{"id":4570,"date":"2022-06-14T16:09:00","date_gmt":"2022-06-14T19:09:00","guid":{"rendered":"https:\/\/ubaldofernandes.com\/?post_type=news&#038;p=4570"},"modified":"2022-06-15T11:12:05","modified_gmt":"2022-06-15T14:12:05","slug":"festas-de-santana-de-currais-novos-caico-e-santana-do-matos-serao-patrimonios-culturais-imateriais-do-rn","status":"publish","type":"news","link":"https:\/\/ubaldofernandes.com\/index.php\/news\/festas-de-santana-de-currais-novos-caico-e-santana-do-matos-serao-patrimonios-culturais-imateriais-do-rn\/","title":{"rendered":"Festas de Sant\u2019Ana de Currais Novos, Caic\u00f3 e Santana do Matos ser\u00e3o patrim\u00f4nios culturais imateriais do RN"},"content":{"rendered":"\n<p>As Festas de Sant\u2019Ana, das cidades de Currais Novos, Caic\u00f3 e Santana do Matos, ser\u00e3o consideradas Patrim\u00f4nios Culturais Imateriais do Rio Grande do Norte. De autoria do deputado estadual Ubaldo Fernandes (PSDB), o Projeto de Lei 354\/2019 foi aprovado, por unanimidade, na sess\u00e3o plen\u00e1ria desta ter\u00e7a-feira (14), e agora segue para san\u00e7\u00e3o do Governo do Estado.<\/p>\n\n\n\n<p>Al\u00e9m de votar a favor de outras mat\u00e9rias importantes para os norte-rio-grandenses, o parlamentar tamb\u00e9m externou seu apoio \u00e0 luta do dos condutores do Samu\/RN, que temem perder direitos e at\u00e9 mesmo empregos com a entrada de uma Oscip (Organiza\u00e7\u00e3o da Sociedade Civil de Interesse P\u00fablico) para ser respons\u00e1vel por esses terceirizados do servi\u00e7o de emerg\u00eancia. Um grupo lotou as galerias da casa legislativa para reivindicar apoio dos deputados junto ao Governo, com cartazes que denunciavam que 120 pais de fam\u00edlia est\u00e3o desesperados com essa mudan\u00e7a anunciada pelo Estado, al\u00e9m sucateamento de ve\u00edculos, desrespeito a itens b\u00e1sicos de seguran\u00e7a, entre outros.<\/p>\n\n\n\n<p>\u201cQuero me associar \u00e0 luta aos companheiros do Samu, atrav\u00e9s dos seus condutores, que prestam relevantes servi\u00e7os \u00e0 sociedade potiguar. Sou admirador e entusiasta desse servi\u00e7o de excel\u00eancia desde quando era vereador de Natal e apoiava suas lutas. Fazem um trabalho s\u00e9rio e respeitado. O Samu \u00e9 uma das institui\u00e7\u00f5es de maior credibilidade, pelo empenho e dedica\u00e7\u00e3o de seus servidores e o Governo tem que abrir di\u00e1logo para que cheguem a um denominador comum, porque essa institui\u00e7\u00e3o t\u00e3o importante para todos n\u00e3o pode parar. O Governo F\u00e1tima Bezerra \u00e9 sensato e vai chegar a um entendimento, com certeza\u201d, afirmou.<\/p>\n\n\n\n<p><strong>MAIS<\/strong><\/p>\n\n\n\n<p>Na reuni\u00e3o da Comiss\u00e3o de Constitui\u00e7\u00e3o, Justi\u00e7a e Reda\u00e7\u00e3o, antes da sess\u00e3o, foi aprovado, ainda, o PL 127\/2022, de iniciativa de Ubaldo Fernandes, que reconhece como de utilidade p\u00fablica estadual a Cooperativa de Trabalhadores de Entregas do Rio Grande do Norte \u2013 Coopex, com sede e foro no munic\u00edpio de Natal.<\/p>\n\n\n\n<p>Mat\u00e9ria publicada no <a href=\"https:\/\/senadinhomacaiba.com.br\/festas-de-santana-de-currais-novos-caico-e-santana-do-matos-serao-patrimonios-culturais-imateriais-do-rn\/\">Blog Senadinho Maca\u00edba<\/a>.<\/p>\n\n\n\n<p><\/p>\n","protected":false},"featured_media":4571,"parent":0,"template":"","class_list":["post-4570","news","type-news","status-publish","has-post-thumbnail","hentry"],"acf":[],"yoast_head":"<!-- This site is optimized with the Yoast SEO plugin v24.6 - https:\/\/yoast.com\/wordpress\/plugins\/seo\/ -->\n<title>Festas de Sant\u2019Ana de Currais Novos, Caic\u00f3 e Santana do Matos ser\u00e3o patrim\u00f4nios culturais imateriais do RN - Ubaldo Fernandes<\/title>\n<meta name=\"robots\" content=\"index, follow, max-snippet:-1, max-image-preview:large, max-video-preview:-1\" \/>\n<link rel=\"canonical\" href=\"https:\/\/ubaldofernandes.com\/index.php\/news\/festas-de-santana-de-currais-novos-caico-e-santana-do-matos-serao-patrimonios-culturais-imateriais-do-rn\/\" \/>\n<meta property=\"og:locale\" content=\"pt_BR\" \/>\n<meta property=\"og:type\" content=\"article\" \/>\n<meta property=\"og:title\" content=\"Festas de Sant\u2019Ana de Currais Novos, Caic\u00f3 e Santana do Matos ser\u00e3o patrim\u00f4nios culturais imateriais do RN - Ubaldo Fernandes\" \/>\n<meta property=\"og:description\" content=\"As Festas de Sant\u2019Ana, das cidades de Currais Novos, Caic\u00f3 e Santana do Matos, ser\u00e3o consideradas Patrim\u00f4nios Culturais Imateriais do Rio Grande do Norte. De autoria do deputado estadual Ubaldo Fernandes (PSDB), o Projeto de Lei 354\/2019 foi aprovado, por unanimidade, na sess\u00e3o plen\u00e1ria desta ter\u00e7a-feira (14), e agora segue para san\u00e7\u00e3o do Governo do [&hellip;]\" \/>\n<meta property=\"og:url\" content=\"https:\/\/ubaldofernandes.com\/index.php\/news\/festas-de-santana-de-currais-novos-caico-e-santana-do-matos-serao-patrimonios-culturais-imateriais-do-rn\/\" \/>\n<meta property=\"og:site_name\" content=\"Ubaldo Fernandes\" \/>\n<meta property=\"article:modified_time\" content=\"2022-06-15T14:12:05+00:00\" \/>\n<meta property=\"og:image\" content=\"https:\/\/ubaldofernandes.com\/wp-content\/uploads\/2022\/06\/IMG-20220614-WA0057.jpg\" \/>\n\t<meta property=\"og:image:width\" content=\"1280\" \/>\n\t<meta property=\"og:image:height\" content=\"853\" \/>\n\t<meta property=\"og:image:type\" content=\"image\/jpeg\" \/>\n<meta name=\"twitter:card\" content=\"summary_large_image\" \/>\n<meta name=\"twitter:label1\" content=\"Est. tempo de leitura\" \/>\n\t<meta name=\"twitter:data1\" content=\"2 minutos\" \/>\n<script type=\"application\/ld+json\" class=\"yoast-schema-graph\">{\"@context\":\"https:\/\/schema.org\",\"@graph\":[{\"@type\":\"WebPage\",\"@id\":\"https:\/\/ubaldofernandes.com\/index.php\/news\/festas-de-santana-de-currais-novos-caico-e-santana-do-matos-serao-patrimonios-culturais-imateriais-do-rn\/\",\"url\":\"https:\/\/ubaldofernandes.com\/index.php\/news\/festas-de-santana-de-currais-novos-caico-e-santana-do-matos-serao-patrimonios-culturais-imateriais-do-rn\/\",\"name\":\"Festas de Sant\u2019Ana de Currais Novos, Caic\u00f3 e Santana do Matos ser\u00e3o patrim\u00f4nios culturais imateriais do RN - Ubaldo Fernandes\",\"isPartOf\":{\"@id\":\"https:\/\/ubaldofernandes.com\/#website\"},\"primaryImageOfPage\":{\"@id\":\"https:\/\/ubaldofernandes.com\/index.php\/news\/festas-de-santana-de-currais-novos-caico-e-santana-do-matos-serao-patrimonios-culturais-imateriais-do-rn\/#primaryimage\"},\"image\":{\"@id\":\"https:\/\/ubaldofernandes.com\/index.php\/news\/festas-de-santana-de-currais-novos-caico-e-santana-do-matos-serao-patrimonios-culturais-imateriais-do-rn\/#primaryimage\"},\"thumbnailUrl\":\"https:\/\/ubaldofernandes.com\/wp-content\/uploads\/2022\/06\/IMG-20220614-WA0057.jpg\",\"datePublished\":\"2022-06-14T19:09:00+00:00\",\"dateModified\":\"2022-06-15T14:12:05+00:00\",\"breadcrumb\":{\"@id\":\"https:\/\/ubaldofernandes.com\/index.php\/news\/festas-de-santana-de-currais-novos-caico-e-santana-do-matos-serao-patrimonios-culturais-imateriais-do-rn\/#breadcrumb\"},\"inLanguage\":\"pt-BR\",\"potentialAction\":[{\"@type\":\"ReadAction\",\"target\":[\"https:\/\/ubaldofernandes.com\/index.php\/news\/festas-de-santana-de-currais-novos-caico-e-santana-do-matos-serao-patrimonios-culturais-imateriais-do-rn\/\"]}]},{\"@type\":\"ImageObject\",\"inLanguage\":\"pt-BR\",\"@id\":\"https:\/\/ubaldofernandes.com\/index.php\/news\/festas-de-santana-de-currais-novos-caico-e-santana-do-matos-serao-patrimonios-culturais-imateriais-do-rn\/#primaryimage\",\"url\":\"https:\/\/ubaldofernandes.com\/wp-content\/uploads\/2022\/06\/IMG-20220614-WA0057.jpg\",\"contentUrl\":\"https:\/\/ubaldofernandes.com\/wp-content\/uploads\/2022\/06\/IMG-20220614-WA0057.jpg\",\"width\":1280,\"height\":853},{\"@type\":\"BreadcrumbList\",\"@id\":\"https:\/\/ubaldofernandes.com\/index.php\/news\/festas-de-santana-de-currais-novos-caico-e-santana-do-matos-serao-patrimonios-culturais-imateriais-do-rn\/#breadcrumb\",\"itemListElement\":[{\"@type\":\"ListItem\",\"position\":1,\"name\":\"In\u00edcio\",\"item\":\"https:\/\/ubaldofernandes.com\/\"},{\"@type\":\"ListItem\",\"position\":2,\"name\":\"Not\u00edcias\",\"item\":\"https:\/\/ubaldofernandes.com\/index.php\/news\/\"},{\"@type\":\"ListItem\",\"position\":3,\"name\":\"Festas de Sant\u2019Ana de Currais Novos, Caic\u00f3 e Santana do Matos ser\u00e3o patrim\u00f4nios culturais imateriais do RN\"}]},{\"@type\":\"WebSite\",\"@id\":\"https:\/\/ubaldofernandes.com\/#website\",\"url\":\"https:\/\/ubaldofernandes.com\/\",\"name\":\"Ubaldo Fernandes\",\"description\":\"Deputado Estadual\",\"potentialAction\":[{\"@type\":\"SearchAction\",\"target\":{\"@type\":\"EntryPoint\",\"urlTemplate\":\"https:\/\/ubaldofernandes.com\/?s={search_term_string}\"},\"query-input\":{\"@type\":\"PropertyValueSpecification\",\"valueRequired\":true,\"valueName\":\"search_term_string\"}}],\"inLanguage\":\"pt-BR\"}]}<\/script>\n<!-- \/ Yoast SEO plugin. -->","yoast_head_json":{"title":"Festas de Sant\u2019Ana de Currais Novos, Caic\u00f3 e Santana do Matos ser\u00e3o patrim\u00f4nios culturais imateriais do RN - Ubaldo Fernandes","robots":{"index":"index","follow":"follow","max-snippet":"max-snippet:-1","max-image-preview":"max-image-preview:large","max-video-preview":"max-video-preview:-1"},"canonical":"https:\/\/ubaldofernandes.com\/index.php\/news\/festas-de-santana-de-currais-novos-caico-e-santana-do-matos-serao-patrimonios-culturais-imateriais-do-rn\/","og_locale":"pt_BR","og_type":"article","og_title":"Festas de Sant\u2019Ana de Currais Novos, Caic\u00f3 e Santana do Matos ser\u00e3o patrim\u00f4nios culturais imateriais do RN - Ubaldo Fernandes","og_description":"As Festas de Sant\u2019Ana, das cidades de Currais Novos, Caic\u00f3 e Santana do Matos, ser\u00e3o consideradas Patrim\u00f4nios Culturais Imateriais do Rio Grande do Norte. De autoria do deputado estadual Ubaldo Fernandes (PSDB), o Projeto de Lei 354\/2019 foi aprovado, por unanimidade, na sess\u00e3o plen\u00e1ria desta ter\u00e7a-feira (14), e agora segue para san\u00e7\u00e3o do Governo do [&hellip;]","og_url":"https:\/\/ubaldofernandes.com\/index.php\/news\/festas-de-santana-de-currais-novos-caico-e-santana-do-matos-serao-patrimonios-culturais-imateriais-do-rn\/","og_site_name":"Ubaldo Fernandes","article_modified_time":"2022-06-15T14:12:05+00:00","og_image":[{"width":1280,"height":853,"url":"https:\/\/ubaldofernandes.com\/wp-content\/uploads\/2022\/06\/IMG-20220614-WA0057.jpg","type":"image\/jpeg"}],"twitter_card":"summary_large_image","twitter_misc":{"Est. tempo de leitura":"2 minutos"},"schema":{"@context":"https:\/\/schema.org","@graph":[{"@type":"WebPage","@id":"https:\/\/ubaldofernandes.com\/index.php\/news\/festas-de-santana-de-currais-novos-caico-e-santana-do-matos-serao-patrimonios-culturais-imateriais-do-rn\/","url":"https:\/\/ubaldofernandes.com\/index.php\/news\/festas-de-santana-de-currais-novos-caico-e-santana-do-matos-serao-patrimonios-culturais-imateriais-do-rn\/","name":"Festas de Sant\u2019Ana de Currais Novos, Caic\u00f3 e Santana do Matos ser\u00e3o patrim\u00f4nios culturais imateriais do RN - Ubaldo Fernandes","isPartOf":{"@id":"https:\/\/ubaldofernandes.com\/#website"},"primaryImageOfPage":{"@id":"https:\/\/ubaldofernandes.com\/index.php\/news\/festas-de-santana-de-currais-novos-caico-e-santana-do-matos-serao-patrimonios-culturais-imateriais-do-rn\/#primaryimage"},"image":{"@id":"https:\/\/ubaldofernandes.com\/index.php\/news\/festas-de-santana-de-currais-novos-caico-e-santana-do-matos-serao-patrimonios-culturais-imateriais-do-rn\/#primaryimage"},"thumbnailUrl":"https:\/\/ubaldofernandes.com\/wp-content\/uploads\/2022\/06\/IMG-20220614-WA0057.jpg","datePublished":"2022-06-14T19:09:00+00:00","dateModified":"2022-06-15T14:12:05+00:00","breadcrumb":{"@id":"https:\/\/ubaldofernandes.com\/index.php\/news\/festas-de-santana-de-currais-novos-caico-e-santana-do-matos-serao-patrimonios-culturais-imateriais-do-rn\/#breadcrumb"},"inLanguage":"pt-BR","potentialAction":[{"@type":"ReadAction","target":["https:\/\/ubaldofernandes.com\/index.php\/news\/festas-de-santana-de-currais-novos-caico-e-santana-do-matos-serao-patrimonios-culturais-imateriais-do-rn\/"]}]},{"@type":"ImageObject","inLanguage":"pt-BR","@id":"https:\/\/ubaldofernandes.com\/index.php\/news\/festas-de-santana-de-currais-novos-caico-e-santana-do-matos-serao-patrimonios-culturais-imateriais-do-rn\/#primaryimage","url":"https:\/\/ubaldofernandes.com\/wp-content\/uploads\/2022\/06\/IMG-20220614-WA0057.jpg","contentUrl":"https:\/\/ubaldofernandes.com\/wp-content\/uploads\/2022\/06\/IMG-20220614-WA0057.jpg","width":1280,"height":853},{"@type":"BreadcrumbList","@id":"https:\/\/ubaldofernandes.com\/index.php\/news\/festas-de-santana-de-currais-novos-caico-e-santana-do-matos-serao-patrimonios-culturais-imateriais-do-rn\/#breadcrumb","itemListElement":[{"@type":"ListItem","position":1,"name":"In\u00edcio","item":"https:\/\/ubaldofernandes.com\/"},{"@type":"ListItem","position":2,"name":"Not\u00edcias","item":"https:\/\/ubaldofernandes.com\/index.php\/news\/"},{"@type":"ListItem","position":3,"name":"Festas de Sant\u2019Ana de Currais Novos, Caic\u00f3 e Santana do Matos ser\u00e3o patrim\u00f4nios culturais imateriais do RN"}]},{"@type":"WebSite","@id":"https:\/\/ubaldofernandes.com\/#website","url":"https:\/\/ubaldofernandes.com\/","name":"Ubaldo Fernandes","description":"Deputado Estadual","potentialAction":[{"@type":"SearchAction","target":{"@type":"EntryPoint","urlTemplate":"https:\/\/ubaldofernandes.com\/?s={search_term_string}"},"query-input":{"@type":"PropertyValueSpecification","valueRequired":true,"valueName":"search_term_string"}}],"inLanguage":"pt-BR"}]}},"_links":{"self":[{"href":"https:\/\/ubaldofernandes.com\/index.php\/wp-json\/wp\/v2\/news\/4570","targetHints":{"allow":["GET"]}}],"collection":[{"href":"https:\/\/ubaldofernandes.com\/index.php\/wp-json\/wp\/v2\/news"}],"about":[{"href":"https:\/\/ubaldofernandes.com\/index.php\/wp-json\/wp\/v2\/types\/news"}],"wp:featuredmedia":[{"embeddable":true,"href":"https:\/\/ubaldofernandes.com\/index.php\/wp-json\/wp\/v2\/media\/4571"}],"wp:attachment":[{"href":"https:\/\/ubaldofernandes.com\/index.php\/wp-json\/wp\/v2\/media?parent=4570"}],"curies":[{"name":"wp","href":"https:\/\/api.w.org\/{rel}","templated":true}]}}