{"id":4601,"date":"2022-06-28T20:45:18","date_gmt":"2022-06-28T23:45:18","guid":{"rendered":"https:\/\/ubaldofernandes.com\/?post_type=news&#038;p=4601"},"modified":"2022-06-29T08:47:15","modified_gmt":"2022-06-29T11:47:15","slug":"segundo-colocado-na-pesquisa-consult-ubaldo-diz-que-aprovacao-fortalece-seu-foco-no-trabalho","status":"publish","type":"news","link":"https:\/\/ubaldofernandes.com\/index.php\/news\/segundo-colocado-na-pesquisa-consult-ubaldo-diz-que-aprovacao-fortalece-seu-foco-no-trabalho\/","title":{"rendered":"Segundo colocado na Pesquisa Consult, Ubaldo diz que aprova\u00e7\u00e3o fortalece seu foco no trabalho"},"content":{"rendered":"\n<p>O deputado estadual Ubaldo Fernandes aparece em mais uma pesquisa entre os favoritos do cidad\u00e3o norte-rio-grandense&nbsp; O parlamentar, que nasceu em Tangar\u00e1, no Trairi, e se afirma na pol\u00edtica do Rio Grande do Norte, com destaque na capital e regi\u00e3o metropolitana, mas que vem estadualuzando nome com atua\u00e7\u00e3o em v\u00e1rias regi\u00f5es, ficou na segunda posi\u00e7\u00e3o da Consult (1,18% das inten\u00e7\u00f5es de votos) divulgada nesta ter\u00e7a-feira, 28, pela TV Ponta Negra, e replicada em toda a imprensa potiguar&nbsp;&nbsp;<\/p>\n\n\n\n<p>&#8220;Mais uma pesquisa aponta nosso nome entre os mais lembrados pelos potiguares. Aprova\u00e7\u00e3o essa que fortalece nosso p\u00e9 no ch\u00e3o, foco no trabalho e nos resultados pr\u00e1ticos que melhoram as vidas das pessoas. Obrigado por estarem conosco construindo o RN que queremos e merecemos&#8221;, agradeceu ele nas redes sociais.<\/p>\n\n\n\n<p>A pesquisa de opini\u00e3o p\u00fablica foi registrada no Tribunal Regional Eleitoral com os protocolos BR-00969\/2022 e RN\/02501\/2022. O estudo de campo ocorreu entre os dias 22 e 25 de junho de 2022. Os resultados da pesquisa est\u00e3o sujeitos a um erro m\u00e1ximo permiss\u00edvel de 2,3%, com confiabilidade de 95%. A pesquisa \u201cAdministra\u00e7\u00e3o P\u00fablica e Elei\u00e7\u00f5es 2022 no RN\u201d teve o objetivo de identificar junto \u00e0 popula\u00e7\u00e3o eleitora do estado, visando as elei\u00e7\u00f5es 2022, a prefer\u00eancia em rela\u00e7\u00e3o \u00e0 Presid\u00eancia da Rep\u00fablica, Governo do Estado, Senado Federal, deputado federal e deputado estadual.&nbsp;<\/p>\n\n\n\n<p><strong>HIST\u00d3RICO&nbsp;<\/strong><\/p>\n\n\n\n<p>No dia 20 se junho, o instituto Br\u00e2mane mostrou Ubaldo Fernandes na primeira posi\u00e7\u00e3o, empatado com outros dois pr\u00e9-candidatos (com 2%).\u00a0 No levantamento anterior desta empresa, no dia 10 de maio, o parlamentar estava em 3\u00aa coloca\u00e7\u00e3o, com 2,3%. E o Instituto Item tinha apontado, no dia 23 de maio, que Ubaldo estava em 2\u00ba lugar, com 3,1% das inten\u00e7\u00f5es de votos.<\/p>\n\n\n\n<p>Mat\u00e9ria publicada no <a href=\"https:\/\/www.blogdomontoril.com.br\/blog\/noticia.php?id=116993\">Blog do Montoril<\/a>. <\/p>\n","protected":false},"featured_media":4602,"parent":0,"template":"","class_list":["post-4601","news","type-news","status-publish","has-post-thumbnail","hentry"],"acf":[],"yoast_head":"<!-- This site is optimized with the Yoast SEO plugin v24.6 - https:\/\/yoast.com\/wordpress\/plugins\/seo\/ -->\n<title>Segundo colocado na Pesquisa Consult, Ubaldo diz que aprova\u00e7\u00e3o fortalece seu foco no trabalho - Ubaldo Fernandes<\/title>\n<meta name=\"robots\" content=\"index, follow, max-snippet:-1, max-image-preview:large, max-video-preview:-1\" \/>\n<link rel=\"canonical\" href=\"https:\/\/ubaldofernandes.com\/index.php\/news\/segundo-colocado-na-pesquisa-consult-ubaldo-diz-que-aprovacao-fortalece-seu-foco-no-trabalho\/\" \/>\n<meta property=\"og:locale\" content=\"pt_BR\" \/>\n<meta property=\"og:type\" content=\"article\" \/>\n<meta property=\"og:title\" content=\"Segundo colocado na Pesquisa Consult, Ubaldo diz que aprova\u00e7\u00e3o fortalece seu foco no trabalho - Ubaldo Fernandes\" \/>\n<meta property=\"og:description\" content=\"O deputado estadual Ubaldo Fernandes aparece em mais uma pesquisa entre os favoritos do cidad\u00e3o norte-rio-grandense&nbsp; O parlamentar, que nasceu em Tangar\u00e1, no Trairi, e se afirma na pol\u00edtica do Rio Grande do Norte, com destaque na capital e regi\u00e3o metropolitana, mas que vem estadualuzando nome com atua\u00e7\u00e3o em v\u00e1rias regi\u00f5es, ficou na segunda posi\u00e7\u00e3o [&hellip;]\" \/>\n<meta property=\"og:url\" content=\"https:\/\/ubaldofernandes.com\/index.php\/news\/segundo-colocado-na-pesquisa-consult-ubaldo-diz-que-aprovacao-fortalece-seu-foco-no-trabalho\/\" \/>\n<meta property=\"og:site_name\" content=\"Ubaldo Fernandes\" \/>\n<meta property=\"article:modified_time\" content=\"2022-06-29T11:47:15+00:00\" \/>\n<meta property=\"og:image\" content=\"https:\/\/ubaldofernandes.com\/wp-content\/uploads\/2022\/06\/Ubaldo-Fernandes.jpg\" \/>\n\t<meta property=\"og:image:width\" content=\"1280\" \/>\n\t<meta property=\"og:image:height\" content=\"853\" \/>\n\t<meta property=\"og:image:type\" content=\"image\/jpeg\" \/>\n<meta name=\"twitter:card\" content=\"summary_large_image\" \/>\n<meta name=\"twitter:label1\" content=\"Est. tempo de leitura\" \/>\n\t<meta name=\"twitter:data1\" content=\"2 minutos\" \/>\n<script type=\"application\/ld+json\" class=\"yoast-schema-graph\">{\"@context\":\"https:\/\/schema.org\",\"@graph\":[{\"@type\":\"WebPage\",\"@id\":\"https:\/\/ubaldofernandes.com\/index.php\/news\/segundo-colocado-na-pesquisa-consult-ubaldo-diz-que-aprovacao-fortalece-seu-foco-no-trabalho\/\",\"url\":\"https:\/\/ubaldofernandes.com\/index.php\/news\/segundo-colocado-na-pesquisa-consult-ubaldo-diz-que-aprovacao-fortalece-seu-foco-no-trabalho\/\",\"name\":\"Segundo colocado na Pesquisa Consult, Ubaldo diz que aprova\u00e7\u00e3o fortalece seu foco no trabalho - Ubaldo Fernandes\",\"isPartOf\":{\"@id\":\"https:\/\/ubaldofernandes.com\/#website\"},\"primaryImageOfPage\":{\"@id\":\"https:\/\/ubaldofernandes.com\/index.php\/news\/segundo-colocado-na-pesquisa-consult-ubaldo-diz-que-aprovacao-fortalece-seu-foco-no-trabalho\/#primaryimage\"},\"image\":{\"@id\":\"https:\/\/ubaldofernandes.com\/index.php\/news\/segundo-colocado-na-pesquisa-consult-ubaldo-diz-que-aprovacao-fortalece-seu-foco-no-trabalho\/#primaryimage\"},\"thumbnailUrl\":\"https:\/\/ubaldofernandes.com\/wp-content\/uploads\/2022\/06\/Ubaldo-Fernandes.jpg\",\"datePublished\":\"2022-06-28T23:45:18+00:00\",\"dateModified\":\"2022-06-29T11:47:15+00:00\",\"breadcrumb\":{\"@id\":\"https:\/\/ubaldofernandes.com\/index.php\/news\/segundo-colocado-na-pesquisa-consult-ubaldo-diz-que-aprovacao-fortalece-seu-foco-no-trabalho\/#breadcrumb\"},\"inLanguage\":\"pt-BR\",\"potentialAction\":[{\"@type\":\"ReadAction\",\"target\":[\"https:\/\/ubaldofernandes.com\/index.php\/news\/segundo-colocado-na-pesquisa-consult-ubaldo-diz-que-aprovacao-fortalece-seu-foco-no-trabalho\/\"]}]},{\"@type\":\"ImageObject\",\"inLanguage\":\"pt-BR\",\"@id\":\"https:\/\/ubaldofernandes.com\/index.php\/news\/segundo-colocado-na-pesquisa-consult-ubaldo-diz-que-aprovacao-fortalece-seu-foco-no-trabalho\/#primaryimage\",\"url\":\"https:\/\/ubaldofernandes.com\/wp-content\/uploads\/2022\/06\/Ubaldo-Fernandes.jpg\",\"contentUrl\":\"https:\/\/ubaldofernandes.com\/wp-content\/uploads\/2022\/06\/Ubaldo-Fernandes.jpg\",\"width\":1280,\"height\":853},{\"@type\":\"BreadcrumbList\",\"@id\":\"https:\/\/ubaldofernandes.com\/index.php\/news\/segundo-colocado-na-pesquisa-consult-ubaldo-diz-que-aprovacao-fortalece-seu-foco-no-trabalho\/#breadcrumb\",\"itemListElement\":[{\"@type\":\"ListItem\",\"position\":1,\"name\":\"In\u00edcio\",\"item\":\"https:\/\/ubaldofernandes.com\/\"},{\"@type\":\"ListItem\",\"position\":2,\"name\":\"Not\u00edcias\",\"item\":\"https:\/\/ubaldofernandes.com\/index.php\/news\/\"},{\"@type\":\"ListItem\",\"position\":3,\"name\":\"Segundo colocado na Pesquisa Consult, Ubaldo diz que aprova\u00e7\u00e3o fortalece seu foco no trabalho\"}]},{\"@type\":\"WebSite\",\"@id\":\"https:\/\/ubaldofernandes.com\/#website\",\"url\":\"https:\/\/ubaldofernandes.com\/\",\"name\":\"Ubaldo Fernandes\",\"description\":\"Deputado Estadual\",\"potentialAction\":[{\"@type\":\"SearchAction\",\"target\":{\"@type\":\"EntryPoint\",\"urlTemplate\":\"https:\/\/ubaldofernandes.com\/?s={search_term_string}\"},\"query-input\":{\"@type\":\"PropertyValueSpecification\",\"valueRequired\":true,\"valueName\":\"search_term_string\"}}],\"inLanguage\":\"pt-BR\"}]}<\/script>\n<!-- \/ Yoast SEO plugin. -->","yoast_head_json":{"title":"Segundo colocado na Pesquisa Consult, Ubaldo diz que aprova\u00e7\u00e3o fortalece seu foco no trabalho - Ubaldo Fernandes","robots":{"index":"index","follow":"follow","max-snippet":"max-snippet:-1","max-image-preview":"max-image-preview:large","max-video-preview":"max-video-preview:-1"},"canonical":"https:\/\/ubaldofernandes.com\/index.php\/news\/segundo-colocado-na-pesquisa-consult-ubaldo-diz-que-aprovacao-fortalece-seu-foco-no-trabalho\/","og_locale":"pt_BR","og_type":"article","og_title":"Segundo colocado na Pesquisa Consult, Ubaldo diz que aprova\u00e7\u00e3o fortalece seu foco no trabalho - Ubaldo Fernandes","og_description":"O deputado estadual Ubaldo Fernandes aparece em mais uma pesquisa entre os favoritos do cidad\u00e3o norte-rio-grandense&nbsp; O parlamentar, que nasceu em Tangar\u00e1, no Trairi, e se afirma na pol\u00edtica do Rio Grande do Norte, com destaque na capital e regi\u00e3o metropolitana, mas que vem estadualuzando nome com atua\u00e7\u00e3o em v\u00e1rias regi\u00f5es, ficou na segunda posi\u00e7\u00e3o [&hellip;]","og_url":"https:\/\/ubaldofernandes.com\/index.php\/news\/segundo-colocado-na-pesquisa-consult-ubaldo-diz-que-aprovacao-fortalece-seu-foco-no-trabalho\/","og_site_name":"Ubaldo Fernandes","article_modified_time":"2022-06-29T11:47:15+00:00","og_image":[{"width":1280,"height":853,"url":"https:\/\/ubaldofernandes.com\/wp-content\/uploads\/2022\/06\/Ubaldo-Fernandes.jpg","type":"image\/jpeg"}],"twitter_card":"summary_large_image","twitter_misc":{"Est. tempo de leitura":"2 minutos"},"schema":{"@context":"https:\/\/schema.org","@graph":[{"@type":"WebPage","@id":"https:\/\/ubaldofernandes.com\/index.php\/news\/segundo-colocado-na-pesquisa-consult-ubaldo-diz-que-aprovacao-fortalece-seu-foco-no-trabalho\/","url":"https:\/\/ubaldofernandes.com\/index.php\/news\/segundo-colocado-na-pesquisa-consult-ubaldo-diz-que-aprovacao-fortalece-seu-foco-no-trabalho\/","name":"Segundo colocado na Pesquisa Consult, Ubaldo diz que aprova\u00e7\u00e3o fortalece seu foco no trabalho - Ubaldo Fernandes","isPartOf":{"@id":"https:\/\/ubaldofernandes.com\/#website"},"primaryImageOfPage":{"@id":"https:\/\/ubaldofernandes.com\/index.php\/news\/segundo-colocado-na-pesquisa-consult-ubaldo-diz-que-aprovacao-fortalece-seu-foco-no-trabalho\/#primaryimage"},"image":{"@id":"https:\/\/ubaldofernandes.com\/index.php\/news\/segundo-colocado-na-pesquisa-consult-ubaldo-diz-que-aprovacao-fortalece-seu-foco-no-trabalho\/#primaryimage"},"thumbnailUrl":"https:\/\/ubaldofernandes.com\/wp-content\/uploads\/2022\/06\/Ubaldo-Fernandes.jpg","datePublished":"2022-06-28T23:45:18+00:00","dateModified":"2022-06-29T11:47:15+00:00","breadcrumb":{"@id":"https:\/\/ubaldofernandes.com\/index.php\/news\/segundo-colocado-na-pesquisa-consult-ubaldo-diz-que-aprovacao-fortalece-seu-foco-no-trabalho\/#breadcrumb"},"inLanguage":"pt-BR","potentialAction":[{"@type":"ReadAction","target":["https:\/\/ubaldofernandes.com\/index.php\/news\/segundo-colocado-na-pesquisa-consult-ubaldo-diz-que-aprovacao-fortalece-seu-foco-no-trabalho\/"]}]},{"@type":"ImageObject","inLanguage":"pt-BR","@id":"https:\/\/ubaldofernandes.com\/index.php\/news\/segundo-colocado-na-pesquisa-consult-ubaldo-diz-que-aprovacao-fortalece-seu-foco-no-trabalho\/#primaryimage","url":"https:\/\/ubaldofernandes.com\/wp-content\/uploads\/2022\/06\/Ubaldo-Fernandes.jpg","contentUrl":"https:\/\/ubaldofernandes.com\/wp-content\/uploads\/2022\/06\/Ubaldo-Fernandes.jpg","width":1280,"height":853},{"@type":"BreadcrumbList","@id":"https:\/\/ubaldofernandes.com\/index.php\/news\/segundo-colocado-na-pesquisa-consult-ubaldo-diz-que-aprovacao-fortalece-seu-foco-no-trabalho\/#breadcrumb","itemListElement":[{"@type":"ListItem","position":1,"name":"In\u00edcio","item":"https:\/\/ubaldofernandes.com\/"},{"@type":"ListItem","position":2,"name":"Not\u00edcias","item":"https:\/\/ubaldofernandes.com\/index.php\/news\/"},{"@type":"ListItem","position":3,"name":"Segundo colocado na Pesquisa Consult, Ubaldo diz que aprova\u00e7\u00e3o fortalece seu foco no trabalho"}]},{"@type":"WebSite","@id":"https:\/\/ubaldofernandes.com\/#website","url":"https:\/\/ubaldofernandes.com\/","name":"Ubaldo Fernandes","description":"Deputado Estadual","potentialAction":[{"@type":"SearchAction","target":{"@type":"EntryPoint","urlTemplate":"https:\/\/ubaldofernandes.com\/?s={search_term_string}"},"query-input":{"@type":"PropertyValueSpecification","valueRequired":true,"valueName":"search_term_string"}}],"inLanguage":"pt-BR"}]}},"_links":{"self":[{"href":"https:\/\/ubaldofernandes.com\/index.php\/wp-json\/wp\/v2\/news\/4601","targetHints":{"allow":["GET"]}}],"collection":[{"href":"https:\/\/ubaldofernandes.com\/index.php\/wp-json\/wp\/v2\/news"}],"about":[{"href":"https:\/\/ubaldofernandes.com\/index.php\/wp-json\/wp\/v2\/types\/news"}],"wp:featuredmedia":[{"embeddable":true,"href":"https:\/\/ubaldofernandes.com\/index.php\/wp-json\/wp\/v2\/media\/4602"}],"wp:attachment":[{"href":"https:\/\/ubaldofernandes.com\/index.php\/wp-json\/wp\/v2\/media?parent=4601"}],"curies":[{"name":"wp","href":"https:\/\/api.w.org\/{rel}","templated":true}]}}