{"id":4616,"date":"2022-07-02T08:15:00","date_gmt":"2022-07-02T11:15:00","guid":{"rendered":"https:\/\/ubaldofernandes.com\/?post_type=news&#038;p=4616"},"modified":"2022-07-02T11:20:59","modified_gmt":"2022-07-02T14:20:59","slug":"ubaldo-e-herberth-recebem-paulinho-freire-e-liderancas-no-arraia-da-zona-leste","status":"publish","type":"news","link":"https:\/\/ubaldofernandes.com\/index.php\/news\/ubaldo-e-herberth-recebem-paulinho-freire-e-liderancas-no-arraia-da-zona-leste\/","title":{"rendered":"Ubaldo e Herberth recebem Paulinho Freire e lideran\u00e7as no Arraia da Zona Leste"},"content":{"rendered":"\n<p>Apoiadores do Arraia da Zona Leste, o deputado estadual Ubaldo Fernandes, pr\u00e9-candidato \u00e0 reelei\u00e7\u00e3o, e o vereador Herberth Sena, recepcionaram lideran\u00e7as pol\u00edticas na primeira noite do evento, nesta sexta-feira, 01\/07, que centenas de pessoas na Vila Ferrovi\u00e1ria das Rocas, com tr\u00eas atra\u00e7\u00f5es de renome do cen\u00e1rio regional<\/p>\n\n\n\n<p>Estiveram na festa junina o presidente da C\u00e2mara de Natal, Paulinho Freire, que \u00e9 pr\u00e9-candidato a deputado federal e conta com os apoios de Ubaldo e Herberth, al\u00e9m de lideran\u00e7as que apoiam Ubaldo, como os vereadores de Lajes Pintadas, Brunno Franco e Valdiney Alexandre (presidente da C\u00e2mara), al\u00e9m da vereadora parnamirinense Fativan Alves e do ex-prefeito de Jardim do Serid\u00f3, Padre Jocimar.<\/p>\n\n\n\n<p>Nesta sexta-feira, aconteceram os shows ficam por conta de Briola Sales, Naldinho Cunha e Edyr Vaqueiro. J\u00e1 neste s\u00e1bado, subir\u00e3o ao palco as bandas Circuito Musical e Swing da Pegada, al\u00e9m da cantora Michele Andrade.<\/p>\n\n\n\n<p>Mat\u00e9ria publicada no <a href=\"https:\/\/blogdopassaro.com.br\/ubaldo-e-herberth-recebem-paulinho-freire-e-liderancas-no-arraia-da-zona-leste\/\">Blog do P\u00e1ssaro<\/a>.<\/p>\n\n\n\n<figure class=\"wp-block-gallery aligncenter columns-3 is-cropped wp-block-gallery-1 is-layout-flex wp-block-gallery-is-layout-flex\"><ul class=\"blocks-gallery-grid\"><li class=\"blocks-gallery-item\"><figure><a href=\"https:\/\/ubaldofernandes.com\/wp-content\/uploads\/2022\/07\/WhatsApp-Image-2022-07-02-at-00.04.14.jpeg\"><img loading=\"lazy\" decoding=\"async\" width=\"300\" height=\"225\" src=\"https:\/\/ubaldofernandes.com\/wp-content\/uploads\/2022\/07\/WhatsApp-Image-2022-07-02-at-00.04.14-300x225.jpeg\" alt=\"\" data-id=\"4618\" data-full-url=\"https:\/\/ubaldofernandes.com\/wp-content\/uploads\/2022\/07\/WhatsApp-Image-2022-07-02-at-00.04.14.jpeg\" data-link=\"https:\/\/ubaldofernandes.com\/?attachment_id=4618\" class=\"wp-image-4618\" srcset=\"https:\/\/ubaldofernandes.com\/wp-content\/uploads\/2022\/07\/WhatsApp-Image-2022-07-02-at-00.04.14-300x225.jpeg 300w, https:\/\/ubaldofernandes.com\/wp-content\/uploads\/2022\/07\/WhatsApp-Image-2022-07-02-at-00.04.14-1024x768.jpeg 1024w, https:\/\/ubaldofernandes.com\/wp-content\/uploads\/2022\/07\/WhatsApp-Image-2022-07-02-at-00.04.14-768x576.jpeg 768w, https:\/\/ubaldofernandes.com\/wp-content\/uploads\/2022\/07\/WhatsApp-Image-2022-07-02-at-00.04.14.jpeg 1280w\" sizes=\"auto, (max-width: 300px) 100vw, 300px\" \/><\/a><\/figure><\/li><li class=\"blocks-gallery-item\"><figure><a href=\"https:\/\/ubaldofernandes.com\/wp-content\/uploads\/2022\/07\/WhatsApp-Image-2022-07-02-at-00.04.13-2.jpeg\"><img loading=\"lazy\" decoding=\"async\" width=\"300\" height=\"225\" src=\"https:\/\/ubaldofernandes.com\/wp-content\/uploads\/2022\/07\/WhatsApp-Image-2022-07-02-at-00.04.13-2-300x225.jpeg\" alt=\"\" data-id=\"4619\" data-full-url=\"https:\/\/ubaldofernandes.com\/wp-content\/uploads\/2022\/07\/WhatsApp-Image-2022-07-02-at-00.04.13-2.jpeg\" data-link=\"https:\/\/ubaldofernandes.com\/?attachment_id=4619\" class=\"wp-image-4619\" srcset=\"https:\/\/ubaldofernandes.com\/wp-content\/uploads\/2022\/07\/WhatsApp-Image-2022-07-02-at-00.04.13-2-300x225.jpeg 300w, https:\/\/ubaldofernandes.com\/wp-content\/uploads\/2022\/07\/WhatsApp-Image-2022-07-02-at-00.04.13-2-1024x768.jpeg 1024w, https:\/\/ubaldofernandes.com\/wp-content\/uploads\/2022\/07\/WhatsApp-Image-2022-07-02-at-00.04.13-2-768x576.jpeg 768w, https:\/\/ubaldofernandes.com\/wp-content\/uploads\/2022\/07\/WhatsApp-Image-2022-07-02-at-00.04.13-2-1536x1152.jpeg 1536w, https:\/\/ubaldofernandes.com\/wp-content\/uploads\/2022\/07\/WhatsApp-Image-2022-07-02-at-00.04.13-2.jpeg 1600w\" sizes=\"auto, (max-width: 300px) 100vw, 300px\" \/><\/a><\/figure><\/li><li class=\"blocks-gallery-item\"><figure><a href=\"https:\/\/ubaldofernandes.com\/wp-content\/uploads\/2022\/07\/WhatsApp-Image-2022-07-02-at-00.04.12-1.jpeg\"><img loading=\"lazy\" decoding=\"async\" width=\"225\" height=\"300\" src=\"https:\/\/ubaldofernandes.com\/wp-content\/uploads\/2022\/07\/WhatsApp-Image-2022-07-02-at-00.04.12-1-225x300.jpeg\" alt=\"\" data-id=\"4620\" data-full-url=\"https:\/\/ubaldofernandes.com\/wp-content\/uploads\/2022\/07\/WhatsApp-Image-2022-07-02-at-00.04.12-1.jpeg\" data-link=\"https:\/\/ubaldofernandes.com\/?attachment_id=4620\" class=\"wp-image-4620\" srcset=\"https:\/\/ubaldofernandes.com\/wp-content\/uploads\/2022\/07\/WhatsApp-Image-2022-07-02-at-00.04.12-1-225x300.jpeg 225w, https:\/\/ubaldofernandes.com\/wp-content\/uploads\/2022\/07\/WhatsApp-Image-2022-07-02-at-00.04.12-1-768x1024.jpeg 768w, https:\/\/ubaldofernandes.com\/wp-content\/uploads\/2022\/07\/WhatsApp-Image-2022-07-02-at-00.04.12-1-1152x1536.jpeg 1152w, https:\/\/ubaldofernandes.com\/wp-content\/uploads\/2022\/07\/WhatsApp-Image-2022-07-02-at-00.04.12-1.jpeg 1200w\" sizes=\"auto, (max-width: 225px) 100vw, 225px\" \/><\/a><\/figure><\/li><li class=\"blocks-gallery-item\"><figure><a href=\"https:\/\/ubaldofernandes.com\/wp-content\/uploads\/2022\/07\/WhatsApp-Image-2022-07-02-at-00.04.13-1.jpeg\"><img loading=\"lazy\" decoding=\"async\" width=\"225\" height=\"300\" src=\"https:\/\/ubaldofernandes.com\/wp-content\/uploads\/2022\/07\/WhatsApp-Image-2022-07-02-at-00.04.13-1-225x300.jpeg\" alt=\"\" data-id=\"4621\" data-full-url=\"https:\/\/ubaldofernandes.com\/wp-content\/uploads\/2022\/07\/WhatsApp-Image-2022-07-02-at-00.04.13-1.jpeg\" data-link=\"https:\/\/ubaldofernandes.com\/?attachment_id=4621\" class=\"wp-image-4621\" srcset=\"https:\/\/ubaldofernandes.com\/wp-content\/uploads\/2022\/07\/WhatsApp-Image-2022-07-02-at-00.04.13-1-225x300.jpeg 225w, https:\/\/ubaldofernandes.com\/wp-content\/uploads\/2022\/07\/WhatsApp-Image-2022-07-02-at-00.04.13-1-768x1024.jpeg 768w, https:\/\/ubaldofernandes.com\/wp-content\/uploads\/2022\/07\/WhatsApp-Image-2022-07-02-at-00.04.13-1-1152x1536.jpeg 1152w, https:\/\/ubaldofernandes.com\/wp-content\/uploads\/2022\/07\/WhatsApp-Image-2022-07-02-at-00.04.13-1.jpeg 1200w\" sizes=\"auto, (max-width: 225px) 100vw, 225px\" \/><\/a><\/figure><\/li><li class=\"blocks-gallery-item\"><figure><a href=\"https:\/\/ubaldofernandes.com\/wp-content\/uploads\/2022\/07\/WhatsApp-Image-2022-07-02-at-00.04.13.jpeg\"><img loading=\"lazy\" decoding=\"async\" width=\"300\" height=\"225\" src=\"https:\/\/ubaldofernandes.com\/wp-content\/uploads\/2022\/07\/WhatsApp-Image-2022-07-02-at-00.04.13-300x225.jpeg\" alt=\"\" data-id=\"4622\" data-full-url=\"https:\/\/ubaldofernandes.com\/wp-content\/uploads\/2022\/07\/WhatsApp-Image-2022-07-02-at-00.04.13.jpeg\" data-link=\"https:\/\/ubaldofernandes.com\/?attachment_id=4622\" class=\"wp-image-4622\" srcset=\"https:\/\/ubaldofernandes.com\/wp-content\/uploads\/2022\/07\/WhatsApp-Image-2022-07-02-at-00.04.13-300x225.jpeg 300w, https:\/\/ubaldofernandes.com\/wp-content\/uploads\/2022\/07\/WhatsApp-Image-2022-07-02-at-00.04.13-1024x768.jpeg 1024w, https:\/\/ubaldofernandes.com\/wp-content\/uploads\/2022\/07\/WhatsApp-Image-2022-07-02-at-00.04.13-768x576.jpeg 768w, https:\/\/ubaldofernandes.com\/wp-content\/uploads\/2022\/07\/WhatsApp-Image-2022-07-02-at-00.04.13.jpeg 1280w\" sizes=\"auto, (max-width: 300px) 100vw, 300px\" \/><\/a><\/figure><\/li><li class=\"blocks-gallery-item\"><figure><a href=\"https:\/\/ubaldofernandes.com\/wp-content\/uploads\/2022\/07\/WhatsApp-Image-2022-07-02-at-00.04.12.jpeg\"><img loading=\"lazy\" decoding=\"async\" width=\"300\" height=\"225\" src=\"https:\/\/ubaldofernandes.com\/wp-content\/uploads\/2022\/07\/WhatsApp-Image-2022-07-02-at-00.04.12-300x225.jpeg\" alt=\"\" data-id=\"4623\" data-full-url=\"https:\/\/ubaldofernandes.com\/wp-content\/uploads\/2022\/07\/WhatsApp-Image-2022-07-02-at-00.04.12.jpeg\" data-link=\"https:\/\/ubaldofernandes.com\/?attachment_id=4623\" class=\"wp-image-4623\" srcset=\"https:\/\/ubaldofernandes.com\/wp-content\/uploads\/2022\/07\/WhatsApp-Image-2022-07-02-at-00.04.12-300x225.jpeg 300w, https:\/\/ubaldofernandes.com\/wp-content\/uploads\/2022\/07\/WhatsApp-Image-2022-07-02-at-00.04.12-1024x768.jpeg 1024w, https:\/\/ubaldofernandes.com\/wp-content\/uploads\/2022\/07\/WhatsApp-Image-2022-07-02-at-00.04.12-768x576.jpeg 768w, https:\/\/ubaldofernandes.com\/wp-content\/uploads\/2022\/07\/WhatsApp-Image-2022-07-02-at-00.04.12-1536x1152.jpeg 1536w, https:\/\/ubaldofernandes.com\/wp-content\/uploads\/2022\/07\/WhatsApp-Image-2022-07-02-at-00.04.12.jpeg 1600w\" sizes=\"auto, (max-width: 300px) 100vw, 300px\" \/><\/a><\/figure><\/li><\/ul><\/figure>\n","protected":false},"featured_media":4617,"parent":0,"template":"","class_list":["post-4616","news","type-news","status-publish","has-post-thumbnail","hentry"],"acf":[],"yoast_head":"<!-- This site is optimized with the Yoast SEO plugin v24.6 - https:\/\/yoast.com\/wordpress\/plugins\/seo\/ -->\n<title>Ubaldo e Herberth recebem Paulinho Freire e lideran\u00e7as no Arraia da Zona Leste - Ubaldo Fernandes<\/title>\n<meta name=\"robots\" content=\"index, follow, max-snippet:-1, max-image-preview:large, max-video-preview:-1\" \/>\n<link rel=\"canonical\" href=\"https:\/\/ubaldofernandes.com\/index.php\/news\/ubaldo-e-herberth-recebem-paulinho-freire-e-liderancas-no-arraia-da-zona-leste\/\" \/>\n<meta property=\"og:locale\" content=\"pt_BR\" \/>\n<meta property=\"og:type\" content=\"article\" \/>\n<meta property=\"og:title\" content=\"Ubaldo e Herberth recebem Paulinho Freire e lideran\u00e7as no Arraia da Zona Leste - Ubaldo Fernandes\" \/>\n<meta property=\"og:description\" content=\"Apoiadores do Arraia da Zona Leste, o deputado estadual Ubaldo Fernandes, pr\u00e9-candidato \u00e0 reelei\u00e7\u00e3o, e o vereador Herberth Sena, recepcionaram lideran\u00e7as pol\u00edticas na primeira noite do evento, nesta sexta-feira, 01\/07, que centenas de pessoas na Vila Ferrovi\u00e1ria das Rocas, com tr\u00eas atra\u00e7\u00f5es de renome do cen\u00e1rio regional Estiveram na festa junina o presidente da C\u00e2mara [&hellip;]\" \/>\n<meta property=\"og:url\" content=\"https:\/\/ubaldofernandes.com\/index.php\/news\/ubaldo-e-herberth-recebem-paulinho-freire-e-liderancas-no-arraia-da-zona-leste\/\" \/>\n<meta property=\"og:site_name\" content=\"Ubaldo Fernandes\" \/>\n<meta property=\"article:modified_time\" content=\"2022-07-02T14:20:59+00:00\" \/>\n<meta property=\"og:image\" content=\"https:\/\/ubaldofernandes.com\/wp-content\/uploads\/2022\/07\/Arraia-Zona-Leste.jpg\" \/>\n\t<meta property=\"og:image:width\" content=\"1536\" \/>\n\t<meta property=\"og:image:height\" content=\"1152\" \/>\n\t<meta property=\"og:image:type\" content=\"image\/jpeg\" \/>\n<meta name=\"twitter:card\" content=\"summary_large_image\" \/>\n<meta name=\"twitter:label1\" content=\"Est. tempo de leitura\" \/>\n\t<meta name=\"twitter:data1\" content=\"1 minuto\" \/>\n<script type=\"application\/ld+json\" class=\"yoast-schema-graph\">{\"@context\":\"https:\/\/schema.org\",\"@graph\":[{\"@type\":\"WebPage\",\"@id\":\"https:\/\/ubaldofernandes.com\/index.php\/news\/ubaldo-e-herberth-recebem-paulinho-freire-e-liderancas-no-arraia-da-zona-leste\/\",\"url\":\"https:\/\/ubaldofernandes.com\/index.php\/news\/ubaldo-e-herberth-recebem-paulinho-freire-e-liderancas-no-arraia-da-zona-leste\/\",\"name\":\"Ubaldo e Herberth recebem Paulinho Freire e lideran\u00e7as no Arraia da Zona Leste - Ubaldo Fernandes\",\"isPartOf\":{\"@id\":\"https:\/\/ubaldofernandes.com\/#website\"},\"primaryImageOfPage\":{\"@id\":\"https:\/\/ubaldofernandes.com\/index.php\/news\/ubaldo-e-herberth-recebem-paulinho-freire-e-liderancas-no-arraia-da-zona-leste\/#primaryimage\"},\"image\":{\"@id\":\"https:\/\/ubaldofernandes.com\/index.php\/news\/ubaldo-e-herberth-recebem-paulinho-freire-e-liderancas-no-arraia-da-zona-leste\/#primaryimage\"},\"thumbnailUrl\":\"https:\/\/ubaldofernandes.com\/wp-content\/uploads\/2022\/07\/Arraia-Zona-Leste.jpg\",\"datePublished\":\"2022-07-02T11:15:00+00:00\",\"dateModified\":\"2022-07-02T14:20:59+00:00\",\"breadcrumb\":{\"@id\":\"https:\/\/ubaldofernandes.com\/index.php\/news\/ubaldo-e-herberth-recebem-paulinho-freire-e-liderancas-no-arraia-da-zona-leste\/#breadcrumb\"},\"inLanguage\":\"pt-BR\",\"potentialAction\":[{\"@type\":\"ReadAction\",\"target\":[\"https:\/\/ubaldofernandes.com\/index.php\/news\/ubaldo-e-herberth-recebem-paulinho-freire-e-liderancas-no-arraia-da-zona-leste\/\"]}]},{\"@type\":\"ImageObject\",\"inLanguage\":\"pt-BR\",\"@id\":\"https:\/\/ubaldofernandes.com\/index.php\/news\/ubaldo-e-herberth-recebem-paulinho-freire-e-liderancas-no-arraia-da-zona-leste\/#primaryimage\",\"url\":\"https:\/\/ubaldofernandes.com\/wp-content\/uploads\/2022\/07\/Arraia-Zona-Leste.jpg\",\"contentUrl\":\"https:\/\/ubaldofernandes.com\/wp-content\/uploads\/2022\/07\/Arraia-Zona-Leste.jpg\",\"width\":1536,\"height\":1152},{\"@type\":\"BreadcrumbList\",\"@id\":\"https:\/\/ubaldofernandes.com\/index.php\/news\/ubaldo-e-herberth-recebem-paulinho-freire-e-liderancas-no-arraia-da-zona-leste\/#breadcrumb\",\"itemListElement\":[{\"@type\":\"ListItem\",\"position\":1,\"name\":\"In\u00edcio\",\"item\":\"https:\/\/ubaldofernandes.com\/\"},{\"@type\":\"ListItem\",\"position\":2,\"name\":\"Not\u00edcias\",\"item\":\"https:\/\/ubaldofernandes.com\/index.php\/news\/\"},{\"@type\":\"ListItem\",\"position\":3,\"name\":\"Ubaldo e Herberth recebem Paulinho Freire e lideran\u00e7as no Arraia da Zona Leste\"}]},{\"@type\":\"WebSite\",\"@id\":\"https:\/\/ubaldofernandes.com\/#website\",\"url\":\"https:\/\/ubaldofernandes.com\/\",\"name\":\"Ubaldo Fernandes\",\"description\":\"Deputado Estadual\",\"potentialAction\":[{\"@type\":\"SearchAction\",\"target\":{\"@type\":\"EntryPoint\",\"urlTemplate\":\"https:\/\/ubaldofernandes.com\/?s={search_term_string}\"},\"query-input\":{\"@type\":\"PropertyValueSpecification\",\"valueRequired\":true,\"valueName\":\"search_term_string\"}}],\"inLanguage\":\"pt-BR\"}]}<\/script>\n<!-- \/ Yoast SEO plugin. -->","yoast_head_json":{"title":"Ubaldo e Herberth recebem Paulinho Freire e lideran\u00e7as no Arraia da Zona Leste - Ubaldo Fernandes","robots":{"index":"index","follow":"follow","max-snippet":"max-snippet:-1","max-image-preview":"max-image-preview:large","max-video-preview":"max-video-preview:-1"},"canonical":"https:\/\/ubaldofernandes.com\/index.php\/news\/ubaldo-e-herberth-recebem-paulinho-freire-e-liderancas-no-arraia-da-zona-leste\/","og_locale":"pt_BR","og_type":"article","og_title":"Ubaldo e Herberth recebem Paulinho Freire e lideran\u00e7as no Arraia da Zona Leste - Ubaldo Fernandes","og_description":"Apoiadores do Arraia da Zona Leste, o deputado estadual Ubaldo Fernandes, pr\u00e9-candidato \u00e0 reelei\u00e7\u00e3o, e o vereador Herberth Sena, recepcionaram lideran\u00e7as pol\u00edticas na primeira noite do evento, nesta sexta-feira, 01\/07, que centenas de pessoas na Vila Ferrovi\u00e1ria das Rocas, com tr\u00eas atra\u00e7\u00f5es de renome do cen\u00e1rio regional Estiveram na festa junina o presidente da C\u00e2mara [&hellip;]","og_url":"https:\/\/ubaldofernandes.com\/index.php\/news\/ubaldo-e-herberth-recebem-paulinho-freire-e-liderancas-no-arraia-da-zona-leste\/","og_site_name":"Ubaldo Fernandes","article_modified_time":"2022-07-02T14:20:59+00:00","og_image":[{"width":1536,"height":1152,"url":"https:\/\/ubaldofernandes.com\/wp-content\/uploads\/2022\/07\/Arraia-Zona-Leste.jpg","type":"image\/jpeg"}],"twitter_card":"summary_large_image","twitter_misc":{"Est. tempo de leitura":"1 minuto"},"schema":{"@context":"https:\/\/schema.org","@graph":[{"@type":"WebPage","@id":"https:\/\/ubaldofernandes.com\/index.php\/news\/ubaldo-e-herberth-recebem-paulinho-freire-e-liderancas-no-arraia-da-zona-leste\/","url":"https:\/\/ubaldofernandes.com\/index.php\/news\/ubaldo-e-herberth-recebem-paulinho-freire-e-liderancas-no-arraia-da-zona-leste\/","name":"Ubaldo e Herberth recebem Paulinho Freire e lideran\u00e7as no Arraia da Zona Leste - Ubaldo Fernandes","isPartOf":{"@id":"https:\/\/ubaldofernandes.com\/#website"},"primaryImageOfPage":{"@id":"https:\/\/ubaldofernandes.com\/index.php\/news\/ubaldo-e-herberth-recebem-paulinho-freire-e-liderancas-no-arraia-da-zona-leste\/#primaryimage"},"image":{"@id":"https:\/\/ubaldofernandes.com\/index.php\/news\/ubaldo-e-herberth-recebem-paulinho-freire-e-liderancas-no-arraia-da-zona-leste\/#primaryimage"},"thumbnailUrl":"https:\/\/ubaldofernandes.com\/wp-content\/uploads\/2022\/07\/Arraia-Zona-Leste.jpg","datePublished":"2022-07-02T11:15:00+00:00","dateModified":"2022-07-02T14:20:59+00:00","breadcrumb":{"@id":"https:\/\/ubaldofernandes.com\/index.php\/news\/ubaldo-e-herberth-recebem-paulinho-freire-e-liderancas-no-arraia-da-zona-leste\/#breadcrumb"},"inLanguage":"pt-BR","potentialAction":[{"@type":"ReadAction","target":["https:\/\/ubaldofernandes.com\/index.php\/news\/ubaldo-e-herberth-recebem-paulinho-freire-e-liderancas-no-arraia-da-zona-leste\/"]}]},{"@type":"ImageObject","inLanguage":"pt-BR","@id":"https:\/\/ubaldofernandes.com\/index.php\/news\/ubaldo-e-herberth-recebem-paulinho-freire-e-liderancas-no-arraia-da-zona-leste\/#primaryimage","url":"https:\/\/ubaldofernandes.com\/wp-content\/uploads\/2022\/07\/Arraia-Zona-Leste.jpg","contentUrl":"https:\/\/ubaldofernandes.com\/wp-content\/uploads\/2022\/07\/Arraia-Zona-Leste.jpg","width":1536,"height":1152},{"@type":"BreadcrumbList","@id":"https:\/\/ubaldofernandes.com\/index.php\/news\/ubaldo-e-herberth-recebem-paulinho-freire-e-liderancas-no-arraia-da-zona-leste\/#breadcrumb","itemListElement":[{"@type":"ListItem","position":1,"name":"In\u00edcio","item":"https:\/\/ubaldofernandes.com\/"},{"@type":"ListItem","position":2,"name":"Not\u00edcias","item":"https:\/\/ubaldofernandes.com\/index.php\/news\/"},{"@type":"ListItem","position":3,"name":"Ubaldo e Herberth recebem Paulinho Freire e lideran\u00e7as no Arraia da Zona Leste"}]},{"@type":"WebSite","@id":"https:\/\/ubaldofernandes.com\/#website","url":"https:\/\/ubaldofernandes.com\/","name":"Ubaldo Fernandes","description":"Deputado Estadual","potentialAction":[{"@type":"SearchAction","target":{"@type":"EntryPoint","urlTemplate":"https:\/\/ubaldofernandes.com\/?s={search_term_string}"},"query-input":{"@type":"PropertyValueSpecification","valueRequired":true,"valueName":"search_term_string"}}],"inLanguage":"pt-BR"}]}},"_links":{"self":[{"href":"https:\/\/ubaldofernandes.com\/index.php\/wp-json\/wp\/v2\/news\/4616","targetHints":{"allow":["GET"]}}],"collection":[{"href":"https:\/\/ubaldofernandes.com\/index.php\/wp-json\/wp\/v2\/news"}],"about":[{"href":"https:\/\/ubaldofernandes.com\/index.php\/wp-json\/wp\/v2\/types\/news"}],"wp:featuredmedia":[{"embeddable":true,"href":"https:\/\/ubaldofernandes.com\/index.php\/wp-json\/wp\/v2\/media\/4617"}],"wp:attachment":[{"href":"https:\/\/ubaldofernandes.com\/index.php\/wp-json\/wp\/v2\/media?parent=4616"}],"curies":[{"name":"wp","href":"https:\/\/api.w.org\/{rel}","templated":true}]}}