{"id":4634,"date":"2022-07-08T09:19:19","date_gmt":"2022-07-08T12:19:19","guid":{"rendered":"https:\/\/ubaldofernandes.com\/?post_type=news&#038;p=4634"},"modified":"2022-07-08T11:22:00","modified_gmt":"2022-07-08T14:22:00","slug":"ubaldo-segue-mantendo-se-entre-os-mais-lembrados-pelos-potiguares-2","status":"publish","type":"news","link":"https:\/\/ubaldofernandes.com\/index.php\/news\/ubaldo-segue-mantendo-se-entre-os-mais-lembrados-pelos-potiguares-2\/","title":{"rendered":"Ubaldo segue mantendo-se entre os mais lembrados pelos potiguares"},"content":{"rendered":"\n<p>Mais uma pesquisa foi divulgada nesta nesta quinta-feira (7) e aponta o deputado estadual Ubaldo Fernandes (PSDB) entre os mais citados pelos potiguares. Segundo o instituto Item, em parceria com a 94 FM (R\u00e1dio Cidade), o parlamentar nascido em Tangar\u00e1, Trairi, e com forte presen\u00e7a em Natal e regi\u00e3o metropolitana, ficou em 4 lugar, empatado com mais 3 pr\u00e9-candidatos, com 1,5% das inten\u00e7\u00f5es de voto do eleitor do Rio Grande do Norte.<\/p>\n\n\n\n<p>Do Serid\u00f3, onde cumpre agenda neste dia, o parlamentar repercutiu o levantamento, destacando que o cidad\u00e3o norte-rio-grandense est\u00e1 acompanhando seus representantes p\u00fablicos e aprovando quem tem compromisso e trabalho, como \u00e9 o seu caso. \u201cEstamos sentindo essa aprova\u00e7\u00e3o em todas as regi\u00f5es que vamos diariamente e isso est\u00e1 refletindo nas pesquisas\u201d, destacou.<\/p>\n\n\n\n<p>A pesquisa Item\/R\u00e1dio Cidade entrevistou 1.600 pessoas entre os dias 30 de junho e 3 de julho. A margem de erro \u00e9 de 2,5 pontos percentuais, com \u00edndice de confian\u00e7a de 95%. O registro \u00e9 o TRE-RN 03026\/2022.<\/p>\n\n\n\n<p>Mat\u00e9ria publicada no <a href=\"https:\/\/rnnews.com.br\/ubaldo-segue-mantendo-se-entre-os-mais-lembrados-pelos-potiguares\/\">Portal RN News<\/a>. <\/p>\n","protected":false},"featured_media":4633,"parent":0,"template":"","class_list":["post-4634","news","type-news","status-publish","has-post-thumbnail","hentry"],"acf":[],"yoast_head":"<!-- This site is optimized with the Yoast SEO plugin v24.6 - https:\/\/yoast.com\/wordpress\/plugins\/seo\/ -->\n<title>Ubaldo segue mantendo-se entre os mais lembrados pelos potiguares - Ubaldo Fernandes<\/title>\n<meta name=\"robots\" content=\"index, follow, max-snippet:-1, max-image-preview:large, max-video-preview:-1\" \/>\n<link rel=\"canonical\" href=\"https:\/\/ubaldofernandes.com\/index.php\/news\/ubaldo-segue-mantendo-se-entre-os-mais-lembrados-pelos-potiguares-2\/\" \/>\n<meta property=\"og:locale\" content=\"pt_BR\" \/>\n<meta property=\"og:type\" content=\"article\" \/>\n<meta property=\"og:title\" content=\"Ubaldo segue mantendo-se entre os mais lembrados pelos potiguares - Ubaldo Fernandes\" \/>\n<meta property=\"og:description\" content=\"Mais uma pesquisa foi divulgada nesta nesta quinta-feira (7) e aponta o deputado estadual Ubaldo Fernandes (PSDB) entre os mais citados pelos potiguares. Segundo o instituto Item, em parceria com a 94 FM (R\u00e1dio Cidade), o parlamentar nascido em Tangar\u00e1, Trairi, e com forte presen\u00e7a em Natal e regi\u00e3o metropolitana, ficou em 4 lugar, empatado [&hellip;]\" \/>\n<meta property=\"og:url\" content=\"https:\/\/ubaldofernandes.com\/index.php\/news\/ubaldo-segue-mantendo-se-entre-os-mais-lembrados-pelos-potiguares-2\/\" \/>\n<meta property=\"og:site_name\" content=\"Ubaldo Fernandes\" \/>\n<meta property=\"article:modified_time\" content=\"2022-07-08T14:22:00+00:00\" \/>\n<meta property=\"og:image\" content=\"https:\/\/ubaldofernandes.com\/wp-content\/uploads\/2022\/07\/Pesquisa-Item-070722.jpeg\" \/>\n\t<meta property=\"og:image:width\" content=\"1080\" \/>\n\t<meta property=\"og:image:height\" content=\"1080\" \/>\n\t<meta property=\"og:image:type\" content=\"image\/jpeg\" \/>\n<meta name=\"twitter:card\" content=\"summary_large_image\" \/>\n<meta name=\"twitter:label1\" content=\"Est. tempo de leitura\" \/>\n\t<meta name=\"twitter:data1\" content=\"1 minuto\" \/>\n<script type=\"application\/ld+json\" class=\"yoast-schema-graph\">{\"@context\":\"https:\/\/schema.org\",\"@graph\":[{\"@type\":\"WebPage\",\"@id\":\"https:\/\/ubaldofernandes.com\/index.php\/news\/ubaldo-segue-mantendo-se-entre-os-mais-lembrados-pelos-potiguares-2\/\",\"url\":\"https:\/\/ubaldofernandes.com\/index.php\/news\/ubaldo-segue-mantendo-se-entre-os-mais-lembrados-pelos-potiguares-2\/\",\"name\":\"Ubaldo segue mantendo-se entre os mais lembrados pelos potiguares - Ubaldo Fernandes\",\"isPartOf\":{\"@id\":\"https:\/\/ubaldofernandes.com\/#website\"},\"primaryImageOfPage\":{\"@id\":\"https:\/\/ubaldofernandes.com\/index.php\/news\/ubaldo-segue-mantendo-se-entre-os-mais-lembrados-pelos-potiguares-2\/#primaryimage\"},\"image\":{\"@id\":\"https:\/\/ubaldofernandes.com\/index.php\/news\/ubaldo-segue-mantendo-se-entre-os-mais-lembrados-pelos-potiguares-2\/#primaryimage\"},\"thumbnailUrl\":\"https:\/\/ubaldofernandes.com\/wp-content\/uploads\/2022\/07\/Pesquisa-Item-070722.jpeg\",\"datePublished\":\"2022-07-08T12:19:19+00:00\",\"dateModified\":\"2022-07-08T14:22:00+00:00\",\"breadcrumb\":{\"@id\":\"https:\/\/ubaldofernandes.com\/index.php\/news\/ubaldo-segue-mantendo-se-entre-os-mais-lembrados-pelos-potiguares-2\/#breadcrumb\"},\"inLanguage\":\"pt-BR\",\"potentialAction\":[{\"@type\":\"ReadAction\",\"target\":[\"https:\/\/ubaldofernandes.com\/index.php\/news\/ubaldo-segue-mantendo-se-entre-os-mais-lembrados-pelos-potiguares-2\/\"]}]},{\"@type\":\"ImageObject\",\"inLanguage\":\"pt-BR\",\"@id\":\"https:\/\/ubaldofernandes.com\/index.php\/news\/ubaldo-segue-mantendo-se-entre-os-mais-lembrados-pelos-potiguares-2\/#primaryimage\",\"url\":\"https:\/\/ubaldofernandes.com\/wp-content\/uploads\/2022\/07\/Pesquisa-Item-070722.jpeg\",\"contentUrl\":\"https:\/\/ubaldofernandes.com\/wp-content\/uploads\/2022\/07\/Pesquisa-Item-070722.jpeg\",\"width\":1080,\"height\":1080},{\"@type\":\"BreadcrumbList\",\"@id\":\"https:\/\/ubaldofernandes.com\/index.php\/news\/ubaldo-segue-mantendo-se-entre-os-mais-lembrados-pelos-potiguares-2\/#breadcrumb\",\"itemListElement\":[{\"@type\":\"ListItem\",\"position\":1,\"name\":\"In\u00edcio\",\"item\":\"https:\/\/ubaldofernandes.com\/\"},{\"@type\":\"ListItem\",\"position\":2,\"name\":\"Not\u00edcias\",\"item\":\"https:\/\/ubaldofernandes.com\/index.php\/news\/\"},{\"@type\":\"ListItem\",\"position\":3,\"name\":\"Ubaldo segue mantendo-se entre os mais lembrados pelos potiguares\"}]},{\"@type\":\"WebSite\",\"@id\":\"https:\/\/ubaldofernandes.com\/#website\",\"url\":\"https:\/\/ubaldofernandes.com\/\",\"name\":\"Ubaldo Fernandes\",\"description\":\"Deputado Estadual\",\"potentialAction\":[{\"@type\":\"SearchAction\",\"target\":{\"@type\":\"EntryPoint\",\"urlTemplate\":\"https:\/\/ubaldofernandes.com\/?s={search_term_string}\"},\"query-input\":{\"@type\":\"PropertyValueSpecification\",\"valueRequired\":true,\"valueName\":\"search_term_string\"}}],\"inLanguage\":\"pt-BR\"}]}<\/script>\n<!-- \/ Yoast SEO plugin. -->","yoast_head_json":{"title":"Ubaldo segue mantendo-se entre os mais lembrados pelos potiguares - Ubaldo Fernandes","robots":{"index":"index","follow":"follow","max-snippet":"max-snippet:-1","max-image-preview":"max-image-preview:large","max-video-preview":"max-video-preview:-1"},"canonical":"https:\/\/ubaldofernandes.com\/index.php\/news\/ubaldo-segue-mantendo-se-entre-os-mais-lembrados-pelos-potiguares-2\/","og_locale":"pt_BR","og_type":"article","og_title":"Ubaldo segue mantendo-se entre os mais lembrados pelos potiguares - Ubaldo Fernandes","og_description":"Mais uma pesquisa foi divulgada nesta nesta quinta-feira (7) e aponta o deputado estadual Ubaldo Fernandes (PSDB) entre os mais citados pelos potiguares. Segundo o instituto Item, em parceria com a 94 FM (R\u00e1dio Cidade), o parlamentar nascido em Tangar\u00e1, Trairi, e com forte presen\u00e7a em Natal e regi\u00e3o metropolitana, ficou em 4 lugar, empatado [&hellip;]","og_url":"https:\/\/ubaldofernandes.com\/index.php\/news\/ubaldo-segue-mantendo-se-entre-os-mais-lembrados-pelos-potiguares-2\/","og_site_name":"Ubaldo Fernandes","article_modified_time":"2022-07-08T14:22:00+00:00","og_image":[{"width":1080,"height":1080,"url":"https:\/\/ubaldofernandes.com\/wp-content\/uploads\/2022\/07\/Pesquisa-Item-070722.jpeg","type":"image\/jpeg"}],"twitter_card":"summary_large_image","twitter_misc":{"Est. tempo de leitura":"1 minuto"},"schema":{"@context":"https:\/\/schema.org","@graph":[{"@type":"WebPage","@id":"https:\/\/ubaldofernandes.com\/index.php\/news\/ubaldo-segue-mantendo-se-entre-os-mais-lembrados-pelos-potiguares-2\/","url":"https:\/\/ubaldofernandes.com\/index.php\/news\/ubaldo-segue-mantendo-se-entre-os-mais-lembrados-pelos-potiguares-2\/","name":"Ubaldo segue mantendo-se entre os mais lembrados pelos potiguares - Ubaldo Fernandes","isPartOf":{"@id":"https:\/\/ubaldofernandes.com\/#website"},"primaryImageOfPage":{"@id":"https:\/\/ubaldofernandes.com\/index.php\/news\/ubaldo-segue-mantendo-se-entre-os-mais-lembrados-pelos-potiguares-2\/#primaryimage"},"image":{"@id":"https:\/\/ubaldofernandes.com\/index.php\/news\/ubaldo-segue-mantendo-se-entre-os-mais-lembrados-pelos-potiguares-2\/#primaryimage"},"thumbnailUrl":"https:\/\/ubaldofernandes.com\/wp-content\/uploads\/2022\/07\/Pesquisa-Item-070722.jpeg","datePublished":"2022-07-08T12:19:19+00:00","dateModified":"2022-07-08T14:22:00+00:00","breadcrumb":{"@id":"https:\/\/ubaldofernandes.com\/index.php\/news\/ubaldo-segue-mantendo-se-entre-os-mais-lembrados-pelos-potiguares-2\/#breadcrumb"},"inLanguage":"pt-BR","potentialAction":[{"@type":"ReadAction","target":["https:\/\/ubaldofernandes.com\/index.php\/news\/ubaldo-segue-mantendo-se-entre-os-mais-lembrados-pelos-potiguares-2\/"]}]},{"@type":"ImageObject","inLanguage":"pt-BR","@id":"https:\/\/ubaldofernandes.com\/index.php\/news\/ubaldo-segue-mantendo-se-entre-os-mais-lembrados-pelos-potiguares-2\/#primaryimage","url":"https:\/\/ubaldofernandes.com\/wp-content\/uploads\/2022\/07\/Pesquisa-Item-070722.jpeg","contentUrl":"https:\/\/ubaldofernandes.com\/wp-content\/uploads\/2022\/07\/Pesquisa-Item-070722.jpeg","width":1080,"height":1080},{"@type":"BreadcrumbList","@id":"https:\/\/ubaldofernandes.com\/index.php\/news\/ubaldo-segue-mantendo-se-entre-os-mais-lembrados-pelos-potiguares-2\/#breadcrumb","itemListElement":[{"@type":"ListItem","position":1,"name":"In\u00edcio","item":"https:\/\/ubaldofernandes.com\/"},{"@type":"ListItem","position":2,"name":"Not\u00edcias","item":"https:\/\/ubaldofernandes.com\/index.php\/news\/"},{"@type":"ListItem","position":3,"name":"Ubaldo segue mantendo-se entre os mais lembrados pelos potiguares"}]},{"@type":"WebSite","@id":"https:\/\/ubaldofernandes.com\/#website","url":"https:\/\/ubaldofernandes.com\/","name":"Ubaldo Fernandes","description":"Deputado Estadual","potentialAction":[{"@type":"SearchAction","target":{"@type":"EntryPoint","urlTemplate":"https:\/\/ubaldofernandes.com\/?s={search_term_string}"},"query-input":{"@type":"PropertyValueSpecification","valueRequired":true,"valueName":"search_term_string"}}],"inLanguage":"pt-BR"}]}},"_links":{"self":[{"href":"https:\/\/ubaldofernandes.com\/index.php\/wp-json\/wp\/v2\/news\/4634","targetHints":{"allow":["GET"]}}],"collection":[{"href":"https:\/\/ubaldofernandes.com\/index.php\/wp-json\/wp\/v2\/news"}],"about":[{"href":"https:\/\/ubaldofernandes.com\/index.php\/wp-json\/wp\/v2\/types\/news"}],"wp:featuredmedia":[{"embeddable":true,"href":"https:\/\/ubaldofernandes.com\/index.php\/wp-json\/wp\/v2\/media\/4633"}],"wp:attachment":[{"href":"https:\/\/ubaldofernandes.com\/index.php\/wp-json\/wp\/v2\/media?parent=4634"}],"curies":[{"name":"wp","href":"https:\/\/api.w.org\/{rel}","templated":true}]}}