{"id":4636,"date":"2022-07-10T23:56:00","date_gmt":"2022-07-11T02:56:00","guid":{"rendered":"https:\/\/ubaldofernandes.com\/?post_type=news&#038;p=4636"},"modified":"2022-07-11T10:59:24","modified_gmt":"2022-07-11T13:59:24","slug":"ubaldo-fernandes-lembra-importancia-de-nucleo-de-amparo-aos-autistas-em-currais-novos","status":"publish","type":"news","link":"https:\/\/ubaldofernandes.com\/index.php\/news\/ubaldo-fernandes-lembra-importancia-de-nucleo-de-amparo-aos-autistas-em-currais-novos\/","title":{"rendered":"Ubaldo Fernandes lembra import\u00e2ncia de N\u00facleo de Amparo aos Autistas em Currais Novos"},"content":{"rendered":"\n<p>H\u00e1 dois anos, entrava em vigor a Lei n\u00ba 10.558, de autoria do deputado Ubaldo Fernandes (PSDB), que reconheceu o N\u00facleo Organizacional de Reabilita\u00e7\u00e3o e Amparo Social da Pessoa com TEA (Nortear) como entidade de utilidade p\u00fablica estadual. \u201cO Nortear mereceu nossa aten\u00e7\u00e3o por desenvolver um trabalho exemplar no munic\u00edpio de Currais Novos, voltado para melhorias nas condi\u00e7\u00f5es de exist\u00eancia das pessoas com Transtorno do Espectro Autista (TEA), promovendo seu bem-estar social, buscando a sua reabilita\u00e7\u00e3o, inser\u00e7\u00e3o e amparo social\u201d, explica o deputado.<\/p>\n\n\n\n<p>Segundo dados do Center of Deseases Control and Prevention (CDC), \u00f3rg\u00e3o ligado ao governo dos Estados Unidos, existe hoje um caso de autismo a cada 110 pessoas. Dessa forma, estima-se que o Brasil, com seus 200 milh\u00f5es de habitantes, possua cerca de 2 milh\u00f5es de autistas. \u201cSempre fui muito sens\u00edvel \u00e0 luta da comunidade autista e, ap\u00f3s conhecer o trabalho que vem sendo desenvolvido pelos amigos do Nortear, achei importante apoi\u00e1-los\u201d, referendou Ubaldo Fernandes.<\/p>\n\n\n\n<p>Com mais de 100 associados, o N\u00facleo foi fundado em 13\/11\/2018 e vem promovendo a inclus\u00e3o em Currais Novos. A partir do reconhecimento como de utilidade p\u00fablica estadual, ficou habilitado a receber recursos de emendas parlamentares, participar do programa Nota Potiguar e ganhar outros benef\u00edcios que ajudam a ampliar a assist\u00eancia prestada \u00e0 comunidade autista do Serid\u00f3.<\/p>\n\n\n\n<p>Mat\u00e9ria publicada no <a href=\"https:\/\/blogafonte.com.br\/2022\/07\/10\/ubaldo-fernandes-lembra-importancia-de-nucleo-de-amparo-aos-autistas-em-currais-novos\/\">Blog A Fonte<\/a>. <\/p>\n","protected":false},"featured_media":4637,"parent":0,"template":"","class_list":["post-4636","news","type-news","status-publish","has-post-thumbnail","hentry"],"acf":[],"yoast_head":"<!-- This site is optimized with the Yoast SEO plugin v24.6 - https:\/\/yoast.com\/wordpress\/plugins\/seo\/ -->\n<title>Ubaldo Fernandes lembra import\u00e2ncia de N\u00facleo de Amparo aos Autistas em Currais Novos - Ubaldo Fernandes<\/title>\n<meta name=\"robots\" content=\"index, follow, max-snippet:-1, max-image-preview:large, max-video-preview:-1\" \/>\n<link rel=\"canonical\" href=\"https:\/\/ubaldofernandes.com\/index.php\/news\/ubaldo-fernandes-lembra-importancia-de-nucleo-de-amparo-aos-autistas-em-currais-novos\/\" \/>\n<meta property=\"og:locale\" content=\"pt_BR\" \/>\n<meta property=\"og:type\" content=\"article\" \/>\n<meta property=\"og:title\" content=\"Ubaldo Fernandes lembra import\u00e2ncia de N\u00facleo de Amparo aos Autistas em Currais Novos - Ubaldo Fernandes\" \/>\n<meta property=\"og:description\" content=\"H\u00e1 dois anos, entrava em vigor a Lei n\u00ba 10.558, de autoria do deputado Ubaldo Fernandes (PSDB), que reconheceu o N\u00facleo Organizacional de Reabilita\u00e7\u00e3o e Amparo Social da Pessoa com TEA (Nortear) como entidade de utilidade p\u00fablica estadual. \u201cO Nortear mereceu nossa aten\u00e7\u00e3o por desenvolver um trabalho exemplar no munic\u00edpio de Currais Novos, voltado para [&hellip;]\" \/>\n<meta property=\"og:url\" content=\"https:\/\/ubaldofernandes.com\/index.php\/news\/ubaldo-fernandes-lembra-importancia-de-nucleo-de-amparo-aos-autistas-em-currais-novos\/\" \/>\n<meta property=\"og:site_name\" content=\"Ubaldo Fernandes\" \/>\n<meta property=\"article:modified_time\" content=\"2022-07-11T13:59:24+00:00\" \/>\n<meta property=\"og:image\" content=\"https:\/\/ubaldofernandes.com\/wp-content\/uploads\/2022\/07\/Ubaldo-Fernandes00-696x464-1.jpeg\" \/>\n\t<meta property=\"og:image:width\" content=\"696\" \/>\n\t<meta property=\"og:image:height\" content=\"464\" \/>\n\t<meta property=\"og:image:type\" content=\"image\/jpeg\" \/>\n<meta name=\"twitter:card\" content=\"summary_large_image\" \/>\n<meta name=\"twitter:label1\" content=\"Est. tempo de leitura\" \/>\n\t<meta name=\"twitter:data1\" content=\"1 minuto\" \/>\n<script type=\"application\/ld+json\" class=\"yoast-schema-graph\">{\"@context\":\"https:\/\/schema.org\",\"@graph\":[{\"@type\":\"WebPage\",\"@id\":\"https:\/\/ubaldofernandes.com\/index.php\/news\/ubaldo-fernandes-lembra-importancia-de-nucleo-de-amparo-aos-autistas-em-currais-novos\/\",\"url\":\"https:\/\/ubaldofernandes.com\/index.php\/news\/ubaldo-fernandes-lembra-importancia-de-nucleo-de-amparo-aos-autistas-em-currais-novos\/\",\"name\":\"Ubaldo Fernandes lembra import\u00e2ncia de N\u00facleo de Amparo aos Autistas em Currais Novos - Ubaldo Fernandes\",\"isPartOf\":{\"@id\":\"https:\/\/ubaldofernandes.com\/#website\"},\"primaryImageOfPage\":{\"@id\":\"https:\/\/ubaldofernandes.com\/index.php\/news\/ubaldo-fernandes-lembra-importancia-de-nucleo-de-amparo-aos-autistas-em-currais-novos\/#primaryimage\"},\"image\":{\"@id\":\"https:\/\/ubaldofernandes.com\/index.php\/news\/ubaldo-fernandes-lembra-importancia-de-nucleo-de-amparo-aos-autistas-em-currais-novos\/#primaryimage\"},\"thumbnailUrl\":\"https:\/\/ubaldofernandes.com\/wp-content\/uploads\/2022\/07\/Ubaldo-Fernandes00-696x464-1.jpeg\",\"datePublished\":\"2022-07-11T02:56:00+00:00\",\"dateModified\":\"2022-07-11T13:59:24+00:00\",\"breadcrumb\":{\"@id\":\"https:\/\/ubaldofernandes.com\/index.php\/news\/ubaldo-fernandes-lembra-importancia-de-nucleo-de-amparo-aos-autistas-em-currais-novos\/#breadcrumb\"},\"inLanguage\":\"pt-BR\",\"potentialAction\":[{\"@type\":\"ReadAction\",\"target\":[\"https:\/\/ubaldofernandes.com\/index.php\/news\/ubaldo-fernandes-lembra-importancia-de-nucleo-de-amparo-aos-autistas-em-currais-novos\/\"]}]},{\"@type\":\"ImageObject\",\"inLanguage\":\"pt-BR\",\"@id\":\"https:\/\/ubaldofernandes.com\/index.php\/news\/ubaldo-fernandes-lembra-importancia-de-nucleo-de-amparo-aos-autistas-em-currais-novos\/#primaryimage\",\"url\":\"https:\/\/ubaldofernandes.com\/wp-content\/uploads\/2022\/07\/Ubaldo-Fernandes00-696x464-1.jpeg\",\"contentUrl\":\"https:\/\/ubaldofernandes.com\/wp-content\/uploads\/2022\/07\/Ubaldo-Fernandes00-696x464-1.jpeg\",\"width\":696,\"height\":464},{\"@type\":\"BreadcrumbList\",\"@id\":\"https:\/\/ubaldofernandes.com\/index.php\/news\/ubaldo-fernandes-lembra-importancia-de-nucleo-de-amparo-aos-autistas-em-currais-novos\/#breadcrumb\",\"itemListElement\":[{\"@type\":\"ListItem\",\"position\":1,\"name\":\"In\u00edcio\",\"item\":\"https:\/\/ubaldofernandes.com\/\"},{\"@type\":\"ListItem\",\"position\":2,\"name\":\"Not\u00edcias\",\"item\":\"https:\/\/ubaldofernandes.com\/index.php\/news\/\"},{\"@type\":\"ListItem\",\"position\":3,\"name\":\"Ubaldo Fernandes lembra import\u00e2ncia de N\u00facleo de Amparo aos Autistas em Currais Novos\"}]},{\"@type\":\"WebSite\",\"@id\":\"https:\/\/ubaldofernandes.com\/#website\",\"url\":\"https:\/\/ubaldofernandes.com\/\",\"name\":\"Ubaldo Fernandes\",\"description\":\"Deputado Estadual\",\"potentialAction\":[{\"@type\":\"SearchAction\",\"target\":{\"@type\":\"EntryPoint\",\"urlTemplate\":\"https:\/\/ubaldofernandes.com\/?s={search_term_string}\"},\"query-input\":{\"@type\":\"PropertyValueSpecification\",\"valueRequired\":true,\"valueName\":\"search_term_string\"}}],\"inLanguage\":\"pt-BR\"}]}<\/script>\n<!-- \/ Yoast SEO plugin. -->","yoast_head_json":{"title":"Ubaldo Fernandes lembra import\u00e2ncia de N\u00facleo de Amparo aos Autistas em Currais Novos - Ubaldo Fernandes","robots":{"index":"index","follow":"follow","max-snippet":"max-snippet:-1","max-image-preview":"max-image-preview:large","max-video-preview":"max-video-preview:-1"},"canonical":"https:\/\/ubaldofernandes.com\/index.php\/news\/ubaldo-fernandes-lembra-importancia-de-nucleo-de-amparo-aos-autistas-em-currais-novos\/","og_locale":"pt_BR","og_type":"article","og_title":"Ubaldo Fernandes lembra import\u00e2ncia de N\u00facleo de Amparo aos Autistas em Currais Novos - Ubaldo Fernandes","og_description":"H\u00e1 dois anos, entrava em vigor a Lei n\u00ba 10.558, de autoria do deputado Ubaldo Fernandes (PSDB), que reconheceu o N\u00facleo Organizacional de Reabilita\u00e7\u00e3o e Amparo Social da Pessoa com TEA (Nortear) como entidade de utilidade p\u00fablica estadual. \u201cO Nortear mereceu nossa aten\u00e7\u00e3o por desenvolver um trabalho exemplar no munic\u00edpio de Currais Novos, voltado para [&hellip;]","og_url":"https:\/\/ubaldofernandes.com\/index.php\/news\/ubaldo-fernandes-lembra-importancia-de-nucleo-de-amparo-aos-autistas-em-currais-novos\/","og_site_name":"Ubaldo Fernandes","article_modified_time":"2022-07-11T13:59:24+00:00","og_image":[{"width":696,"height":464,"url":"https:\/\/ubaldofernandes.com\/wp-content\/uploads\/2022\/07\/Ubaldo-Fernandes00-696x464-1.jpeg","type":"image\/jpeg"}],"twitter_card":"summary_large_image","twitter_misc":{"Est. tempo de leitura":"1 minuto"},"schema":{"@context":"https:\/\/schema.org","@graph":[{"@type":"WebPage","@id":"https:\/\/ubaldofernandes.com\/index.php\/news\/ubaldo-fernandes-lembra-importancia-de-nucleo-de-amparo-aos-autistas-em-currais-novos\/","url":"https:\/\/ubaldofernandes.com\/index.php\/news\/ubaldo-fernandes-lembra-importancia-de-nucleo-de-amparo-aos-autistas-em-currais-novos\/","name":"Ubaldo Fernandes lembra import\u00e2ncia de N\u00facleo de Amparo aos Autistas em Currais Novos - Ubaldo Fernandes","isPartOf":{"@id":"https:\/\/ubaldofernandes.com\/#website"},"primaryImageOfPage":{"@id":"https:\/\/ubaldofernandes.com\/index.php\/news\/ubaldo-fernandes-lembra-importancia-de-nucleo-de-amparo-aos-autistas-em-currais-novos\/#primaryimage"},"image":{"@id":"https:\/\/ubaldofernandes.com\/index.php\/news\/ubaldo-fernandes-lembra-importancia-de-nucleo-de-amparo-aos-autistas-em-currais-novos\/#primaryimage"},"thumbnailUrl":"https:\/\/ubaldofernandes.com\/wp-content\/uploads\/2022\/07\/Ubaldo-Fernandes00-696x464-1.jpeg","datePublished":"2022-07-11T02:56:00+00:00","dateModified":"2022-07-11T13:59:24+00:00","breadcrumb":{"@id":"https:\/\/ubaldofernandes.com\/index.php\/news\/ubaldo-fernandes-lembra-importancia-de-nucleo-de-amparo-aos-autistas-em-currais-novos\/#breadcrumb"},"inLanguage":"pt-BR","potentialAction":[{"@type":"ReadAction","target":["https:\/\/ubaldofernandes.com\/index.php\/news\/ubaldo-fernandes-lembra-importancia-de-nucleo-de-amparo-aos-autistas-em-currais-novos\/"]}]},{"@type":"ImageObject","inLanguage":"pt-BR","@id":"https:\/\/ubaldofernandes.com\/index.php\/news\/ubaldo-fernandes-lembra-importancia-de-nucleo-de-amparo-aos-autistas-em-currais-novos\/#primaryimage","url":"https:\/\/ubaldofernandes.com\/wp-content\/uploads\/2022\/07\/Ubaldo-Fernandes00-696x464-1.jpeg","contentUrl":"https:\/\/ubaldofernandes.com\/wp-content\/uploads\/2022\/07\/Ubaldo-Fernandes00-696x464-1.jpeg","width":696,"height":464},{"@type":"BreadcrumbList","@id":"https:\/\/ubaldofernandes.com\/index.php\/news\/ubaldo-fernandes-lembra-importancia-de-nucleo-de-amparo-aos-autistas-em-currais-novos\/#breadcrumb","itemListElement":[{"@type":"ListItem","position":1,"name":"In\u00edcio","item":"https:\/\/ubaldofernandes.com\/"},{"@type":"ListItem","position":2,"name":"Not\u00edcias","item":"https:\/\/ubaldofernandes.com\/index.php\/news\/"},{"@type":"ListItem","position":3,"name":"Ubaldo Fernandes lembra import\u00e2ncia de N\u00facleo de Amparo aos Autistas em Currais Novos"}]},{"@type":"WebSite","@id":"https:\/\/ubaldofernandes.com\/#website","url":"https:\/\/ubaldofernandes.com\/","name":"Ubaldo Fernandes","description":"Deputado Estadual","potentialAction":[{"@type":"SearchAction","target":{"@type":"EntryPoint","urlTemplate":"https:\/\/ubaldofernandes.com\/?s={search_term_string}"},"query-input":{"@type":"PropertyValueSpecification","valueRequired":true,"valueName":"search_term_string"}}],"inLanguage":"pt-BR"}]}},"_links":{"self":[{"href":"https:\/\/ubaldofernandes.com\/index.php\/wp-json\/wp\/v2\/news\/4636","targetHints":{"allow":["GET"]}}],"collection":[{"href":"https:\/\/ubaldofernandes.com\/index.php\/wp-json\/wp\/v2\/news"}],"about":[{"href":"https:\/\/ubaldofernandes.com\/index.php\/wp-json\/wp\/v2\/types\/news"}],"wp:featuredmedia":[{"embeddable":true,"href":"https:\/\/ubaldofernandes.com\/index.php\/wp-json\/wp\/v2\/media\/4637"}],"wp:attachment":[{"href":"https:\/\/ubaldofernandes.com\/index.php\/wp-json\/wp\/v2\/media?parent=4636"}],"curies":[{"name":"wp","href":"https:\/\/api.w.org\/{rel}","templated":true}]}}