{"id":4699,"date":"2022-08-08T12:41:03","date_gmt":"2022-08-08T15:41:03","guid":{"rendered":"https:\/\/ubaldofernandes.com\/?post_type=news&#038;p=4699"},"modified":"2022-08-09T10:24:08","modified_gmt":"2022-08-09T13:24:08","slug":"mais-uma-lideranca-de-jardim-do-serido-apoia-ubaldo-a-reeleicao-2","status":"publish","type":"news","link":"https:\/\/ubaldofernandes.com\/index.php\/news\/mais-uma-lideranca-de-jardim-do-serido-apoia-ubaldo-a-reeleicao-2\/","title":{"rendered":"Mais uma lideran\u00e7a de Jardim do Serid\u00f3 apoia Ubaldo \u00e0 reelei\u00e7\u00e3o"},"content":{"rendered":"\n<p>O deputado estadual Ubaldo Fernandes, do PSDB, tem angariado importantes apoios no munic\u00edpio do Jardim do Serid\u00f3. O parlamentar, que j\u00e1 vem com uma parceria de longos anos com a vice-prefeita Aninha e seu filho, o vereador Ozires Vilar, em 2022 recebeu o importante apoio do ex-prefeito, o Padre Jocimar Dantas e agora conta com o suporte de uma figura ic\u00f4nica da regi\u00e3o: o ex-vice-prefeito, ex-presidente da C\u00e2mara Municipal Jos\u00e9 da Noite de Medeiros, que teve dois mandatos de vereador.<\/p>\n\n\n\n<p>Z\u00e9 da Noite se juntou ao grupo no \u00faltimo final de semana, quando o deputado passou por Jardim do Serid\u00f3, quando se dirigia \u00e0 Festa da padroeira de Acari, Nossa Senhora da Guia. L\u00e1, Ubaldo, Aninha, Ozires e Padre Jocimar, al\u00e9m do vereador currais-novense Daniel Bezerra, cumprimentaram fieis, circulando pela feirinha tradicional.<\/p>\n\n\n\n<p>\u201cFico feliz em contar com apoios t\u00e3o importantes nessa regi\u00e3o, que vem recebendo total aten\u00e7\u00e3o do nosso mandato. Tenho enviado muitas emendas, al\u00e9m de conquistar investimentos junto a \u00f3rg\u00e3os governamentais do Estado e da Uni\u00e3o. Estamos fortalecendo nossas bases para fortalecer ainda mais nossa atua\u00e7\u00e3o no Serid\u00f3\u201d, disse.<\/p>\n\n\n\n<p>Mat\u00e9ria publicada no <a href=\"https:\/\/blogafonte.com.br\/2022\/08\/08\/mais-uma-lideranca-de-jardim-do-serido-apoia-ubaldo-a-reeleicao\/\">Blog A Fonte<\/a>. <\/p>\n\n\n\n<div class=\"wp-block-image\"><figure class=\"aligncenter size-large\"><img loading=\"lazy\" decoding=\"async\" width=\"768\" height=\"1024\" src=\"https:\/\/ubaldofernandes.com\/wp-content\/uploads\/2022\/08\/WhatsApp-Image-2022-08-08-at-12.24.33-2-768x1024.jpeg\" alt=\"\" class=\"wp-image-4701\" srcset=\"https:\/\/ubaldofernandes.com\/wp-content\/uploads\/2022\/08\/WhatsApp-Image-2022-08-08-at-12.24.33-2-768x1024.jpeg 768w, https:\/\/ubaldofernandes.com\/wp-content\/uploads\/2022\/08\/WhatsApp-Image-2022-08-08-at-12.24.33-2-225x300.jpeg 225w, https:\/\/ubaldofernandes.com\/wp-content\/uploads\/2022\/08\/WhatsApp-Image-2022-08-08-at-12.24.33-2.jpeg 960w\" sizes=\"auto, (max-width: 768px) 100vw, 768px\" \/><\/figure><\/div>\n","protected":false},"featured_media":4696,"parent":0,"template":"","class_list":["post-4699","news","type-news","status-publish","has-post-thumbnail","hentry"],"acf":[],"yoast_head":"<!-- This site is optimized with the Yoast SEO plugin v24.6 - https:\/\/yoast.com\/wordpress\/plugins\/seo\/ -->\n<title>Mais uma lideran\u00e7a de Jardim do Serid\u00f3 apoia Ubaldo \u00e0 reelei\u00e7\u00e3o - Ubaldo Fernandes<\/title>\n<meta name=\"robots\" content=\"index, follow, max-snippet:-1, max-image-preview:large, max-video-preview:-1\" \/>\n<link rel=\"canonical\" href=\"https:\/\/ubaldofernandes.com\/index.php\/news\/mais-uma-lideranca-de-jardim-do-serido-apoia-ubaldo-a-reeleicao-2\/\" \/>\n<meta property=\"og:locale\" content=\"pt_BR\" \/>\n<meta property=\"og:type\" content=\"article\" \/>\n<meta property=\"og:title\" content=\"Mais uma lideran\u00e7a de Jardim do Serid\u00f3 apoia Ubaldo \u00e0 reelei\u00e7\u00e3o - Ubaldo Fernandes\" \/>\n<meta property=\"og:description\" content=\"O deputado estadual Ubaldo Fernandes, do PSDB, tem angariado importantes apoios no munic\u00edpio do Jardim do Serid\u00f3. O parlamentar, que j\u00e1 vem com uma parceria de longos anos com a vice-prefeita Aninha e seu filho, o vereador Ozires Vilar, em 2022 recebeu o importante apoio do ex-prefeito, o Padre Jocimar Dantas e agora conta com [&hellip;]\" \/>\n<meta property=\"og:url\" content=\"https:\/\/ubaldofernandes.com\/index.php\/news\/mais-uma-lideranca-de-jardim-do-serido-apoia-ubaldo-a-reeleicao-2\/\" \/>\n<meta property=\"og:site_name\" content=\"Ubaldo Fernandes\" \/>\n<meta property=\"article:modified_time\" content=\"2022-08-09T13:24:08+00:00\" \/>\n<meta property=\"og:image\" content=\"https:\/\/ubaldofernandes.com\/wp-content\/uploads\/2022\/08\/WhatsApp-Image-2022-08-08-at-12.24.34.jpeg\" \/>\n\t<meta property=\"og:image:width\" content=\"1204\" \/>\n\t<meta property=\"og:image:height\" content=\"1600\" \/>\n\t<meta property=\"og:image:type\" content=\"image\/jpeg\" \/>\n<meta name=\"twitter:card\" content=\"summary_large_image\" \/>\n<meta name=\"twitter:label1\" content=\"Est. tempo de leitura\" \/>\n\t<meta name=\"twitter:data1\" content=\"1 minuto\" \/>\n<script type=\"application\/ld+json\" class=\"yoast-schema-graph\">{\"@context\":\"https:\/\/schema.org\",\"@graph\":[{\"@type\":\"WebPage\",\"@id\":\"https:\/\/ubaldofernandes.com\/index.php\/news\/mais-uma-lideranca-de-jardim-do-serido-apoia-ubaldo-a-reeleicao-2\/\",\"url\":\"https:\/\/ubaldofernandes.com\/index.php\/news\/mais-uma-lideranca-de-jardim-do-serido-apoia-ubaldo-a-reeleicao-2\/\",\"name\":\"Mais uma lideran\u00e7a de Jardim do Serid\u00f3 apoia Ubaldo \u00e0 reelei\u00e7\u00e3o - Ubaldo Fernandes\",\"isPartOf\":{\"@id\":\"https:\/\/ubaldofernandes.com\/#website\"},\"primaryImageOfPage\":{\"@id\":\"https:\/\/ubaldofernandes.com\/index.php\/news\/mais-uma-lideranca-de-jardim-do-serido-apoia-ubaldo-a-reeleicao-2\/#primaryimage\"},\"image\":{\"@id\":\"https:\/\/ubaldofernandes.com\/index.php\/news\/mais-uma-lideranca-de-jardim-do-serido-apoia-ubaldo-a-reeleicao-2\/#primaryimage\"},\"thumbnailUrl\":\"https:\/\/ubaldofernandes.com\/wp-content\/uploads\/2022\/08\/WhatsApp-Image-2022-08-08-at-12.24.34.jpeg\",\"datePublished\":\"2022-08-08T15:41:03+00:00\",\"dateModified\":\"2022-08-09T13:24:08+00:00\",\"breadcrumb\":{\"@id\":\"https:\/\/ubaldofernandes.com\/index.php\/news\/mais-uma-lideranca-de-jardim-do-serido-apoia-ubaldo-a-reeleicao-2\/#breadcrumb\"},\"inLanguage\":\"pt-BR\",\"potentialAction\":[{\"@type\":\"ReadAction\",\"target\":[\"https:\/\/ubaldofernandes.com\/index.php\/news\/mais-uma-lideranca-de-jardim-do-serido-apoia-ubaldo-a-reeleicao-2\/\"]}]},{\"@type\":\"ImageObject\",\"inLanguage\":\"pt-BR\",\"@id\":\"https:\/\/ubaldofernandes.com\/index.php\/news\/mais-uma-lideranca-de-jardim-do-serido-apoia-ubaldo-a-reeleicao-2\/#primaryimage\",\"url\":\"https:\/\/ubaldofernandes.com\/wp-content\/uploads\/2022\/08\/WhatsApp-Image-2022-08-08-at-12.24.34.jpeg\",\"contentUrl\":\"https:\/\/ubaldofernandes.com\/wp-content\/uploads\/2022\/08\/WhatsApp-Image-2022-08-08-at-12.24.34.jpeg\",\"width\":1204,\"height\":1600},{\"@type\":\"BreadcrumbList\",\"@id\":\"https:\/\/ubaldofernandes.com\/index.php\/news\/mais-uma-lideranca-de-jardim-do-serido-apoia-ubaldo-a-reeleicao-2\/#breadcrumb\",\"itemListElement\":[{\"@type\":\"ListItem\",\"position\":1,\"name\":\"In\u00edcio\",\"item\":\"https:\/\/ubaldofernandes.com\/\"},{\"@type\":\"ListItem\",\"position\":2,\"name\":\"Not\u00edcias\",\"item\":\"https:\/\/ubaldofernandes.com\/index.php\/news\/\"},{\"@type\":\"ListItem\",\"position\":3,\"name\":\"Mais uma lideran\u00e7a de Jardim do Serid\u00f3 apoia Ubaldo \u00e0 reelei\u00e7\u00e3o\"}]},{\"@type\":\"WebSite\",\"@id\":\"https:\/\/ubaldofernandes.com\/#website\",\"url\":\"https:\/\/ubaldofernandes.com\/\",\"name\":\"Ubaldo Fernandes\",\"description\":\"Deputado Estadual\",\"potentialAction\":[{\"@type\":\"SearchAction\",\"target\":{\"@type\":\"EntryPoint\",\"urlTemplate\":\"https:\/\/ubaldofernandes.com\/?s={search_term_string}\"},\"query-input\":{\"@type\":\"PropertyValueSpecification\",\"valueRequired\":true,\"valueName\":\"search_term_string\"}}],\"inLanguage\":\"pt-BR\"}]}<\/script>\n<!-- \/ Yoast SEO plugin. -->","yoast_head_json":{"title":"Mais uma lideran\u00e7a de Jardim do Serid\u00f3 apoia Ubaldo \u00e0 reelei\u00e7\u00e3o - Ubaldo Fernandes","robots":{"index":"index","follow":"follow","max-snippet":"max-snippet:-1","max-image-preview":"max-image-preview:large","max-video-preview":"max-video-preview:-1"},"canonical":"https:\/\/ubaldofernandes.com\/index.php\/news\/mais-uma-lideranca-de-jardim-do-serido-apoia-ubaldo-a-reeleicao-2\/","og_locale":"pt_BR","og_type":"article","og_title":"Mais uma lideran\u00e7a de Jardim do Serid\u00f3 apoia Ubaldo \u00e0 reelei\u00e7\u00e3o - Ubaldo Fernandes","og_description":"O deputado estadual Ubaldo Fernandes, do PSDB, tem angariado importantes apoios no munic\u00edpio do Jardim do Serid\u00f3. O parlamentar, que j\u00e1 vem com uma parceria de longos anos com a vice-prefeita Aninha e seu filho, o vereador Ozires Vilar, em 2022 recebeu o importante apoio do ex-prefeito, o Padre Jocimar Dantas e agora conta com [&hellip;]","og_url":"https:\/\/ubaldofernandes.com\/index.php\/news\/mais-uma-lideranca-de-jardim-do-serido-apoia-ubaldo-a-reeleicao-2\/","og_site_name":"Ubaldo Fernandes","article_modified_time":"2022-08-09T13:24:08+00:00","og_image":[{"width":1204,"height":1600,"url":"https:\/\/ubaldofernandes.com\/wp-content\/uploads\/2022\/08\/WhatsApp-Image-2022-08-08-at-12.24.34.jpeg","type":"image\/jpeg"}],"twitter_card":"summary_large_image","twitter_misc":{"Est. tempo de leitura":"1 minuto"},"schema":{"@context":"https:\/\/schema.org","@graph":[{"@type":"WebPage","@id":"https:\/\/ubaldofernandes.com\/index.php\/news\/mais-uma-lideranca-de-jardim-do-serido-apoia-ubaldo-a-reeleicao-2\/","url":"https:\/\/ubaldofernandes.com\/index.php\/news\/mais-uma-lideranca-de-jardim-do-serido-apoia-ubaldo-a-reeleicao-2\/","name":"Mais uma lideran\u00e7a de Jardim do Serid\u00f3 apoia Ubaldo \u00e0 reelei\u00e7\u00e3o - Ubaldo Fernandes","isPartOf":{"@id":"https:\/\/ubaldofernandes.com\/#website"},"primaryImageOfPage":{"@id":"https:\/\/ubaldofernandes.com\/index.php\/news\/mais-uma-lideranca-de-jardim-do-serido-apoia-ubaldo-a-reeleicao-2\/#primaryimage"},"image":{"@id":"https:\/\/ubaldofernandes.com\/index.php\/news\/mais-uma-lideranca-de-jardim-do-serido-apoia-ubaldo-a-reeleicao-2\/#primaryimage"},"thumbnailUrl":"https:\/\/ubaldofernandes.com\/wp-content\/uploads\/2022\/08\/WhatsApp-Image-2022-08-08-at-12.24.34.jpeg","datePublished":"2022-08-08T15:41:03+00:00","dateModified":"2022-08-09T13:24:08+00:00","breadcrumb":{"@id":"https:\/\/ubaldofernandes.com\/index.php\/news\/mais-uma-lideranca-de-jardim-do-serido-apoia-ubaldo-a-reeleicao-2\/#breadcrumb"},"inLanguage":"pt-BR","potentialAction":[{"@type":"ReadAction","target":["https:\/\/ubaldofernandes.com\/index.php\/news\/mais-uma-lideranca-de-jardim-do-serido-apoia-ubaldo-a-reeleicao-2\/"]}]},{"@type":"ImageObject","inLanguage":"pt-BR","@id":"https:\/\/ubaldofernandes.com\/index.php\/news\/mais-uma-lideranca-de-jardim-do-serido-apoia-ubaldo-a-reeleicao-2\/#primaryimage","url":"https:\/\/ubaldofernandes.com\/wp-content\/uploads\/2022\/08\/WhatsApp-Image-2022-08-08-at-12.24.34.jpeg","contentUrl":"https:\/\/ubaldofernandes.com\/wp-content\/uploads\/2022\/08\/WhatsApp-Image-2022-08-08-at-12.24.34.jpeg","width":1204,"height":1600},{"@type":"BreadcrumbList","@id":"https:\/\/ubaldofernandes.com\/index.php\/news\/mais-uma-lideranca-de-jardim-do-serido-apoia-ubaldo-a-reeleicao-2\/#breadcrumb","itemListElement":[{"@type":"ListItem","position":1,"name":"In\u00edcio","item":"https:\/\/ubaldofernandes.com\/"},{"@type":"ListItem","position":2,"name":"Not\u00edcias","item":"https:\/\/ubaldofernandes.com\/index.php\/news\/"},{"@type":"ListItem","position":3,"name":"Mais uma lideran\u00e7a de Jardim do Serid\u00f3 apoia Ubaldo \u00e0 reelei\u00e7\u00e3o"}]},{"@type":"WebSite","@id":"https:\/\/ubaldofernandes.com\/#website","url":"https:\/\/ubaldofernandes.com\/","name":"Ubaldo Fernandes","description":"Deputado Estadual","potentialAction":[{"@type":"SearchAction","target":{"@type":"EntryPoint","urlTemplate":"https:\/\/ubaldofernandes.com\/?s={search_term_string}"},"query-input":{"@type":"PropertyValueSpecification","valueRequired":true,"valueName":"search_term_string"}}],"inLanguage":"pt-BR"}]}},"_links":{"self":[{"href":"https:\/\/ubaldofernandes.com\/index.php\/wp-json\/wp\/v2\/news\/4699","targetHints":{"allow":["GET"]}}],"collection":[{"href":"https:\/\/ubaldofernandes.com\/index.php\/wp-json\/wp\/v2\/news"}],"about":[{"href":"https:\/\/ubaldofernandes.com\/index.php\/wp-json\/wp\/v2\/types\/news"}],"wp:featuredmedia":[{"embeddable":true,"href":"https:\/\/ubaldofernandes.com\/index.php\/wp-json\/wp\/v2\/media\/4696"}],"wp:attachment":[{"href":"https:\/\/ubaldofernandes.com\/index.php\/wp-json\/wp\/v2\/media?parent=4699"}],"curies":[{"name":"wp","href":"https:\/\/api.w.org\/{rel}","templated":true}]}}