{"id":4784,"date":"2022-09-19T14:53:00","date_gmt":"2022-09-19T17:53:00","guid":{"rendered":"https:\/\/ubaldofernandes.com\/?post_type=news&#038;p=4784"},"modified":"2022-09-20T11:59:14","modified_gmt":"2022-09-20T14:59:14","slug":"ubaldo-e-o-mais-citado-para-deputado-estadual-na-pesquisa-item","status":"publish","type":"news","link":"https:\/\/ubaldofernandes.com\/index.php\/news\/ubaldo-e-o-mais-citado-para-deputado-estadual-na-pesquisa-item\/","title":{"rendered":"Ubaldo \u00e9 o mais citado para deputado estadual na pesquisa Item"},"content":{"rendered":"\n<p>O deputado estadual Ubaldo Fernandes, do PSDB, aparece em destaque em mais uma pesquisa para as elei\u00e7\u00f5es do pr\u00f3ximo dia 02 de outubro. O parlamentar, que foi vereador de Natal por dois mandatos e est\u00e1 em seu primeiro mandato na Assembleia Legislativa do RN, buscando sua reelei\u00e7\u00e3o, est\u00e1 na primeira coloca\u00e7\u00e3o isolado. Ele tem 3,25% das inten\u00e7\u00f5es de voto no levantamento do Instituto Item\/94 FM, que entrevistou 1.600 pessoas do Rio Grande do Norte entre os dias 12 e 14 de setembro.<\/p>\n\n\n\n<p>\u201cO desafio \u00e9 grande, porque precisamos de uma vota\u00e7\u00e3o expressiva para conseguir uma vaga dentro da nossa nominata, que tem grandes lideran\u00e7as concorrendo. Ent\u00e3o, as pesquisas s\u00f3 nos motivam a seguir lutando ainda mais para conquistar essa vaga que representa o norte-rio-grandense mais humilde, que precisa desse mandato popular atuante em que ele confia. Seguimos confiantes e buscando mostrar a todo eleitor do estado o trabalho que estamos realizando na defesa dos munic\u00edpios, dos trabalhadores, das pessoas idosas e com defici\u00eancia, e nossas propostas para a pr\u00f3xima legislatura\u201d, disse o Deputado.<\/p>\n\n\n\n<p>A pesquisa Item\/94 FM tem margem de erro de 2,45 pontos percentuais para mais ou para menos. O estudo est\u00e1 registrado no Tribunal Regional Eleitoral do Rio Grande do Norte com o n\u00famero 3.05872022 e, no TSE, com o n\u00famero 2.062\/2022.<\/p>\n\n\n\n<p>Mat\u00e9ria publicada no <a href=\"https:\/\/glaucialima.com\/2022\/09\/19\/ubaldo-isolado-no-1o-lugar-da-pesquisa-item-radio-cidade\/\">Blog da Gl\u00e1ucia Lima<\/a>.<\/p>\n\n\n\n<p><\/p>\n","protected":false},"featured_media":4763,"parent":0,"template":"","class_list":["post-4784","news","type-news","status-publish","has-post-thumbnail","hentry"],"acf":[],"yoast_head":"<!-- This site is optimized with the Yoast SEO plugin v24.6 - https:\/\/yoast.com\/wordpress\/plugins\/seo\/ -->\n<title>Ubaldo \u00e9 o mais citado para deputado estadual na pesquisa Item - Ubaldo Fernandes<\/title>\n<meta name=\"robots\" content=\"index, follow, max-snippet:-1, max-image-preview:large, max-video-preview:-1\" \/>\n<link rel=\"canonical\" href=\"https:\/\/ubaldofernandes.com\/index.php\/news\/ubaldo-e-o-mais-citado-para-deputado-estadual-na-pesquisa-item\/\" \/>\n<meta property=\"og:locale\" content=\"pt_BR\" \/>\n<meta property=\"og:type\" content=\"article\" \/>\n<meta property=\"og:title\" content=\"Ubaldo \u00e9 o mais citado para deputado estadual na pesquisa Item - Ubaldo Fernandes\" \/>\n<meta property=\"og:description\" content=\"O deputado estadual Ubaldo Fernandes, do PSDB, aparece em destaque em mais uma pesquisa para as elei\u00e7\u00f5es do pr\u00f3ximo dia 02 de outubro. O parlamentar, que foi vereador de Natal por dois mandatos e est\u00e1 em seu primeiro mandato na Assembleia Legislativa do RN, buscando sua reelei\u00e7\u00e3o, est\u00e1 na primeira coloca\u00e7\u00e3o isolado. Ele tem 3,25% [&hellip;]\" \/>\n<meta property=\"og:url\" content=\"https:\/\/ubaldofernandes.com\/index.php\/news\/ubaldo-e-o-mais-citado-para-deputado-estadual-na-pesquisa-item\/\" \/>\n<meta property=\"og:site_name\" content=\"Ubaldo Fernandes\" \/>\n<meta property=\"article:modified_time\" content=\"2022-09-20T14:59:14+00:00\" \/>\n<meta property=\"og:image\" content=\"https:\/\/ubaldofernandes.com\/wp-content\/uploads\/2022\/09\/Ubaldo-perfil.jpeg\" \/>\n\t<meta property=\"og:image:width\" content=\"494\" \/>\n\t<meta property=\"og:image:height\" content=\"620\" \/>\n\t<meta property=\"og:image:type\" content=\"image\/jpeg\" \/>\n<meta name=\"twitter:card\" content=\"summary_large_image\" \/>\n<meta name=\"twitter:label1\" content=\"Est. tempo de leitura\" \/>\n\t<meta name=\"twitter:data1\" content=\"1 minuto\" \/>\n<script type=\"application\/ld+json\" class=\"yoast-schema-graph\">{\"@context\":\"https:\/\/schema.org\",\"@graph\":[{\"@type\":\"WebPage\",\"@id\":\"https:\/\/ubaldofernandes.com\/index.php\/news\/ubaldo-e-o-mais-citado-para-deputado-estadual-na-pesquisa-item\/\",\"url\":\"https:\/\/ubaldofernandes.com\/index.php\/news\/ubaldo-e-o-mais-citado-para-deputado-estadual-na-pesquisa-item\/\",\"name\":\"Ubaldo \u00e9 o mais citado para deputado estadual na pesquisa Item - Ubaldo Fernandes\",\"isPartOf\":{\"@id\":\"https:\/\/ubaldofernandes.com\/#website\"},\"primaryImageOfPage\":{\"@id\":\"https:\/\/ubaldofernandes.com\/index.php\/news\/ubaldo-e-o-mais-citado-para-deputado-estadual-na-pesquisa-item\/#primaryimage\"},\"image\":{\"@id\":\"https:\/\/ubaldofernandes.com\/index.php\/news\/ubaldo-e-o-mais-citado-para-deputado-estadual-na-pesquisa-item\/#primaryimage\"},\"thumbnailUrl\":\"https:\/\/ubaldofernandes.com\/wp-content\/uploads\/2022\/09\/Ubaldo-perfil.jpeg\",\"datePublished\":\"2022-09-19T17:53:00+00:00\",\"dateModified\":\"2022-09-20T14:59:14+00:00\",\"breadcrumb\":{\"@id\":\"https:\/\/ubaldofernandes.com\/index.php\/news\/ubaldo-e-o-mais-citado-para-deputado-estadual-na-pesquisa-item\/#breadcrumb\"},\"inLanguage\":\"pt-BR\",\"potentialAction\":[{\"@type\":\"ReadAction\",\"target\":[\"https:\/\/ubaldofernandes.com\/index.php\/news\/ubaldo-e-o-mais-citado-para-deputado-estadual-na-pesquisa-item\/\"]}]},{\"@type\":\"ImageObject\",\"inLanguage\":\"pt-BR\",\"@id\":\"https:\/\/ubaldofernandes.com\/index.php\/news\/ubaldo-e-o-mais-citado-para-deputado-estadual-na-pesquisa-item\/#primaryimage\",\"url\":\"https:\/\/ubaldofernandes.com\/wp-content\/uploads\/2022\/09\/Ubaldo-perfil.jpeg\",\"contentUrl\":\"https:\/\/ubaldofernandes.com\/wp-content\/uploads\/2022\/09\/Ubaldo-perfil.jpeg\",\"width\":494,\"height\":620},{\"@type\":\"BreadcrumbList\",\"@id\":\"https:\/\/ubaldofernandes.com\/index.php\/news\/ubaldo-e-o-mais-citado-para-deputado-estadual-na-pesquisa-item\/#breadcrumb\",\"itemListElement\":[{\"@type\":\"ListItem\",\"position\":1,\"name\":\"In\u00edcio\",\"item\":\"https:\/\/ubaldofernandes.com\/\"},{\"@type\":\"ListItem\",\"position\":2,\"name\":\"Not\u00edcias\",\"item\":\"https:\/\/ubaldofernandes.com\/index.php\/news\/\"},{\"@type\":\"ListItem\",\"position\":3,\"name\":\"Ubaldo \u00e9 o mais citado para deputado estadual na pesquisa Item\"}]},{\"@type\":\"WebSite\",\"@id\":\"https:\/\/ubaldofernandes.com\/#website\",\"url\":\"https:\/\/ubaldofernandes.com\/\",\"name\":\"Ubaldo Fernandes\",\"description\":\"Deputado Estadual\",\"potentialAction\":[{\"@type\":\"SearchAction\",\"target\":{\"@type\":\"EntryPoint\",\"urlTemplate\":\"https:\/\/ubaldofernandes.com\/?s={search_term_string}\"},\"query-input\":{\"@type\":\"PropertyValueSpecification\",\"valueRequired\":true,\"valueName\":\"search_term_string\"}}],\"inLanguage\":\"pt-BR\"}]}<\/script>\n<!-- \/ Yoast SEO plugin. -->","yoast_head_json":{"title":"Ubaldo \u00e9 o mais citado para deputado estadual na pesquisa Item - Ubaldo Fernandes","robots":{"index":"index","follow":"follow","max-snippet":"max-snippet:-1","max-image-preview":"max-image-preview:large","max-video-preview":"max-video-preview:-1"},"canonical":"https:\/\/ubaldofernandes.com\/index.php\/news\/ubaldo-e-o-mais-citado-para-deputado-estadual-na-pesquisa-item\/","og_locale":"pt_BR","og_type":"article","og_title":"Ubaldo \u00e9 o mais citado para deputado estadual na pesquisa Item - Ubaldo Fernandes","og_description":"O deputado estadual Ubaldo Fernandes, do PSDB, aparece em destaque em mais uma pesquisa para as elei\u00e7\u00f5es do pr\u00f3ximo dia 02 de outubro. O parlamentar, que foi vereador de Natal por dois mandatos e est\u00e1 em seu primeiro mandato na Assembleia Legislativa do RN, buscando sua reelei\u00e7\u00e3o, est\u00e1 na primeira coloca\u00e7\u00e3o isolado. Ele tem 3,25% [&hellip;]","og_url":"https:\/\/ubaldofernandes.com\/index.php\/news\/ubaldo-e-o-mais-citado-para-deputado-estadual-na-pesquisa-item\/","og_site_name":"Ubaldo Fernandes","article_modified_time":"2022-09-20T14:59:14+00:00","og_image":[{"width":494,"height":620,"url":"https:\/\/ubaldofernandes.com\/wp-content\/uploads\/2022\/09\/Ubaldo-perfil.jpeg","type":"image\/jpeg"}],"twitter_card":"summary_large_image","twitter_misc":{"Est. tempo de leitura":"1 minuto"},"schema":{"@context":"https:\/\/schema.org","@graph":[{"@type":"WebPage","@id":"https:\/\/ubaldofernandes.com\/index.php\/news\/ubaldo-e-o-mais-citado-para-deputado-estadual-na-pesquisa-item\/","url":"https:\/\/ubaldofernandes.com\/index.php\/news\/ubaldo-e-o-mais-citado-para-deputado-estadual-na-pesquisa-item\/","name":"Ubaldo \u00e9 o mais citado para deputado estadual na pesquisa Item - Ubaldo Fernandes","isPartOf":{"@id":"https:\/\/ubaldofernandes.com\/#website"},"primaryImageOfPage":{"@id":"https:\/\/ubaldofernandes.com\/index.php\/news\/ubaldo-e-o-mais-citado-para-deputado-estadual-na-pesquisa-item\/#primaryimage"},"image":{"@id":"https:\/\/ubaldofernandes.com\/index.php\/news\/ubaldo-e-o-mais-citado-para-deputado-estadual-na-pesquisa-item\/#primaryimage"},"thumbnailUrl":"https:\/\/ubaldofernandes.com\/wp-content\/uploads\/2022\/09\/Ubaldo-perfil.jpeg","datePublished":"2022-09-19T17:53:00+00:00","dateModified":"2022-09-20T14:59:14+00:00","breadcrumb":{"@id":"https:\/\/ubaldofernandes.com\/index.php\/news\/ubaldo-e-o-mais-citado-para-deputado-estadual-na-pesquisa-item\/#breadcrumb"},"inLanguage":"pt-BR","potentialAction":[{"@type":"ReadAction","target":["https:\/\/ubaldofernandes.com\/index.php\/news\/ubaldo-e-o-mais-citado-para-deputado-estadual-na-pesquisa-item\/"]}]},{"@type":"ImageObject","inLanguage":"pt-BR","@id":"https:\/\/ubaldofernandes.com\/index.php\/news\/ubaldo-e-o-mais-citado-para-deputado-estadual-na-pesquisa-item\/#primaryimage","url":"https:\/\/ubaldofernandes.com\/wp-content\/uploads\/2022\/09\/Ubaldo-perfil.jpeg","contentUrl":"https:\/\/ubaldofernandes.com\/wp-content\/uploads\/2022\/09\/Ubaldo-perfil.jpeg","width":494,"height":620},{"@type":"BreadcrumbList","@id":"https:\/\/ubaldofernandes.com\/index.php\/news\/ubaldo-e-o-mais-citado-para-deputado-estadual-na-pesquisa-item\/#breadcrumb","itemListElement":[{"@type":"ListItem","position":1,"name":"In\u00edcio","item":"https:\/\/ubaldofernandes.com\/"},{"@type":"ListItem","position":2,"name":"Not\u00edcias","item":"https:\/\/ubaldofernandes.com\/index.php\/news\/"},{"@type":"ListItem","position":3,"name":"Ubaldo \u00e9 o mais citado para deputado estadual na pesquisa Item"}]},{"@type":"WebSite","@id":"https:\/\/ubaldofernandes.com\/#website","url":"https:\/\/ubaldofernandes.com\/","name":"Ubaldo Fernandes","description":"Deputado Estadual","potentialAction":[{"@type":"SearchAction","target":{"@type":"EntryPoint","urlTemplate":"https:\/\/ubaldofernandes.com\/?s={search_term_string}"},"query-input":{"@type":"PropertyValueSpecification","valueRequired":true,"valueName":"search_term_string"}}],"inLanguage":"pt-BR"}]}},"_links":{"self":[{"href":"https:\/\/ubaldofernandes.com\/index.php\/wp-json\/wp\/v2\/news\/4784","targetHints":{"allow":["GET"]}}],"collection":[{"href":"https:\/\/ubaldofernandes.com\/index.php\/wp-json\/wp\/v2\/news"}],"about":[{"href":"https:\/\/ubaldofernandes.com\/index.php\/wp-json\/wp\/v2\/types\/news"}],"wp:featuredmedia":[{"embeddable":true,"href":"https:\/\/ubaldofernandes.com\/index.php\/wp-json\/wp\/v2\/media\/4763"}],"wp:attachment":[{"href":"https:\/\/ubaldofernandes.com\/index.php\/wp-json\/wp\/v2\/media?parent=4784"}],"curies":[{"name":"wp","href":"https:\/\/api.w.org\/{rel}","templated":true}]}}