{"id":4790,"date":"2022-10-06T13:49:00","date_gmt":"2022-10-06T16:49:00","guid":{"rendered":"https:\/\/ubaldofernandes.com\/?post_type=news&#038;p=4790"},"modified":"2022-10-07T10:57:32","modified_gmt":"2022-10-07T13:57:32","slug":"__trashed","status":"publish","type":"news","link":"https:\/\/ubaldofernandes.com\/index.php\/news\/__trashed\/","title":{"rendered":"Ubaldo ressalta aumento de mais de 70% de vota\u00e7\u00e3o e agradece potiguares"},"content":{"rendered":"\n<p>O deputado estadual Ubaldo Fernandes, do PSDB, agradeceu, no plen\u00e1rio, nesta quarta-feira (05), pela sua expressiva vota\u00e7\u00e3o na elei\u00e7\u00e3o, mesmo n\u00e3o obtendo \u00eaxito para sua reelei\u00e7\u00e3o para a Assembleia Legislativa, quando ficou na d\u00e9cima posi\u00e7\u00e3o de sua nominata, portanto na 1\u00aa supl\u00eancia da sua agremia\u00e7\u00e3o que fez nove cadeiras. Segundo destacou o parlamentar, o crescimento foi de mais de 70% em rela\u00e7\u00e3o ao pleito anterior. O tucano saiu de 20.148 votos em 2018 para 34.426 sufr\u00e1gios agora em 2022.<\/p>\n\n\n\n<p>\u201cNosso pronunciamento de hoje \u00e9 no sentido de agradecer ao povo do meu querido Rio Grande do Norte. Toda minha gratid\u00e3o e apre\u00e7o a todas as regi\u00f5es do meu estado, desde o Serid\u00f3, Trairi, Potengi, Grande natal, Mato Grande, Oeste, enfim todas, j\u00e1 que fui votado em quase todos os munic\u00edpios do estado. Conseguimos 34.426 votos, uma vota\u00e7\u00e3o muito expressiva, um aumento de 70%, que \u00e9 motivo de ficarmos mais fortes para projetos futuros, porque 34 mil pessoas entendem que merecemos a confian\u00e7a por esse trabalho s\u00e9rio que desenvolvemos\u201d, destacou.<\/p>\n\n\n\n<p>Ubaldo agradeceu todos os envolvidos na campanha. \u201cQuero agradecer de modo especial minha esposa, filhas, familiares e minha competente equipe, que n\u00e3o posso deixar de elogiar todo o desempenho que teve nesse processo. Agrade\u00e7o ainda o carinho que recebi nessa campanha natural em que as pessoas externavam v\u00e1rios gestos espont\u00e2neos, com envolvimento de crian\u00e7as e adolescentes e mensagens que preenchiam redes sociais, sem artif\u00edcios\u201d, frisou.<\/p>\n\n\n\n<p>Por fim, o Deputado disse que seu mandato tem pautado muitos debates em prol da sociedade, dos movimentos sociais e as pessoas sabem de minha seriedade voltada aos exclu\u00eddos do acesso ao poder, que t\u00eam Ubaldo como essa refer\u00eancia. \u201cSempre defendemos os que mais precisam. Obrigado a todas as participa\u00e7\u00f5es volunt\u00e1rias em todos os recantos. Nossa luta continua e em nenhum momento vamos baixar a cabe\u00e7a. Sigo firme e forte defendendo nossos ideais e as bandeiras dos movimentos sociais\u201d, finalizou.<\/p>\n\n\n\n<p>Mat\u00e9ria publicada no <a href=\"https:\/\/www.blogdomontoril.com.br\/blog\/noticia.php?id=120789\">Blog do Montoril<\/a>. <\/p>\n","protected":false},"featured_media":4791,"parent":0,"template":"","class_list":["post-4790","news","type-news","status-publish","has-post-thumbnail","hentry"],"acf":[],"yoast_head":"<!-- This site is optimized with the Yoast SEO plugin v24.6 - https:\/\/yoast.com\/wordpress\/plugins\/seo\/ -->\n<title>Ubaldo ressalta aumento de mais de 70% de vota\u00e7\u00e3o e agradece potiguares - Ubaldo Fernandes<\/title>\n<meta name=\"robots\" content=\"index, follow, max-snippet:-1, max-image-preview:large, max-video-preview:-1\" \/>\n<link rel=\"canonical\" href=\"https:\/\/ubaldofernandes.com\/index.php\/news\/__trashed\/\" \/>\n<meta property=\"og:locale\" content=\"pt_BR\" \/>\n<meta property=\"og:type\" content=\"article\" \/>\n<meta property=\"og:title\" content=\"Ubaldo ressalta aumento de mais de 70% de vota\u00e7\u00e3o e agradece potiguares - Ubaldo Fernandes\" \/>\n<meta property=\"og:description\" content=\"O deputado estadual Ubaldo Fernandes, do PSDB, agradeceu, no plen\u00e1rio, nesta quarta-feira (05), pela sua expressiva vota\u00e7\u00e3o na elei\u00e7\u00e3o, mesmo n\u00e3o obtendo \u00eaxito para sua reelei\u00e7\u00e3o para a Assembleia Legislativa, quando ficou na d\u00e9cima posi\u00e7\u00e3o de sua nominata, portanto na 1\u00aa supl\u00eancia da sua agremia\u00e7\u00e3o que fez nove cadeiras. Segundo destacou o parlamentar, o crescimento [&hellip;]\" \/>\n<meta property=\"og:url\" content=\"https:\/\/ubaldofernandes.com\/index.php\/news\/__trashed\/\" \/>\n<meta property=\"og:site_name\" content=\"Ubaldo Fernandes\" \/>\n<meta property=\"article:modified_time\" content=\"2022-10-07T13:57:32+00:00\" \/>\n<meta property=\"og:image\" content=\"https:\/\/ubaldofernandes.com\/wp-content\/uploads\/2022\/10\/Ubaldo-plenario.jpg\" \/>\n\t<meta property=\"og:image:width\" content=\"500\" \/>\n\t<meta property=\"og:image:height\" content=\"333\" \/>\n\t<meta property=\"og:image:type\" content=\"image\/jpeg\" \/>\n<meta name=\"twitter:card\" content=\"summary_large_image\" \/>\n<meta name=\"twitter:label1\" content=\"Est. tempo de leitura\" \/>\n\t<meta name=\"twitter:data1\" content=\"2 minutos\" \/>\n<script type=\"application\/ld+json\" class=\"yoast-schema-graph\">{\"@context\":\"https:\/\/schema.org\",\"@graph\":[{\"@type\":\"WebPage\",\"@id\":\"https:\/\/ubaldofernandes.com\/index.php\/news\/__trashed\/\",\"url\":\"https:\/\/ubaldofernandes.com\/index.php\/news\/__trashed\/\",\"name\":\"Ubaldo ressalta aumento de mais de 70% de vota\u00e7\u00e3o e agradece potiguares - Ubaldo Fernandes\",\"isPartOf\":{\"@id\":\"https:\/\/ubaldofernandes.com\/#website\"},\"primaryImageOfPage\":{\"@id\":\"https:\/\/ubaldofernandes.com\/index.php\/news\/__trashed\/#primaryimage\"},\"image\":{\"@id\":\"https:\/\/ubaldofernandes.com\/index.php\/news\/__trashed\/#primaryimage\"},\"thumbnailUrl\":\"https:\/\/ubaldofernandes.com\/wp-content\/uploads\/2022\/10\/Ubaldo-plenario.jpg\",\"datePublished\":\"2022-10-06T16:49:00+00:00\",\"dateModified\":\"2022-10-07T13:57:32+00:00\",\"breadcrumb\":{\"@id\":\"https:\/\/ubaldofernandes.com\/index.php\/news\/__trashed\/#breadcrumb\"},\"inLanguage\":\"pt-BR\",\"potentialAction\":[{\"@type\":\"ReadAction\",\"target\":[\"https:\/\/ubaldofernandes.com\/index.php\/news\/__trashed\/\"]}]},{\"@type\":\"ImageObject\",\"inLanguage\":\"pt-BR\",\"@id\":\"https:\/\/ubaldofernandes.com\/index.php\/news\/__trashed\/#primaryimage\",\"url\":\"https:\/\/ubaldofernandes.com\/wp-content\/uploads\/2022\/10\/Ubaldo-plenario.jpg\",\"contentUrl\":\"https:\/\/ubaldofernandes.com\/wp-content\/uploads\/2022\/10\/Ubaldo-plenario.jpg\",\"width\":500,\"height\":333},{\"@type\":\"BreadcrumbList\",\"@id\":\"https:\/\/ubaldofernandes.com\/index.php\/news\/__trashed\/#breadcrumb\",\"itemListElement\":[{\"@type\":\"ListItem\",\"position\":1,\"name\":\"In\u00edcio\",\"item\":\"https:\/\/ubaldofernandes.com\/\"},{\"@type\":\"ListItem\",\"position\":2,\"name\":\"Not\u00edcias\",\"item\":\"https:\/\/ubaldofernandes.com\/index.php\/news\/\"},{\"@type\":\"ListItem\",\"position\":3,\"name\":\"Ubaldo ressalta aumento de mais de 70% de vota\u00e7\u00e3o e agradece potiguares\"}]},{\"@type\":\"WebSite\",\"@id\":\"https:\/\/ubaldofernandes.com\/#website\",\"url\":\"https:\/\/ubaldofernandes.com\/\",\"name\":\"Ubaldo Fernandes\",\"description\":\"Deputado Estadual\",\"potentialAction\":[{\"@type\":\"SearchAction\",\"target\":{\"@type\":\"EntryPoint\",\"urlTemplate\":\"https:\/\/ubaldofernandes.com\/?s={search_term_string}\"},\"query-input\":{\"@type\":\"PropertyValueSpecification\",\"valueRequired\":true,\"valueName\":\"search_term_string\"}}],\"inLanguage\":\"pt-BR\"}]}<\/script>\n<!-- \/ Yoast SEO plugin. -->","yoast_head_json":{"title":"Ubaldo ressalta aumento de mais de 70% de vota\u00e7\u00e3o e agradece potiguares - Ubaldo Fernandes","robots":{"index":"index","follow":"follow","max-snippet":"max-snippet:-1","max-image-preview":"max-image-preview:large","max-video-preview":"max-video-preview:-1"},"canonical":"https:\/\/ubaldofernandes.com\/index.php\/news\/__trashed\/","og_locale":"pt_BR","og_type":"article","og_title":"Ubaldo ressalta aumento de mais de 70% de vota\u00e7\u00e3o e agradece potiguares - Ubaldo Fernandes","og_description":"O deputado estadual Ubaldo Fernandes, do PSDB, agradeceu, no plen\u00e1rio, nesta quarta-feira (05), pela sua expressiva vota\u00e7\u00e3o na elei\u00e7\u00e3o, mesmo n\u00e3o obtendo \u00eaxito para sua reelei\u00e7\u00e3o para a Assembleia Legislativa, quando ficou na d\u00e9cima posi\u00e7\u00e3o de sua nominata, portanto na 1\u00aa supl\u00eancia da sua agremia\u00e7\u00e3o que fez nove cadeiras. Segundo destacou o parlamentar, o crescimento [&hellip;]","og_url":"https:\/\/ubaldofernandes.com\/index.php\/news\/__trashed\/","og_site_name":"Ubaldo Fernandes","article_modified_time":"2022-10-07T13:57:32+00:00","og_image":[{"width":500,"height":333,"url":"https:\/\/ubaldofernandes.com\/wp-content\/uploads\/2022\/10\/Ubaldo-plenario.jpg","type":"image\/jpeg"}],"twitter_card":"summary_large_image","twitter_misc":{"Est. tempo de leitura":"2 minutos"},"schema":{"@context":"https:\/\/schema.org","@graph":[{"@type":"WebPage","@id":"https:\/\/ubaldofernandes.com\/index.php\/news\/__trashed\/","url":"https:\/\/ubaldofernandes.com\/index.php\/news\/__trashed\/","name":"Ubaldo ressalta aumento de mais de 70% de vota\u00e7\u00e3o e agradece potiguares - Ubaldo Fernandes","isPartOf":{"@id":"https:\/\/ubaldofernandes.com\/#website"},"primaryImageOfPage":{"@id":"https:\/\/ubaldofernandes.com\/index.php\/news\/__trashed\/#primaryimage"},"image":{"@id":"https:\/\/ubaldofernandes.com\/index.php\/news\/__trashed\/#primaryimage"},"thumbnailUrl":"https:\/\/ubaldofernandes.com\/wp-content\/uploads\/2022\/10\/Ubaldo-plenario.jpg","datePublished":"2022-10-06T16:49:00+00:00","dateModified":"2022-10-07T13:57:32+00:00","breadcrumb":{"@id":"https:\/\/ubaldofernandes.com\/index.php\/news\/__trashed\/#breadcrumb"},"inLanguage":"pt-BR","potentialAction":[{"@type":"ReadAction","target":["https:\/\/ubaldofernandes.com\/index.php\/news\/__trashed\/"]}]},{"@type":"ImageObject","inLanguage":"pt-BR","@id":"https:\/\/ubaldofernandes.com\/index.php\/news\/__trashed\/#primaryimage","url":"https:\/\/ubaldofernandes.com\/wp-content\/uploads\/2022\/10\/Ubaldo-plenario.jpg","contentUrl":"https:\/\/ubaldofernandes.com\/wp-content\/uploads\/2022\/10\/Ubaldo-plenario.jpg","width":500,"height":333},{"@type":"BreadcrumbList","@id":"https:\/\/ubaldofernandes.com\/index.php\/news\/__trashed\/#breadcrumb","itemListElement":[{"@type":"ListItem","position":1,"name":"In\u00edcio","item":"https:\/\/ubaldofernandes.com\/"},{"@type":"ListItem","position":2,"name":"Not\u00edcias","item":"https:\/\/ubaldofernandes.com\/index.php\/news\/"},{"@type":"ListItem","position":3,"name":"Ubaldo ressalta aumento de mais de 70% de vota\u00e7\u00e3o e agradece potiguares"}]},{"@type":"WebSite","@id":"https:\/\/ubaldofernandes.com\/#website","url":"https:\/\/ubaldofernandes.com\/","name":"Ubaldo Fernandes","description":"Deputado Estadual","potentialAction":[{"@type":"SearchAction","target":{"@type":"EntryPoint","urlTemplate":"https:\/\/ubaldofernandes.com\/?s={search_term_string}"},"query-input":{"@type":"PropertyValueSpecification","valueRequired":true,"valueName":"search_term_string"}}],"inLanguage":"pt-BR"}]}},"_links":{"self":[{"href":"https:\/\/ubaldofernandes.com\/index.php\/wp-json\/wp\/v2\/news\/4790","targetHints":{"allow":["GET"]}}],"collection":[{"href":"https:\/\/ubaldofernandes.com\/index.php\/wp-json\/wp\/v2\/news"}],"about":[{"href":"https:\/\/ubaldofernandes.com\/index.php\/wp-json\/wp\/v2\/types\/news"}],"wp:featuredmedia":[{"embeddable":true,"href":"https:\/\/ubaldofernandes.com\/index.php\/wp-json\/wp\/v2\/media\/4791"}],"wp:attachment":[{"href":"https:\/\/ubaldofernandes.com\/index.php\/wp-json\/wp\/v2\/media?parent=4790"}],"curies":[{"name":"wp","href":"https:\/\/api.w.org\/{rel}","templated":true}]}}