{"id":4836,"date":"2022-10-19T13:19:48","date_gmt":"2022-10-19T16:19:48","guid":{"rendered":"https:\/\/ubaldofernandes.com\/?post_type=news&#038;p=4836"},"modified":"2022-10-19T13:19:55","modified_gmt":"2022-10-19T16:19:55","slug":"liderancas-realizam-piseiro-de-lula-nas-rocas","status":"publish","type":"news","link":"https:\/\/ubaldofernandes.com\/index.php\/news\/liderancas-realizam-piseiro-de-lula-nas-rocas\/","title":{"rendered":"Lideran\u00e7as  realizam Piseiro de Lula nas Rocas"},"content":{"rendered":"\n<p>Uma das mobiliza\u00e7\u00f5es de campanha que mais tem levado militantes e simpatizantes do candidato \u00e0 Presid\u00eancia da Rep\u00fablica, Lu\u00eds In\u00e1cio Lula da Silva, \u00e0s ruas do Rio Grande do Norte \u00e9 o Piseiro. Com jingles de campanha e a caracter\u00edstica principal de sensibiliza\u00e7\u00e3o corpo a corpo, o ato arrasta multid\u00f5es. A expectativa desta semana em Natal \u00e9 com o \u201cPiseiro de Lula na Zona Leste\u201d, que acontecer\u00e1 nesta quinta-feira (20), a partir das 18h, no bairro das Rocas.<\/p>\n\n\n\n<p>O evento, organizado pelo Comit\u00ea Canguleiro de Luta, tem presen\u00e7as confirmadas da governadora reeleita F\u00e1tima Bezerra (PT), da deputada federal mais votada no estado, Nat\u00e1lia Bonavides (PT), al\u00e9m do tamb\u00e9m eleito para a C\u00e2mara Federal, Fernando Mineiro, e outras lideran\u00e7as que lograram \u00eaxito para a Assembleia Legislativa da legenda, como a deputada reeleita Isolda Dantas e a deputada eleita, a atual vereadora de Natal Divaneide Bas\u00edlio. Da regi\u00e3o, destaque para as participa\u00e7\u00f5es do deputado estadual Ubaldo Fernandes (PSDB) e do vereador Herberth Sena (PSDB), que refor\u00e7am a campanha do petista na regi\u00e3o onde dominam eleitoralmente.<br><\/p>\n\n\n\n<p>\u201cN\u00f3s sempre realizamos o tradicional Arrast\u00e3o, que toma conta das vias principais do nosso bairro, e nossa expectativa \u00e9 de um evento ainda maior agora com as participa\u00e7\u00f5es de v\u00e1rias lideran\u00e7as estaduais, unidas no prop\u00f3sito de eleger o melhor presidente da hist\u00f3ria do nosso pa\u00eds. Estou confiante que vamos ampliar a vota\u00e7\u00e3o em Lula na nossa regi\u00e3o neste segundo turno e teremos uma linda vit\u00f3ria no dia 30 de outubro em toda Natal e no Rio Grande do Norte\u201d, destaca Ubaldo, que \u00e9 um dos organizadores do evento.<br><\/p>\n\n\n\n<p>O \u201cPiseiro de Lula na zona Leste\u201d ter\u00e1 percurso de 3,2 km, com concentra\u00e7\u00e3o na Pra\u00e7a Mestre Francisco Valentim, localizada na Rua Pereira Sim\u00f5es, que \u00e9 mais conhecida como Pra\u00e7a da Vila Ferrovi\u00e1ria. O trajeto segue pelas ruas Areal, Belo Horizonte, Jordan\u00eas, Travessa Jordan\u00eas, Rua da Esperan\u00e7a, Mestre Lucarino, Decio Fonseca, Cauby Barroca, Cl\u00ednico Boeno Asas, S\u00e3o Jorge, S\u00e3o Jo\u00e3o e encerra na Rotat\u00f3ria.<\/p>\n","protected":false},"featured_media":4837,"parent":0,"template":"","class_list":["post-4836","news","type-news","status-publish","has-post-thumbnail","hentry"],"acf":[],"yoast_head":"<!-- This site is optimized with the Yoast SEO plugin v24.6 - https:\/\/yoast.com\/wordpress\/plugins\/seo\/ -->\n<title>Lideran\u00e7as realizam Piseiro de Lula nas Rocas - Ubaldo Fernandes<\/title>\n<meta name=\"robots\" content=\"index, follow, max-snippet:-1, max-image-preview:large, max-video-preview:-1\" \/>\n<link rel=\"canonical\" href=\"https:\/\/ubaldofernandes.com\/index.php\/news\/liderancas-realizam-piseiro-de-lula-nas-rocas\/\" \/>\n<meta property=\"og:locale\" content=\"pt_BR\" \/>\n<meta property=\"og:type\" content=\"article\" \/>\n<meta property=\"og:title\" content=\"Lideran\u00e7as realizam Piseiro de Lula nas Rocas - Ubaldo Fernandes\" \/>\n<meta property=\"og:description\" content=\"Uma das mobiliza\u00e7\u00f5es de campanha que mais tem levado militantes e simpatizantes do candidato \u00e0 Presid\u00eancia da Rep\u00fablica, Lu\u00eds In\u00e1cio Lula da Silva, \u00e0s ruas do Rio Grande do Norte \u00e9 o Piseiro. Com jingles de campanha e a caracter\u00edstica principal de sensibiliza\u00e7\u00e3o corpo a corpo, o ato arrasta multid\u00f5es. A expectativa desta semana em [&hellip;]\" \/>\n<meta property=\"og:url\" content=\"https:\/\/ubaldofernandes.com\/index.php\/news\/liderancas-realizam-piseiro-de-lula-nas-rocas\/\" \/>\n<meta property=\"og:site_name\" content=\"Ubaldo Fernandes\" \/>\n<meta property=\"article:modified_time\" content=\"2022-10-19T16:19:55+00:00\" \/>\n<meta property=\"og:image\" content=\"https:\/\/ubaldofernandes.com\/wp-content\/uploads\/2022\/10\/WhatsApp-Image-2022-10-19-at-09.21.36.jpeg\" \/>\n\t<meta property=\"og:image:width\" content=\"706\" \/>\n\t<meta property=\"og:image:height\" content=\"690\" \/>\n\t<meta property=\"og:image:type\" content=\"image\/jpeg\" \/>\n<meta name=\"twitter:card\" content=\"summary_large_image\" \/>\n<meta name=\"twitter:label1\" content=\"Est. tempo de leitura\" \/>\n\t<meta name=\"twitter:data1\" content=\"2 minutos\" \/>\n<script type=\"application\/ld+json\" class=\"yoast-schema-graph\">{\"@context\":\"https:\/\/schema.org\",\"@graph\":[{\"@type\":\"WebPage\",\"@id\":\"https:\/\/ubaldofernandes.com\/index.php\/news\/liderancas-realizam-piseiro-de-lula-nas-rocas\/\",\"url\":\"https:\/\/ubaldofernandes.com\/index.php\/news\/liderancas-realizam-piseiro-de-lula-nas-rocas\/\",\"name\":\"Lideran\u00e7as realizam Piseiro de Lula nas Rocas - Ubaldo Fernandes\",\"isPartOf\":{\"@id\":\"https:\/\/ubaldofernandes.com\/#website\"},\"primaryImageOfPage\":{\"@id\":\"https:\/\/ubaldofernandes.com\/index.php\/news\/liderancas-realizam-piseiro-de-lula-nas-rocas\/#primaryimage\"},\"image\":{\"@id\":\"https:\/\/ubaldofernandes.com\/index.php\/news\/liderancas-realizam-piseiro-de-lula-nas-rocas\/#primaryimage\"},\"thumbnailUrl\":\"https:\/\/ubaldofernandes.com\/wp-content\/uploads\/2022\/10\/WhatsApp-Image-2022-10-19-at-09.21.36.jpeg\",\"datePublished\":\"2022-10-19T16:19:48+00:00\",\"dateModified\":\"2022-10-19T16:19:55+00:00\",\"breadcrumb\":{\"@id\":\"https:\/\/ubaldofernandes.com\/index.php\/news\/liderancas-realizam-piseiro-de-lula-nas-rocas\/#breadcrumb\"},\"inLanguage\":\"pt-BR\",\"potentialAction\":[{\"@type\":\"ReadAction\",\"target\":[\"https:\/\/ubaldofernandes.com\/index.php\/news\/liderancas-realizam-piseiro-de-lula-nas-rocas\/\"]}]},{\"@type\":\"ImageObject\",\"inLanguage\":\"pt-BR\",\"@id\":\"https:\/\/ubaldofernandes.com\/index.php\/news\/liderancas-realizam-piseiro-de-lula-nas-rocas\/#primaryimage\",\"url\":\"https:\/\/ubaldofernandes.com\/wp-content\/uploads\/2022\/10\/WhatsApp-Image-2022-10-19-at-09.21.36.jpeg\",\"contentUrl\":\"https:\/\/ubaldofernandes.com\/wp-content\/uploads\/2022\/10\/WhatsApp-Image-2022-10-19-at-09.21.36.jpeg\",\"width\":706,\"height\":690},{\"@type\":\"BreadcrumbList\",\"@id\":\"https:\/\/ubaldofernandes.com\/index.php\/news\/liderancas-realizam-piseiro-de-lula-nas-rocas\/#breadcrumb\",\"itemListElement\":[{\"@type\":\"ListItem\",\"position\":1,\"name\":\"In\u00edcio\",\"item\":\"https:\/\/ubaldofernandes.com\/\"},{\"@type\":\"ListItem\",\"position\":2,\"name\":\"Not\u00edcias\",\"item\":\"https:\/\/ubaldofernandes.com\/index.php\/news\/\"},{\"@type\":\"ListItem\",\"position\":3,\"name\":\"Lideran\u00e7as realizam Piseiro de Lula nas Rocas\"}]},{\"@type\":\"WebSite\",\"@id\":\"https:\/\/ubaldofernandes.com\/#website\",\"url\":\"https:\/\/ubaldofernandes.com\/\",\"name\":\"Ubaldo Fernandes\",\"description\":\"Deputado Estadual\",\"potentialAction\":[{\"@type\":\"SearchAction\",\"target\":{\"@type\":\"EntryPoint\",\"urlTemplate\":\"https:\/\/ubaldofernandes.com\/?s={search_term_string}\"},\"query-input\":{\"@type\":\"PropertyValueSpecification\",\"valueRequired\":true,\"valueName\":\"search_term_string\"}}],\"inLanguage\":\"pt-BR\"}]}<\/script>\n<!-- \/ Yoast SEO plugin. -->","yoast_head_json":{"title":"Lideran\u00e7as realizam Piseiro de Lula nas Rocas - Ubaldo Fernandes","robots":{"index":"index","follow":"follow","max-snippet":"max-snippet:-1","max-image-preview":"max-image-preview:large","max-video-preview":"max-video-preview:-1"},"canonical":"https:\/\/ubaldofernandes.com\/index.php\/news\/liderancas-realizam-piseiro-de-lula-nas-rocas\/","og_locale":"pt_BR","og_type":"article","og_title":"Lideran\u00e7as realizam Piseiro de Lula nas Rocas - Ubaldo Fernandes","og_description":"Uma das mobiliza\u00e7\u00f5es de campanha que mais tem levado militantes e simpatizantes do candidato \u00e0 Presid\u00eancia da Rep\u00fablica, Lu\u00eds In\u00e1cio Lula da Silva, \u00e0s ruas do Rio Grande do Norte \u00e9 o Piseiro. Com jingles de campanha e a caracter\u00edstica principal de sensibiliza\u00e7\u00e3o corpo a corpo, o ato arrasta multid\u00f5es. A expectativa desta semana em [&hellip;]","og_url":"https:\/\/ubaldofernandes.com\/index.php\/news\/liderancas-realizam-piseiro-de-lula-nas-rocas\/","og_site_name":"Ubaldo Fernandes","article_modified_time":"2022-10-19T16:19:55+00:00","og_image":[{"width":706,"height":690,"url":"https:\/\/ubaldofernandes.com\/wp-content\/uploads\/2022\/10\/WhatsApp-Image-2022-10-19-at-09.21.36.jpeg","type":"image\/jpeg"}],"twitter_card":"summary_large_image","twitter_misc":{"Est. tempo de leitura":"2 minutos"},"schema":{"@context":"https:\/\/schema.org","@graph":[{"@type":"WebPage","@id":"https:\/\/ubaldofernandes.com\/index.php\/news\/liderancas-realizam-piseiro-de-lula-nas-rocas\/","url":"https:\/\/ubaldofernandes.com\/index.php\/news\/liderancas-realizam-piseiro-de-lula-nas-rocas\/","name":"Lideran\u00e7as realizam Piseiro de Lula nas Rocas - Ubaldo Fernandes","isPartOf":{"@id":"https:\/\/ubaldofernandes.com\/#website"},"primaryImageOfPage":{"@id":"https:\/\/ubaldofernandes.com\/index.php\/news\/liderancas-realizam-piseiro-de-lula-nas-rocas\/#primaryimage"},"image":{"@id":"https:\/\/ubaldofernandes.com\/index.php\/news\/liderancas-realizam-piseiro-de-lula-nas-rocas\/#primaryimage"},"thumbnailUrl":"https:\/\/ubaldofernandes.com\/wp-content\/uploads\/2022\/10\/WhatsApp-Image-2022-10-19-at-09.21.36.jpeg","datePublished":"2022-10-19T16:19:48+00:00","dateModified":"2022-10-19T16:19:55+00:00","breadcrumb":{"@id":"https:\/\/ubaldofernandes.com\/index.php\/news\/liderancas-realizam-piseiro-de-lula-nas-rocas\/#breadcrumb"},"inLanguage":"pt-BR","potentialAction":[{"@type":"ReadAction","target":["https:\/\/ubaldofernandes.com\/index.php\/news\/liderancas-realizam-piseiro-de-lula-nas-rocas\/"]}]},{"@type":"ImageObject","inLanguage":"pt-BR","@id":"https:\/\/ubaldofernandes.com\/index.php\/news\/liderancas-realizam-piseiro-de-lula-nas-rocas\/#primaryimage","url":"https:\/\/ubaldofernandes.com\/wp-content\/uploads\/2022\/10\/WhatsApp-Image-2022-10-19-at-09.21.36.jpeg","contentUrl":"https:\/\/ubaldofernandes.com\/wp-content\/uploads\/2022\/10\/WhatsApp-Image-2022-10-19-at-09.21.36.jpeg","width":706,"height":690},{"@type":"BreadcrumbList","@id":"https:\/\/ubaldofernandes.com\/index.php\/news\/liderancas-realizam-piseiro-de-lula-nas-rocas\/#breadcrumb","itemListElement":[{"@type":"ListItem","position":1,"name":"In\u00edcio","item":"https:\/\/ubaldofernandes.com\/"},{"@type":"ListItem","position":2,"name":"Not\u00edcias","item":"https:\/\/ubaldofernandes.com\/index.php\/news\/"},{"@type":"ListItem","position":3,"name":"Lideran\u00e7as realizam Piseiro de Lula nas Rocas"}]},{"@type":"WebSite","@id":"https:\/\/ubaldofernandes.com\/#website","url":"https:\/\/ubaldofernandes.com\/","name":"Ubaldo Fernandes","description":"Deputado Estadual","potentialAction":[{"@type":"SearchAction","target":{"@type":"EntryPoint","urlTemplate":"https:\/\/ubaldofernandes.com\/?s={search_term_string}"},"query-input":{"@type":"PropertyValueSpecification","valueRequired":true,"valueName":"search_term_string"}}],"inLanguage":"pt-BR"}]}},"_links":{"self":[{"href":"https:\/\/ubaldofernandes.com\/index.php\/wp-json\/wp\/v2\/news\/4836","targetHints":{"allow":["GET"]}}],"collection":[{"href":"https:\/\/ubaldofernandes.com\/index.php\/wp-json\/wp\/v2\/news"}],"about":[{"href":"https:\/\/ubaldofernandes.com\/index.php\/wp-json\/wp\/v2\/types\/news"}],"wp:featuredmedia":[{"embeddable":true,"href":"https:\/\/ubaldofernandes.com\/index.php\/wp-json\/wp\/v2\/media\/4837"}],"wp:attachment":[{"href":"https:\/\/ubaldofernandes.com\/index.php\/wp-json\/wp\/v2\/media?parent=4836"}],"curies":[{"name":"wp","href":"https:\/\/api.w.org\/{rel}","templated":true}]}}