{"id":4859,"date":"2022-11-17T15:54:00","date_gmt":"2022-11-17T18:54:00","guid":{"rendered":"https:\/\/ubaldofernandes.com\/?post_type=news&#038;p=4859"},"modified":"2022-11-18T09:59:19","modified_gmt":"2022-11-18T12:59:19","slug":"mossoro-tera-delegacia-especializada-em-combate-de-furtos-e-roubos-de-veiculos","status":"publish","type":"news","link":"https:\/\/ubaldofernandes.com\/index.php\/news\/mossoro-tera-delegacia-especializada-em-combate-de-furtos-e-roubos-de-veiculos\/","title":{"rendered":"Mossor\u00f3 ter\u00e1 delegacia especializada em combate de furtos e roubos de ve\u00edculos"},"content":{"rendered":"\n<p>A segunda maior cidade do Rio Grande do Norte dever\u00e1 ganhar uma Delegacia Especializada de Defesa da Propriedade de Ve\u00edculos e Cargas (DEPROV). A medida foi anunciada nesta quinta-feira (17) por parlamentares ap\u00f3s uma reuni\u00e3o com o titular da Secretaria de Seguran\u00e7a P\u00fablica do Estado (SESED\/RN). A previs\u00e3o \u00e9 de que a instala\u00e7\u00e3o da unidade ocorra ainda neste m\u00eas.<\/p>\n\n\n\n<p>A garantia de implanta\u00e7\u00e3o de uma Deprov em Mossor\u00f3 foi divulgada&nbsp; por uma comiss\u00e3o coordenada pelo deputado estadual Ubaldo Fernandes, que foi composta pelos vereadores de Mossor\u00f3, Costinha, Naldo Feitosa, Ricardo de Dodoca, Genilson Alves e Lucas das Malhas. Segundo a comiss\u00e3o, a abertura da unidade da Pol\u00edcia Civil foi garantida em encontro na manh\u00e3 desta quinta com o titular da Sesed, coronel Ara\u00fajo, e com o delegado Bem-hur.<\/p>\n\n\n\n<p>A audi\u00eancia foi realizada no Centro Administrativo, em Natal. A comiss\u00e3o informou que at\u00e9 j\u00e1 foram publicadas, no Di\u00e1rio Oficial do Estado, as nomea\u00e7\u00f5es do delegado, agentes e escriv\u00e3es que atuar\u00e3o na Especializada, totalizando dez policiais civis. Ap\u00f3s a reuni\u00e3o, o deputado Ubaldo falou sobre o assunto durante sess\u00e3o ordin\u00e1ria na Assembleia Legislativa ontem.<\/p>\n\n\n\n<p>Ele destacou na ocasi\u00e3o que essa \u00e9 uma luta do mandato dele desde o ano de 2021, por entender a grande necessidade do servi\u00e7o na cidade, diante alto \u00edndice de furtos e roubos de ve\u00edculos, em que motocicletas v\u00eam sendo o principal alvo dessa modalidade criminosa. \u201cMossor\u00f3 necessitava de uma delegacia para combater esses furtos e roubos de ve\u00edculos\u201d, disse, pontuando que recentemente foram convocados 400 servidores da pol\u00edcia civil que est\u00e3o refor\u00e7ando a seguran\u00e7a, inclusive com a amplia\u00e7\u00e3o de servi\u00e7os. A comiss\u00e3o tamb\u00e9m informou que al\u00e9m da abertura da Deprov no munic\u00edpio, que deve ter uma data definida pela Sesed, a cidade ainda deve receber mais quatro viaturas.<\/p>\n\n\n\n<p>Mat\u00e9ria publicada pelo <a href=\"https:\/\/defato.com\/seguranca\/105211\/mossor-ter-delegacia-especializada-em-combate-de-furtos-e-roubos\">Blog Defato.com<\/a>.<\/p>\n","protected":false},"featured_media":4857,"parent":0,"template":"","class_list":["post-4859","news","type-news","status-publish","has-post-thumbnail","hentry"],"acf":[],"yoast_head":"<!-- This site is optimized with the Yoast SEO plugin v24.6 - https:\/\/yoast.com\/wordpress\/plugins\/seo\/ -->\n<title>Mossor\u00f3 ter\u00e1 delegacia especializada em combate de furtos e roubos de ve\u00edculos - Ubaldo Fernandes<\/title>\n<meta name=\"robots\" content=\"index, follow, max-snippet:-1, max-image-preview:large, max-video-preview:-1\" \/>\n<link rel=\"canonical\" href=\"https:\/\/ubaldofernandes.com\/index.php\/news\/mossoro-tera-delegacia-especializada-em-combate-de-furtos-e-roubos-de-veiculos\/\" \/>\n<meta property=\"og:locale\" content=\"pt_BR\" \/>\n<meta property=\"og:type\" content=\"article\" \/>\n<meta property=\"og:title\" content=\"Mossor\u00f3 ter\u00e1 delegacia especializada em combate de furtos e roubos de ve\u00edculos - Ubaldo Fernandes\" \/>\n<meta property=\"og:description\" content=\"A segunda maior cidade do Rio Grande do Norte dever\u00e1 ganhar uma Delegacia Especializada de Defesa da Propriedade de Ve\u00edculos e Cargas (DEPROV). A medida foi anunciada nesta quinta-feira (17) por parlamentares ap\u00f3s uma reuni\u00e3o com o titular da Secretaria de Seguran\u00e7a P\u00fablica do Estado (SESED\/RN). A previs\u00e3o \u00e9 de que a instala\u00e7\u00e3o da unidade [&hellip;]\" \/>\n<meta property=\"og:url\" content=\"https:\/\/ubaldofernandes.com\/index.php\/news\/mossoro-tera-delegacia-especializada-em-combate-de-furtos-e-roubos-de-veiculos\/\" \/>\n<meta property=\"og:site_name\" content=\"Ubaldo Fernandes\" \/>\n<meta property=\"article:modified_time\" content=\"2022-11-18T12:59:19+00:00\" \/>\n<meta property=\"og:image\" content=\"https:\/\/ubaldofernandes.com\/wp-content\/uploads\/2022\/11\/DELEGACIA-MOSSORO-2.jpg\" \/>\n\t<meta property=\"og:image:width\" content=\"1600\" \/>\n\t<meta property=\"og:image:height\" content=\"1200\" \/>\n\t<meta property=\"og:image:type\" content=\"image\/jpeg\" \/>\n<meta name=\"twitter:card\" content=\"summary_large_image\" \/>\n<meta name=\"twitter:label1\" content=\"Est. tempo de leitura\" \/>\n\t<meta name=\"twitter:data1\" content=\"2 minutos\" \/>\n<script type=\"application\/ld+json\" class=\"yoast-schema-graph\">{\"@context\":\"https:\/\/schema.org\",\"@graph\":[{\"@type\":\"WebPage\",\"@id\":\"https:\/\/ubaldofernandes.com\/index.php\/news\/mossoro-tera-delegacia-especializada-em-combate-de-furtos-e-roubos-de-veiculos\/\",\"url\":\"https:\/\/ubaldofernandes.com\/index.php\/news\/mossoro-tera-delegacia-especializada-em-combate-de-furtos-e-roubos-de-veiculos\/\",\"name\":\"Mossor\u00f3 ter\u00e1 delegacia especializada em combate de furtos e roubos de ve\u00edculos - Ubaldo Fernandes\",\"isPartOf\":{\"@id\":\"https:\/\/ubaldofernandes.com\/#website\"},\"primaryImageOfPage\":{\"@id\":\"https:\/\/ubaldofernandes.com\/index.php\/news\/mossoro-tera-delegacia-especializada-em-combate-de-furtos-e-roubos-de-veiculos\/#primaryimage\"},\"image\":{\"@id\":\"https:\/\/ubaldofernandes.com\/index.php\/news\/mossoro-tera-delegacia-especializada-em-combate-de-furtos-e-roubos-de-veiculos\/#primaryimage\"},\"thumbnailUrl\":\"https:\/\/ubaldofernandes.com\/wp-content\/uploads\/2022\/11\/DELEGACIA-MOSSORO-2.jpg\",\"datePublished\":\"2022-11-17T18:54:00+00:00\",\"dateModified\":\"2022-11-18T12:59:19+00:00\",\"breadcrumb\":{\"@id\":\"https:\/\/ubaldofernandes.com\/index.php\/news\/mossoro-tera-delegacia-especializada-em-combate-de-furtos-e-roubos-de-veiculos\/#breadcrumb\"},\"inLanguage\":\"pt-BR\",\"potentialAction\":[{\"@type\":\"ReadAction\",\"target\":[\"https:\/\/ubaldofernandes.com\/index.php\/news\/mossoro-tera-delegacia-especializada-em-combate-de-furtos-e-roubos-de-veiculos\/\"]}]},{\"@type\":\"ImageObject\",\"inLanguage\":\"pt-BR\",\"@id\":\"https:\/\/ubaldofernandes.com\/index.php\/news\/mossoro-tera-delegacia-especializada-em-combate-de-furtos-e-roubos-de-veiculos\/#primaryimage\",\"url\":\"https:\/\/ubaldofernandes.com\/wp-content\/uploads\/2022\/11\/DELEGACIA-MOSSORO-2.jpg\",\"contentUrl\":\"https:\/\/ubaldofernandes.com\/wp-content\/uploads\/2022\/11\/DELEGACIA-MOSSORO-2.jpg\",\"width\":1600,\"height\":1200},{\"@type\":\"BreadcrumbList\",\"@id\":\"https:\/\/ubaldofernandes.com\/index.php\/news\/mossoro-tera-delegacia-especializada-em-combate-de-furtos-e-roubos-de-veiculos\/#breadcrumb\",\"itemListElement\":[{\"@type\":\"ListItem\",\"position\":1,\"name\":\"In\u00edcio\",\"item\":\"https:\/\/ubaldofernandes.com\/\"},{\"@type\":\"ListItem\",\"position\":2,\"name\":\"Not\u00edcias\",\"item\":\"https:\/\/ubaldofernandes.com\/index.php\/news\/\"},{\"@type\":\"ListItem\",\"position\":3,\"name\":\"Mossor\u00f3 ter\u00e1 delegacia especializada em combate de furtos e roubos de ve\u00edculos\"}]},{\"@type\":\"WebSite\",\"@id\":\"https:\/\/ubaldofernandes.com\/#website\",\"url\":\"https:\/\/ubaldofernandes.com\/\",\"name\":\"Ubaldo Fernandes\",\"description\":\"Deputado Estadual\",\"potentialAction\":[{\"@type\":\"SearchAction\",\"target\":{\"@type\":\"EntryPoint\",\"urlTemplate\":\"https:\/\/ubaldofernandes.com\/?s={search_term_string}\"},\"query-input\":{\"@type\":\"PropertyValueSpecification\",\"valueRequired\":true,\"valueName\":\"search_term_string\"}}],\"inLanguage\":\"pt-BR\"}]}<\/script>\n<!-- \/ Yoast SEO plugin. -->","yoast_head_json":{"title":"Mossor\u00f3 ter\u00e1 delegacia especializada em combate de furtos e roubos de ve\u00edculos - Ubaldo Fernandes","robots":{"index":"index","follow":"follow","max-snippet":"max-snippet:-1","max-image-preview":"max-image-preview:large","max-video-preview":"max-video-preview:-1"},"canonical":"https:\/\/ubaldofernandes.com\/index.php\/news\/mossoro-tera-delegacia-especializada-em-combate-de-furtos-e-roubos-de-veiculos\/","og_locale":"pt_BR","og_type":"article","og_title":"Mossor\u00f3 ter\u00e1 delegacia especializada em combate de furtos e roubos de ve\u00edculos - Ubaldo Fernandes","og_description":"A segunda maior cidade do Rio Grande do Norte dever\u00e1 ganhar uma Delegacia Especializada de Defesa da Propriedade de Ve\u00edculos e Cargas (DEPROV). A medida foi anunciada nesta quinta-feira (17) por parlamentares ap\u00f3s uma reuni\u00e3o com o titular da Secretaria de Seguran\u00e7a P\u00fablica do Estado (SESED\/RN). A previs\u00e3o \u00e9 de que a instala\u00e7\u00e3o da unidade [&hellip;]","og_url":"https:\/\/ubaldofernandes.com\/index.php\/news\/mossoro-tera-delegacia-especializada-em-combate-de-furtos-e-roubos-de-veiculos\/","og_site_name":"Ubaldo Fernandes","article_modified_time":"2022-11-18T12:59:19+00:00","og_image":[{"width":1600,"height":1200,"url":"https:\/\/ubaldofernandes.com\/wp-content\/uploads\/2022\/11\/DELEGACIA-MOSSORO-2.jpg","type":"image\/jpeg"}],"twitter_card":"summary_large_image","twitter_misc":{"Est. tempo de leitura":"2 minutos"},"schema":{"@context":"https:\/\/schema.org","@graph":[{"@type":"WebPage","@id":"https:\/\/ubaldofernandes.com\/index.php\/news\/mossoro-tera-delegacia-especializada-em-combate-de-furtos-e-roubos-de-veiculos\/","url":"https:\/\/ubaldofernandes.com\/index.php\/news\/mossoro-tera-delegacia-especializada-em-combate-de-furtos-e-roubos-de-veiculos\/","name":"Mossor\u00f3 ter\u00e1 delegacia especializada em combate de furtos e roubos de ve\u00edculos - Ubaldo Fernandes","isPartOf":{"@id":"https:\/\/ubaldofernandes.com\/#website"},"primaryImageOfPage":{"@id":"https:\/\/ubaldofernandes.com\/index.php\/news\/mossoro-tera-delegacia-especializada-em-combate-de-furtos-e-roubos-de-veiculos\/#primaryimage"},"image":{"@id":"https:\/\/ubaldofernandes.com\/index.php\/news\/mossoro-tera-delegacia-especializada-em-combate-de-furtos-e-roubos-de-veiculos\/#primaryimage"},"thumbnailUrl":"https:\/\/ubaldofernandes.com\/wp-content\/uploads\/2022\/11\/DELEGACIA-MOSSORO-2.jpg","datePublished":"2022-11-17T18:54:00+00:00","dateModified":"2022-11-18T12:59:19+00:00","breadcrumb":{"@id":"https:\/\/ubaldofernandes.com\/index.php\/news\/mossoro-tera-delegacia-especializada-em-combate-de-furtos-e-roubos-de-veiculos\/#breadcrumb"},"inLanguage":"pt-BR","potentialAction":[{"@type":"ReadAction","target":["https:\/\/ubaldofernandes.com\/index.php\/news\/mossoro-tera-delegacia-especializada-em-combate-de-furtos-e-roubos-de-veiculos\/"]}]},{"@type":"ImageObject","inLanguage":"pt-BR","@id":"https:\/\/ubaldofernandes.com\/index.php\/news\/mossoro-tera-delegacia-especializada-em-combate-de-furtos-e-roubos-de-veiculos\/#primaryimage","url":"https:\/\/ubaldofernandes.com\/wp-content\/uploads\/2022\/11\/DELEGACIA-MOSSORO-2.jpg","contentUrl":"https:\/\/ubaldofernandes.com\/wp-content\/uploads\/2022\/11\/DELEGACIA-MOSSORO-2.jpg","width":1600,"height":1200},{"@type":"BreadcrumbList","@id":"https:\/\/ubaldofernandes.com\/index.php\/news\/mossoro-tera-delegacia-especializada-em-combate-de-furtos-e-roubos-de-veiculos\/#breadcrumb","itemListElement":[{"@type":"ListItem","position":1,"name":"In\u00edcio","item":"https:\/\/ubaldofernandes.com\/"},{"@type":"ListItem","position":2,"name":"Not\u00edcias","item":"https:\/\/ubaldofernandes.com\/index.php\/news\/"},{"@type":"ListItem","position":3,"name":"Mossor\u00f3 ter\u00e1 delegacia especializada em combate de furtos e roubos de ve\u00edculos"}]},{"@type":"WebSite","@id":"https:\/\/ubaldofernandes.com\/#website","url":"https:\/\/ubaldofernandes.com\/","name":"Ubaldo Fernandes","description":"Deputado Estadual","potentialAction":[{"@type":"SearchAction","target":{"@type":"EntryPoint","urlTemplate":"https:\/\/ubaldofernandes.com\/?s={search_term_string}"},"query-input":{"@type":"PropertyValueSpecification","valueRequired":true,"valueName":"search_term_string"}}],"inLanguage":"pt-BR"}]}},"_links":{"self":[{"href":"https:\/\/ubaldofernandes.com\/index.php\/wp-json\/wp\/v2\/news\/4859","targetHints":{"allow":["GET"]}}],"collection":[{"href":"https:\/\/ubaldofernandes.com\/index.php\/wp-json\/wp\/v2\/news"}],"about":[{"href":"https:\/\/ubaldofernandes.com\/index.php\/wp-json\/wp\/v2\/types\/news"}],"wp:featuredmedia":[{"embeddable":true,"href":"https:\/\/ubaldofernandes.com\/index.php\/wp-json\/wp\/v2\/media\/4857"}],"wp:attachment":[{"href":"https:\/\/ubaldofernandes.com\/index.php\/wp-json\/wp\/v2\/media?parent=4859"}],"curies":[{"name":"wp","href":"https:\/\/api.w.org\/{rel}","templated":true}]}}