{"id":4872,"date":"2022-12-13T13:40:00","date_gmt":"2022-12-13T16:40:00","guid":{"rendered":"https:\/\/ubaldofernandes.com\/?post_type=news&#038;p=4872"},"modified":"2022-12-13T15:46:37","modified_gmt":"2022-12-13T18:46:37","slug":"presidente-da-amico-sera-um-dos-24-homenageados-pela-al-na-sexta","status":"publish","type":"news","link":"https:\/\/ubaldofernandes.com\/index.php\/news\/presidente-da-amico-sera-um-dos-24-homenageados-pela-al-na-sexta\/","title":{"rendered":"Presidente da Amico ser\u00e1 um dos 24 homenageados pela AL na sexta"},"content":{"rendered":"\n<p>A Assembleia Legislativa do Rio Grande do Norte realiza na pr\u00f3xima sexta-feira (16), \u00e0s 9h, a solenidade de entrega das medalhas do M\u00e9rito Legislativo, Social, Educacional, Esportivo e Cultural em reconhecimento aos potiguares que contribu\u00edram para o desenvolvimento do Estado. O fundador e presidente da Amico (Associa\u00e7\u00e3o dos Amigos do Cora\u00e7\u00e3o da Crian\u00e7a), Jos\u00e9 Madson Vidal da Costa, ser\u00e1 um dos 24 homenageados. O anestesista chefe do servi\u00e7o de cirurgia card\u00edaca do Hospital Rio Grande e do Incor Natal receber\u00e1 a honraria do deputado Ubaldo Fernandes.<\/p>\n\n\n\n<p>\u201cEsse grande profissional representa o melhor do cidad\u00e3o norte-rio-grandense e por isso essa necess\u00e1ria homenagem com a maior honraria da nossa casa legislativa \u2013 do M\u00e9rito Legislativo. Doutor Madson fundou e abra\u00e7a, com toda dedica\u00e7\u00e3o e amor, a gest\u00e3o dessa entidade que j\u00e1 cuidou de mais de 4.000 crian\u00e7as do nosso estado. Um trabalho lindo, que tem reconhecimento nacional. Fico feliz em representar nosso povo nessa justa homenagem a esse cidad\u00e3o que inspira nosso melhor\u201d, diz o parlamentar.<\/p>\n\n\n\n<p>A Medalha do M\u00e9rito Social \u201cMaria do C\u00e9u Fernandes\u201d reconhece a mulher que tenha se dedicado \u00e0 causa social. A Medalha do M\u00e9rito Legislativo \u00e9 direcionada \u00e0s pessoas que comprovadamente tenham oferecido contribui\u00e7\u00f5es de relev\u00e2ncia para o desenvolvimento do Estado. O M\u00e9rito Cultural \u201cC\u00e2mara Cascudo\u201d, por sua vez, destina-se ao reconhecimento do trabalho para a manuten\u00e7\u00e3o das tradi\u00e7\u00f5es potiguares e fomento da cultura. J\u00e1 a Medalha do M\u00e9rito Educacional \u201cNoilde Ramalho\u201d ser\u00e1 entregue a quem tem servi\u00e7os prestados na educa\u00e7\u00e3o. A medalha do M\u00e9rito Esportivo \u201cMarinho Chagas\u201d reconhece as pessoas que contribu\u00edram para o esporte potiguar na temporada. Cada deputado indica um homenageado.<\/p>\n\n\n\n<p><strong>MADSON VIDAL<\/strong><\/p>\n\n\n\n<p>Jos\u00e9 Madson Vidal da Costa nasceu no munic\u00edpio de Marcelino Vieira, no Rio Grande do Norte, em 1964, filho de Luiz Vidal e Gideide Adilia. \u00c9 casado com Renata Vidal e pai de cinco filhos: Julia, Marina, Clara, Jos\u00e9 e Jo\u00e3o. Fez o prim\u00e1rio na Escola Estadual Padre Bernardino, na sua cidade natal no Alto Oeste, e o gin\u00e1sio na Escola Municipal Professor Manoel Assis, em Mossor\u00f3. J\u00e1 o segundo grau, fez na ent\u00e3o Escola T\u00e9cnica Federal do Rio Grande do Norte (ETFRN), em Natal \u2013 hoje Instituto Federal do Rio Grande do Norte (IFRN).<\/p>\n\n\n\n<p>Vidal foi aprovado no seu primeiro vestibular para o curso de Medicina da Universidade Federal do Rio Grande do Norte (UFRN), onde fez sua gradua\u00e7\u00e3o. Em seguida, fez resid\u00eancia m\u00e9dica em anestesiologia, na Santa Casa de Miseric\u00f3rdia, em Ribeir\u00e3o Preto (SP). Tem atua\u00e7\u00e3o nas principais unidades estaduais. Trabalhou no Hospital Walfredo Gurgel, Hospital Santa Catarina, Hospital Universit\u00e1rio Onofre Lopes, Maternidade Escola Janu\u00e1rio Cicco. Atuou, ainda, como m\u00e9dico-chefe anestesista card\u00edaco do Hospital S\u00e3o Lucas, Hospital M\u00e9dico Cir\u00fargico, Hospital Promater, Incor Natal e faz parte de um momento hist\u00f3rico da sa\u00fade potiguar: foi o anestesista principal do primeiro transplante card\u00edaco do estado do RN.<\/p>\n\n\n\n<p><strong>Confira a lista dos nomes que ser\u00e3o agraciados:<\/strong><\/p>\n\n\n\n<p>M\u00e9rito Social<br>Desembargadora Maria de Lourdes Medeiros de Azevedo<br>Direitos humanos<br>Desembargador Eridson Jo\u00e3o Fernandes Medeiros<br>Iolanda Gomes de Assis (in memorian)<br>Felipe Augusto Cortez Meira de Medeiros<br>M\u00e9rito Esportivo<br>Francisco de Assis Cir\u00edaco dos Santos<br>Ana Cl\u00e1udia Ara\u00fajo de Albuquerque<br>Silvio Romero Alves Machado J\u00fanior<br>M\u00e9rito Seguran\u00e7a<br>Cel. Alarico Jos\u00e9 Pessoa Azevedo Junior<br>Subtenente M\u00e1rcia de Carvalho Fernandes<br>Soldado Fernando Gleff Miranda Batista<br>Francisco Canind\u00e9 de Ara\u00fajo Silva<br>M\u00e9rito Cultural<br>Manoel Onofre de Souza J\u00fanior<br>Augusto James Pinto Mafaldo<br>S\u00f4nia Maria Fernandes Faustino<br>Marlene Galv\u00e3o (In Memoriam)<br>Mestre Ambr\u00f3sio C\u00f3rdula<br>M\u00e9rito Legislativo<br>Gustavo Montenegro Soares<br>Hilkea Carla de Souza Medeiros Lima<br>Jair Messias Bolsonaro<br>Dr. Manoel Marques de Melo<br>Jos\u00e9 M\u00e1dson Vidal da Costa<br>M\u00e9rito Educacional<br>Helena Varela de Ara\u00fajo<br>Maria da Concei\u00e7\u00e3o Cris\u00f3stomo de Medeiros Gon\u00e7alves Matos Flores.<br>Giuseppi da Costa<br>Sidarta Tollendal Gomes Ribeiro<br>M\u00e1rio S\u00e9rgio de Oliveira<\/p>\n\n\n\n<p>Mat\u00e9ria publicada no <a href=\"https:\/\/senadinhomacaiba.com.br\/presidente-da-amico-sera-um-dos-24-homenageados-pela-al-na-sexta\/\">Blog Senadinho Maca\u00edba<\/a>. <\/p>\n\n\n<div class=\"wp-block-image\">\n<figure class=\"aligncenter size-large\"><img loading=\"lazy\" decoding=\"async\" width=\"1024\" height=\"682\" src=\"https:\/\/ubaldofernandes.com\/wp-content\/uploads\/2022\/12\/medalha-1024x682.jpg\" alt=\"\" class=\"wp-image-4873\" srcset=\"https:\/\/ubaldofernandes.com\/wp-content\/uploads\/2022\/12\/medalha-1024x682.jpg 1024w, https:\/\/ubaldofernandes.com\/wp-content\/uploads\/2022\/12\/medalha-300x200.jpg 300w, https:\/\/ubaldofernandes.com\/wp-content\/uploads\/2022\/12\/medalha-768x512.jpg 768w, https:\/\/ubaldofernandes.com\/wp-content\/uploads\/2022\/12\/medalha.jpg 1280w\" sizes=\"auto, (max-width: 1024px) 100vw, 1024px\" \/><\/figure><\/div>","protected":false},"featured_media":4874,"parent":0,"template":"","class_list":["post-4872","news","type-news","status-publish","has-post-thumbnail","hentry"],"acf":[],"yoast_head":"<!-- This site is optimized with the Yoast SEO plugin v24.6 - https:\/\/yoast.com\/wordpress\/plugins\/seo\/ -->\n<title>Presidente da Amico ser\u00e1 um dos 24 homenageados pela AL na sexta - Ubaldo Fernandes<\/title>\n<meta name=\"robots\" content=\"index, follow, max-snippet:-1, max-image-preview:large, max-video-preview:-1\" \/>\n<link rel=\"canonical\" href=\"https:\/\/ubaldofernandes.com\/index.php\/news\/presidente-da-amico-sera-um-dos-24-homenageados-pela-al-na-sexta\/\" \/>\n<meta property=\"og:locale\" content=\"pt_BR\" \/>\n<meta property=\"og:type\" content=\"article\" \/>\n<meta property=\"og:title\" content=\"Presidente da Amico ser\u00e1 um dos 24 homenageados pela AL na sexta - Ubaldo Fernandes\" \/>\n<meta property=\"og:description\" content=\"A Assembleia Legislativa do Rio Grande do Norte realiza na pr\u00f3xima sexta-feira (16), \u00e0s 9h, a solenidade de entrega das medalhas do M\u00e9rito Legislativo, Social, Educacional, Esportivo e Cultural em reconhecimento aos potiguares que contribu\u00edram para o desenvolvimento do Estado. O fundador e presidente da Amico (Associa\u00e7\u00e3o dos Amigos do Cora\u00e7\u00e3o da Crian\u00e7a), Jos\u00e9 Madson [&hellip;]\" \/>\n<meta property=\"og:url\" content=\"https:\/\/ubaldofernandes.com\/index.php\/news\/presidente-da-amico-sera-um-dos-24-homenageados-pela-al-na-sexta\/\" \/>\n<meta property=\"og:site_name\" content=\"Ubaldo Fernandes\" \/>\n<meta property=\"article:modified_time\" content=\"2022-12-13T18:46:37+00:00\" \/>\n<meta property=\"og:image\" content=\"https:\/\/ubaldofernandes.com\/wp-content\/uploads\/2022\/12\/Presidente-Amico.jpeg\" \/>\n\t<meta property=\"og:image:width\" content=\"720\" \/>\n\t<meta property=\"og:image:height\" content=\"960\" \/>\n\t<meta property=\"og:image:type\" content=\"image\/jpeg\" \/>\n<meta name=\"twitter:card\" content=\"summary_large_image\" \/>\n<meta name=\"twitter:label1\" content=\"Est. tempo de leitura\" \/>\n\t<meta name=\"twitter:data1\" content=\"3 minutos\" \/>\n<script type=\"application\/ld+json\" class=\"yoast-schema-graph\">{\"@context\":\"https:\/\/schema.org\",\"@graph\":[{\"@type\":\"WebPage\",\"@id\":\"https:\/\/ubaldofernandes.com\/index.php\/news\/presidente-da-amico-sera-um-dos-24-homenageados-pela-al-na-sexta\/\",\"url\":\"https:\/\/ubaldofernandes.com\/index.php\/news\/presidente-da-amico-sera-um-dos-24-homenageados-pela-al-na-sexta\/\",\"name\":\"Presidente da Amico ser\u00e1 um dos 24 homenageados pela AL na sexta - Ubaldo Fernandes\",\"isPartOf\":{\"@id\":\"https:\/\/ubaldofernandes.com\/#website\"},\"primaryImageOfPage\":{\"@id\":\"https:\/\/ubaldofernandes.com\/index.php\/news\/presidente-da-amico-sera-um-dos-24-homenageados-pela-al-na-sexta\/#primaryimage\"},\"image\":{\"@id\":\"https:\/\/ubaldofernandes.com\/index.php\/news\/presidente-da-amico-sera-um-dos-24-homenageados-pela-al-na-sexta\/#primaryimage\"},\"thumbnailUrl\":\"https:\/\/ubaldofernandes.com\/wp-content\/uploads\/2022\/12\/Presidente-Amico.jpeg\",\"datePublished\":\"2022-12-13T16:40:00+00:00\",\"dateModified\":\"2022-12-13T18:46:37+00:00\",\"breadcrumb\":{\"@id\":\"https:\/\/ubaldofernandes.com\/index.php\/news\/presidente-da-amico-sera-um-dos-24-homenageados-pela-al-na-sexta\/#breadcrumb\"},\"inLanguage\":\"pt-BR\",\"potentialAction\":[{\"@type\":\"ReadAction\",\"target\":[\"https:\/\/ubaldofernandes.com\/index.php\/news\/presidente-da-amico-sera-um-dos-24-homenageados-pela-al-na-sexta\/\"]}]},{\"@type\":\"ImageObject\",\"inLanguage\":\"pt-BR\",\"@id\":\"https:\/\/ubaldofernandes.com\/index.php\/news\/presidente-da-amico-sera-um-dos-24-homenageados-pela-al-na-sexta\/#primaryimage\",\"url\":\"https:\/\/ubaldofernandes.com\/wp-content\/uploads\/2022\/12\/Presidente-Amico.jpeg\",\"contentUrl\":\"https:\/\/ubaldofernandes.com\/wp-content\/uploads\/2022\/12\/Presidente-Amico.jpeg\",\"width\":720,\"height\":960},{\"@type\":\"BreadcrumbList\",\"@id\":\"https:\/\/ubaldofernandes.com\/index.php\/news\/presidente-da-amico-sera-um-dos-24-homenageados-pela-al-na-sexta\/#breadcrumb\",\"itemListElement\":[{\"@type\":\"ListItem\",\"position\":1,\"name\":\"In\u00edcio\",\"item\":\"https:\/\/ubaldofernandes.com\/\"},{\"@type\":\"ListItem\",\"position\":2,\"name\":\"Not\u00edcias\",\"item\":\"https:\/\/ubaldofernandes.com\/index.php\/news\/\"},{\"@type\":\"ListItem\",\"position\":3,\"name\":\"Presidente da Amico ser\u00e1 um dos 24 homenageados pela AL na sexta\"}]},{\"@type\":\"WebSite\",\"@id\":\"https:\/\/ubaldofernandes.com\/#website\",\"url\":\"https:\/\/ubaldofernandes.com\/\",\"name\":\"Ubaldo Fernandes\",\"description\":\"Deputado Estadual\",\"potentialAction\":[{\"@type\":\"SearchAction\",\"target\":{\"@type\":\"EntryPoint\",\"urlTemplate\":\"https:\/\/ubaldofernandes.com\/?s={search_term_string}\"},\"query-input\":{\"@type\":\"PropertyValueSpecification\",\"valueRequired\":true,\"valueName\":\"search_term_string\"}}],\"inLanguage\":\"pt-BR\"}]}<\/script>\n<!-- \/ Yoast SEO plugin. -->","yoast_head_json":{"title":"Presidente da Amico ser\u00e1 um dos 24 homenageados pela AL na sexta - Ubaldo Fernandes","robots":{"index":"index","follow":"follow","max-snippet":"max-snippet:-1","max-image-preview":"max-image-preview:large","max-video-preview":"max-video-preview:-1"},"canonical":"https:\/\/ubaldofernandes.com\/index.php\/news\/presidente-da-amico-sera-um-dos-24-homenageados-pela-al-na-sexta\/","og_locale":"pt_BR","og_type":"article","og_title":"Presidente da Amico ser\u00e1 um dos 24 homenageados pela AL na sexta - Ubaldo Fernandes","og_description":"A Assembleia Legislativa do Rio Grande do Norte realiza na pr\u00f3xima sexta-feira (16), \u00e0s 9h, a solenidade de entrega das medalhas do M\u00e9rito Legislativo, Social, Educacional, Esportivo e Cultural em reconhecimento aos potiguares que contribu\u00edram para o desenvolvimento do Estado. O fundador e presidente da Amico (Associa\u00e7\u00e3o dos Amigos do Cora\u00e7\u00e3o da Crian\u00e7a), Jos\u00e9 Madson [&hellip;]","og_url":"https:\/\/ubaldofernandes.com\/index.php\/news\/presidente-da-amico-sera-um-dos-24-homenageados-pela-al-na-sexta\/","og_site_name":"Ubaldo Fernandes","article_modified_time":"2022-12-13T18:46:37+00:00","og_image":[{"width":720,"height":960,"url":"https:\/\/ubaldofernandes.com\/wp-content\/uploads\/2022\/12\/Presidente-Amico.jpeg","type":"image\/jpeg"}],"twitter_card":"summary_large_image","twitter_misc":{"Est. tempo de leitura":"3 minutos"},"schema":{"@context":"https:\/\/schema.org","@graph":[{"@type":"WebPage","@id":"https:\/\/ubaldofernandes.com\/index.php\/news\/presidente-da-amico-sera-um-dos-24-homenageados-pela-al-na-sexta\/","url":"https:\/\/ubaldofernandes.com\/index.php\/news\/presidente-da-amico-sera-um-dos-24-homenageados-pela-al-na-sexta\/","name":"Presidente da Amico ser\u00e1 um dos 24 homenageados pela AL na sexta - Ubaldo Fernandes","isPartOf":{"@id":"https:\/\/ubaldofernandes.com\/#website"},"primaryImageOfPage":{"@id":"https:\/\/ubaldofernandes.com\/index.php\/news\/presidente-da-amico-sera-um-dos-24-homenageados-pela-al-na-sexta\/#primaryimage"},"image":{"@id":"https:\/\/ubaldofernandes.com\/index.php\/news\/presidente-da-amico-sera-um-dos-24-homenageados-pela-al-na-sexta\/#primaryimage"},"thumbnailUrl":"https:\/\/ubaldofernandes.com\/wp-content\/uploads\/2022\/12\/Presidente-Amico.jpeg","datePublished":"2022-12-13T16:40:00+00:00","dateModified":"2022-12-13T18:46:37+00:00","breadcrumb":{"@id":"https:\/\/ubaldofernandes.com\/index.php\/news\/presidente-da-amico-sera-um-dos-24-homenageados-pela-al-na-sexta\/#breadcrumb"},"inLanguage":"pt-BR","potentialAction":[{"@type":"ReadAction","target":["https:\/\/ubaldofernandes.com\/index.php\/news\/presidente-da-amico-sera-um-dos-24-homenageados-pela-al-na-sexta\/"]}]},{"@type":"ImageObject","inLanguage":"pt-BR","@id":"https:\/\/ubaldofernandes.com\/index.php\/news\/presidente-da-amico-sera-um-dos-24-homenageados-pela-al-na-sexta\/#primaryimage","url":"https:\/\/ubaldofernandes.com\/wp-content\/uploads\/2022\/12\/Presidente-Amico.jpeg","contentUrl":"https:\/\/ubaldofernandes.com\/wp-content\/uploads\/2022\/12\/Presidente-Amico.jpeg","width":720,"height":960},{"@type":"BreadcrumbList","@id":"https:\/\/ubaldofernandes.com\/index.php\/news\/presidente-da-amico-sera-um-dos-24-homenageados-pela-al-na-sexta\/#breadcrumb","itemListElement":[{"@type":"ListItem","position":1,"name":"In\u00edcio","item":"https:\/\/ubaldofernandes.com\/"},{"@type":"ListItem","position":2,"name":"Not\u00edcias","item":"https:\/\/ubaldofernandes.com\/index.php\/news\/"},{"@type":"ListItem","position":3,"name":"Presidente da Amico ser\u00e1 um dos 24 homenageados pela AL na sexta"}]},{"@type":"WebSite","@id":"https:\/\/ubaldofernandes.com\/#website","url":"https:\/\/ubaldofernandes.com\/","name":"Ubaldo Fernandes","description":"Deputado Estadual","potentialAction":[{"@type":"SearchAction","target":{"@type":"EntryPoint","urlTemplate":"https:\/\/ubaldofernandes.com\/?s={search_term_string}"},"query-input":{"@type":"PropertyValueSpecification","valueRequired":true,"valueName":"search_term_string"}}],"inLanguage":"pt-BR"}]}},"_links":{"self":[{"href":"https:\/\/ubaldofernandes.com\/index.php\/wp-json\/wp\/v2\/news\/4872","targetHints":{"allow":["GET"]}}],"collection":[{"href":"https:\/\/ubaldofernandes.com\/index.php\/wp-json\/wp\/v2\/news"}],"about":[{"href":"https:\/\/ubaldofernandes.com\/index.php\/wp-json\/wp\/v2\/types\/news"}],"wp:featuredmedia":[{"embeddable":true,"href":"https:\/\/ubaldofernandes.com\/index.php\/wp-json\/wp\/v2\/media\/4874"}],"wp:attachment":[{"href":"https:\/\/ubaldofernandes.com\/index.php\/wp-json\/wp\/v2\/media?parent=4872"}],"curies":[{"name":"wp","href":"https:\/\/api.w.org\/{rel}","templated":true}]}}