{"id":4893,"date":"2023-02-01T18:18:00","date_gmt":"2023-02-01T21:18:00","guid":{"rendered":"https:\/\/ubaldofernandes.com\/?post_type=news&#038;p=4893"},"modified":"2023-02-01T20:15:18","modified_gmt":"2023-02-01T23:15:18","slug":"empossado-para-2o-mandato-ubaldo-se-compromete-com-mais-acoes-concretas-para-a-populacao","status":"publish","type":"news","link":"https:\/\/ubaldofernandes.com\/index.php\/news\/empossado-para-2o-mandato-ubaldo-se-compromete-com-mais-acoes-concretas-para-a-populacao\/","title":{"rendered":"Empossado para 2\u00ba mandato, Ubaldo se compromete com mais a\u00e7\u00f5es concretas para a popula\u00e7\u00e3o"},"content":{"rendered":"\n<p>Os 24 deputados estaduais eleitos no Rio Grande do Norte no pleito de 2022 para a 63\u00aa legislatura tomaram posse nesta quarta-feira (1) em solenidade que foi acompanhada pela governadora do RN, F\u00e1tima Bezerra (PT), autoridades estaduais, prefeitos e presidentes de c\u00e2maras municipais, al\u00e9m dos familiares e amigos convidados pelos parlamentares eleitos.<\/p>\n\n\n\n<p>Reeleito ap\u00f3s retotaliza\u00e7\u00e3o dos votos, o deputado estadual Ubaldo Fernandes (PSDB) reafirmou compromisso com as pautas dos potiguares que mais precisam de aten\u00e7\u00e3o dos representantes p\u00fablicos na Assembleia Legislativa. \u201cNossa miss\u00e3o continua. Fui reeleito e agrade\u00e7o os 34.426 potiguares que confiam no nosso trabalho comprometido com os mais de 3 milh\u00f5es de norte-rio-grandenses. Vamos continuar essa luta importante em defesa de uma sociedade mais justa, mais fraterna e mais solid\u00e1ria\u201d, destacou ele \u00e0 imprensa.<\/p>\n\n\n\n<p>O parlamentar enfatiza que sua atua\u00e7\u00e3o leva em considera\u00e7\u00e3o que os cidad\u00e3os est\u00e3o cansados de discursos e por isso ele busca ser sempre resolutivo. \u201cEstamos num estado em que a educa\u00e7\u00e3o n\u00e3o tem boa avalia\u00e7\u00e3o, precisamos melhorar a malha vi\u00e1ria, como tamb\u00e9m ampliar o apoio ao homem do campo, levando \u00e1gua aos distritos onde h\u00e1 escassez. Nosso mandato vai focar nas quest\u00f5es sociais, cobrando do governo a\u00e7\u00f5es pr\u00e1ticas para diminuir as desigualdades sociais nos 167 munic\u00edpios. Essa \u00e9 nossa meta. Nosso segundo mandato fortalecer\u00e1 esse foco de trabalhar os anseios da minha querida popula\u00e7\u00e3o do Rio Grande do Norte\u201d.<\/p>\n\n\n\n<p>A 63\u00aa legislatura vai de 1\u00ba de fevereiro de 2023 a 31 de janeiro de 2027. A sess\u00e3o preparat\u00f3ria, conduzida pelo atual presidente Ezequiel Ferreira (PSDB), iniciou com a abertura e composi\u00e7\u00e3o da mesa com autoridades; leitura do compromisso constitucional; leitura dos Termos de Posse pelo primeiro secret\u00e1rio, juramento dos deputados e consequente assinatura pelos empossados.<\/p>\n\n\n\n<p>Mat\u00e9ria publicada no <a href=\"https:\/\/blogafonte.com.br\/2023\/02\/01\/empossado-para-2o-mandato-ubaldo-se-compromete-com-mais-acoes-concretas-para-a-populacao\/\">Blog A Fonte<\/a>. <\/p>\n\n\n\n<figure class=\"wp-block-gallery has-nested-images columns-default is-cropped wp-block-gallery-1 is-layout-flex wp-block-gallery-is-layout-flex\">\n<figure class=\"wp-block-image size-large\"><a href=\"https:\/\/ubaldofernandes.com\/wp-content\/uploads\/2023\/02\/posse-2-mandato-C.jpeg\"><img loading=\"lazy\" decoding=\"async\" width=\"1024\" height=\"682\" data-id=\"4897\" src=\"https:\/\/ubaldofernandes.com\/wp-content\/uploads\/2023\/02\/posse-2-mandato-C-1024x682.jpeg\" alt=\"\" class=\"wp-image-4897\" srcset=\"https:\/\/ubaldofernandes.com\/wp-content\/uploads\/2023\/02\/posse-2-mandato-C-1024x682.jpeg 1024w, https:\/\/ubaldofernandes.com\/wp-content\/uploads\/2023\/02\/posse-2-mandato-C-300x200.jpeg 300w, https:\/\/ubaldofernandes.com\/wp-content\/uploads\/2023\/02\/posse-2-mandato-C-768x511.jpeg 768w, https:\/\/ubaldofernandes.com\/wp-content\/uploads\/2023\/02\/posse-2-mandato-C.jpeg 1440w\" sizes=\"auto, (max-width: 1024px) 100vw, 1024px\" \/><\/a><\/figure>\n\n\n\n<figure class=\"wp-block-image size-large\"><a href=\"https:\/\/ubaldofernandes.com\/wp-content\/uploads\/2023\/02\/posse-2-mandato-D.jpeg\"><img loading=\"lazy\" decoding=\"async\" width=\"1024\" height=\"682\" data-id=\"4895\" src=\"https:\/\/ubaldofernandes.com\/wp-content\/uploads\/2023\/02\/posse-2-mandato-D-1024x682.jpeg\" alt=\"\" class=\"wp-image-4895\" srcset=\"https:\/\/ubaldofernandes.com\/wp-content\/uploads\/2023\/02\/posse-2-mandato-D-1024x682.jpeg 1024w, https:\/\/ubaldofernandes.com\/wp-content\/uploads\/2023\/02\/posse-2-mandato-D-300x200.jpeg 300w, https:\/\/ubaldofernandes.com\/wp-content\/uploads\/2023\/02\/posse-2-mandato-D-768x511.jpeg 768w, https:\/\/ubaldofernandes.com\/wp-content\/uploads\/2023\/02\/posse-2-mandato-D.jpeg 1440w\" sizes=\"auto, (max-width: 1024px) 100vw, 1024px\" \/><\/a><\/figure>\n\n\n\n<figure class=\"wp-block-image size-large\"><a href=\"https:\/\/ubaldofernandes.com\/wp-content\/uploads\/2023\/02\/posse-2-mandato.jpeg\"><img loading=\"lazy\" decoding=\"async\" width=\"1024\" height=\"682\" data-id=\"4896\" src=\"https:\/\/ubaldofernandes.com\/wp-content\/uploads\/2023\/02\/posse-2-mandato-1024x682.jpeg\" alt=\"\" class=\"wp-image-4896\" srcset=\"https:\/\/ubaldofernandes.com\/wp-content\/uploads\/2023\/02\/posse-2-mandato-1024x682.jpeg 1024w, https:\/\/ubaldofernandes.com\/wp-content\/uploads\/2023\/02\/posse-2-mandato-300x200.jpeg 300w, https:\/\/ubaldofernandes.com\/wp-content\/uploads\/2023\/02\/posse-2-mandato-768x511.jpeg 768w, https:\/\/ubaldofernandes.com\/wp-content\/uploads\/2023\/02\/posse-2-mandato.jpeg 1440w\" sizes=\"auto, (max-width: 1024px) 100vw, 1024px\" \/><\/a><\/figure>\n<\/figure>\n","protected":false},"featured_media":4894,"parent":0,"template":"","class_list":["post-4893","news","type-news","status-publish","has-post-thumbnail","hentry"],"acf":[],"yoast_head":"<!-- This site is optimized with the Yoast SEO plugin v24.6 - https:\/\/yoast.com\/wordpress\/plugins\/seo\/ -->\n<title>Empossado para 2\u00ba mandato, Ubaldo se compromete com mais a\u00e7\u00f5es concretas para a popula\u00e7\u00e3o - Ubaldo Fernandes<\/title>\n<meta name=\"robots\" content=\"index, follow, max-snippet:-1, max-image-preview:large, max-video-preview:-1\" \/>\n<link rel=\"canonical\" href=\"https:\/\/ubaldofernandes.com\/index.php\/news\/empossado-para-2o-mandato-ubaldo-se-compromete-com-mais-acoes-concretas-para-a-populacao\/\" \/>\n<meta property=\"og:locale\" content=\"pt_BR\" \/>\n<meta property=\"og:type\" content=\"article\" \/>\n<meta property=\"og:title\" content=\"Empossado para 2\u00ba mandato, Ubaldo se compromete com mais a\u00e7\u00f5es concretas para a popula\u00e7\u00e3o - Ubaldo Fernandes\" \/>\n<meta property=\"og:description\" content=\"Os 24 deputados estaduais eleitos no Rio Grande do Norte no pleito de 2022 para a 63\u00aa legislatura tomaram posse nesta quarta-feira (1) em solenidade que foi acompanhada pela governadora do RN, F\u00e1tima Bezerra (PT), autoridades estaduais, prefeitos e presidentes de c\u00e2maras municipais, al\u00e9m dos familiares e amigos convidados pelos parlamentares eleitos. Reeleito ap\u00f3s retotaliza\u00e7\u00e3o [&hellip;]\" \/>\n<meta property=\"og:url\" content=\"https:\/\/ubaldofernandes.com\/index.php\/news\/empossado-para-2o-mandato-ubaldo-se-compromete-com-mais-acoes-concretas-para-a-populacao\/\" \/>\n<meta property=\"og:site_name\" content=\"Ubaldo Fernandes\" \/>\n<meta property=\"article:modified_time\" content=\"2023-02-01T23:15:18+00:00\" \/>\n<meta property=\"og:image\" content=\"https:\/\/ubaldofernandes.com\/wp-content\/uploads\/2023\/02\/posse-2-mandato-B.jpeg\" \/>\n\t<meta property=\"og:image:width\" content=\"1440\" \/>\n\t<meta property=\"og:image:height\" content=\"959\" \/>\n\t<meta property=\"og:image:type\" content=\"image\/jpeg\" \/>\n<meta name=\"twitter:card\" content=\"summary_large_image\" \/>\n<meta name=\"twitter:label1\" content=\"Est. tempo de leitura\" \/>\n\t<meta name=\"twitter:data1\" content=\"2 minutos\" \/>\n<script type=\"application\/ld+json\" class=\"yoast-schema-graph\">{\"@context\":\"https:\/\/schema.org\",\"@graph\":[{\"@type\":\"WebPage\",\"@id\":\"https:\/\/ubaldofernandes.com\/index.php\/news\/empossado-para-2o-mandato-ubaldo-se-compromete-com-mais-acoes-concretas-para-a-populacao\/\",\"url\":\"https:\/\/ubaldofernandes.com\/index.php\/news\/empossado-para-2o-mandato-ubaldo-se-compromete-com-mais-acoes-concretas-para-a-populacao\/\",\"name\":\"Empossado para 2\u00ba mandato, Ubaldo se compromete com mais a\u00e7\u00f5es concretas para a popula\u00e7\u00e3o - Ubaldo Fernandes\",\"isPartOf\":{\"@id\":\"https:\/\/ubaldofernandes.com\/#website\"},\"primaryImageOfPage\":{\"@id\":\"https:\/\/ubaldofernandes.com\/index.php\/news\/empossado-para-2o-mandato-ubaldo-se-compromete-com-mais-acoes-concretas-para-a-populacao\/#primaryimage\"},\"image\":{\"@id\":\"https:\/\/ubaldofernandes.com\/index.php\/news\/empossado-para-2o-mandato-ubaldo-se-compromete-com-mais-acoes-concretas-para-a-populacao\/#primaryimage\"},\"thumbnailUrl\":\"https:\/\/ubaldofernandes.com\/wp-content\/uploads\/2023\/02\/posse-2-mandato-B.jpeg\",\"datePublished\":\"2023-02-01T21:18:00+00:00\",\"dateModified\":\"2023-02-01T23:15:18+00:00\",\"breadcrumb\":{\"@id\":\"https:\/\/ubaldofernandes.com\/index.php\/news\/empossado-para-2o-mandato-ubaldo-se-compromete-com-mais-acoes-concretas-para-a-populacao\/#breadcrumb\"},\"inLanguage\":\"pt-BR\",\"potentialAction\":[{\"@type\":\"ReadAction\",\"target\":[\"https:\/\/ubaldofernandes.com\/index.php\/news\/empossado-para-2o-mandato-ubaldo-se-compromete-com-mais-acoes-concretas-para-a-populacao\/\"]}]},{\"@type\":\"ImageObject\",\"inLanguage\":\"pt-BR\",\"@id\":\"https:\/\/ubaldofernandes.com\/index.php\/news\/empossado-para-2o-mandato-ubaldo-se-compromete-com-mais-acoes-concretas-para-a-populacao\/#primaryimage\",\"url\":\"https:\/\/ubaldofernandes.com\/wp-content\/uploads\/2023\/02\/posse-2-mandato-B.jpeg\",\"contentUrl\":\"https:\/\/ubaldofernandes.com\/wp-content\/uploads\/2023\/02\/posse-2-mandato-B.jpeg\",\"width\":1440,\"height\":959},{\"@type\":\"BreadcrumbList\",\"@id\":\"https:\/\/ubaldofernandes.com\/index.php\/news\/empossado-para-2o-mandato-ubaldo-se-compromete-com-mais-acoes-concretas-para-a-populacao\/#breadcrumb\",\"itemListElement\":[{\"@type\":\"ListItem\",\"position\":1,\"name\":\"In\u00edcio\",\"item\":\"https:\/\/ubaldofernandes.com\/\"},{\"@type\":\"ListItem\",\"position\":2,\"name\":\"Not\u00edcias\",\"item\":\"https:\/\/ubaldofernandes.com\/index.php\/news\/\"},{\"@type\":\"ListItem\",\"position\":3,\"name\":\"Empossado para 2\u00ba mandato, Ubaldo se compromete com mais a\u00e7\u00f5es concretas para a popula\u00e7\u00e3o\"}]},{\"@type\":\"WebSite\",\"@id\":\"https:\/\/ubaldofernandes.com\/#website\",\"url\":\"https:\/\/ubaldofernandes.com\/\",\"name\":\"Ubaldo Fernandes\",\"description\":\"Deputado Estadual\",\"potentialAction\":[{\"@type\":\"SearchAction\",\"target\":{\"@type\":\"EntryPoint\",\"urlTemplate\":\"https:\/\/ubaldofernandes.com\/?s={search_term_string}\"},\"query-input\":{\"@type\":\"PropertyValueSpecification\",\"valueRequired\":true,\"valueName\":\"search_term_string\"}}],\"inLanguage\":\"pt-BR\"}]}<\/script>\n<!-- \/ Yoast SEO plugin. -->","yoast_head_json":{"title":"Empossado para 2\u00ba mandato, Ubaldo se compromete com mais a\u00e7\u00f5es concretas para a popula\u00e7\u00e3o - Ubaldo Fernandes","robots":{"index":"index","follow":"follow","max-snippet":"max-snippet:-1","max-image-preview":"max-image-preview:large","max-video-preview":"max-video-preview:-1"},"canonical":"https:\/\/ubaldofernandes.com\/index.php\/news\/empossado-para-2o-mandato-ubaldo-se-compromete-com-mais-acoes-concretas-para-a-populacao\/","og_locale":"pt_BR","og_type":"article","og_title":"Empossado para 2\u00ba mandato, Ubaldo se compromete com mais a\u00e7\u00f5es concretas para a popula\u00e7\u00e3o - Ubaldo Fernandes","og_description":"Os 24 deputados estaduais eleitos no Rio Grande do Norte no pleito de 2022 para a 63\u00aa legislatura tomaram posse nesta quarta-feira (1) em solenidade que foi acompanhada pela governadora do RN, F\u00e1tima Bezerra (PT), autoridades estaduais, prefeitos e presidentes de c\u00e2maras municipais, al\u00e9m dos familiares e amigos convidados pelos parlamentares eleitos. Reeleito ap\u00f3s retotaliza\u00e7\u00e3o [&hellip;]","og_url":"https:\/\/ubaldofernandes.com\/index.php\/news\/empossado-para-2o-mandato-ubaldo-se-compromete-com-mais-acoes-concretas-para-a-populacao\/","og_site_name":"Ubaldo Fernandes","article_modified_time":"2023-02-01T23:15:18+00:00","og_image":[{"width":1440,"height":959,"url":"https:\/\/ubaldofernandes.com\/wp-content\/uploads\/2023\/02\/posse-2-mandato-B.jpeg","type":"image\/jpeg"}],"twitter_card":"summary_large_image","twitter_misc":{"Est. tempo de leitura":"2 minutos"},"schema":{"@context":"https:\/\/schema.org","@graph":[{"@type":"WebPage","@id":"https:\/\/ubaldofernandes.com\/index.php\/news\/empossado-para-2o-mandato-ubaldo-se-compromete-com-mais-acoes-concretas-para-a-populacao\/","url":"https:\/\/ubaldofernandes.com\/index.php\/news\/empossado-para-2o-mandato-ubaldo-se-compromete-com-mais-acoes-concretas-para-a-populacao\/","name":"Empossado para 2\u00ba mandato, Ubaldo se compromete com mais a\u00e7\u00f5es concretas para a popula\u00e7\u00e3o - Ubaldo Fernandes","isPartOf":{"@id":"https:\/\/ubaldofernandes.com\/#website"},"primaryImageOfPage":{"@id":"https:\/\/ubaldofernandes.com\/index.php\/news\/empossado-para-2o-mandato-ubaldo-se-compromete-com-mais-acoes-concretas-para-a-populacao\/#primaryimage"},"image":{"@id":"https:\/\/ubaldofernandes.com\/index.php\/news\/empossado-para-2o-mandato-ubaldo-se-compromete-com-mais-acoes-concretas-para-a-populacao\/#primaryimage"},"thumbnailUrl":"https:\/\/ubaldofernandes.com\/wp-content\/uploads\/2023\/02\/posse-2-mandato-B.jpeg","datePublished":"2023-02-01T21:18:00+00:00","dateModified":"2023-02-01T23:15:18+00:00","breadcrumb":{"@id":"https:\/\/ubaldofernandes.com\/index.php\/news\/empossado-para-2o-mandato-ubaldo-se-compromete-com-mais-acoes-concretas-para-a-populacao\/#breadcrumb"},"inLanguage":"pt-BR","potentialAction":[{"@type":"ReadAction","target":["https:\/\/ubaldofernandes.com\/index.php\/news\/empossado-para-2o-mandato-ubaldo-se-compromete-com-mais-acoes-concretas-para-a-populacao\/"]}]},{"@type":"ImageObject","inLanguage":"pt-BR","@id":"https:\/\/ubaldofernandes.com\/index.php\/news\/empossado-para-2o-mandato-ubaldo-se-compromete-com-mais-acoes-concretas-para-a-populacao\/#primaryimage","url":"https:\/\/ubaldofernandes.com\/wp-content\/uploads\/2023\/02\/posse-2-mandato-B.jpeg","contentUrl":"https:\/\/ubaldofernandes.com\/wp-content\/uploads\/2023\/02\/posse-2-mandato-B.jpeg","width":1440,"height":959},{"@type":"BreadcrumbList","@id":"https:\/\/ubaldofernandes.com\/index.php\/news\/empossado-para-2o-mandato-ubaldo-se-compromete-com-mais-acoes-concretas-para-a-populacao\/#breadcrumb","itemListElement":[{"@type":"ListItem","position":1,"name":"In\u00edcio","item":"https:\/\/ubaldofernandes.com\/"},{"@type":"ListItem","position":2,"name":"Not\u00edcias","item":"https:\/\/ubaldofernandes.com\/index.php\/news\/"},{"@type":"ListItem","position":3,"name":"Empossado para 2\u00ba mandato, Ubaldo se compromete com mais a\u00e7\u00f5es concretas para a popula\u00e7\u00e3o"}]},{"@type":"WebSite","@id":"https:\/\/ubaldofernandes.com\/#website","url":"https:\/\/ubaldofernandes.com\/","name":"Ubaldo Fernandes","description":"Deputado Estadual","potentialAction":[{"@type":"SearchAction","target":{"@type":"EntryPoint","urlTemplate":"https:\/\/ubaldofernandes.com\/?s={search_term_string}"},"query-input":{"@type":"PropertyValueSpecification","valueRequired":true,"valueName":"search_term_string"}}],"inLanguage":"pt-BR"}]}},"_links":{"self":[{"href":"https:\/\/ubaldofernandes.com\/index.php\/wp-json\/wp\/v2\/news\/4893","targetHints":{"allow":["GET"]}}],"collection":[{"href":"https:\/\/ubaldofernandes.com\/index.php\/wp-json\/wp\/v2\/news"}],"about":[{"href":"https:\/\/ubaldofernandes.com\/index.php\/wp-json\/wp\/v2\/types\/news"}],"wp:featuredmedia":[{"embeddable":true,"href":"https:\/\/ubaldofernandes.com\/index.php\/wp-json\/wp\/v2\/media\/4894"}],"wp:attachment":[{"href":"https:\/\/ubaldofernandes.com\/index.php\/wp-json\/wp\/v2\/media?parent=4893"}],"curies":[{"name":"wp","href":"https:\/\/api.w.org\/{rel}","templated":true}]}}