{"id":4940,"date":"2023-02-27T09:49:16","date_gmt":"2023-02-27T12:49:16","guid":{"rendered":"https:\/\/ubaldofernandes.com\/?post_type=news&#038;p=4940"},"modified":"2023-02-27T09:49:18","modified_gmt":"2023-02-27T12:49:18","slug":"malandros-do-samba-busca-35a-vitoria-com-desfile-em-homenagem-a-ubaldo","status":"publish","type":"news","link":"https:\/\/ubaldofernandes.com\/index.php\/news\/malandros-do-samba-busca-35a-vitoria-com-desfile-em-homenagem-a-ubaldo\/","title":{"rendered":"Malandros do Samba busca 35\u00aa vit\u00f3ria com desfile em homenagem a Ubaldo"},"content":{"rendered":"\n<p>Esse s\u00e1bado (25) foi de muita emo\u00e7\u00e3o na Avenida Duque de Caxias, na Ribeira, com as principais agremia\u00e7\u00f5es carnavalescas desfilando para jurados e p\u00fablico mostrando as hist\u00f3rias de vida de grandes representantes dos potiguares: do empres\u00e1rio Nevaldo Rocha (in Memoriam), pela Escola Balan\u00e7o do Morro, e do deputado estadual Ubaldo Fernandes, pela Escola Malandros do Samba&nbsp;<\/p>\n\n\n\n<p>Ao lado da esposa Ivanilda e da filha Isla, o parlamentar desfilou em um carro aleg\u00f3rico que trazia seu nome em um grande letreiro de led e que foi um dos mais ovacionados pelo p\u00fablico, que se fez presente e participativo, mesmo diante de chuva torrencial. &#8220;Meu cora\u00e7\u00e3o est\u00e1 a mil, super emocionado, alegre e feliz com o sentimento de dever cumprido tamb\u00e9m na avenida. Vi o povo me aplaudindo, me acenando e me reconhecendo. Isso \u00e9 muito importante para um homem p\u00fablico. Ent\u00e3o, saio hoje com a certeza de que a Malandros do Samba fez um grande desfile. Viva a cultura natalense e potiguar e viva minha amada Rocas&#8221;, declarou Ubaldo \u00e0 imprensa ao fim do evento.&nbsp;<\/p>\n\n\n\n<p>A mais antiga agremia\u00e7\u00e3o carnavalesca em atividade do Carnaval do Rio Grande do Norte, a Malandros do Samba, busca sua 35\u00aa vit\u00f3ria, segundo explicou seu presidente, Jo\u00e3o Barroca. O desfile teve como enredo \u201cUbaldo: o menino de Tangar\u00e1 para a passarela do samba de Natal\u201d e contou com v\u00e1rias alas demonstrando a vida do pol\u00edtico desde sua cidade Natal, Tangar\u00e1, at\u00e9 sua chegada \u00e0s Rocas, onde reside e afirma ser seu melhor lugar no mundo.&nbsp;<\/p>\n\n\n\n<p>Destaque para as alas que demonstraram sua valoriza\u00e7\u00e3o \u00e0s quadrilhas juninas e das baianas e cultura popular, o carro aleg\u00f3rico qie trazia a r\u00e9plica da Igreja Santa Teresinha, de Tangar\u00e1, al\u00e9m das que demonstram seus primeiros trabalhos ajudando os pais Martinho e Teresinha vendendo comidas em tabuleiros e seu amor pelo ABC e Flamengo, al\u00e9m do Carnarocas, um dos eventos mais famosos da regi\u00e3o.&nbsp;<\/p>\n\n\n\n<p>Ubaldo Fernandes observa que agradece, de todo cora\u00e7\u00e3o, \u00e0 diretora da Malandros do Samba, a quem refor\u00e7a compromisso de continuar valorizando as ra\u00edzes culturais do ber\u00e7o do samba de Natal. A apura\u00e7\u00e3o do campeonato 2023 est\u00e1 previsto para a pr\u00f3xima quarta-feira (29), na Funcarte.&nbsp;<\/p>\n\n\n\n<p><strong>HIST\u00d3RIA<\/strong><\/p>\n\n\n\n<p>Ubaldo nasceu em 1967, em Tangar\u00e1, no Trairi Potiguar. Em 1985, recebeu convite do Padre Campos e foi morar em Natal, quando iniciou trajet\u00f3ria p\u00fablica em pastorais. Foi presidente do Conselho Comunit\u00e1rio das Rocas; subprefeito da regi\u00e3o Leste da Prefeitura do Natal; diretor da Urbana; membro dos Conselhos Municipais de Sa\u00fade e dos Direitos da Crian\u00e7a e do Adolescente.&nbsp;<\/p>\n\n\n\n<p>Disputou elei\u00e7\u00f5es para a C\u00e2mara de Natal, ficando na 1\u00aa supl\u00eancia em 2000, 2004 e 2008. Em 2012, teve 1\u00aa vit\u00f3ria, com 6.803 votos. Em 2016, foi reeleito, com 7.574 votos. Em 2018, disputou para a Assembleia Legislativa, alcan\u00e7ando a 3\u00aa vit\u00f3ria de sua carreira, com 20.148 votos. Em 2022, repetiu a tentativa, ampliando em cerca de 70% sua vota\u00e7\u00e3o, com 34.265 votos dos norte-rio-grandenses, ficando na 1\u00aa supl\u00eancia do PSDB e sendo diplomado e empossado para seu 2\u00ba mandato como deputado do RN (2023-2026).<\/p>\n\n\n\n<p>Mat\u00e9ria publicada no <a href=\"https:\/\/www.blogdomontoril.com.br\/blog\/noticia.php?id=125749\">Bloco do Motoril<\/a>. <\/p>\n\n\n\n<figure class=\"wp-block-gallery has-nested-images columns-default is-cropped wp-block-gallery-1 is-layout-flex wp-block-gallery-is-layout-flex\">\n<figure class=\"wp-block-image size-medium\"><a href=\"https:\/\/ubaldofernandes.com\/wp-content\/uploads\/2023\/02\/Desfile-Malandros-2.jpg\"><img loading=\"lazy\" decoding=\"async\" width=\"300\" height=\"200\" data-id=\"4941\" src=\"https:\/\/ubaldofernandes.com\/wp-content\/uploads\/2023\/02\/Desfile-Malandros-2-300x200.jpg\" alt=\"\" class=\"wp-image-4941\" srcset=\"https:\/\/ubaldofernandes.com\/wp-content\/uploads\/2023\/02\/Desfile-Malandros-2-300x200.jpg 300w, https:\/\/ubaldofernandes.com\/wp-content\/uploads\/2023\/02\/Desfile-Malandros-2-1024x683.jpg 1024w, https:\/\/ubaldofernandes.com\/wp-content\/uploads\/2023\/02\/Desfile-Malandros-2-768x512.jpg 768w, https:\/\/ubaldofernandes.com\/wp-content\/uploads\/2023\/02\/Desfile-Malandros-2.jpg 1299w\" sizes=\"auto, (max-width: 300px) 100vw, 300px\" \/><\/a><\/figure>\n\n\n\n<figure class=\"wp-block-image size-medium\"><a href=\"https:\/\/ubaldofernandes.com\/wp-content\/uploads\/2023\/02\/Desfile-Malandros-3.jpg\"><img loading=\"lazy\" decoding=\"async\" width=\"300\" height=\"200\" data-id=\"4942\" src=\"https:\/\/ubaldofernandes.com\/wp-content\/uploads\/2023\/02\/Desfile-Malandros-3-300x200.jpg\" alt=\"\" class=\"wp-image-4942\" srcset=\"https:\/\/ubaldofernandes.com\/wp-content\/uploads\/2023\/02\/Desfile-Malandros-3-300x200.jpg 300w, https:\/\/ubaldofernandes.com\/wp-content\/uploads\/2023\/02\/Desfile-Malandros-3-1024x683.jpg 1024w, https:\/\/ubaldofernandes.com\/wp-content\/uploads\/2023\/02\/Desfile-Malandros-3-768x512.jpg 768w, https:\/\/ubaldofernandes.com\/wp-content\/uploads\/2023\/02\/Desfile-Malandros-3.jpg 1299w\" sizes=\"auto, (max-width: 300px) 100vw, 300px\" \/><\/a><\/figure>\n<\/figure>\n","protected":false},"featured_media":4943,"parent":0,"template":"","class_list":["post-4940","news","type-news","status-publish","has-post-thumbnail","hentry"],"acf":[],"yoast_head":"<!-- This site is optimized with the Yoast SEO plugin v24.6 - https:\/\/yoast.com\/wordpress\/plugins\/seo\/ -->\n<title>Malandros do Samba busca 35\u00aa vit\u00f3ria com desfile em homenagem a Ubaldo - Ubaldo Fernandes<\/title>\n<meta name=\"robots\" content=\"index, follow, max-snippet:-1, max-image-preview:large, max-video-preview:-1\" \/>\n<link rel=\"canonical\" href=\"https:\/\/ubaldofernandes.com\/index.php\/news\/malandros-do-samba-busca-35a-vitoria-com-desfile-em-homenagem-a-ubaldo\/\" \/>\n<meta property=\"og:locale\" content=\"pt_BR\" \/>\n<meta property=\"og:type\" content=\"article\" \/>\n<meta property=\"og:title\" content=\"Malandros do Samba busca 35\u00aa vit\u00f3ria com desfile em homenagem a Ubaldo - Ubaldo Fernandes\" \/>\n<meta property=\"og:description\" content=\"Esse s\u00e1bado (25) foi de muita emo\u00e7\u00e3o na Avenida Duque de Caxias, na Ribeira, com as principais agremia\u00e7\u00f5es carnavalescas desfilando para jurados e p\u00fablico mostrando as hist\u00f3rias de vida de grandes representantes dos potiguares: do empres\u00e1rio Nevaldo Rocha (in Memoriam), pela Escola Balan\u00e7o do Morro, e do deputado estadual Ubaldo Fernandes, pela Escola Malandros do [&hellip;]\" \/>\n<meta property=\"og:url\" content=\"https:\/\/ubaldofernandes.com\/index.php\/news\/malandros-do-samba-busca-35a-vitoria-com-desfile-em-homenagem-a-ubaldo\/\" \/>\n<meta property=\"og:site_name\" content=\"Ubaldo Fernandes\" \/>\n<meta property=\"article:modified_time\" content=\"2023-02-27T12:49:18+00:00\" \/>\n<meta property=\"og:image\" content=\"https:\/\/ubaldofernandes.com\/wp-content\/uploads\/2023\/02\/Desfile-Malandros.jpg\" \/>\n\t<meta property=\"og:image:width\" content=\"1299\" \/>\n\t<meta property=\"og:image:height\" content=\"866\" \/>\n\t<meta property=\"og:image:type\" content=\"image\/jpeg\" \/>\n<meta name=\"twitter:card\" content=\"summary_large_image\" \/>\n<meta name=\"twitter:label1\" content=\"Est. tempo de leitura\" \/>\n\t<meta name=\"twitter:data1\" content=\"3 minutos\" \/>\n<script type=\"application\/ld+json\" class=\"yoast-schema-graph\">{\"@context\":\"https:\/\/schema.org\",\"@graph\":[{\"@type\":\"WebPage\",\"@id\":\"https:\/\/ubaldofernandes.com\/index.php\/news\/malandros-do-samba-busca-35a-vitoria-com-desfile-em-homenagem-a-ubaldo\/\",\"url\":\"https:\/\/ubaldofernandes.com\/index.php\/news\/malandros-do-samba-busca-35a-vitoria-com-desfile-em-homenagem-a-ubaldo\/\",\"name\":\"Malandros do Samba busca 35\u00aa vit\u00f3ria com desfile em homenagem a Ubaldo - Ubaldo Fernandes\",\"isPartOf\":{\"@id\":\"https:\/\/ubaldofernandes.com\/#website\"},\"primaryImageOfPage\":{\"@id\":\"https:\/\/ubaldofernandes.com\/index.php\/news\/malandros-do-samba-busca-35a-vitoria-com-desfile-em-homenagem-a-ubaldo\/#primaryimage\"},\"image\":{\"@id\":\"https:\/\/ubaldofernandes.com\/index.php\/news\/malandros-do-samba-busca-35a-vitoria-com-desfile-em-homenagem-a-ubaldo\/#primaryimage\"},\"thumbnailUrl\":\"https:\/\/ubaldofernandes.com\/wp-content\/uploads\/2023\/02\/Desfile-Malandros.jpg\",\"datePublished\":\"2023-02-27T12:49:16+00:00\",\"dateModified\":\"2023-02-27T12:49:18+00:00\",\"breadcrumb\":{\"@id\":\"https:\/\/ubaldofernandes.com\/index.php\/news\/malandros-do-samba-busca-35a-vitoria-com-desfile-em-homenagem-a-ubaldo\/#breadcrumb\"},\"inLanguage\":\"pt-BR\",\"potentialAction\":[{\"@type\":\"ReadAction\",\"target\":[\"https:\/\/ubaldofernandes.com\/index.php\/news\/malandros-do-samba-busca-35a-vitoria-com-desfile-em-homenagem-a-ubaldo\/\"]}]},{\"@type\":\"ImageObject\",\"inLanguage\":\"pt-BR\",\"@id\":\"https:\/\/ubaldofernandes.com\/index.php\/news\/malandros-do-samba-busca-35a-vitoria-com-desfile-em-homenagem-a-ubaldo\/#primaryimage\",\"url\":\"https:\/\/ubaldofernandes.com\/wp-content\/uploads\/2023\/02\/Desfile-Malandros.jpg\",\"contentUrl\":\"https:\/\/ubaldofernandes.com\/wp-content\/uploads\/2023\/02\/Desfile-Malandros.jpg\",\"width\":1299,\"height\":866},{\"@type\":\"BreadcrumbList\",\"@id\":\"https:\/\/ubaldofernandes.com\/index.php\/news\/malandros-do-samba-busca-35a-vitoria-com-desfile-em-homenagem-a-ubaldo\/#breadcrumb\",\"itemListElement\":[{\"@type\":\"ListItem\",\"position\":1,\"name\":\"In\u00edcio\",\"item\":\"https:\/\/ubaldofernandes.com\/\"},{\"@type\":\"ListItem\",\"position\":2,\"name\":\"Not\u00edcias\",\"item\":\"https:\/\/ubaldofernandes.com\/index.php\/news\/\"},{\"@type\":\"ListItem\",\"position\":3,\"name\":\"Malandros do Samba busca 35\u00aa vit\u00f3ria com desfile em homenagem a Ubaldo\"}]},{\"@type\":\"WebSite\",\"@id\":\"https:\/\/ubaldofernandes.com\/#website\",\"url\":\"https:\/\/ubaldofernandes.com\/\",\"name\":\"Ubaldo Fernandes\",\"description\":\"Deputado Estadual\",\"potentialAction\":[{\"@type\":\"SearchAction\",\"target\":{\"@type\":\"EntryPoint\",\"urlTemplate\":\"https:\/\/ubaldofernandes.com\/?s={search_term_string}\"},\"query-input\":{\"@type\":\"PropertyValueSpecification\",\"valueRequired\":true,\"valueName\":\"search_term_string\"}}],\"inLanguage\":\"pt-BR\"}]}<\/script>\n<!-- \/ Yoast SEO plugin. -->","yoast_head_json":{"title":"Malandros do Samba busca 35\u00aa vit\u00f3ria com desfile em homenagem a Ubaldo - Ubaldo Fernandes","robots":{"index":"index","follow":"follow","max-snippet":"max-snippet:-1","max-image-preview":"max-image-preview:large","max-video-preview":"max-video-preview:-1"},"canonical":"https:\/\/ubaldofernandes.com\/index.php\/news\/malandros-do-samba-busca-35a-vitoria-com-desfile-em-homenagem-a-ubaldo\/","og_locale":"pt_BR","og_type":"article","og_title":"Malandros do Samba busca 35\u00aa vit\u00f3ria com desfile em homenagem a Ubaldo - Ubaldo Fernandes","og_description":"Esse s\u00e1bado (25) foi de muita emo\u00e7\u00e3o na Avenida Duque de Caxias, na Ribeira, com as principais agremia\u00e7\u00f5es carnavalescas desfilando para jurados e p\u00fablico mostrando as hist\u00f3rias de vida de grandes representantes dos potiguares: do empres\u00e1rio Nevaldo Rocha (in Memoriam), pela Escola Balan\u00e7o do Morro, e do deputado estadual Ubaldo Fernandes, pela Escola Malandros do [&hellip;]","og_url":"https:\/\/ubaldofernandes.com\/index.php\/news\/malandros-do-samba-busca-35a-vitoria-com-desfile-em-homenagem-a-ubaldo\/","og_site_name":"Ubaldo Fernandes","article_modified_time":"2023-02-27T12:49:18+00:00","og_image":[{"width":1299,"height":866,"url":"https:\/\/ubaldofernandes.com\/wp-content\/uploads\/2023\/02\/Desfile-Malandros.jpg","type":"image\/jpeg"}],"twitter_card":"summary_large_image","twitter_misc":{"Est. tempo de leitura":"3 minutos"},"schema":{"@context":"https:\/\/schema.org","@graph":[{"@type":"WebPage","@id":"https:\/\/ubaldofernandes.com\/index.php\/news\/malandros-do-samba-busca-35a-vitoria-com-desfile-em-homenagem-a-ubaldo\/","url":"https:\/\/ubaldofernandes.com\/index.php\/news\/malandros-do-samba-busca-35a-vitoria-com-desfile-em-homenagem-a-ubaldo\/","name":"Malandros do Samba busca 35\u00aa vit\u00f3ria com desfile em homenagem a Ubaldo - Ubaldo Fernandes","isPartOf":{"@id":"https:\/\/ubaldofernandes.com\/#website"},"primaryImageOfPage":{"@id":"https:\/\/ubaldofernandes.com\/index.php\/news\/malandros-do-samba-busca-35a-vitoria-com-desfile-em-homenagem-a-ubaldo\/#primaryimage"},"image":{"@id":"https:\/\/ubaldofernandes.com\/index.php\/news\/malandros-do-samba-busca-35a-vitoria-com-desfile-em-homenagem-a-ubaldo\/#primaryimage"},"thumbnailUrl":"https:\/\/ubaldofernandes.com\/wp-content\/uploads\/2023\/02\/Desfile-Malandros.jpg","datePublished":"2023-02-27T12:49:16+00:00","dateModified":"2023-02-27T12:49:18+00:00","breadcrumb":{"@id":"https:\/\/ubaldofernandes.com\/index.php\/news\/malandros-do-samba-busca-35a-vitoria-com-desfile-em-homenagem-a-ubaldo\/#breadcrumb"},"inLanguage":"pt-BR","potentialAction":[{"@type":"ReadAction","target":["https:\/\/ubaldofernandes.com\/index.php\/news\/malandros-do-samba-busca-35a-vitoria-com-desfile-em-homenagem-a-ubaldo\/"]}]},{"@type":"ImageObject","inLanguage":"pt-BR","@id":"https:\/\/ubaldofernandes.com\/index.php\/news\/malandros-do-samba-busca-35a-vitoria-com-desfile-em-homenagem-a-ubaldo\/#primaryimage","url":"https:\/\/ubaldofernandes.com\/wp-content\/uploads\/2023\/02\/Desfile-Malandros.jpg","contentUrl":"https:\/\/ubaldofernandes.com\/wp-content\/uploads\/2023\/02\/Desfile-Malandros.jpg","width":1299,"height":866},{"@type":"BreadcrumbList","@id":"https:\/\/ubaldofernandes.com\/index.php\/news\/malandros-do-samba-busca-35a-vitoria-com-desfile-em-homenagem-a-ubaldo\/#breadcrumb","itemListElement":[{"@type":"ListItem","position":1,"name":"In\u00edcio","item":"https:\/\/ubaldofernandes.com\/"},{"@type":"ListItem","position":2,"name":"Not\u00edcias","item":"https:\/\/ubaldofernandes.com\/index.php\/news\/"},{"@type":"ListItem","position":3,"name":"Malandros do Samba busca 35\u00aa vit\u00f3ria com desfile em homenagem a Ubaldo"}]},{"@type":"WebSite","@id":"https:\/\/ubaldofernandes.com\/#website","url":"https:\/\/ubaldofernandes.com\/","name":"Ubaldo Fernandes","description":"Deputado Estadual","potentialAction":[{"@type":"SearchAction","target":{"@type":"EntryPoint","urlTemplate":"https:\/\/ubaldofernandes.com\/?s={search_term_string}"},"query-input":{"@type":"PropertyValueSpecification","valueRequired":true,"valueName":"search_term_string"}}],"inLanguage":"pt-BR"}]}},"_links":{"self":[{"href":"https:\/\/ubaldofernandes.com\/index.php\/wp-json\/wp\/v2\/news\/4940","targetHints":{"allow":["GET"]}}],"collection":[{"href":"https:\/\/ubaldofernandes.com\/index.php\/wp-json\/wp\/v2\/news"}],"about":[{"href":"https:\/\/ubaldofernandes.com\/index.php\/wp-json\/wp\/v2\/types\/news"}],"wp:featuredmedia":[{"embeddable":true,"href":"https:\/\/ubaldofernandes.com\/index.php\/wp-json\/wp\/v2\/media\/4943"}],"wp:attachment":[{"href":"https:\/\/ubaldofernandes.com\/index.php\/wp-json\/wp\/v2\/media?parent=4940"}],"curies":[{"name":"wp","href":"https:\/\/api.w.org\/{rel}","templated":true}]}}