{"id":4998,"date":"2023-03-11T15:03:00","date_gmt":"2023-03-11T18:03:00","guid":{"rendered":"https:\/\/ubaldofernandes.com\/?post_type=news&#038;p=4998"},"modified":"2023-03-13T10:21:18","modified_gmt":"2023-03-13T13:21:18","slug":"4998-2","status":"publish","type":"news","link":"https:\/\/ubaldofernandes.com\/index.php\/news\/4998-2\/","title":{"rendered":"Em Currais, Ubaldo confere aplica\u00e7\u00e3o de emendas e anuncia mais recursos pra entidades"},"content":{"rendered":"\n<p>Ao lado do vereador Daniel Bezerra e outras lideran\u00e7as locais, o deputado estadual Ubaldo Fernandes (PSDB) cumpriu extensa agenda nessa sexta-feira (10) em Currais Novos, no serid\u00f3 potiguar. Al\u00e9m de vistoriar a aplica\u00e7\u00e3o de recursos que enviou pra entidades da cidade \u2013 de emendas 2022 de seu mandato \u2013 o parlamentar anunciou mais recursos do exerc\u00edcio 2023.<\/p>\n\n\n\n<p>A primeira parada foi na Associa\u00e7\u00e3o Curraisnovense de Deficientes F\u00edsicos (ACDF) que adquiriu 12 cadeiras de rodas, 7 cadeiras de banho e 6 andadores para atender seu p\u00fablico, com R$ 20 mil de recursos estaduais viabilizados por emenda de Ubaldo. \u201cFico muito feliz de ver que nossa parceira com entidades s\u00e9rias traz resultados importantes para melhorar a vida dos cidad\u00e3os do interior do estado, especialmente de pessoas com defici\u00eancia e mobilidade reduzida, que inclusive t\u00eam prioridade na nossa atua\u00e7\u00e3o. Obrigado pela receptividade, presidente J\u00falio Cesar, e todos que comp\u00f5em essa importante entidade do Serid\u00f3\u201d, destaca.<\/p>\n\n\n\n<p>Em seguida, o Deputado se reuniu com integrantes da Associa\u00e7\u00e3o dos Moradores de Saco dos Veados e Totor\u00f3 de Baixo, quando anunciou a destina\u00e7\u00e3o de uma emenda parlamentar no valor de R$ 50 mil com a finalidade de fomentar a cria\u00e7\u00e3o de peixes (til\u00e1pia) e camar\u00e3o (carcinocultura).<\/p>\n\n\n\n<p>De volta \u00e0 Escolinha de Futebol do Ninha, que tamb\u00e9m foi reconhecida de utilidade p\u00fablica por sua proposi\u00e7\u00e3o e desde ent\u00e3o vem podendo celebrar conv\u00eanios com o poder p\u00fablico estadual, ja tendo recebido R$ 20 mil de sua emenda parlamentar, Ubaldo aproveitou o momento festivo da Copa Serid\u00f3 de Futebol Society para anunciar mais recursos para a entidade. Desta vez, destinar\u00e1 R$ 60 mil para que possam adquirir um ve\u00edculo para a institui\u00e7\u00e3o.<\/p>\n\n\n\n<p>Por \u00faltimo, na Associa\u00e7\u00e3o do Povoado S\u00e3o Sebasti\u00e3o, a comitiva vistoriou a aplica\u00e7\u00e3o de R$ 20 mil de emenda 2022, quando tamb\u00e9m j\u00e1 anunciou mais R$ 60 mil para fomentar o fortalecimento das atividades no setor hortifrutigranjeiro. A entidade trabalha com a produ\u00e7\u00e3o de temperos aliment\u00edcios.<\/p>\n\n\n\n<p>\u201cAl\u00e9m de v\u00e1rias articula\u00e7\u00f5es junto ao Governo que significam verbas para o desenvolvimento de Currais Novos, nosso mandato vem atuando diretamente para melhorar a vida dos curraisnovenses. Atrav\u00e9s das nossas emendas, o munic\u00edpio foi contemplado at\u00e9 2022 com mais de R$ 400 mil, e agora estamos investindo mais, com recursos do or\u00e7amento 2023, demonstrando prioridade no nosso mandato\u201d, concluiu Ubaldo. Tamb\u00e9m participaram o suplente de vereador, Garibaldinho do Serid\u00f3 e Sind\u00f3.<\/p>\n\n\n\n<p>Mat\u00e9ria publicada no <a href=\"https:\/\/blogdopassaro.com.br\/em-currais-ubaldo-confere-aplicacao-de-emendas-e-anuncia-mais-recursos-pra-entidades\/\">Blog do P\u00e1ssaro<\/a>. <\/p>\n\n\n\n<figure class=\"wp-block-gallery aligncenter has-nested-images columns-default is-cropped wp-block-gallery-1 is-layout-flex wp-block-gallery-is-layout-flex\">\n<figure class=\"wp-block-image size-large\"><a href=\"https:\/\/ubaldofernandes.com\/wp-content\/uploads\/2023\/03\/Ubaldo-currais-novos-2.jpg\"><img loading=\"lazy\" decoding=\"async\" width=\"225\" height=\"300\" data-id=\"5000\" src=\"https:\/\/ubaldofernandes.com\/wp-content\/uploads\/2023\/03\/Ubaldo-currais-novos-2.jpg\" alt=\"\" class=\"wp-image-5000\"\/><\/a><\/figure>\n\n\n\n<figure class=\"wp-block-image size-large\"><a href=\"https:\/\/ubaldofernandes.com\/wp-content\/uploads\/2023\/03\/Ubaldo-currais-novos-3.jpg\"><img loading=\"lazy\" decoding=\"async\" width=\"225\" height=\"300\" data-id=\"5001\" src=\"https:\/\/ubaldofernandes.com\/wp-content\/uploads\/2023\/03\/Ubaldo-currais-novos-3.jpg\" alt=\"\" class=\"wp-image-5001\"\/><\/a><\/figure>\n<\/figure>\n","protected":false},"featured_media":4999,"parent":0,"template":"","class_list":["post-4998","news","type-news","status-publish","has-post-thumbnail","hentry"],"acf":[],"yoast_head":"<!-- This site is optimized with the Yoast SEO plugin v24.6 - https:\/\/yoast.com\/wordpress\/plugins\/seo\/ -->\n<title>Em Currais, Ubaldo confere aplica\u00e7\u00e3o de emendas e anuncia mais recursos pra entidades - Ubaldo Fernandes<\/title>\n<meta name=\"robots\" content=\"index, follow, max-snippet:-1, max-image-preview:large, max-video-preview:-1\" \/>\n<link rel=\"canonical\" href=\"https:\/\/ubaldofernandes.com\/index.php\/news\/4998-2\/\" \/>\n<meta property=\"og:locale\" content=\"pt_BR\" \/>\n<meta property=\"og:type\" content=\"article\" \/>\n<meta property=\"og:title\" content=\"Em Currais, Ubaldo confere aplica\u00e7\u00e3o de emendas e anuncia mais recursos pra entidades - Ubaldo Fernandes\" \/>\n<meta property=\"og:description\" content=\"Ao lado do vereador Daniel Bezerra e outras lideran\u00e7as locais, o deputado estadual Ubaldo Fernandes (PSDB) cumpriu extensa agenda nessa sexta-feira (10) em Currais Novos, no serid\u00f3 potiguar. Al\u00e9m de vistoriar a aplica\u00e7\u00e3o de recursos que enviou pra entidades da cidade \u2013 de emendas 2022 de seu mandato \u2013 o parlamentar anunciou mais recursos do [&hellip;]\" \/>\n<meta property=\"og:url\" content=\"https:\/\/ubaldofernandes.com\/index.php\/news\/4998-2\/\" \/>\n<meta property=\"og:site_name\" content=\"Ubaldo Fernandes\" \/>\n<meta property=\"article:modified_time\" content=\"2023-03-13T13:21:18+00:00\" \/>\n<meta property=\"og:image\" content=\"https:\/\/ubaldofernandes.com\/wp-content\/uploads\/2023\/03\/Ubaldo-currais-novos.jpg\" \/>\n\t<meta property=\"og:image:width\" content=\"1200\" \/>\n\t<meta property=\"og:image:height\" content=\"1600\" \/>\n\t<meta property=\"og:image:type\" content=\"image\/jpeg\" \/>\n<meta name=\"twitter:card\" content=\"summary_large_image\" \/>\n<meta name=\"twitter:label1\" content=\"Est. tempo de leitura\" \/>\n\t<meta name=\"twitter:data1\" content=\"2 minutos\" \/>\n<script type=\"application\/ld+json\" class=\"yoast-schema-graph\">{\"@context\":\"https:\/\/schema.org\",\"@graph\":[{\"@type\":\"WebPage\",\"@id\":\"https:\/\/ubaldofernandes.com\/index.php\/news\/4998-2\/\",\"url\":\"https:\/\/ubaldofernandes.com\/index.php\/news\/4998-2\/\",\"name\":\"Em Currais, Ubaldo confere aplica\u00e7\u00e3o de emendas e anuncia mais recursos pra entidades - Ubaldo Fernandes\",\"isPartOf\":{\"@id\":\"https:\/\/ubaldofernandes.com\/#website\"},\"primaryImageOfPage\":{\"@id\":\"https:\/\/ubaldofernandes.com\/index.php\/news\/4998-2\/#primaryimage\"},\"image\":{\"@id\":\"https:\/\/ubaldofernandes.com\/index.php\/news\/4998-2\/#primaryimage\"},\"thumbnailUrl\":\"https:\/\/ubaldofernandes.com\/wp-content\/uploads\/2023\/03\/Ubaldo-currais-novos.jpg\",\"datePublished\":\"2023-03-11T18:03:00+00:00\",\"dateModified\":\"2023-03-13T13:21:18+00:00\",\"breadcrumb\":{\"@id\":\"https:\/\/ubaldofernandes.com\/index.php\/news\/4998-2\/#breadcrumb\"},\"inLanguage\":\"pt-BR\",\"potentialAction\":[{\"@type\":\"ReadAction\",\"target\":[\"https:\/\/ubaldofernandes.com\/index.php\/news\/4998-2\/\"]}]},{\"@type\":\"ImageObject\",\"inLanguage\":\"pt-BR\",\"@id\":\"https:\/\/ubaldofernandes.com\/index.php\/news\/4998-2\/#primaryimage\",\"url\":\"https:\/\/ubaldofernandes.com\/wp-content\/uploads\/2023\/03\/Ubaldo-currais-novos.jpg\",\"contentUrl\":\"https:\/\/ubaldofernandes.com\/wp-content\/uploads\/2023\/03\/Ubaldo-currais-novos.jpg\",\"width\":1200,\"height\":1600},{\"@type\":\"BreadcrumbList\",\"@id\":\"https:\/\/ubaldofernandes.com\/index.php\/news\/4998-2\/#breadcrumb\",\"itemListElement\":[{\"@type\":\"ListItem\",\"position\":1,\"name\":\"In\u00edcio\",\"item\":\"https:\/\/ubaldofernandes.com\/\"},{\"@type\":\"ListItem\",\"position\":2,\"name\":\"Not\u00edcias\",\"item\":\"https:\/\/ubaldofernandes.com\/index.php\/news\/\"},{\"@type\":\"ListItem\",\"position\":3,\"name\":\"Em Currais, Ubaldo confere aplica\u00e7\u00e3o de emendas e anuncia mais recursos pra entidades\"}]},{\"@type\":\"WebSite\",\"@id\":\"https:\/\/ubaldofernandes.com\/#website\",\"url\":\"https:\/\/ubaldofernandes.com\/\",\"name\":\"Ubaldo Fernandes\",\"description\":\"Deputado Estadual\",\"potentialAction\":[{\"@type\":\"SearchAction\",\"target\":{\"@type\":\"EntryPoint\",\"urlTemplate\":\"https:\/\/ubaldofernandes.com\/?s={search_term_string}\"},\"query-input\":{\"@type\":\"PropertyValueSpecification\",\"valueRequired\":true,\"valueName\":\"search_term_string\"}}],\"inLanguage\":\"pt-BR\"}]}<\/script>\n<!-- \/ Yoast SEO plugin. -->","yoast_head_json":{"title":"Em Currais, Ubaldo confere aplica\u00e7\u00e3o de emendas e anuncia mais recursos pra entidades - Ubaldo Fernandes","robots":{"index":"index","follow":"follow","max-snippet":"max-snippet:-1","max-image-preview":"max-image-preview:large","max-video-preview":"max-video-preview:-1"},"canonical":"https:\/\/ubaldofernandes.com\/index.php\/news\/4998-2\/","og_locale":"pt_BR","og_type":"article","og_title":"Em Currais, Ubaldo confere aplica\u00e7\u00e3o de emendas e anuncia mais recursos pra entidades - Ubaldo Fernandes","og_description":"Ao lado do vereador Daniel Bezerra e outras lideran\u00e7as locais, o deputado estadual Ubaldo Fernandes (PSDB) cumpriu extensa agenda nessa sexta-feira (10) em Currais Novos, no serid\u00f3 potiguar. Al\u00e9m de vistoriar a aplica\u00e7\u00e3o de recursos que enviou pra entidades da cidade \u2013 de emendas 2022 de seu mandato \u2013 o parlamentar anunciou mais recursos do [&hellip;]","og_url":"https:\/\/ubaldofernandes.com\/index.php\/news\/4998-2\/","og_site_name":"Ubaldo Fernandes","article_modified_time":"2023-03-13T13:21:18+00:00","og_image":[{"width":1200,"height":1600,"url":"https:\/\/ubaldofernandes.com\/wp-content\/uploads\/2023\/03\/Ubaldo-currais-novos.jpg","type":"image\/jpeg"}],"twitter_card":"summary_large_image","twitter_misc":{"Est. tempo de leitura":"2 minutos"},"schema":{"@context":"https:\/\/schema.org","@graph":[{"@type":"WebPage","@id":"https:\/\/ubaldofernandes.com\/index.php\/news\/4998-2\/","url":"https:\/\/ubaldofernandes.com\/index.php\/news\/4998-2\/","name":"Em Currais, Ubaldo confere aplica\u00e7\u00e3o de emendas e anuncia mais recursos pra entidades - Ubaldo Fernandes","isPartOf":{"@id":"https:\/\/ubaldofernandes.com\/#website"},"primaryImageOfPage":{"@id":"https:\/\/ubaldofernandes.com\/index.php\/news\/4998-2\/#primaryimage"},"image":{"@id":"https:\/\/ubaldofernandes.com\/index.php\/news\/4998-2\/#primaryimage"},"thumbnailUrl":"https:\/\/ubaldofernandes.com\/wp-content\/uploads\/2023\/03\/Ubaldo-currais-novos.jpg","datePublished":"2023-03-11T18:03:00+00:00","dateModified":"2023-03-13T13:21:18+00:00","breadcrumb":{"@id":"https:\/\/ubaldofernandes.com\/index.php\/news\/4998-2\/#breadcrumb"},"inLanguage":"pt-BR","potentialAction":[{"@type":"ReadAction","target":["https:\/\/ubaldofernandes.com\/index.php\/news\/4998-2\/"]}]},{"@type":"ImageObject","inLanguage":"pt-BR","@id":"https:\/\/ubaldofernandes.com\/index.php\/news\/4998-2\/#primaryimage","url":"https:\/\/ubaldofernandes.com\/wp-content\/uploads\/2023\/03\/Ubaldo-currais-novos.jpg","contentUrl":"https:\/\/ubaldofernandes.com\/wp-content\/uploads\/2023\/03\/Ubaldo-currais-novos.jpg","width":1200,"height":1600},{"@type":"BreadcrumbList","@id":"https:\/\/ubaldofernandes.com\/index.php\/news\/4998-2\/#breadcrumb","itemListElement":[{"@type":"ListItem","position":1,"name":"In\u00edcio","item":"https:\/\/ubaldofernandes.com\/"},{"@type":"ListItem","position":2,"name":"Not\u00edcias","item":"https:\/\/ubaldofernandes.com\/index.php\/news\/"},{"@type":"ListItem","position":3,"name":"Em Currais, Ubaldo confere aplica\u00e7\u00e3o de emendas e anuncia mais recursos pra entidades"}]},{"@type":"WebSite","@id":"https:\/\/ubaldofernandes.com\/#website","url":"https:\/\/ubaldofernandes.com\/","name":"Ubaldo Fernandes","description":"Deputado Estadual","potentialAction":[{"@type":"SearchAction","target":{"@type":"EntryPoint","urlTemplate":"https:\/\/ubaldofernandes.com\/?s={search_term_string}"},"query-input":{"@type":"PropertyValueSpecification","valueRequired":true,"valueName":"search_term_string"}}],"inLanguage":"pt-BR"}]}},"_links":{"self":[{"href":"https:\/\/ubaldofernandes.com\/index.php\/wp-json\/wp\/v2\/news\/4998","targetHints":{"allow":["GET"]}}],"collection":[{"href":"https:\/\/ubaldofernandes.com\/index.php\/wp-json\/wp\/v2\/news"}],"about":[{"href":"https:\/\/ubaldofernandes.com\/index.php\/wp-json\/wp\/v2\/types\/news"}],"wp:featuredmedia":[{"embeddable":true,"href":"https:\/\/ubaldofernandes.com\/index.php\/wp-json\/wp\/v2\/media\/4999"}],"wp:attachment":[{"href":"https:\/\/ubaldofernandes.com\/index.php\/wp-json\/wp\/v2\/media?parent=4998"}],"curies":[{"name":"wp","href":"https:\/\/api.w.org\/{rel}","templated":true}]}}