{"id":5027,"date":"2023-03-28T12:50:00","date_gmt":"2023-03-28T15:50:00","guid":{"rendered":"https:\/\/ubaldofernandes.com\/?post_type=news&#038;p=5027"},"modified":"2023-03-30T11:07:56","modified_gmt":"2023-03-30T14:07:56","slug":"ubaldo-fernandes-cobra-melhorias-em-estradas-estaduais-do-rn","status":"publish","type":"news","link":"https:\/\/ubaldofernandes.com\/index.php\/news\/ubaldo-fernandes-cobra-melhorias-em-estradas-estaduais-do-rn\/","title":{"rendered":"Ubaldo Fernandes cobra melhorias em estradas estaduais do RN"},"content":{"rendered":"\n<p>O deputado estadual Ubaldo Fernandes (PSDB) se pronunciou, na sess\u00e3o desta ter\u00e7a-feira (28), na Assembleia Legislativa, sobre a situa\u00e7\u00e3o das estradas no interior do Rio Grande do Norte. O parlamentar informou que esteve em audi\u00eancia com a diretora geral do DER \u2013 Departamento de Estradas de Rodagem, Nat\u00e9cia Nunes, que garantiu para o pr\u00f3ximo m\u00eas de abril o in\u00edcio de uma opera\u00e7\u00e3o tapa-buracos.<\/p>\n\n\n\n<p>\u201cNosso mandato tem sido pautado em levar as demandas dos munic\u00edpios aos demais \u00f3rg\u00e3os do Governo\u201d, afirmou o deputado, que solicitou melhorias em trechos de estradas estaduais como as que ligam Santa Cruz a Lajes Pintadas, Tangar\u00e1 a S\u00edtio Novo, Serra Caiada a Boa Sa\u00fade, e ainda a RN que d\u00e1 acesso a Macau. \u201cNesses pontos as RNs est\u00e3o totalmente deterioradas\u201d, refor\u00e7ou Ubaldo.<\/p>\n\n\n\n<p>O parlamentar comentou ainda que esteve na C\u00e2mara Municipal de Natal, em uma audi\u00eancia p\u00fablica presidida pelo vereador Herberth Sena (PSDB), para discutir sobre o apoio financeiro da Prefeitura de Natal \u00e0s quadrilhas juninas. \u201cN\u00f3s temos que nos preocupar com tudo, com a sa\u00fade, com a educa\u00e7\u00e3o, com a seguran\u00e7a p\u00fablica e tamb\u00e9m com os eventos que t\u00eam car\u00e1ter p\u00fablico\u201d, afirmou Ubaldo, que tamb\u00e9m cobrou uma parceria financeira do Governo do Estado com os munic\u00edpios.<\/p>\n\n\n\n<p>Mat\u00e9ria publicada no <a href=\"https:\/\/senadinhomacaiba.com.br\/ubaldo-fernandes-cobra-melhorias-em-estradas-estaduais-do-rn\/\">Blog Senadinho Maca\u00edba<\/a>. <\/p>\n","protected":false},"featured_media":5028,"parent":0,"template":"","class_list":["post-5027","news","type-news","status-publish","has-post-thumbnail","hentry"],"acf":[],"yoast_head":"<!-- This site is optimized with the Yoast SEO plugin v24.6 - https:\/\/yoast.com\/wordpress\/plugins\/seo\/ -->\n<title>Ubaldo Fernandes cobra melhorias em estradas estaduais do RN - Ubaldo Fernandes<\/title>\n<meta name=\"robots\" content=\"index, follow, max-snippet:-1, max-image-preview:large, max-video-preview:-1\" \/>\n<link rel=\"canonical\" href=\"https:\/\/ubaldofernandes.com\/index.php\/news\/ubaldo-fernandes-cobra-melhorias-em-estradas-estaduais-do-rn\/\" \/>\n<meta property=\"og:locale\" content=\"pt_BR\" \/>\n<meta property=\"og:type\" content=\"article\" \/>\n<meta property=\"og:title\" content=\"Ubaldo Fernandes cobra melhorias em estradas estaduais do RN - Ubaldo Fernandes\" \/>\n<meta property=\"og:description\" content=\"O deputado estadual Ubaldo Fernandes (PSDB) se pronunciou, na sess\u00e3o desta ter\u00e7a-feira (28), na Assembleia Legislativa, sobre a situa\u00e7\u00e3o das estradas no interior do Rio Grande do Norte. O parlamentar informou que esteve em audi\u00eancia com a diretora geral do DER \u2013 Departamento de Estradas de Rodagem, Nat\u00e9cia Nunes, que garantiu para o pr\u00f3ximo m\u00eas [&hellip;]\" \/>\n<meta property=\"og:url\" content=\"https:\/\/ubaldofernandes.com\/index.php\/news\/ubaldo-fernandes-cobra-melhorias-em-estradas-estaduais-do-rn\/\" \/>\n<meta property=\"og:site_name\" content=\"Ubaldo Fernandes\" \/>\n<meta property=\"article:modified_time\" content=\"2023-03-30T14:07:56+00:00\" \/>\n<meta property=\"og:image\" content=\"https:\/\/ubaldofernandes.com\/wp-content\/uploads\/2023\/03\/Ubaldo-estradas.jpg\" \/>\n\t<meta property=\"og:image:width\" content=\"1536\" \/>\n\t<meta property=\"og:image:height\" content=\"1024\" \/>\n\t<meta property=\"og:image:type\" content=\"image\/jpeg\" \/>\n<meta name=\"twitter:card\" content=\"summary_large_image\" \/>\n<meta name=\"twitter:label1\" content=\"Est. tempo de leitura\" \/>\n\t<meta name=\"twitter:data1\" content=\"1 minuto\" \/>\n<script type=\"application\/ld+json\" class=\"yoast-schema-graph\">{\"@context\":\"https:\/\/schema.org\",\"@graph\":[{\"@type\":\"WebPage\",\"@id\":\"https:\/\/ubaldofernandes.com\/index.php\/news\/ubaldo-fernandes-cobra-melhorias-em-estradas-estaduais-do-rn\/\",\"url\":\"https:\/\/ubaldofernandes.com\/index.php\/news\/ubaldo-fernandes-cobra-melhorias-em-estradas-estaduais-do-rn\/\",\"name\":\"Ubaldo Fernandes cobra melhorias em estradas estaduais do RN - Ubaldo Fernandes\",\"isPartOf\":{\"@id\":\"https:\/\/ubaldofernandes.com\/#website\"},\"primaryImageOfPage\":{\"@id\":\"https:\/\/ubaldofernandes.com\/index.php\/news\/ubaldo-fernandes-cobra-melhorias-em-estradas-estaduais-do-rn\/#primaryimage\"},\"image\":{\"@id\":\"https:\/\/ubaldofernandes.com\/index.php\/news\/ubaldo-fernandes-cobra-melhorias-em-estradas-estaduais-do-rn\/#primaryimage\"},\"thumbnailUrl\":\"https:\/\/ubaldofernandes.com\/wp-content\/uploads\/2023\/03\/Ubaldo-estradas.jpg\",\"datePublished\":\"2023-03-28T15:50:00+00:00\",\"dateModified\":\"2023-03-30T14:07:56+00:00\",\"breadcrumb\":{\"@id\":\"https:\/\/ubaldofernandes.com\/index.php\/news\/ubaldo-fernandes-cobra-melhorias-em-estradas-estaduais-do-rn\/#breadcrumb\"},\"inLanguage\":\"pt-BR\",\"potentialAction\":[{\"@type\":\"ReadAction\",\"target\":[\"https:\/\/ubaldofernandes.com\/index.php\/news\/ubaldo-fernandes-cobra-melhorias-em-estradas-estaduais-do-rn\/\"]}]},{\"@type\":\"ImageObject\",\"inLanguage\":\"pt-BR\",\"@id\":\"https:\/\/ubaldofernandes.com\/index.php\/news\/ubaldo-fernandes-cobra-melhorias-em-estradas-estaduais-do-rn\/#primaryimage\",\"url\":\"https:\/\/ubaldofernandes.com\/wp-content\/uploads\/2023\/03\/Ubaldo-estradas.jpg\",\"contentUrl\":\"https:\/\/ubaldofernandes.com\/wp-content\/uploads\/2023\/03\/Ubaldo-estradas.jpg\",\"width\":1536,\"height\":1024},{\"@type\":\"BreadcrumbList\",\"@id\":\"https:\/\/ubaldofernandes.com\/index.php\/news\/ubaldo-fernandes-cobra-melhorias-em-estradas-estaduais-do-rn\/#breadcrumb\",\"itemListElement\":[{\"@type\":\"ListItem\",\"position\":1,\"name\":\"In\u00edcio\",\"item\":\"https:\/\/ubaldofernandes.com\/\"},{\"@type\":\"ListItem\",\"position\":2,\"name\":\"Not\u00edcias\",\"item\":\"https:\/\/ubaldofernandes.com\/index.php\/news\/\"},{\"@type\":\"ListItem\",\"position\":3,\"name\":\"Ubaldo Fernandes cobra melhorias em estradas estaduais do RN\"}]},{\"@type\":\"WebSite\",\"@id\":\"https:\/\/ubaldofernandes.com\/#website\",\"url\":\"https:\/\/ubaldofernandes.com\/\",\"name\":\"Ubaldo Fernandes\",\"description\":\"Deputado Estadual\",\"potentialAction\":[{\"@type\":\"SearchAction\",\"target\":{\"@type\":\"EntryPoint\",\"urlTemplate\":\"https:\/\/ubaldofernandes.com\/?s={search_term_string}\"},\"query-input\":{\"@type\":\"PropertyValueSpecification\",\"valueRequired\":true,\"valueName\":\"search_term_string\"}}],\"inLanguage\":\"pt-BR\"}]}<\/script>\n<!-- \/ Yoast SEO plugin. -->","yoast_head_json":{"title":"Ubaldo Fernandes cobra melhorias em estradas estaduais do RN - Ubaldo Fernandes","robots":{"index":"index","follow":"follow","max-snippet":"max-snippet:-1","max-image-preview":"max-image-preview:large","max-video-preview":"max-video-preview:-1"},"canonical":"https:\/\/ubaldofernandes.com\/index.php\/news\/ubaldo-fernandes-cobra-melhorias-em-estradas-estaduais-do-rn\/","og_locale":"pt_BR","og_type":"article","og_title":"Ubaldo Fernandes cobra melhorias em estradas estaduais do RN - Ubaldo Fernandes","og_description":"O deputado estadual Ubaldo Fernandes (PSDB) se pronunciou, na sess\u00e3o desta ter\u00e7a-feira (28), na Assembleia Legislativa, sobre a situa\u00e7\u00e3o das estradas no interior do Rio Grande do Norte. O parlamentar informou que esteve em audi\u00eancia com a diretora geral do DER \u2013 Departamento de Estradas de Rodagem, Nat\u00e9cia Nunes, que garantiu para o pr\u00f3ximo m\u00eas [&hellip;]","og_url":"https:\/\/ubaldofernandes.com\/index.php\/news\/ubaldo-fernandes-cobra-melhorias-em-estradas-estaduais-do-rn\/","og_site_name":"Ubaldo Fernandes","article_modified_time":"2023-03-30T14:07:56+00:00","og_image":[{"width":1536,"height":1024,"url":"https:\/\/ubaldofernandes.com\/wp-content\/uploads\/2023\/03\/Ubaldo-estradas.jpg","type":"image\/jpeg"}],"twitter_card":"summary_large_image","twitter_misc":{"Est. tempo de leitura":"1 minuto"},"schema":{"@context":"https:\/\/schema.org","@graph":[{"@type":"WebPage","@id":"https:\/\/ubaldofernandes.com\/index.php\/news\/ubaldo-fernandes-cobra-melhorias-em-estradas-estaduais-do-rn\/","url":"https:\/\/ubaldofernandes.com\/index.php\/news\/ubaldo-fernandes-cobra-melhorias-em-estradas-estaduais-do-rn\/","name":"Ubaldo Fernandes cobra melhorias em estradas estaduais do RN - Ubaldo Fernandes","isPartOf":{"@id":"https:\/\/ubaldofernandes.com\/#website"},"primaryImageOfPage":{"@id":"https:\/\/ubaldofernandes.com\/index.php\/news\/ubaldo-fernandes-cobra-melhorias-em-estradas-estaduais-do-rn\/#primaryimage"},"image":{"@id":"https:\/\/ubaldofernandes.com\/index.php\/news\/ubaldo-fernandes-cobra-melhorias-em-estradas-estaduais-do-rn\/#primaryimage"},"thumbnailUrl":"https:\/\/ubaldofernandes.com\/wp-content\/uploads\/2023\/03\/Ubaldo-estradas.jpg","datePublished":"2023-03-28T15:50:00+00:00","dateModified":"2023-03-30T14:07:56+00:00","breadcrumb":{"@id":"https:\/\/ubaldofernandes.com\/index.php\/news\/ubaldo-fernandes-cobra-melhorias-em-estradas-estaduais-do-rn\/#breadcrumb"},"inLanguage":"pt-BR","potentialAction":[{"@type":"ReadAction","target":["https:\/\/ubaldofernandes.com\/index.php\/news\/ubaldo-fernandes-cobra-melhorias-em-estradas-estaduais-do-rn\/"]}]},{"@type":"ImageObject","inLanguage":"pt-BR","@id":"https:\/\/ubaldofernandes.com\/index.php\/news\/ubaldo-fernandes-cobra-melhorias-em-estradas-estaduais-do-rn\/#primaryimage","url":"https:\/\/ubaldofernandes.com\/wp-content\/uploads\/2023\/03\/Ubaldo-estradas.jpg","contentUrl":"https:\/\/ubaldofernandes.com\/wp-content\/uploads\/2023\/03\/Ubaldo-estradas.jpg","width":1536,"height":1024},{"@type":"BreadcrumbList","@id":"https:\/\/ubaldofernandes.com\/index.php\/news\/ubaldo-fernandes-cobra-melhorias-em-estradas-estaduais-do-rn\/#breadcrumb","itemListElement":[{"@type":"ListItem","position":1,"name":"In\u00edcio","item":"https:\/\/ubaldofernandes.com\/"},{"@type":"ListItem","position":2,"name":"Not\u00edcias","item":"https:\/\/ubaldofernandes.com\/index.php\/news\/"},{"@type":"ListItem","position":3,"name":"Ubaldo Fernandes cobra melhorias em estradas estaduais do RN"}]},{"@type":"WebSite","@id":"https:\/\/ubaldofernandes.com\/#website","url":"https:\/\/ubaldofernandes.com\/","name":"Ubaldo Fernandes","description":"Deputado Estadual","potentialAction":[{"@type":"SearchAction","target":{"@type":"EntryPoint","urlTemplate":"https:\/\/ubaldofernandes.com\/?s={search_term_string}"},"query-input":{"@type":"PropertyValueSpecification","valueRequired":true,"valueName":"search_term_string"}}],"inLanguage":"pt-BR"}]}},"_links":{"self":[{"href":"https:\/\/ubaldofernandes.com\/index.php\/wp-json\/wp\/v2\/news\/5027","targetHints":{"allow":["GET"]}}],"collection":[{"href":"https:\/\/ubaldofernandes.com\/index.php\/wp-json\/wp\/v2\/news"}],"about":[{"href":"https:\/\/ubaldofernandes.com\/index.php\/wp-json\/wp\/v2\/types\/news"}],"wp:featuredmedia":[{"embeddable":true,"href":"https:\/\/ubaldofernandes.com\/index.php\/wp-json\/wp\/v2\/media\/5028"}],"wp:attachment":[{"href":"https:\/\/ubaldofernandes.com\/index.php\/wp-json\/wp\/v2\/media?parent=5027"}],"curies":[{"name":"wp","href":"https:\/\/api.w.org\/{rel}","templated":true}]}}