{"id":5035,"date":"2023-04-03T13:51:00","date_gmt":"2023-04-03T16:51:00","guid":{"rendered":"https:\/\/ubaldofernandes.com\/?post_type=news&#038;p=5035"},"modified":"2023-04-10T09:56:32","modified_gmt":"2023-04-10T12:56:32","slug":"parlamentares-cobram-da-sttu-retorno-de-linhas-pra-rocas","status":"publish","type":"news","link":"https:\/\/ubaldofernandes.com\/index.php\/news\/parlamentares-cobram-da-sttu-retorno-de-linhas-pra-rocas\/","title":{"rendered":"Parlamentares cobram da STTU retorno de linhas pra Rocas"},"content":{"rendered":"\n<p>Desde os ataques criminosos que assolaram o Rio Grande do Norte e principalmente Natal em mar\u00e7o passado, a popula\u00e7\u00e3o das Rocas est\u00e1 sendo penalizada com a mudan\u00e7a de rotas de algumas linhas de \u00f4nibus que deixaram de passar pelo seu terminal. Diante da situa\u00e7\u00e3o, uma comiss\u00e3o de parlamentares esteve nesta segunda-feira (03) na Secretaria de Mobilidade Urbana (STTU) cobrando explica\u00e7\u00f5es e provid\u00eancias para a suspens\u00e3o das linhas 46, 51, 52, 54 e 56 no bairro da zona Leste da capital.<\/p>\n\n\n\n<p>Estiveram com a secret\u00e1ria Daliana Bandeira e seu secret\u00e1rio adjunto Walter Pedro, o deputado estadual Ubaldo Fernandes e Comiss\u00e3o de Transportes da C\u00e2mara de Natal, atrav\u00e9s dos vereadores Eribaldo Medeiros e Herberth Sena, al\u00e9m de uma representante do mandato do edil Daniel Valen\u00e7a. A gestora municipal explicou \u00e0 comiss\u00e3o que a suspens\u00e3o pelas empresas \u00e9 reprovada pelo \u00f3rg\u00e3o, que j\u00e1 est\u00e1 autuando as concession\u00e1rias dessas linhas, enfatizando ainda que a solicita\u00e7\u00e3o para mudan\u00e7a de rota tinha sido feita e reprovada h\u00e1 cerca de um ano, como demonstra em documento do \u00f3rg\u00e3o municipal. Daliana tamb\u00e9m adiantou que est\u00e1 buscando junto \u00e0 assessoria jur\u00eddica da STTU e \u00e0 Procuradoria Geral do Munic\u00edpio medidas judiciais cab\u00edveis.&nbsp;<\/p>\n\n\n\n<p>Priorizando, contudo, uma solu\u00e7\u00e3o administrativa, a STTU est\u00e1 convocando representantes da Via Sul e Santa Maria, \u00e0s quais operam as cinco linhas, para uma reuni\u00e3o na sede do \u00f3rg\u00e3o, na Ribeira, \u00e0s 9h desta ter\u00e7a-feira (04), com participa\u00e7\u00e3o dos representantes p\u00fablicos e da comunidade, quando pretendem chegar a uma solu\u00e7\u00e3o para os usu\u00e1rios do transporte coletivo da regi\u00e3o. Os diretores do Sindicato das Empresas de Transportes Urbanos (Seturn) tamb\u00e9m est\u00e3o sendo convidados \u00e0 mesa de di\u00e1logo, atrav\u00e9s de Agnelo C\u00e2ndido (presidente) e Lu\u00eds Flor (vice-presidente) e o diretor Marcelo Passos. Al\u00e9m disso, os parlamentares e popula\u00e7\u00e3o j\u00e1 articulam uma mobiliza\u00e7\u00e3o para \u00e0s 7h da quarta-feira (05), caso n\u00e3o haja encaminhamentos amanh\u00e3 para a solu\u00e7\u00e3o.<\/p>\n\n\n\n<p>Mat\u00e9ria publicada no <a href=\"http:\/\/www.alexsilvaassu.com.br\/2023\/04\/parlamentares-cobram-da-sttu-retorno-de.html\">Blog Alex Silva<\/a>. <\/p>\n","protected":false},"featured_media":5036,"parent":0,"template":"","class_list":["post-5035","news","type-news","status-publish","has-post-thumbnail","hentry"],"acf":[],"yoast_head":"<!-- This site is optimized with the Yoast SEO plugin v24.6 - https:\/\/yoast.com\/wordpress\/plugins\/seo\/ -->\n<title>Parlamentares cobram da STTU retorno de linhas pra Rocas - Ubaldo Fernandes<\/title>\n<meta name=\"robots\" content=\"index, follow, max-snippet:-1, max-image-preview:large, max-video-preview:-1\" \/>\n<link rel=\"canonical\" href=\"https:\/\/ubaldofernandes.com\/index.php\/news\/parlamentares-cobram-da-sttu-retorno-de-linhas-pra-rocas\/\" \/>\n<meta property=\"og:locale\" content=\"pt_BR\" \/>\n<meta property=\"og:type\" content=\"article\" \/>\n<meta property=\"og:title\" content=\"Parlamentares cobram da STTU retorno de linhas pra Rocas - Ubaldo Fernandes\" \/>\n<meta property=\"og:description\" content=\"Desde os ataques criminosos que assolaram o Rio Grande do Norte e principalmente Natal em mar\u00e7o passado, a popula\u00e7\u00e3o das Rocas est\u00e1 sendo penalizada com a mudan\u00e7a de rotas de algumas linhas de \u00f4nibus que deixaram de passar pelo seu terminal. Diante da situa\u00e7\u00e3o, uma comiss\u00e3o de parlamentares esteve nesta segunda-feira (03) na Secretaria de [&hellip;]\" \/>\n<meta property=\"og:url\" content=\"https:\/\/ubaldofernandes.com\/index.php\/news\/parlamentares-cobram-da-sttu-retorno-de-linhas-pra-rocas\/\" \/>\n<meta property=\"og:site_name\" content=\"Ubaldo Fernandes\" \/>\n<meta property=\"article:modified_time\" content=\"2023-04-10T12:56:32+00:00\" \/>\n<meta property=\"og:image\" content=\"https:\/\/ubaldofernandes.com\/wp-content\/uploads\/2023\/04\/Ubaldo-e-Daliana-Bandeira.jpeg\" \/>\n\t<meta property=\"og:image:width\" content=\"1600\" \/>\n\t<meta property=\"og:image:height\" content=\"1200\" \/>\n\t<meta property=\"og:image:type\" content=\"image\/jpeg\" \/>\n<meta name=\"twitter:card\" content=\"summary_large_image\" \/>\n<meta name=\"twitter:label1\" content=\"Est. tempo de leitura\" \/>\n\t<meta name=\"twitter:data1\" content=\"2 minutos\" \/>\n<script type=\"application\/ld+json\" class=\"yoast-schema-graph\">{\"@context\":\"https:\/\/schema.org\",\"@graph\":[{\"@type\":\"WebPage\",\"@id\":\"https:\/\/ubaldofernandes.com\/index.php\/news\/parlamentares-cobram-da-sttu-retorno-de-linhas-pra-rocas\/\",\"url\":\"https:\/\/ubaldofernandes.com\/index.php\/news\/parlamentares-cobram-da-sttu-retorno-de-linhas-pra-rocas\/\",\"name\":\"Parlamentares cobram da STTU retorno de linhas pra Rocas - Ubaldo Fernandes\",\"isPartOf\":{\"@id\":\"https:\/\/ubaldofernandes.com\/#website\"},\"primaryImageOfPage\":{\"@id\":\"https:\/\/ubaldofernandes.com\/index.php\/news\/parlamentares-cobram-da-sttu-retorno-de-linhas-pra-rocas\/#primaryimage\"},\"image\":{\"@id\":\"https:\/\/ubaldofernandes.com\/index.php\/news\/parlamentares-cobram-da-sttu-retorno-de-linhas-pra-rocas\/#primaryimage\"},\"thumbnailUrl\":\"https:\/\/ubaldofernandes.com\/wp-content\/uploads\/2023\/04\/Ubaldo-e-Daliana-Bandeira.jpeg\",\"datePublished\":\"2023-04-03T16:51:00+00:00\",\"dateModified\":\"2023-04-10T12:56:32+00:00\",\"breadcrumb\":{\"@id\":\"https:\/\/ubaldofernandes.com\/index.php\/news\/parlamentares-cobram-da-sttu-retorno-de-linhas-pra-rocas\/#breadcrumb\"},\"inLanguage\":\"pt-BR\",\"potentialAction\":[{\"@type\":\"ReadAction\",\"target\":[\"https:\/\/ubaldofernandes.com\/index.php\/news\/parlamentares-cobram-da-sttu-retorno-de-linhas-pra-rocas\/\"]}]},{\"@type\":\"ImageObject\",\"inLanguage\":\"pt-BR\",\"@id\":\"https:\/\/ubaldofernandes.com\/index.php\/news\/parlamentares-cobram-da-sttu-retorno-de-linhas-pra-rocas\/#primaryimage\",\"url\":\"https:\/\/ubaldofernandes.com\/wp-content\/uploads\/2023\/04\/Ubaldo-e-Daliana-Bandeira.jpeg\",\"contentUrl\":\"https:\/\/ubaldofernandes.com\/wp-content\/uploads\/2023\/04\/Ubaldo-e-Daliana-Bandeira.jpeg\",\"width\":1600,\"height\":1200},{\"@type\":\"BreadcrumbList\",\"@id\":\"https:\/\/ubaldofernandes.com\/index.php\/news\/parlamentares-cobram-da-sttu-retorno-de-linhas-pra-rocas\/#breadcrumb\",\"itemListElement\":[{\"@type\":\"ListItem\",\"position\":1,\"name\":\"In\u00edcio\",\"item\":\"https:\/\/ubaldofernandes.com\/\"},{\"@type\":\"ListItem\",\"position\":2,\"name\":\"Not\u00edcias\",\"item\":\"https:\/\/ubaldofernandes.com\/index.php\/news\/\"},{\"@type\":\"ListItem\",\"position\":3,\"name\":\"Parlamentares cobram da STTU retorno de linhas pra Rocas\"}]},{\"@type\":\"WebSite\",\"@id\":\"https:\/\/ubaldofernandes.com\/#website\",\"url\":\"https:\/\/ubaldofernandes.com\/\",\"name\":\"Ubaldo Fernandes\",\"description\":\"Deputado Estadual\",\"potentialAction\":[{\"@type\":\"SearchAction\",\"target\":{\"@type\":\"EntryPoint\",\"urlTemplate\":\"https:\/\/ubaldofernandes.com\/?s={search_term_string}\"},\"query-input\":{\"@type\":\"PropertyValueSpecification\",\"valueRequired\":true,\"valueName\":\"search_term_string\"}}],\"inLanguage\":\"pt-BR\"}]}<\/script>\n<!-- \/ Yoast SEO plugin. -->","yoast_head_json":{"title":"Parlamentares cobram da STTU retorno de linhas pra Rocas - Ubaldo Fernandes","robots":{"index":"index","follow":"follow","max-snippet":"max-snippet:-1","max-image-preview":"max-image-preview:large","max-video-preview":"max-video-preview:-1"},"canonical":"https:\/\/ubaldofernandes.com\/index.php\/news\/parlamentares-cobram-da-sttu-retorno-de-linhas-pra-rocas\/","og_locale":"pt_BR","og_type":"article","og_title":"Parlamentares cobram da STTU retorno de linhas pra Rocas - Ubaldo Fernandes","og_description":"Desde os ataques criminosos que assolaram o Rio Grande do Norte e principalmente Natal em mar\u00e7o passado, a popula\u00e7\u00e3o das Rocas est\u00e1 sendo penalizada com a mudan\u00e7a de rotas de algumas linhas de \u00f4nibus que deixaram de passar pelo seu terminal. Diante da situa\u00e7\u00e3o, uma comiss\u00e3o de parlamentares esteve nesta segunda-feira (03) na Secretaria de [&hellip;]","og_url":"https:\/\/ubaldofernandes.com\/index.php\/news\/parlamentares-cobram-da-sttu-retorno-de-linhas-pra-rocas\/","og_site_name":"Ubaldo Fernandes","article_modified_time":"2023-04-10T12:56:32+00:00","og_image":[{"width":1600,"height":1200,"url":"https:\/\/ubaldofernandes.com\/wp-content\/uploads\/2023\/04\/Ubaldo-e-Daliana-Bandeira.jpeg","type":"image\/jpeg"}],"twitter_card":"summary_large_image","twitter_misc":{"Est. tempo de leitura":"2 minutos"},"schema":{"@context":"https:\/\/schema.org","@graph":[{"@type":"WebPage","@id":"https:\/\/ubaldofernandes.com\/index.php\/news\/parlamentares-cobram-da-sttu-retorno-de-linhas-pra-rocas\/","url":"https:\/\/ubaldofernandes.com\/index.php\/news\/parlamentares-cobram-da-sttu-retorno-de-linhas-pra-rocas\/","name":"Parlamentares cobram da STTU retorno de linhas pra Rocas - Ubaldo Fernandes","isPartOf":{"@id":"https:\/\/ubaldofernandes.com\/#website"},"primaryImageOfPage":{"@id":"https:\/\/ubaldofernandes.com\/index.php\/news\/parlamentares-cobram-da-sttu-retorno-de-linhas-pra-rocas\/#primaryimage"},"image":{"@id":"https:\/\/ubaldofernandes.com\/index.php\/news\/parlamentares-cobram-da-sttu-retorno-de-linhas-pra-rocas\/#primaryimage"},"thumbnailUrl":"https:\/\/ubaldofernandes.com\/wp-content\/uploads\/2023\/04\/Ubaldo-e-Daliana-Bandeira.jpeg","datePublished":"2023-04-03T16:51:00+00:00","dateModified":"2023-04-10T12:56:32+00:00","breadcrumb":{"@id":"https:\/\/ubaldofernandes.com\/index.php\/news\/parlamentares-cobram-da-sttu-retorno-de-linhas-pra-rocas\/#breadcrumb"},"inLanguage":"pt-BR","potentialAction":[{"@type":"ReadAction","target":["https:\/\/ubaldofernandes.com\/index.php\/news\/parlamentares-cobram-da-sttu-retorno-de-linhas-pra-rocas\/"]}]},{"@type":"ImageObject","inLanguage":"pt-BR","@id":"https:\/\/ubaldofernandes.com\/index.php\/news\/parlamentares-cobram-da-sttu-retorno-de-linhas-pra-rocas\/#primaryimage","url":"https:\/\/ubaldofernandes.com\/wp-content\/uploads\/2023\/04\/Ubaldo-e-Daliana-Bandeira.jpeg","contentUrl":"https:\/\/ubaldofernandes.com\/wp-content\/uploads\/2023\/04\/Ubaldo-e-Daliana-Bandeira.jpeg","width":1600,"height":1200},{"@type":"BreadcrumbList","@id":"https:\/\/ubaldofernandes.com\/index.php\/news\/parlamentares-cobram-da-sttu-retorno-de-linhas-pra-rocas\/#breadcrumb","itemListElement":[{"@type":"ListItem","position":1,"name":"In\u00edcio","item":"https:\/\/ubaldofernandes.com\/"},{"@type":"ListItem","position":2,"name":"Not\u00edcias","item":"https:\/\/ubaldofernandes.com\/index.php\/news\/"},{"@type":"ListItem","position":3,"name":"Parlamentares cobram da STTU retorno de linhas pra Rocas"}]},{"@type":"WebSite","@id":"https:\/\/ubaldofernandes.com\/#website","url":"https:\/\/ubaldofernandes.com\/","name":"Ubaldo Fernandes","description":"Deputado Estadual","potentialAction":[{"@type":"SearchAction","target":{"@type":"EntryPoint","urlTemplate":"https:\/\/ubaldofernandes.com\/?s={search_term_string}"},"query-input":{"@type":"PropertyValueSpecification","valueRequired":true,"valueName":"search_term_string"}}],"inLanguage":"pt-BR"}]}},"_links":{"self":[{"href":"https:\/\/ubaldofernandes.com\/index.php\/wp-json\/wp\/v2\/news\/5035","targetHints":{"allow":["GET"]}}],"collection":[{"href":"https:\/\/ubaldofernandes.com\/index.php\/wp-json\/wp\/v2\/news"}],"about":[{"href":"https:\/\/ubaldofernandes.com\/index.php\/wp-json\/wp\/v2\/types\/news"}],"wp:featuredmedia":[{"embeddable":true,"href":"https:\/\/ubaldofernandes.com\/index.php\/wp-json\/wp\/v2\/media\/5036"}],"wp:attachment":[{"href":"https:\/\/ubaldofernandes.com\/index.php\/wp-json\/wp\/v2\/media?parent=5035"}],"curies":[{"name":"wp","href":"https:\/\/api.w.org\/{rel}","templated":true}]}}