{"id":5041,"date":"2023-04-04T14:05:00","date_gmt":"2023-04-04T17:05:00","guid":{"rendered":"https:\/\/ubaldofernandes.com\/?post_type=news&#038;p=5041"},"modified":"2023-04-10T10:08:02","modified_gmt":"2023-04-10T13:08:02","slug":"sem-acordo-com-sttu-e-seturn-comunidade-das-rocas-marca-protesto-para-esta-quarta-5","status":"publish","type":"news","link":"https:\/\/ubaldofernandes.com\/index.php\/news\/sem-acordo-com-sttu-e-seturn-comunidade-das-rocas-marca-protesto-para-esta-quarta-5\/","title":{"rendered":"Sem acordo com STTU e Seturn, comunidade das Rocas marca protesto para esta quarta (5)"},"content":{"rendered":"\n<p>Ap\u00f3s mais de duas horas de acalorado debate entre representantes da Secretaria de Mobilidade Urbana (STTU), Sindicato das Empresas de Transportes Urbanos (Seturn), classe pol\u00edtica e comunidade das Rocas, na manh\u00e3 desta ter\u00e7a-feira (04), no audit\u00f3rio da STTU, n\u00e3o houve acordo entre as partes sobre a retirada de cinco linhas (46, 51, 52, 54 e 56) do bairro. Diante disso, os parlamentares da regi\u00e3o (deputado estadual Ubaldo Fernandes e os vereadores Herberth Sena e Eirbaldo Medeiros) e lideran\u00e7as comunit\u00e1rias convocam moradores, e convidam imprensa, para um Ato P\u00fablico, \u00e0s 7h desta quarta-feira (05), que come\u00e7ar\u00e1 no Terminal Rodovi\u00e1rio das Rocas, indo em dire\u00e7\u00e3o \u00e0 sede do \u00f3rg\u00e3o municipal, na Ribeira.<\/p>\n\n\n\n<p>O impasse acontece porque empres\u00e1rios de \u00f4nibus alegam inseguran\u00e7a para colaboradores, usu\u00e1rios e patrim\u00f4nio, potencializada nos ataques criminosos de mar\u00e7o passado, al\u00e9m de falta de log\u00edstica de transito no terminal (diante de v\u00e1rias carretas estacionadas para o Porto de Natal) e, acima de tudo, pelo fator econ\u00f4mico, pois n\u00e3o haveria demanda que justificasse a passagem dos coletivos no bairro, al\u00e9m do d\u00e9ficit financeiro, diante dos altos custos de opera\u00e7\u00e3o na regi\u00e3o e em toda a cidade.<\/p>\n\n\n\n<p>Os parlamentares, no entanto, refor\u00e7aram que a popula\u00e7\u00e3o n\u00e3o pode ser penalizada por essa situa\u00e7\u00e3o, que deveria ser resolvida entre empres\u00e1rios e poder executivo, com apoio dos poderes legislativos. E que, inclusive, compreendem o lado econ\u00f4mico das empresas e votam sempre favor\u00e1veis a mat\u00e9rias enviadas pelo Munic\u00edpio que concedem incentivos fiscais para compensar suas perdas financeiras, diante da infla\u00e7\u00e3o.<\/p>\n\n\n\n<p>Uma proposta foi colocada na mesa de debate \u2013 que seria a manuten\u00e7\u00e3o das opera\u00e7\u00f5es das 5 linhas com retirada, inclusive, de trajeto pelo terminal das Rocas, mediante um estudo a ser realizado em 45 dias \u2013 para uma nova reuni\u00e3o de avalia\u00e7\u00e3o, mas os empres\u00e1rios s\u00f3 aceitavam retornar algumas das cinco linhas, o que n\u00e3o foi aceito pelos representantes da comunidade, que enfatizaram o hist\u00f3rico de v\u00e1rias perdas ao longo dos \u00faltimos anos, destacando inclusive o fim do terminal de Bras\u00edlia Teimosa.<\/p>\n\n\n\n<p>\u201cEstamos saindo de reuni\u00e3o frustrados, sem sucesso. As empresas de forma truculenta n\u00e3o atendem apelo da popula\u00e7\u00e3o. N\u00e3o pedimos novas linhas, mas a manuten\u00e7\u00e3o das existentes. Nosso ato \u00e9 para dizer n\u00e3o \u00e0 forma como a STTU e o Seturn tratam nossa comunidade. Hoje foi p\u00e9ssimo vermos a vis\u00e3o dos empres\u00e1rios em s\u00f3 querer lucro sem ver a quest\u00e3o social dos trabalhadores. N\u00e3o \u00e9 quest\u00e3o de seguran\u00e7a e espa\u00e7o f\u00edsico. A alega\u00e7\u00e3o que pesa mesmo \u00e9 a financeira, econ\u00f4mica. Isso precisa ficar claro para a popula\u00e7\u00e3o\u201d, destacou o deputado estadual Ubaldo Fernandes.<\/p>\n\n\n\n<p>J\u00e1 o vereador Herberth Sena enfatizou: \u201cN\u00e3o podemos aceitar o que est\u00e3o fazendo conosco. J\u00e1 retiraram v\u00e1rias linhas e estamos unidos nessa batalha em defesa da popula\u00e7\u00e3o contra essas medidas absurdas\u201d. O vereador Eribaldo Medeiros, por sua vez, declarou: \u201cN\u00f3s j\u00e1 perdemos o terminal da Bras\u00edlia Teimosa e n\u00e3o podemos perder agora o das Rocas. S\u00e3o 40 mil pessoas prejudicadas. Convocamos a popula\u00e7\u00e3o pra essa mobiliza\u00e7\u00e3o amanh\u00e3 cedo, para termos for\u00e7a pra resolver o problema\u201d.<\/p>\n\n\n\n<p>Mat\u00e9ria publicada no <a href=\"https:\/\/www.ibandrn.com.br\/sem-acordo-com-sttu-e-seturn-comunidade-das-rocas-marca-protesto-para-esta-quarta-5\/\">Portal iBandRN<\/a>. <\/p>\n","protected":false},"featured_media":5042,"parent":0,"template":"","class_list":["post-5041","news","type-news","status-publish","has-post-thumbnail","hentry"],"acf":[],"yoast_head":"<!-- This site is optimized with the Yoast SEO plugin v24.6 - https:\/\/yoast.com\/wordpress\/plugins\/seo\/ -->\n<title>Sem acordo com STTU e Seturn, comunidade das Rocas marca protesto para esta quarta (5) - Ubaldo Fernandes<\/title>\n<meta name=\"robots\" content=\"index, follow, max-snippet:-1, max-image-preview:large, max-video-preview:-1\" \/>\n<link rel=\"canonical\" href=\"https:\/\/ubaldofernandes.com\/index.php\/news\/sem-acordo-com-sttu-e-seturn-comunidade-das-rocas-marca-protesto-para-esta-quarta-5\/\" \/>\n<meta property=\"og:locale\" content=\"pt_BR\" \/>\n<meta property=\"og:type\" content=\"article\" \/>\n<meta property=\"og:title\" content=\"Sem acordo com STTU e Seturn, comunidade das Rocas marca protesto para esta quarta (5) - Ubaldo Fernandes\" \/>\n<meta property=\"og:description\" content=\"Ap\u00f3s mais de duas horas de acalorado debate entre representantes da Secretaria de Mobilidade Urbana (STTU), Sindicato das Empresas de Transportes Urbanos (Seturn), classe pol\u00edtica e comunidade das Rocas, na manh\u00e3 desta ter\u00e7a-feira (04), no audit\u00f3rio da STTU, n\u00e3o houve acordo entre as partes sobre a retirada de cinco linhas (46, 51, 52, 54 e [&hellip;]\" \/>\n<meta property=\"og:url\" content=\"https:\/\/ubaldofernandes.com\/index.php\/news\/sem-acordo-com-sttu-e-seturn-comunidade-das-rocas-marca-protesto-para-esta-quarta-5\/\" \/>\n<meta property=\"og:site_name\" content=\"Ubaldo Fernandes\" \/>\n<meta property=\"article:modified_time\" content=\"2023-04-10T13:08:02+00:00\" \/>\n<meta property=\"og:image\" content=\"https:\/\/ubaldofernandes.com\/wp-content\/uploads\/2023\/04\/Reuniao-STTU.jpg\" \/>\n\t<meta property=\"og:image:width\" content=\"1200\" \/>\n\t<meta property=\"og:image:height\" content=\"900\" \/>\n\t<meta property=\"og:image:type\" content=\"image\/jpeg\" \/>\n<meta name=\"twitter:card\" content=\"summary_large_image\" \/>\n<meta name=\"twitter:label1\" content=\"Est. tempo de leitura\" \/>\n\t<meta name=\"twitter:data1\" content=\"3 minutos\" \/>\n<script type=\"application\/ld+json\" class=\"yoast-schema-graph\">{\"@context\":\"https:\/\/schema.org\",\"@graph\":[{\"@type\":\"WebPage\",\"@id\":\"https:\/\/ubaldofernandes.com\/index.php\/news\/sem-acordo-com-sttu-e-seturn-comunidade-das-rocas-marca-protesto-para-esta-quarta-5\/\",\"url\":\"https:\/\/ubaldofernandes.com\/index.php\/news\/sem-acordo-com-sttu-e-seturn-comunidade-das-rocas-marca-protesto-para-esta-quarta-5\/\",\"name\":\"Sem acordo com STTU e Seturn, comunidade das Rocas marca protesto para esta quarta (5) - Ubaldo Fernandes\",\"isPartOf\":{\"@id\":\"https:\/\/ubaldofernandes.com\/#website\"},\"primaryImageOfPage\":{\"@id\":\"https:\/\/ubaldofernandes.com\/index.php\/news\/sem-acordo-com-sttu-e-seturn-comunidade-das-rocas-marca-protesto-para-esta-quarta-5\/#primaryimage\"},\"image\":{\"@id\":\"https:\/\/ubaldofernandes.com\/index.php\/news\/sem-acordo-com-sttu-e-seturn-comunidade-das-rocas-marca-protesto-para-esta-quarta-5\/#primaryimage\"},\"thumbnailUrl\":\"https:\/\/ubaldofernandes.com\/wp-content\/uploads\/2023\/04\/Reuniao-STTU.jpg\",\"datePublished\":\"2023-04-04T17:05:00+00:00\",\"dateModified\":\"2023-04-10T13:08:02+00:00\",\"breadcrumb\":{\"@id\":\"https:\/\/ubaldofernandes.com\/index.php\/news\/sem-acordo-com-sttu-e-seturn-comunidade-das-rocas-marca-protesto-para-esta-quarta-5\/#breadcrumb\"},\"inLanguage\":\"pt-BR\",\"potentialAction\":[{\"@type\":\"ReadAction\",\"target\":[\"https:\/\/ubaldofernandes.com\/index.php\/news\/sem-acordo-com-sttu-e-seturn-comunidade-das-rocas-marca-protesto-para-esta-quarta-5\/\"]}]},{\"@type\":\"ImageObject\",\"inLanguage\":\"pt-BR\",\"@id\":\"https:\/\/ubaldofernandes.com\/index.php\/news\/sem-acordo-com-sttu-e-seturn-comunidade-das-rocas-marca-protesto-para-esta-quarta-5\/#primaryimage\",\"url\":\"https:\/\/ubaldofernandes.com\/wp-content\/uploads\/2023\/04\/Reuniao-STTU.jpg\",\"contentUrl\":\"https:\/\/ubaldofernandes.com\/wp-content\/uploads\/2023\/04\/Reuniao-STTU.jpg\",\"width\":1200,\"height\":900},{\"@type\":\"BreadcrumbList\",\"@id\":\"https:\/\/ubaldofernandes.com\/index.php\/news\/sem-acordo-com-sttu-e-seturn-comunidade-das-rocas-marca-protesto-para-esta-quarta-5\/#breadcrumb\",\"itemListElement\":[{\"@type\":\"ListItem\",\"position\":1,\"name\":\"In\u00edcio\",\"item\":\"https:\/\/ubaldofernandes.com\/\"},{\"@type\":\"ListItem\",\"position\":2,\"name\":\"Not\u00edcias\",\"item\":\"https:\/\/ubaldofernandes.com\/index.php\/news\/\"},{\"@type\":\"ListItem\",\"position\":3,\"name\":\"Sem acordo com STTU e Seturn, comunidade das Rocas marca protesto para esta quarta (5)\"}]},{\"@type\":\"WebSite\",\"@id\":\"https:\/\/ubaldofernandes.com\/#website\",\"url\":\"https:\/\/ubaldofernandes.com\/\",\"name\":\"Ubaldo Fernandes\",\"description\":\"Deputado Estadual\",\"potentialAction\":[{\"@type\":\"SearchAction\",\"target\":{\"@type\":\"EntryPoint\",\"urlTemplate\":\"https:\/\/ubaldofernandes.com\/?s={search_term_string}\"},\"query-input\":{\"@type\":\"PropertyValueSpecification\",\"valueRequired\":true,\"valueName\":\"search_term_string\"}}],\"inLanguage\":\"pt-BR\"}]}<\/script>\n<!-- \/ Yoast SEO plugin. -->","yoast_head_json":{"title":"Sem acordo com STTU e Seturn, comunidade das Rocas marca protesto para esta quarta (5) - Ubaldo Fernandes","robots":{"index":"index","follow":"follow","max-snippet":"max-snippet:-1","max-image-preview":"max-image-preview:large","max-video-preview":"max-video-preview:-1"},"canonical":"https:\/\/ubaldofernandes.com\/index.php\/news\/sem-acordo-com-sttu-e-seturn-comunidade-das-rocas-marca-protesto-para-esta-quarta-5\/","og_locale":"pt_BR","og_type":"article","og_title":"Sem acordo com STTU e Seturn, comunidade das Rocas marca protesto para esta quarta (5) - Ubaldo Fernandes","og_description":"Ap\u00f3s mais de duas horas de acalorado debate entre representantes da Secretaria de Mobilidade Urbana (STTU), Sindicato das Empresas de Transportes Urbanos (Seturn), classe pol\u00edtica e comunidade das Rocas, na manh\u00e3 desta ter\u00e7a-feira (04), no audit\u00f3rio da STTU, n\u00e3o houve acordo entre as partes sobre a retirada de cinco linhas (46, 51, 52, 54 e [&hellip;]","og_url":"https:\/\/ubaldofernandes.com\/index.php\/news\/sem-acordo-com-sttu-e-seturn-comunidade-das-rocas-marca-protesto-para-esta-quarta-5\/","og_site_name":"Ubaldo Fernandes","article_modified_time":"2023-04-10T13:08:02+00:00","og_image":[{"width":1200,"height":900,"url":"https:\/\/ubaldofernandes.com\/wp-content\/uploads\/2023\/04\/Reuniao-STTU.jpg","type":"image\/jpeg"}],"twitter_card":"summary_large_image","twitter_misc":{"Est. tempo de leitura":"3 minutos"},"schema":{"@context":"https:\/\/schema.org","@graph":[{"@type":"WebPage","@id":"https:\/\/ubaldofernandes.com\/index.php\/news\/sem-acordo-com-sttu-e-seturn-comunidade-das-rocas-marca-protesto-para-esta-quarta-5\/","url":"https:\/\/ubaldofernandes.com\/index.php\/news\/sem-acordo-com-sttu-e-seturn-comunidade-das-rocas-marca-protesto-para-esta-quarta-5\/","name":"Sem acordo com STTU e Seturn, comunidade das Rocas marca protesto para esta quarta (5) - Ubaldo Fernandes","isPartOf":{"@id":"https:\/\/ubaldofernandes.com\/#website"},"primaryImageOfPage":{"@id":"https:\/\/ubaldofernandes.com\/index.php\/news\/sem-acordo-com-sttu-e-seturn-comunidade-das-rocas-marca-protesto-para-esta-quarta-5\/#primaryimage"},"image":{"@id":"https:\/\/ubaldofernandes.com\/index.php\/news\/sem-acordo-com-sttu-e-seturn-comunidade-das-rocas-marca-protesto-para-esta-quarta-5\/#primaryimage"},"thumbnailUrl":"https:\/\/ubaldofernandes.com\/wp-content\/uploads\/2023\/04\/Reuniao-STTU.jpg","datePublished":"2023-04-04T17:05:00+00:00","dateModified":"2023-04-10T13:08:02+00:00","breadcrumb":{"@id":"https:\/\/ubaldofernandes.com\/index.php\/news\/sem-acordo-com-sttu-e-seturn-comunidade-das-rocas-marca-protesto-para-esta-quarta-5\/#breadcrumb"},"inLanguage":"pt-BR","potentialAction":[{"@type":"ReadAction","target":["https:\/\/ubaldofernandes.com\/index.php\/news\/sem-acordo-com-sttu-e-seturn-comunidade-das-rocas-marca-protesto-para-esta-quarta-5\/"]}]},{"@type":"ImageObject","inLanguage":"pt-BR","@id":"https:\/\/ubaldofernandes.com\/index.php\/news\/sem-acordo-com-sttu-e-seturn-comunidade-das-rocas-marca-protesto-para-esta-quarta-5\/#primaryimage","url":"https:\/\/ubaldofernandes.com\/wp-content\/uploads\/2023\/04\/Reuniao-STTU.jpg","contentUrl":"https:\/\/ubaldofernandes.com\/wp-content\/uploads\/2023\/04\/Reuniao-STTU.jpg","width":1200,"height":900},{"@type":"BreadcrumbList","@id":"https:\/\/ubaldofernandes.com\/index.php\/news\/sem-acordo-com-sttu-e-seturn-comunidade-das-rocas-marca-protesto-para-esta-quarta-5\/#breadcrumb","itemListElement":[{"@type":"ListItem","position":1,"name":"In\u00edcio","item":"https:\/\/ubaldofernandes.com\/"},{"@type":"ListItem","position":2,"name":"Not\u00edcias","item":"https:\/\/ubaldofernandes.com\/index.php\/news\/"},{"@type":"ListItem","position":3,"name":"Sem acordo com STTU e Seturn, comunidade das Rocas marca protesto para esta quarta (5)"}]},{"@type":"WebSite","@id":"https:\/\/ubaldofernandes.com\/#website","url":"https:\/\/ubaldofernandes.com\/","name":"Ubaldo Fernandes","description":"Deputado Estadual","potentialAction":[{"@type":"SearchAction","target":{"@type":"EntryPoint","urlTemplate":"https:\/\/ubaldofernandes.com\/?s={search_term_string}"},"query-input":{"@type":"PropertyValueSpecification","valueRequired":true,"valueName":"search_term_string"}}],"inLanguage":"pt-BR"}]}},"_links":{"self":[{"href":"https:\/\/ubaldofernandes.com\/index.php\/wp-json\/wp\/v2\/news\/5041","targetHints":{"allow":["GET"]}}],"collection":[{"href":"https:\/\/ubaldofernandes.com\/index.php\/wp-json\/wp\/v2\/news"}],"about":[{"href":"https:\/\/ubaldofernandes.com\/index.php\/wp-json\/wp\/v2\/types\/news"}],"wp:featuredmedia":[{"embeddable":true,"href":"https:\/\/ubaldofernandes.com\/index.php\/wp-json\/wp\/v2\/media\/5042"}],"wp:attachment":[{"href":"https:\/\/ubaldofernandes.com\/index.php\/wp-json\/wp\/v2\/media?parent=5041"}],"curies":[{"name":"wp","href":"https:\/\/api.w.org\/{rel}","templated":true}]}}