{"id":5077,"date":"2023-04-23T12:01:00","date_gmt":"2023-04-23T15:01:00","guid":{"rendered":"https:\/\/ubaldofernandes.com\/?post_type=news&#038;p=5077"},"modified":"2023-04-24T13:04:05","modified_gmt":"2023-04-24T16:04:05","slug":"aprovado-pl-para-estado-realizar-campanhas-sobre-uso-adequado-de-gas-residencial","status":"publish","type":"news","link":"https:\/\/ubaldofernandes.com\/index.php\/news\/aprovado-pl-para-estado-realizar-campanhas-sobre-uso-adequado-de-gas-residencial\/","title":{"rendered":"Aprovado PL para Estado realizar campanhas sobre uso adequado de g\u00e1s residencial"},"content":{"rendered":"\n<p>Nos \u00faltimos tempos, no Rio Grande do Norte, foram noticiados graves acidentes dom\u00e9sticos em decorr\u00eancia de explos\u00f5es de botij\u00f5es de g\u00e1s, com destaque para um ocorrido em abril de 2021 nas Rocas, zona Leste de Natal, que matou uma fam\u00edlia e chegou a comprometer estruturas de cinco casas pr\u00f3ximas, deixando v\u00e1rios feridos. Diante disso, o deputado estadual Ubaldo Fernandes (PSDB) protocolou o projeto de lei 80\/2021 na Assembleia Legislativa, que disp\u00f5e sobre a implementa\u00e7\u00e3o de campanhas de conscientiza\u00e7\u00e3o do uso adequado de g\u00e1s residencial e, ap\u00f3s tramitar por tr\u00eas comiss\u00f5es, chegou ao plen\u00e1rio para vota\u00e7\u00e3o na Sess\u00e3o Ordin\u00e1ria desta quarta-feira (19), sendo aprovado \u00e0 unanimidade.<\/p>\n\n\n\n<p>\u201cApresentamos essa mat\u00e9ria diante da urgente necessidade de que o Poder P\u00fablico possa levar \u00e0 popula\u00e7\u00e3o potiguar as orienta\u00e7\u00f5es adequadas, evitando, assim, a ocorr\u00eancia de outros acidentes desta natureza. Nosso objetivo com essa iniciativa, que espero que logo o Governo do Estado sancione e se torne Lei, \u00e9 garantir maior seguran\u00e7a \u00e0s fam\u00edlias norte-rio-grandenses e seus lares quanto ao uso adequado do g\u00e1s residencial\u201d, destacou o autor da mat\u00e9ria.<\/p>\n\n\n\n<p>Segundo o escopo do PL, o Estado fica obrigado a elaborar campanhas de conscientiza\u00e7\u00e3o do uso adequado do botij\u00e3o de g\u00e1s e do g\u00e1s encanado para fins residenciais; as campanhas ser\u00e3o publicizadas por meio de m\u00eddia digital, outdoors, informestelevisivos e radiof\u00f4nicos; os fornecedores e vendedores de botij\u00f5es de g\u00e1s residencial, bem como os prestadores do servi\u00e7o de g\u00e1s encanado, dever\u00e3o entregar ao consumidor a cartilha informativa a respeito do seu uso adequado.<\/p>\n\n\n\n<p>A mat\u00e9ria estabelece, ainda, que os condom\u00ednios residenciais dever\u00e3o fixar nos elevadores informativos sobre ouso adequado do g\u00e1s residencial e em caso de descumprimento, o vendedor, fornecedor ou prestador de servi\u00e7o estar\u00e1 sujeito \u00e0 advert\u00eancia formal, aplicando-se multa em caso de reincid\u00eancia, cujo valor ser\u00e1 proporcional \u00e0 capacidade financeira do infrator.<\/p>\n\n\n\n<p><strong>MAIS<\/strong><br>Outras tr\u00eas mat\u00e9rias de iniciativa do parlamentar tamb\u00e9m foram aprovadas \u00e0 unanimidade. Foram elas: PL n\u00ba 383\/2019, que considera como patrim\u00f4nio cultural imaterial do Rio Grande do Norte a Banda Filarm\u00f4nica Euterpe Seridoense; o PL n\u00ba 3\/2021, que altera o nome da Central do Cidad\u00e3o de Caic\u00f3 para Central do Cidad\u00e3o Monsenhor T\u00e9rcio de Ara\u00fajo e o PL n\u00ba 404\/2021, que reconhece como patrim\u00f4nio imaterial, cultural, hist\u00f3rico e religioso do Rio Grande do Norte a Festa de Nossa Senhora dos Navegantes , realizada anualmente em Extremoz.<\/p>\n\n\n\n<p><strong>ESCOLAS<\/strong><br>Na Sess\u00e3o desta quarta tamb\u00e9m foi aprovado o requerimento de Ubaldo para a realiza\u00e7\u00e3o da Audi\u00eancia P\u00fablica com o tema &#8220;O futuro da seguran\u00e7a das escolas no RN: debate da humaniza\u00e7\u00e3o de educa\u00e7\u00e3o&#8221;, que acontecer\u00e1 no dia 27 de abril, \u00e0s 14h, no Sal\u00e3o Nobre da AL\/RN.<\/p>\n\n\n\n<p>Mat\u00e9ria publicada no <a href=\"https:\/\/marcosdantas.com\/aprovado-pl-para-estado-realizar-campanhas-sobre-uso-adequado-de-gas-residencial\/\">Blog do Marcos Dantas<\/a>. <\/p>\n","protected":false},"featured_media":5078,"parent":0,"template":"","class_list":["post-5077","news","type-news","status-publish","has-post-thumbnail","hentry"],"acf":[],"yoast_head":"<!-- This site is optimized with the Yoast SEO plugin v24.6 - https:\/\/yoast.com\/wordpress\/plugins\/seo\/ -->\n<title>Aprovado PL para Estado realizar campanhas sobre uso adequado de g\u00e1s residencial - Ubaldo Fernandes<\/title>\n<meta name=\"robots\" content=\"index, follow, max-snippet:-1, max-image-preview:large, max-video-preview:-1\" \/>\n<link rel=\"canonical\" href=\"https:\/\/ubaldofernandes.com\/index.php\/news\/aprovado-pl-para-estado-realizar-campanhas-sobre-uso-adequado-de-gas-residencial\/\" \/>\n<meta property=\"og:locale\" content=\"pt_BR\" \/>\n<meta property=\"og:type\" content=\"article\" \/>\n<meta property=\"og:title\" content=\"Aprovado PL para Estado realizar campanhas sobre uso adequado de g\u00e1s residencial - Ubaldo Fernandes\" \/>\n<meta property=\"og:description\" content=\"Nos \u00faltimos tempos, no Rio Grande do Norte, foram noticiados graves acidentes dom\u00e9sticos em decorr\u00eancia de explos\u00f5es de botij\u00f5es de g\u00e1s, com destaque para um ocorrido em abril de 2021 nas Rocas, zona Leste de Natal, que matou uma fam\u00edlia e chegou a comprometer estruturas de cinco casas pr\u00f3ximas, deixando v\u00e1rios feridos. Diante disso, o [&hellip;]\" \/>\n<meta property=\"og:url\" content=\"https:\/\/ubaldofernandes.com\/index.php\/news\/aprovado-pl-para-estado-realizar-campanhas-sobre-uso-adequado-de-gas-residencial\/\" \/>\n<meta property=\"og:site_name\" content=\"Ubaldo Fernandes\" \/>\n<meta property=\"article:modified_time\" content=\"2023-04-24T16:04:05+00:00\" \/>\n<meta property=\"og:image\" content=\"https:\/\/ubaldofernandes.com\/wp-content\/uploads\/2023\/04\/Ubaldo-Plenario.jpeg\" \/>\n\t<meta property=\"og:image:width\" content=\"1536\" \/>\n\t<meta property=\"og:image:height\" content=\"1023\" \/>\n\t<meta property=\"og:image:type\" content=\"image\/jpeg\" \/>\n<meta name=\"twitter:card\" content=\"summary_large_image\" \/>\n<meta name=\"twitter:label1\" content=\"Est. tempo de leitura\" \/>\n\t<meta name=\"twitter:data1\" content=\"2 minutos\" \/>\n<script type=\"application\/ld+json\" class=\"yoast-schema-graph\">{\"@context\":\"https:\/\/schema.org\",\"@graph\":[{\"@type\":\"WebPage\",\"@id\":\"https:\/\/ubaldofernandes.com\/index.php\/news\/aprovado-pl-para-estado-realizar-campanhas-sobre-uso-adequado-de-gas-residencial\/\",\"url\":\"https:\/\/ubaldofernandes.com\/index.php\/news\/aprovado-pl-para-estado-realizar-campanhas-sobre-uso-adequado-de-gas-residencial\/\",\"name\":\"Aprovado PL para Estado realizar campanhas sobre uso adequado de g\u00e1s residencial - Ubaldo Fernandes\",\"isPartOf\":{\"@id\":\"https:\/\/ubaldofernandes.com\/#website\"},\"primaryImageOfPage\":{\"@id\":\"https:\/\/ubaldofernandes.com\/index.php\/news\/aprovado-pl-para-estado-realizar-campanhas-sobre-uso-adequado-de-gas-residencial\/#primaryimage\"},\"image\":{\"@id\":\"https:\/\/ubaldofernandes.com\/index.php\/news\/aprovado-pl-para-estado-realizar-campanhas-sobre-uso-adequado-de-gas-residencial\/#primaryimage\"},\"thumbnailUrl\":\"https:\/\/ubaldofernandes.com\/wp-content\/uploads\/2023\/04\/Ubaldo-Plenario.jpeg\",\"datePublished\":\"2023-04-23T15:01:00+00:00\",\"dateModified\":\"2023-04-24T16:04:05+00:00\",\"breadcrumb\":{\"@id\":\"https:\/\/ubaldofernandes.com\/index.php\/news\/aprovado-pl-para-estado-realizar-campanhas-sobre-uso-adequado-de-gas-residencial\/#breadcrumb\"},\"inLanguage\":\"pt-BR\",\"potentialAction\":[{\"@type\":\"ReadAction\",\"target\":[\"https:\/\/ubaldofernandes.com\/index.php\/news\/aprovado-pl-para-estado-realizar-campanhas-sobre-uso-adequado-de-gas-residencial\/\"]}]},{\"@type\":\"ImageObject\",\"inLanguage\":\"pt-BR\",\"@id\":\"https:\/\/ubaldofernandes.com\/index.php\/news\/aprovado-pl-para-estado-realizar-campanhas-sobre-uso-adequado-de-gas-residencial\/#primaryimage\",\"url\":\"https:\/\/ubaldofernandes.com\/wp-content\/uploads\/2023\/04\/Ubaldo-Plenario.jpeg\",\"contentUrl\":\"https:\/\/ubaldofernandes.com\/wp-content\/uploads\/2023\/04\/Ubaldo-Plenario.jpeg\",\"width\":1536,\"height\":1023},{\"@type\":\"BreadcrumbList\",\"@id\":\"https:\/\/ubaldofernandes.com\/index.php\/news\/aprovado-pl-para-estado-realizar-campanhas-sobre-uso-adequado-de-gas-residencial\/#breadcrumb\",\"itemListElement\":[{\"@type\":\"ListItem\",\"position\":1,\"name\":\"In\u00edcio\",\"item\":\"https:\/\/ubaldofernandes.com\/\"},{\"@type\":\"ListItem\",\"position\":2,\"name\":\"Not\u00edcias\",\"item\":\"https:\/\/ubaldofernandes.com\/index.php\/news\/\"},{\"@type\":\"ListItem\",\"position\":3,\"name\":\"Aprovado PL para Estado realizar campanhas sobre uso adequado de g\u00e1s residencial\"}]},{\"@type\":\"WebSite\",\"@id\":\"https:\/\/ubaldofernandes.com\/#website\",\"url\":\"https:\/\/ubaldofernandes.com\/\",\"name\":\"Ubaldo Fernandes\",\"description\":\"Deputado Estadual\",\"potentialAction\":[{\"@type\":\"SearchAction\",\"target\":{\"@type\":\"EntryPoint\",\"urlTemplate\":\"https:\/\/ubaldofernandes.com\/?s={search_term_string}\"},\"query-input\":{\"@type\":\"PropertyValueSpecification\",\"valueRequired\":true,\"valueName\":\"search_term_string\"}}],\"inLanguage\":\"pt-BR\"}]}<\/script>\n<!-- \/ Yoast SEO plugin. -->","yoast_head_json":{"title":"Aprovado PL para Estado realizar campanhas sobre uso adequado de g\u00e1s residencial - Ubaldo Fernandes","robots":{"index":"index","follow":"follow","max-snippet":"max-snippet:-1","max-image-preview":"max-image-preview:large","max-video-preview":"max-video-preview:-1"},"canonical":"https:\/\/ubaldofernandes.com\/index.php\/news\/aprovado-pl-para-estado-realizar-campanhas-sobre-uso-adequado-de-gas-residencial\/","og_locale":"pt_BR","og_type":"article","og_title":"Aprovado PL para Estado realizar campanhas sobre uso adequado de g\u00e1s residencial - Ubaldo Fernandes","og_description":"Nos \u00faltimos tempos, no Rio Grande do Norte, foram noticiados graves acidentes dom\u00e9sticos em decorr\u00eancia de explos\u00f5es de botij\u00f5es de g\u00e1s, com destaque para um ocorrido em abril de 2021 nas Rocas, zona Leste de Natal, que matou uma fam\u00edlia e chegou a comprometer estruturas de cinco casas pr\u00f3ximas, deixando v\u00e1rios feridos. Diante disso, o [&hellip;]","og_url":"https:\/\/ubaldofernandes.com\/index.php\/news\/aprovado-pl-para-estado-realizar-campanhas-sobre-uso-adequado-de-gas-residencial\/","og_site_name":"Ubaldo Fernandes","article_modified_time":"2023-04-24T16:04:05+00:00","og_image":[{"width":1536,"height":1023,"url":"https:\/\/ubaldofernandes.com\/wp-content\/uploads\/2023\/04\/Ubaldo-Plenario.jpeg","type":"image\/jpeg"}],"twitter_card":"summary_large_image","twitter_misc":{"Est. tempo de leitura":"2 minutos"},"schema":{"@context":"https:\/\/schema.org","@graph":[{"@type":"WebPage","@id":"https:\/\/ubaldofernandes.com\/index.php\/news\/aprovado-pl-para-estado-realizar-campanhas-sobre-uso-adequado-de-gas-residencial\/","url":"https:\/\/ubaldofernandes.com\/index.php\/news\/aprovado-pl-para-estado-realizar-campanhas-sobre-uso-adequado-de-gas-residencial\/","name":"Aprovado PL para Estado realizar campanhas sobre uso adequado de g\u00e1s residencial - Ubaldo Fernandes","isPartOf":{"@id":"https:\/\/ubaldofernandes.com\/#website"},"primaryImageOfPage":{"@id":"https:\/\/ubaldofernandes.com\/index.php\/news\/aprovado-pl-para-estado-realizar-campanhas-sobre-uso-adequado-de-gas-residencial\/#primaryimage"},"image":{"@id":"https:\/\/ubaldofernandes.com\/index.php\/news\/aprovado-pl-para-estado-realizar-campanhas-sobre-uso-adequado-de-gas-residencial\/#primaryimage"},"thumbnailUrl":"https:\/\/ubaldofernandes.com\/wp-content\/uploads\/2023\/04\/Ubaldo-Plenario.jpeg","datePublished":"2023-04-23T15:01:00+00:00","dateModified":"2023-04-24T16:04:05+00:00","breadcrumb":{"@id":"https:\/\/ubaldofernandes.com\/index.php\/news\/aprovado-pl-para-estado-realizar-campanhas-sobre-uso-adequado-de-gas-residencial\/#breadcrumb"},"inLanguage":"pt-BR","potentialAction":[{"@type":"ReadAction","target":["https:\/\/ubaldofernandes.com\/index.php\/news\/aprovado-pl-para-estado-realizar-campanhas-sobre-uso-adequado-de-gas-residencial\/"]}]},{"@type":"ImageObject","inLanguage":"pt-BR","@id":"https:\/\/ubaldofernandes.com\/index.php\/news\/aprovado-pl-para-estado-realizar-campanhas-sobre-uso-adequado-de-gas-residencial\/#primaryimage","url":"https:\/\/ubaldofernandes.com\/wp-content\/uploads\/2023\/04\/Ubaldo-Plenario.jpeg","contentUrl":"https:\/\/ubaldofernandes.com\/wp-content\/uploads\/2023\/04\/Ubaldo-Plenario.jpeg","width":1536,"height":1023},{"@type":"BreadcrumbList","@id":"https:\/\/ubaldofernandes.com\/index.php\/news\/aprovado-pl-para-estado-realizar-campanhas-sobre-uso-adequado-de-gas-residencial\/#breadcrumb","itemListElement":[{"@type":"ListItem","position":1,"name":"In\u00edcio","item":"https:\/\/ubaldofernandes.com\/"},{"@type":"ListItem","position":2,"name":"Not\u00edcias","item":"https:\/\/ubaldofernandes.com\/index.php\/news\/"},{"@type":"ListItem","position":3,"name":"Aprovado PL para Estado realizar campanhas sobre uso adequado de g\u00e1s residencial"}]},{"@type":"WebSite","@id":"https:\/\/ubaldofernandes.com\/#website","url":"https:\/\/ubaldofernandes.com\/","name":"Ubaldo Fernandes","description":"Deputado Estadual","potentialAction":[{"@type":"SearchAction","target":{"@type":"EntryPoint","urlTemplate":"https:\/\/ubaldofernandes.com\/?s={search_term_string}"},"query-input":{"@type":"PropertyValueSpecification","valueRequired":true,"valueName":"search_term_string"}}],"inLanguage":"pt-BR"}]}},"_links":{"self":[{"href":"https:\/\/ubaldofernandes.com\/index.php\/wp-json\/wp\/v2\/news\/5077","targetHints":{"allow":["GET"]}}],"collection":[{"href":"https:\/\/ubaldofernandes.com\/index.php\/wp-json\/wp\/v2\/news"}],"about":[{"href":"https:\/\/ubaldofernandes.com\/index.php\/wp-json\/wp\/v2\/types\/news"}],"wp:featuredmedia":[{"embeddable":true,"href":"https:\/\/ubaldofernandes.com\/index.php\/wp-json\/wp\/v2\/media\/5078"}],"wp:attachment":[{"href":"https:\/\/ubaldofernandes.com\/index.php\/wp-json\/wp\/v2\/media?parent=5077"}],"curies":[{"name":"wp","href":"https:\/\/api.w.org\/{rel}","templated":true}]}}