{"id":5083,"date":"2023-04-26T10:49:00","date_gmt":"2023-04-26T13:49:00","guid":{"rendered":"https:\/\/ubaldofernandes.com\/?post_type=news&#038;p=5083"},"modified":"2023-04-28T08:52:17","modified_gmt":"2023-04-28T11:52:17","slug":"seguranca-nas-escolas-do-rn-autoridades-confirmam-presencas-para-debater-tema","status":"publish","type":"news","link":"https:\/\/ubaldofernandes.com\/index.php\/news\/seguranca-nas-escolas-do-rn-autoridades-confirmam-presencas-para-debater-tema\/","title":{"rendered":"Seguran\u00e7a nas escolas do RN: autoridades confirmam presen\u00e7as para debater tema"},"content":{"rendered":"\n<p>Autoridades convidadas para a Audi\u00eancia P\u00fablica \u201cO Futuro da escola no RN com Seguran\u00e7a\u201d, que acontecer\u00e1 nesta quinta-feira, 27, \u00e0s 14h, no Plen\u00e1rio Iber\u00ea Ferreira de Souza, da Assembleia Legislativa do RN, confirmam presen\u00e7as.<\/p>\n\n\n\n<p>No Brasil, evidenciou-se uma preocupa\u00e7\u00e3o antiga: a seguran\u00e7a nas escolas, diante dos casos de viol\u00eancia que assombraram a popula\u00e7\u00e3o nas \u00faltimas semanas e o objetivo do encontro \u00e9 achar solu\u00e7\u00f5es e trazer ideias para a seguran\u00e7a das institui\u00e7\u00f5es escolares.<\/p>\n\n\n\n<p>O debate foi proposto pelo deputado estadual Ubaldo Fernandes (PSDB) e contar\u00e1 com o secret\u00e1rio estadual de Seguran\u00e7a, Coronel Ara\u00fajo, secret\u00e1rias de Educa\u00e7\u00e3o do Estado e de Natal, Maria do Socorro Batista e Cristina Diniz, respectivamente, e representantes da promotoria da Vara da Inf\u00e2ncia e Juventude, do Batalh\u00e3o de Policiamento Escolar e Preven\u00e7\u00e3o ao uso de Drogas e \u00e0 viol\u00eancia (BPRED \u2013 antigo Proerd), de entidades de ensino, sindicatos, gr\u00eamios estudantis e popula\u00e7\u00e3o.<\/p>\n\n\n\n<p><strong>N\u00daMEROS<\/strong><\/p>\n\n\n\n<p>O ministro da Justi\u00e7a e Seguran\u00e7a P\u00fablica, Fl\u00e1vio Dino, apresentou, no \u00faltimo dia 18, os n\u00fameros da Opera\u00e7\u00e3o Escola Segura nas \u00faltimas semanas. Segundo ele, as autoridades realizaram 225 pris\u00f5es ou apreens\u00f5es de adolescentes envolvidos em amea\u00e7as de viol\u00eancia contra escolas em 10 dias.<\/p>\n\n\n\n<p>As autoridades emitiram 694 intima\u00e7\u00f5es de adolescentes suspeitos para que prestem depoimento em delegacias. Foram 155 a\u00e7\u00f5es de busca e apreens\u00e3o no pa\u00eds. No mesmo per\u00edodo, foram 1.595 boletins de ocorr\u00eancia produzidos sobre amea\u00e7as de viol\u00eancia. O ministro Fl\u00e1vio Dino diz que as autoridades investigam ainda 1.224 casos em todo o territ\u00f3rio nacional.<\/p>\n\n\n\n<p>\u201cTemos 225 pessoas presas ou menores apreendidos em 10 dias. Isso mostra que estamos diante de uma epidemia e nos permite, de modo muito eloquente, dimensionarmos: n\u00e3o s\u00e3o casos isolados. \u00c9 uma rede criminosa estruturada\u201d, disse o ministro.<\/p>\n\n\n\n<p>Segundo ele, o governo investir\u00e1 R$ 3,1 bilh\u00f5es para combater os ataques em escolas e tem focado na internet para rastrear e tentar reprimir quem planeja ou incentiva a\u00e7\u00f5es violentas. O montante ser\u00e1 revertido em projetos de incentivo \u00e0 paz nas escolas, iniciativas de desenvolvimento psicol\u00f3gico e \u00e0 infraestrutura. <\/p>\n\n\n\n<p>Mat\u00e9ria publicada no <a href=\"https:\/\/www.pontanegranews.com.br\/2023\/04\/26\/seguranca-nas-escolas-do-rn-autoridades-confirmam-presencas-para-debater-tema\/\">Blog Ponta negra News<\/a>. <\/p>\n","protected":false},"featured_media":5084,"parent":0,"template":"","class_list":["post-5083","news","type-news","status-publish","has-post-thumbnail","hentry"],"acf":[],"yoast_head":"<!-- This site is optimized with the Yoast SEO plugin v24.6 - https:\/\/yoast.com\/wordpress\/plugins\/seo\/ -->\n<title>Seguran\u00e7a nas escolas do RN: autoridades confirmam presen\u00e7as para debater tema - Ubaldo Fernandes<\/title>\n<meta name=\"robots\" content=\"index, follow, max-snippet:-1, max-image-preview:large, max-video-preview:-1\" \/>\n<link rel=\"canonical\" href=\"https:\/\/ubaldofernandes.com\/index.php\/news\/seguranca-nas-escolas-do-rn-autoridades-confirmam-presencas-para-debater-tema\/\" \/>\n<meta property=\"og:locale\" content=\"pt_BR\" \/>\n<meta property=\"og:type\" content=\"article\" \/>\n<meta property=\"og:title\" content=\"Seguran\u00e7a nas escolas do RN: autoridades confirmam presen\u00e7as para debater tema - Ubaldo Fernandes\" \/>\n<meta property=\"og:description\" content=\"Autoridades convidadas para a Audi\u00eancia P\u00fablica \u201cO Futuro da escola no RN com Seguran\u00e7a\u201d, que acontecer\u00e1 nesta quinta-feira, 27, \u00e0s 14h, no Plen\u00e1rio Iber\u00ea Ferreira de Souza, da Assembleia Legislativa do RN, confirmam presen\u00e7as. No Brasil, evidenciou-se uma preocupa\u00e7\u00e3o antiga: a seguran\u00e7a nas escolas, diante dos casos de viol\u00eancia que assombraram a popula\u00e7\u00e3o nas \u00faltimas [&hellip;]\" \/>\n<meta property=\"og:url\" content=\"https:\/\/ubaldofernandes.com\/index.php\/news\/seguranca-nas-escolas-do-rn-autoridades-confirmam-presencas-para-debater-tema\/\" \/>\n<meta property=\"og:site_name\" content=\"Ubaldo Fernandes\" \/>\n<meta property=\"article:modified_time\" content=\"2023-04-28T11:52:17+00:00\" \/>\n<meta property=\"og:image\" content=\"https:\/\/ubaldofernandes.com\/wp-content\/uploads\/2023\/04\/Nosso-Som-Nas-Escolas-1-e1660326980492.jpg\" \/>\n\t<meta property=\"og:image:width\" content=\"600\" \/>\n\t<meta property=\"og:image:height\" content=\"337\" \/>\n\t<meta property=\"og:image:type\" content=\"image\/jpeg\" \/>\n<meta name=\"twitter:card\" content=\"summary_large_image\" \/>\n<meta name=\"twitter:label1\" content=\"Est. tempo de leitura\" \/>\n\t<meta name=\"twitter:data1\" content=\"2 minutos\" \/>\n<script type=\"application\/ld+json\" class=\"yoast-schema-graph\">{\"@context\":\"https:\/\/schema.org\",\"@graph\":[{\"@type\":\"WebPage\",\"@id\":\"https:\/\/ubaldofernandes.com\/index.php\/news\/seguranca-nas-escolas-do-rn-autoridades-confirmam-presencas-para-debater-tema\/\",\"url\":\"https:\/\/ubaldofernandes.com\/index.php\/news\/seguranca-nas-escolas-do-rn-autoridades-confirmam-presencas-para-debater-tema\/\",\"name\":\"Seguran\u00e7a nas escolas do RN: autoridades confirmam presen\u00e7as para debater tema - Ubaldo Fernandes\",\"isPartOf\":{\"@id\":\"https:\/\/ubaldofernandes.com\/#website\"},\"primaryImageOfPage\":{\"@id\":\"https:\/\/ubaldofernandes.com\/index.php\/news\/seguranca-nas-escolas-do-rn-autoridades-confirmam-presencas-para-debater-tema\/#primaryimage\"},\"image\":{\"@id\":\"https:\/\/ubaldofernandes.com\/index.php\/news\/seguranca-nas-escolas-do-rn-autoridades-confirmam-presencas-para-debater-tema\/#primaryimage\"},\"thumbnailUrl\":\"https:\/\/ubaldofernandes.com\/wp-content\/uploads\/2023\/04\/Nosso-Som-Nas-Escolas-1-e1660326980492.jpg\",\"datePublished\":\"2023-04-26T13:49:00+00:00\",\"dateModified\":\"2023-04-28T11:52:17+00:00\",\"breadcrumb\":{\"@id\":\"https:\/\/ubaldofernandes.com\/index.php\/news\/seguranca-nas-escolas-do-rn-autoridades-confirmam-presencas-para-debater-tema\/#breadcrumb\"},\"inLanguage\":\"pt-BR\",\"potentialAction\":[{\"@type\":\"ReadAction\",\"target\":[\"https:\/\/ubaldofernandes.com\/index.php\/news\/seguranca-nas-escolas-do-rn-autoridades-confirmam-presencas-para-debater-tema\/\"]}]},{\"@type\":\"ImageObject\",\"inLanguage\":\"pt-BR\",\"@id\":\"https:\/\/ubaldofernandes.com\/index.php\/news\/seguranca-nas-escolas-do-rn-autoridades-confirmam-presencas-para-debater-tema\/#primaryimage\",\"url\":\"https:\/\/ubaldofernandes.com\/wp-content\/uploads\/2023\/04\/Nosso-Som-Nas-Escolas-1-e1660326980492.jpg\",\"contentUrl\":\"https:\/\/ubaldofernandes.com\/wp-content\/uploads\/2023\/04\/Nosso-Som-Nas-Escolas-1-e1660326980492.jpg\",\"width\":600,\"height\":337},{\"@type\":\"BreadcrumbList\",\"@id\":\"https:\/\/ubaldofernandes.com\/index.php\/news\/seguranca-nas-escolas-do-rn-autoridades-confirmam-presencas-para-debater-tema\/#breadcrumb\",\"itemListElement\":[{\"@type\":\"ListItem\",\"position\":1,\"name\":\"In\u00edcio\",\"item\":\"https:\/\/ubaldofernandes.com\/\"},{\"@type\":\"ListItem\",\"position\":2,\"name\":\"Not\u00edcias\",\"item\":\"https:\/\/ubaldofernandes.com\/index.php\/news\/\"},{\"@type\":\"ListItem\",\"position\":3,\"name\":\"Seguran\u00e7a nas escolas do RN: autoridades confirmam presen\u00e7as para debater tema\"}]},{\"@type\":\"WebSite\",\"@id\":\"https:\/\/ubaldofernandes.com\/#website\",\"url\":\"https:\/\/ubaldofernandes.com\/\",\"name\":\"Ubaldo Fernandes\",\"description\":\"Deputado Estadual\",\"potentialAction\":[{\"@type\":\"SearchAction\",\"target\":{\"@type\":\"EntryPoint\",\"urlTemplate\":\"https:\/\/ubaldofernandes.com\/?s={search_term_string}\"},\"query-input\":{\"@type\":\"PropertyValueSpecification\",\"valueRequired\":true,\"valueName\":\"search_term_string\"}}],\"inLanguage\":\"pt-BR\"}]}<\/script>\n<!-- \/ Yoast SEO plugin. -->","yoast_head_json":{"title":"Seguran\u00e7a nas escolas do RN: autoridades confirmam presen\u00e7as para debater tema - Ubaldo Fernandes","robots":{"index":"index","follow":"follow","max-snippet":"max-snippet:-1","max-image-preview":"max-image-preview:large","max-video-preview":"max-video-preview:-1"},"canonical":"https:\/\/ubaldofernandes.com\/index.php\/news\/seguranca-nas-escolas-do-rn-autoridades-confirmam-presencas-para-debater-tema\/","og_locale":"pt_BR","og_type":"article","og_title":"Seguran\u00e7a nas escolas do RN: autoridades confirmam presen\u00e7as para debater tema - Ubaldo Fernandes","og_description":"Autoridades convidadas para a Audi\u00eancia P\u00fablica \u201cO Futuro da escola no RN com Seguran\u00e7a\u201d, que acontecer\u00e1 nesta quinta-feira, 27, \u00e0s 14h, no Plen\u00e1rio Iber\u00ea Ferreira de Souza, da Assembleia Legislativa do RN, confirmam presen\u00e7as. No Brasil, evidenciou-se uma preocupa\u00e7\u00e3o antiga: a seguran\u00e7a nas escolas, diante dos casos de viol\u00eancia que assombraram a popula\u00e7\u00e3o nas \u00faltimas [&hellip;]","og_url":"https:\/\/ubaldofernandes.com\/index.php\/news\/seguranca-nas-escolas-do-rn-autoridades-confirmam-presencas-para-debater-tema\/","og_site_name":"Ubaldo Fernandes","article_modified_time":"2023-04-28T11:52:17+00:00","og_image":[{"width":600,"height":337,"url":"https:\/\/ubaldofernandes.com\/wp-content\/uploads\/2023\/04\/Nosso-Som-Nas-Escolas-1-e1660326980492.jpg","type":"image\/jpeg"}],"twitter_card":"summary_large_image","twitter_misc":{"Est. tempo de leitura":"2 minutos"},"schema":{"@context":"https:\/\/schema.org","@graph":[{"@type":"WebPage","@id":"https:\/\/ubaldofernandes.com\/index.php\/news\/seguranca-nas-escolas-do-rn-autoridades-confirmam-presencas-para-debater-tema\/","url":"https:\/\/ubaldofernandes.com\/index.php\/news\/seguranca-nas-escolas-do-rn-autoridades-confirmam-presencas-para-debater-tema\/","name":"Seguran\u00e7a nas escolas do RN: autoridades confirmam presen\u00e7as para debater tema - Ubaldo Fernandes","isPartOf":{"@id":"https:\/\/ubaldofernandes.com\/#website"},"primaryImageOfPage":{"@id":"https:\/\/ubaldofernandes.com\/index.php\/news\/seguranca-nas-escolas-do-rn-autoridades-confirmam-presencas-para-debater-tema\/#primaryimage"},"image":{"@id":"https:\/\/ubaldofernandes.com\/index.php\/news\/seguranca-nas-escolas-do-rn-autoridades-confirmam-presencas-para-debater-tema\/#primaryimage"},"thumbnailUrl":"https:\/\/ubaldofernandes.com\/wp-content\/uploads\/2023\/04\/Nosso-Som-Nas-Escolas-1-e1660326980492.jpg","datePublished":"2023-04-26T13:49:00+00:00","dateModified":"2023-04-28T11:52:17+00:00","breadcrumb":{"@id":"https:\/\/ubaldofernandes.com\/index.php\/news\/seguranca-nas-escolas-do-rn-autoridades-confirmam-presencas-para-debater-tema\/#breadcrumb"},"inLanguage":"pt-BR","potentialAction":[{"@type":"ReadAction","target":["https:\/\/ubaldofernandes.com\/index.php\/news\/seguranca-nas-escolas-do-rn-autoridades-confirmam-presencas-para-debater-tema\/"]}]},{"@type":"ImageObject","inLanguage":"pt-BR","@id":"https:\/\/ubaldofernandes.com\/index.php\/news\/seguranca-nas-escolas-do-rn-autoridades-confirmam-presencas-para-debater-tema\/#primaryimage","url":"https:\/\/ubaldofernandes.com\/wp-content\/uploads\/2023\/04\/Nosso-Som-Nas-Escolas-1-e1660326980492.jpg","contentUrl":"https:\/\/ubaldofernandes.com\/wp-content\/uploads\/2023\/04\/Nosso-Som-Nas-Escolas-1-e1660326980492.jpg","width":600,"height":337},{"@type":"BreadcrumbList","@id":"https:\/\/ubaldofernandes.com\/index.php\/news\/seguranca-nas-escolas-do-rn-autoridades-confirmam-presencas-para-debater-tema\/#breadcrumb","itemListElement":[{"@type":"ListItem","position":1,"name":"In\u00edcio","item":"https:\/\/ubaldofernandes.com\/"},{"@type":"ListItem","position":2,"name":"Not\u00edcias","item":"https:\/\/ubaldofernandes.com\/index.php\/news\/"},{"@type":"ListItem","position":3,"name":"Seguran\u00e7a nas escolas do RN: autoridades confirmam presen\u00e7as para debater tema"}]},{"@type":"WebSite","@id":"https:\/\/ubaldofernandes.com\/#website","url":"https:\/\/ubaldofernandes.com\/","name":"Ubaldo Fernandes","description":"Deputado Estadual","potentialAction":[{"@type":"SearchAction","target":{"@type":"EntryPoint","urlTemplate":"https:\/\/ubaldofernandes.com\/?s={search_term_string}"},"query-input":{"@type":"PropertyValueSpecification","valueRequired":true,"valueName":"search_term_string"}}],"inLanguage":"pt-BR"}]}},"_links":{"self":[{"href":"https:\/\/ubaldofernandes.com\/index.php\/wp-json\/wp\/v2\/news\/5083","targetHints":{"allow":["GET"]}}],"collection":[{"href":"https:\/\/ubaldofernandes.com\/index.php\/wp-json\/wp\/v2\/news"}],"about":[{"href":"https:\/\/ubaldofernandes.com\/index.php\/wp-json\/wp\/v2\/types\/news"}],"wp:featuredmedia":[{"embeddable":true,"href":"https:\/\/ubaldofernandes.com\/index.php\/wp-json\/wp\/v2\/media\/5084"}],"wp:attachment":[{"href":"https:\/\/ubaldofernandes.com\/index.php\/wp-json\/wp\/v2\/media?parent=5083"}],"curies":[{"name":"wp","href":"https:\/\/api.w.org\/{rel}","templated":true}]}}