{"id":5087,"date":"2023-04-26T14:57:00","date_gmt":"2023-04-26T17:57:00","guid":{"rendered":"https:\/\/ubaldofernandes.com\/?post_type=news&#038;p=5087"},"modified":"2023-04-28T08:59:58","modified_gmt":"2023-04-28T11:59:58","slug":"violencia-nas-escolas-turismo-e-problemas-ocasionados-pela-chuva-sao-debatidos-na-alrn","status":"publish","type":"news","link":"https:\/\/ubaldofernandes.com\/index.php\/news\/violencia-nas-escolas-turismo-e-problemas-ocasionados-pela-chuva-sao-debatidos-na-alrn\/","title":{"rendered":"Viol\u00eancia nas escolas, turismo e problemas ocasionados pela chuva s\u00e3o debatidos na ALRN"},"content":{"rendered":"\n<p>Durante sess\u00e3o ordin\u00e1ria desta quarta-feira (26), na Assembleia Legislativa, os l\u00edderes partid\u00e1rios debateram temas como a viol\u00eancia nas escolas, a interioriza\u00e7\u00e3o do turismo e os problemas ocasionados pela chuva, principalmente no interior do Estado. Em sua fala Ubaldo Fernandes (PSDB) convocou os deputados e toda sociedade civil organizada para uma audi\u00eancia p\u00fablica que ir\u00e1 debater a viol\u00eancia nas escolas do Brasil.<\/p>\n\n\n\n<p>\u201cN\u00f3s temos que debater esse assunto com autoridades ligadas \u00e0 educa\u00e7\u00e3o, psicologia, psiquiatria, diversos atores que possam contribuir, esclarecer e nos ajudar para que possamos nos preparar para o futuro em rela\u00e7\u00e3o a nossas escolas\u201d, explicou Ubaldo. De acordo com o parlamentar, o objetivo final \u00e9 elaborar um documento que pactue pol\u00edtica de prote\u00e7\u00e3o nas escolas com a\u00e7\u00f5es concretas. Durante o discurso, o deputado Luiz Eduardo (SDD) pediu um aparte e parabenizou Ubaldo pela proposi\u00e7\u00e3o e informou que apresentou projeto de lei na Casa Legislativa que trata da seguran\u00e7a nas escolas do Rio Grande do Norte.<\/p>\n\n\n\n<p>O segundo deputado a falar foi o deputado Francisco do PT que convidou a popula\u00e7\u00e3o para sess\u00e3o solene, que ser\u00e1 realizada nesta quarta-feira (26), em comemora\u00e7\u00e3o ao dia Estadual do Georparque Serid\u00f3, que celebra um ano do reconhecimento pela Unesco. \u201cVamos homenagear pessoas que contribu\u00edram para que esse geoparque se tornasse o que ele \u00e9 hoje, fortalecendo, principalmente a interioriza\u00e7\u00e3o do turismo. Tenho a alegria de ter participado de todo o processo e de ter sido o deputado que apresentou proposi\u00e7\u00e3o transformando o dia 13 de abril no dia internacional do Geoparque Serid\u00f3\u201d, disse. (&#8230;)<\/p>\n\n\n\n<p>Mat\u00e9ria publicada no <a href=\"https:\/\/blogdovt.com\/violencia-nas-escolas-turismo-e-problemas-ocasionados-pela-chuva-sao-debatidos-na-alrn\/\">Blog do VT<\/a>. <\/p>\n\n\n\n<p><\/p>\n","protected":false},"featured_media":5088,"parent":0,"template":"","class_list":["post-5087","news","type-news","status-publish","has-post-thumbnail","hentry"],"acf":[],"yoast_head":"<!-- This site is optimized with the Yoast SEO plugin v24.6 - https:\/\/yoast.com\/wordpress\/plugins\/seo\/ -->\n<title>Viol\u00eancia nas escolas, turismo e problemas ocasionados pela chuva s\u00e3o debatidos na ALRN - Ubaldo Fernandes<\/title>\n<meta name=\"robots\" content=\"index, follow, max-snippet:-1, max-image-preview:large, max-video-preview:-1\" \/>\n<link rel=\"canonical\" href=\"https:\/\/ubaldofernandes.com\/index.php\/news\/violencia-nas-escolas-turismo-e-problemas-ocasionados-pela-chuva-sao-debatidos-na-alrn\/\" \/>\n<meta property=\"og:locale\" content=\"pt_BR\" \/>\n<meta property=\"og:type\" content=\"article\" \/>\n<meta property=\"og:title\" content=\"Viol\u00eancia nas escolas, turismo e problemas ocasionados pela chuva s\u00e3o debatidos na ALRN - Ubaldo Fernandes\" \/>\n<meta property=\"og:description\" content=\"Durante sess\u00e3o ordin\u00e1ria desta quarta-feira (26), na Assembleia Legislativa, os l\u00edderes partid\u00e1rios debateram temas como a viol\u00eancia nas escolas, a interioriza\u00e7\u00e3o do turismo e os problemas ocasionados pela chuva, principalmente no interior do Estado. Em sua fala Ubaldo Fernandes (PSDB) convocou os deputados e toda sociedade civil organizada para uma audi\u00eancia p\u00fablica que ir\u00e1 debater [&hellip;]\" \/>\n<meta property=\"og:url\" content=\"https:\/\/ubaldofernandes.com\/index.php\/news\/violencia-nas-escolas-turismo-e-problemas-ocasionados-pela-chuva-sao-debatidos-na-alrn\/\" \/>\n<meta property=\"og:site_name\" content=\"Ubaldo Fernandes\" \/>\n<meta property=\"article:modified_time\" content=\"2023-04-28T11:59:58+00:00\" \/>\n<meta property=\"og:image\" content=\"https:\/\/ubaldofernandes.com\/wp-content\/uploads\/2023\/04\/USij8NlvCmSnEO426yhPxSoK9oTJBA6lPjZgu0tG.jpg\" \/>\n\t<meta property=\"og:image:width\" content=\"1620\" \/>\n\t<meta property=\"og:image:height\" content=\"1080\" \/>\n\t<meta property=\"og:image:type\" content=\"image\/jpeg\" \/>\n<meta name=\"twitter:card\" content=\"summary_large_image\" \/>\n<meta name=\"twitter:label1\" content=\"Est. tempo de leitura\" \/>\n\t<meta name=\"twitter:data1\" content=\"1 minuto\" \/>\n<script type=\"application\/ld+json\" class=\"yoast-schema-graph\">{\"@context\":\"https:\/\/schema.org\",\"@graph\":[{\"@type\":\"WebPage\",\"@id\":\"https:\/\/ubaldofernandes.com\/index.php\/news\/violencia-nas-escolas-turismo-e-problemas-ocasionados-pela-chuva-sao-debatidos-na-alrn\/\",\"url\":\"https:\/\/ubaldofernandes.com\/index.php\/news\/violencia-nas-escolas-turismo-e-problemas-ocasionados-pela-chuva-sao-debatidos-na-alrn\/\",\"name\":\"Viol\u00eancia nas escolas, turismo e problemas ocasionados pela chuva s\u00e3o debatidos na ALRN - Ubaldo Fernandes\",\"isPartOf\":{\"@id\":\"https:\/\/ubaldofernandes.com\/#website\"},\"primaryImageOfPage\":{\"@id\":\"https:\/\/ubaldofernandes.com\/index.php\/news\/violencia-nas-escolas-turismo-e-problemas-ocasionados-pela-chuva-sao-debatidos-na-alrn\/#primaryimage\"},\"image\":{\"@id\":\"https:\/\/ubaldofernandes.com\/index.php\/news\/violencia-nas-escolas-turismo-e-problemas-ocasionados-pela-chuva-sao-debatidos-na-alrn\/#primaryimage\"},\"thumbnailUrl\":\"https:\/\/ubaldofernandes.com\/wp-content\/uploads\/2023\/04\/USij8NlvCmSnEO426yhPxSoK9oTJBA6lPjZgu0tG.jpg\",\"datePublished\":\"2023-04-26T17:57:00+00:00\",\"dateModified\":\"2023-04-28T11:59:58+00:00\",\"breadcrumb\":{\"@id\":\"https:\/\/ubaldofernandes.com\/index.php\/news\/violencia-nas-escolas-turismo-e-problemas-ocasionados-pela-chuva-sao-debatidos-na-alrn\/#breadcrumb\"},\"inLanguage\":\"pt-BR\",\"potentialAction\":[{\"@type\":\"ReadAction\",\"target\":[\"https:\/\/ubaldofernandes.com\/index.php\/news\/violencia-nas-escolas-turismo-e-problemas-ocasionados-pela-chuva-sao-debatidos-na-alrn\/\"]}]},{\"@type\":\"ImageObject\",\"inLanguage\":\"pt-BR\",\"@id\":\"https:\/\/ubaldofernandes.com\/index.php\/news\/violencia-nas-escolas-turismo-e-problemas-ocasionados-pela-chuva-sao-debatidos-na-alrn\/#primaryimage\",\"url\":\"https:\/\/ubaldofernandes.com\/wp-content\/uploads\/2023\/04\/USij8NlvCmSnEO426yhPxSoK9oTJBA6lPjZgu0tG.jpg\",\"contentUrl\":\"https:\/\/ubaldofernandes.com\/wp-content\/uploads\/2023\/04\/USij8NlvCmSnEO426yhPxSoK9oTJBA6lPjZgu0tG.jpg\",\"width\":1620,\"height\":1080},{\"@type\":\"BreadcrumbList\",\"@id\":\"https:\/\/ubaldofernandes.com\/index.php\/news\/violencia-nas-escolas-turismo-e-problemas-ocasionados-pela-chuva-sao-debatidos-na-alrn\/#breadcrumb\",\"itemListElement\":[{\"@type\":\"ListItem\",\"position\":1,\"name\":\"In\u00edcio\",\"item\":\"https:\/\/ubaldofernandes.com\/\"},{\"@type\":\"ListItem\",\"position\":2,\"name\":\"Not\u00edcias\",\"item\":\"https:\/\/ubaldofernandes.com\/index.php\/news\/\"},{\"@type\":\"ListItem\",\"position\":3,\"name\":\"Viol\u00eancia nas escolas, turismo e problemas ocasionados pela chuva s\u00e3o debatidos na ALRN\"}]},{\"@type\":\"WebSite\",\"@id\":\"https:\/\/ubaldofernandes.com\/#website\",\"url\":\"https:\/\/ubaldofernandes.com\/\",\"name\":\"Ubaldo Fernandes\",\"description\":\"Deputado Estadual\",\"potentialAction\":[{\"@type\":\"SearchAction\",\"target\":{\"@type\":\"EntryPoint\",\"urlTemplate\":\"https:\/\/ubaldofernandes.com\/?s={search_term_string}\"},\"query-input\":{\"@type\":\"PropertyValueSpecification\",\"valueRequired\":true,\"valueName\":\"search_term_string\"}}],\"inLanguage\":\"pt-BR\"}]}<\/script>\n<!-- \/ Yoast SEO plugin. -->","yoast_head_json":{"title":"Viol\u00eancia nas escolas, turismo e problemas ocasionados pela chuva s\u00e3o debatidos na ALRN - Ubaldo Fernandes","robots":{"index":"index","follow":"follow","max-snippet":"max-snippet:-1","max-image-preview":"max-image-preview:large","max-video-preview":"max-video-preview:-1"},"canonical":"https:\/\/ubaldofernandes.com\/index.php\/news\/violencia-nas-escolas-turismo-e-problemas-ocasionados-pela-chuva-sao-debatidos-na-alrn\/","og_locale":"pt_BR","og_type":"article","og_title":"Viol\u00eancia nas escolas, turismo e problemas ocasionados pela chuva s\u00e3o debatidos na ALRN - Ubaldo Fernandes","og_description":"Durante sess\u00e3o ordin\u00e1ria desta quarta-feira (26), na Assembleia Legislativa, os l\u00edderes partid\u00e1rios debateram temas como a viol\u00eancia nas escolas, a interioriza\u00e7\u00e3o do turismo e os problemas ocasionados pela chuva, principalmente no interior do Estado. Em sua fala Ubaldo Fernandes (PSDB) convocou os deputados e toda sociedade civil organizada para uma audi\u00eancia p\u00fablica que ir\u00e1 debater [&hellip;]","og_url":"https:\/\/ubaldofernandes.com\/index.php\/news\/violencia-nas-escolas-turismo-e-problemas-ocasionados-pela-chuva-sao-debatidos-na-alrn\/","og_site_name":"Ubaldo Fernandes","article_modified_time":"2023-04-28T11:59:58+00:00","og_image":[{"width":1620,"height":1080,"url":"https:\/\/ubaldofernandes.com\/wp-content\/uploads\/2023\/04\/USij8NlvCmSnEO426yhPxSoK9oTJBA6lPjZgu0tG.jpg","type":"image\/jpeg"}],"twitter_card":"summary_large_image","twitter_misc":{"Est. tempo de leitura":"1 minuto"},"schema":{"@context":"https:\/\/schema.org","@graph":[{"@type":"WebPage","@id":"https:\/\/ubaldofernandes.com\/index.php\/news\/violencia-nas-escolas-turismo-e-problemas-ocasionados-pela-chuva-sao-debatidos-na-alrn\/","url":"https:\/\/ubaldofernandes.com\/index.php\/news\/violencia-nas-escolas-turismo-e-problemas-ocasionados-pela-chuva-sao-debatidos-na-alrn\/","name":"Viol\u00eancia nas escolas, turismo e problemas ocasionados pela chuva s\u00e3o debatidos na ALRN - Ubaldo Fernandes","isPartOf":{"@id":"https:\/\/ubaldofernandes.com\/#website"},"primaryImageOfPage":{"@id":"https:\/\/ubaldofernandes.com\/index.php\/news\/violencia-nas-escolas-turismo-e-problemas-ocasionados-pela-chuva-sao-debatidos-na-alrn\/#primaryimage"},"image":{"@id":"https:\/\/ubaldofernandes.com\/index.php\/news\/violencia-nas-escolas-turismo-e-problemas-ocasionados-pela-chuva-sao-debatidos-na-alrn\/#primaryimage"},"thumbnailUrl":"https:\/\/ubaldofernandes.com\/wp-content\/uploads\/2023\/04\/USij8NlvCmSnEO426yhPxSoK9oTJBA6lPjZgu0tG.jpg","datePublished":"2023-04-26T17:57:00+00:00","dateModified":"2023-04-28T11:59:58+00:00","breadcrumb":{"@id":"https:\/\/ubaldofernandes.com\/index.php\/news\/violencia-nas-escolas-turismo-e-problemas-ocasionados-pela-chuva-sao-debatidos-na-alrn\/#breadcrumb"},"inLanguage":"pt-BR","potentialAction":[{"@type":"ReadAction","target":["https:\/\/ubaldofernandes.com\/index.php\/news\/violencia-nas-escolas-turismo-e-problemas-ocasionados-pela-chuva-sao-debatidos-na-alrn\/"]}]},{"@type":"ImageObject","inLanguage":"pt-BR","@id":"https:\/\/ubaldofernandes.com\/index.php\/news\/violencia-nas-escolas-turismo-e-problemas-ocasionados-pela-chuva-sao-debatidos-na-alrn\/#primaryimage","url":"https:\/\/ubaldofernandes.com\/wp-content\/uploads\/2023\/04\/USij8NlvCmSnEO426yhPxSoK9oTJBA6lPjZgu0tG.jpg","contentUrl":"https:\/\/ubaldofernandes.com\/wp-content\/uploads\/2023\/04\/USij8NlvCmSnEO426yhPxSoK9oTJBA6lPjZgu0tG.jpg","width":1620,"height":1080},{"@type":"BreadcrumbList","@id":"https:\/\/ubaldofernandes.com\/index.php\/news\/violencia-nas-escolas-turismo-e-problemas-ocasionados-pela-chuva-sao-debatidos-na-alrn\/#breadcrumb","itemListElement":[{"@type":"ListItem","position":1,"name":"In\u00edcio","item":"https:\/\/ubaldofernandes.com\/"},{"@type":"ListItem","position":2,"name":"Not\u00edcias","item":"https:\/\/ubaldofernandes.com\/index.php\/news\/"},{"@type":"ListItem","position":3,"name":"Viol\u00eancia nas escolas, turismo e problemas ocasionados pela chuva s\u00e3o debatidos na ALRN"}]},{"@type":"WebSite","@id":"https:\/\/ubaldofernandes.com\/#website","url":"https:\/\/ubaldofernandes.com\/","name":"Ubaldo Fernandes","description":"Deputado Estadual","potentialAction":[{"@type":"SearchAction","target":{"@type":"EntryPoint","urlTemplate":"https:\/\/ubaldofernandes.com\/?s={search_term_string}"},"query-input":{"@type":"PropertyValueSpecification","valueRequired":true,"valueName":"search_term_string"}}],"inLanguage":"pt-BR"}]}},"_links":{"self":[{"href":"https:\/\/ubaldofernandes.com\/index.php\/wp-json\/wp\/v2\/news\/5087","targetHints":{"allow":["GET"]}}],"collection":[{"href":"https:\/\/ubaldofernandes.com\/index.php\/wp-json\/wp\/v2\/news"}],"about":[{"href":"https:\/\/ubaldofernandes.com\/index.php\/wp-json\/wp\/v2\/types\/news"}],"wp:featuredmedia":[{"embeddable":true,"href":"https:\/\/ubaldofernandes.com\/index.php\/wp-json\/wp\/v2\/media\/5088"}],"wp:attachment":[{"href":"https:\/\/ubaldofernandes.com\/index.php\/wp-json\/wp\/v2\/media?parent=5087"}],"curies":[{"name":"wp","href":"https:\/\/api.w.org\/{rel}","templated":true}]}}