{"id":5141,"date":"2023-05-15T14:15:00","date_gmt":"2023-05-15T17:15:00","guid":{"rendered":"https:\/\/ubaldofernandes.com\/?post_type=news&#038;p=5141"},"modified":"2023-05-17T12:17:56","modified_gmt":"2023-05-17T15:17:56","slug":"governadora-sanciona-lei-que-reconhece-festa-de-nossa-senhora-dos-navegantes-de-extremoz-patrimonio-imaterial","status":"publish","type":"news","link":"https:\/\/ubaldofernandes.com\/index.php\/news\/governadora-sanciona-lei-que-reconhece-festa-de-nossa-senhora-dos-navegantes-de-extremoz-patrimonio-imaterial\/","title":{"rendered":"Governadora sanciona lei que reconhece Festa de Nossa Senhora dos Navegantes de Extremoz patrim\u00f4nio imaterial"},"content":{"rendered":"\n<p>A Governadora do Rio Grande do Norte, F\u00e1tima Bezerra, sancionou nesta segunda-feira, 15 de maio, a Lei 11.430, de propositura do deputado estadual Ubaldo Fernandes.<\/p>\n\n\n\n<p>A lei em quest\u00e3o reconhece a Festa de Nossa Senhora dos Navegantes, realizada anualmente no munic\u00edpio de Extremoz, como o Patrim\u00f4nio Imaterial, Cultural, Hist\u00f3rico e Religioso do Estado do Rio&nbsp;Grande do Norte.<\/p>\n\n\n\n<p>O ent\u00e3o PL (Projeto de Lei) havia sido aprovado pela ALRN (Assembleia Legislativa do Rio Grande do Norte) no dia 19 de abril deste ano.<\/p>\n\n\n\n<p>Antes, o projeto passou passou pela CCJ (Comiss\u00e3o de Constitui\u00e7\u00e3o, Justi\u00e7a e Reda\u00e7\u00e3o Final) da ALRN, sendo devidamente aprovado.<\/p>\n\n\n\n<p><em>Foto: Canind\u00e9 Santos<\/em><\/p>\n\n\n\n<p>Mat\u00e9ria publicada no <a href=\"https:\/\/portalextremoz.com.br\/governadora-sanciona-lei-que-reconhece-festa-de-nossa-senhora-dos-navegantes-de-extremoz-patrimonio-imaterial\/\">Portal Extremoz<\/a>. <\/p>\n","protected":false},"featured_media":5142,"parent":0,"template":"","class_list":["post-5141","news","type-news","status-publish","has-post-thumbnail","hentry"],"acf":[],"yoast_head":"<!-- This site is optimized with the Yoast SEO plugin v24.6 - https:\/\/yoast.com\/wordpress\/plugins\/seo\/ -->\n<title>Governadora sanciona lei que reconhece Festa de Nossa Senhora dos Navegantes de Extremoz patrim\u00f4nio imaterial - Ubaldo Fernandes<\/title>\n<meta name=\"robots\" content=\"index, follow, max-snippet:-1, max-image-preview:large, max-video-preview:-1\" \/>\n<link rel=\"canonical\" href=\"https:\/\/ubaldofernandes.com\/index.php\/news\/governadora-sanciona-lei-que-reconhece-festa-de-nossa-senhora-dos-navegantes-de-extremoz-patrimonio-imaterial\/\" \/>\n<meta property=\"og:locale\" content=\"pt_BR\" \/>\n<meta property=\"og:type\" content=\"article\" \/>\n<meta property=\"og:title\" content=\"Governadora sanciona lei que reconhece Festa de Nossa Senhora dos Navegantes de Extremoz patrim\u00f4nio imaterial - Ubaldo Fernandes\" \/>\n<meta property=\"og:description\" content=\"A Governadora do Rio Grande do Norte, F\u00e1tima Bezerra, sancionou nesta segunda-feira, 15 de maio, a Lei 11.430, de propositura do deputado estadual Ubaldo Fernandes. A lei em quest\u00e3o reconhece a Festa de Nossa Senhora dos Navegantes, realizada anualmente no munic\u00edpio de Extremoz, como o Patrim\u00f4nio Imaterial, Cultural, Hist\u00f3rico e Religioso do Estado do Rio&nbsp;Grande [&hellip;]\" \/>\n<meta property=\"og:url\" content=\"https:\/\/ubaldofernandes.com\/index.php\/news\/governadora-sanciona-lei-que-reconhece-festa-de-nossa-senhora-dos-navegantes-de-extremoz-patrimonio-imaterial\/\" \/>\n<meta property=\"og:site_name\" content=\"Ubaldo Fernandes\" \/>\n<meta property=\"article:modified_time\" content=\"2023-05-17T15:17:56+00:00\" \/>\n<meta property=\"og:image\" content=\"https:\/\/ubaldofernandes.com\/wp-content\/uploads\/2023\/05\/Foto-Caninde-Santos-88.webp\" \/>\n\t<meta property=\"og:image:width\" content=\"400\" \/>\n\t<meta property=\"og:image:height\" content=\"266\" \/>\n\t<meta property=\"og:image:type\" content=\"image\/webp\" \/>\n<meta name=\"twitter:card\" content=\"summary_large_image\" \/>\n<meta name=\"twitter:label1\" content=\"Est. tempo de leitura\" \/>\n\t<meta name=\"twitter:data1\" content=\"1 minuto\" \/>\n<script type=\"application\/ld+json\" class=\"yoast-schema-graph\">{\"@context\":\"https:\/\/schema.org\",\"@graph\":[{\"@type\":\"WebPage\",\"@id\":\"https:\/\/ubaldofernandes.com\/index.php\/news\/governadora-sanciona-lei-que-reconhece-festa-de-nossa-senhora-dos-navegantes-de-extremoz-patrimonio-imaterial\/\",\"url\":\"https:\/\/ubaldofernandes.com\/index.php\/news\/governadora-sanciona-lei-que-reconhece-festa-de-nossa-senhora-dos-navegantes-de-extremoz-patrimonio-imaterial\/\",\"name\":\"Governadora sanciona lei que reconhece Festa de Nossa Senhora dos Navegantes de Extremoz patrim\u00f4nio imaterial - Ubaldo Fernandes\",\"isPartOf\":{\"@id\":\"https:\/\/ubaldofernandes.com\/#website\"},\"primaryImageOfPage\":{\"@id\":\"https:\/\/ubaldofernandes.com\/index.php\/news\/governadora-sanciona-lei-que-reconhece-festa-de-nossa-senhora-dos-navegantes-de-extremoz-patrimonio-imaterial\/#primaryimage\"},\"image\":{\"@id\":\"https:\/\/ubaldofernandes.com\/index.php\/news\/governadora-sanciona-lei-que-reconhece-festa-de-nossa-senhora-dos-navegantes-de-extremoz-patrimonio-imaterial\/#primaryimage\"},\"thumbnailUrl\":\"https:\/\/ubaldofernandes.com\/wp-content\/uploads\/2023\/05\/Foto-Caninde-Santos-88.webp\",\"datePublished\":\"2023-05-15T17:15:00+00:00\",\"dateModified\":\"2023-05-17T15:17:56+00:00\",\"breadcrumb\":{\"@id\":\"https:\/\/ubaldofernandes.com\/index.php\/news\/governadora-sanciona-lei-que-reconhece-festa-de-nossa-senhora-dos-navegantes-de-extremoz-patrimonio-imaterial\/#breadcrumb\"},\"inLanguage\":\"pt-BR\",\"potentialAction\":[{\"@type\":\"ReadAction\",\"target\":[\"https:\/\/ubaldofernandes.com\/index.php\/news\/governadora-sanciona-lei-que-reconhece-festa-de-nossa-senhora-dos-navegantes-de-extremoz-patrimonio-imaterial\/\"]}]},{\"@type\":\"ImageObject\",\"inLanguage\":\"pt-BR\",\"@id\":\"https:\/\/ubaldofernandes.com\/index.php\/news\/governadora-sanciona-lei-que-reconhece-festa-de-nossa-senhora-dos-navegantes-de-extremoz-patrimonio-imaterial\/#primaryimage\",\"url\":\"https:\/\/ubaldofernandes.com\/wp-content\/uploads\/2023\/05\/Foto-Caninde-Santos-88.webp\",\"contentUrl\":\"https:\/\/ubaldofernandes.com\/wp-content\/uploads\/2023\/05\/Foto-Caninde-Santos-88.webp\",\"width\":400,\"height\":266},{\"@type\":\"BreadcrumbList\",\"@id\":\"https:\/\/ubaldofernandes.com\/index.php\/news\/governadora-sanciona-lei-que-reconhece-festa-de-nossa-senhora-dos-navegantes-de-extremoz-patrimonio-imaterial\/#breadcrumb\",\"itemListElement\":[{\"@type\":\"ListItem\",\"position\":1,\"name\":\"In\u00edcio\",\"item\":\"https:\/\/ubaldofernandes.com\/\"},{\"@type\":\"ListItem\",\"position\":2,\"name\":\"Not\u00edcias\",\"item\":\"https:\/\/ubaldofernandes.com\/index.php\/news\/\"},{\"@type\":\"ListItem\",\"position\":3,\"name\":\"Governadora sanciona lei que reconhece Festa de Nossa Senhora dos Navegantes de Extremoz patrim\u00f4nio imaterial\"}]},{\"@type\":\"WebSite\",\"@id\":\"https:\/\/ubaldofernandes.com\/#website\",\"url\":\"https:\/\/ubaldofernandes.com\/\",\"name\":\"Ubaldo Fernandes\",\"description\":\"Deputado Estadual\",\"potentialAction\":[{\"@type\":\"SearchAction\",\"target\":{\"@type\":\"EntryPoint\",\"urlTemplate\":\"https:\/\/ubaldofernandes.com\/?s={search_term_string}\"},\"query-input\":{\"@type\":\"PropertyValueSpecification\",\"valueRequired\":true,\"valueName\":\"search_term_string\"}}],\"inLanguage\":\"pt-BR\"}]}<\/script>\n<!-- \/ Yoast SEO plugin. -->","yoast_head_json":{"title":"Governadora sanciona lei que reconhece Festa de Nossa Senhora dos Navegantes de Extremoz patrim\u00f4nio imaterial - Ubaldo Fernandes","robots":{"index":"index","follow":"follow","max-snippet":"max-snippet:-1","max-image-preview":"max-image-preview:large","max-video-preview":"max-video-preview:-1"},"canonical":"https:\/\/ubaldofernandes.com\/index.php\/news\/governadora-sanciona-lei-que-reconhece-festa-de-nossa-senhora-dos-navegantes-de-extremoz-patrimonio-imaterial\/","og_locale":"pt_BR","og_type":"article","og_title":"Governadora sanciona lei que reconhece Festa de Nossa Senhora dos Navegantes de Extremoz patrim\u00f4nio imaterial - Ubaldo Fernandes","og_description":"A Governadora do Rio Grande do Norte, F\u00e1tima Bezerra, sancionou nesta segunda-feira, 15 de maio, a Lei 11.430, de propositura do deputado estadual Ubaldo Fernandes. A lei em quest\u00e3o reconhece a Festa de Nossa Senhora dos Navegantes, realizada anualmente no munic\u00edpio de Extremoz, como o Patrim\u00f4nio Imaterial, Cultural, Hist\u00f3rico e Religioso do Estado do Rio&nbsp;Grande [&hellip;]","og_url":"https:\/\/ubaldofernandes.com\/index.php\/news\/governadora-sanciona-lei-que-reconhece-festa-de-nossa-senhora-dos-navegantes-de-extremoz-patrimonio-imaterial\/","og_site_name":"Ubaldo Fernandes","article_modified_time":"2023-05-17T15:17:56+00:00","og_image":[{"width":400,"height":266,"url":"https:\/\/ubaldofernandes.com\/wp-content\/uploads\/2023\/05\/Foto-Caninde-Santos-88.webp","type":"image\/webp"}],"twitter_card":"summary_large_image","twitter_misc":{"Est. tempo de leitura":"1 minuto"},"schema":{"@context":"https:\/\/schema.org","@graph":[{"@type":"WebPage","@id":"https:\/\/ubaldofernandes.com\/index.php\/news\/governadora-sanciona-lei-que-reconhece-festa-de-nossa-senhora-dos-navegantes-de-extremoz-patrimonio-imaterial\/","url":"https:\/\/ubaldofernandes.com\/index.php\/news\/governadora-sanciona-lei-que-reconhece-festa-de-nossa-senhora-dos-navegantes-de-extremoz-patrimonio-imaterial\/","name":"Governadora sanciona lei que reconhece Festa de Nossa Senhora dos Navegantes de Extremoz patrim\u00f4nio imaterial - Ubaldo Fernandes","isPartOf":{"@id":"https:\/\/ubaldofernandes.com\/#website"},"primaryImageOfPage":{"@id":"https:\/\/ubaldofernandes.com\/index.php\/news\/governadora-sanciona-lei-que-reconhece-festa-de-nossa-senhora-dos-navegantes-de-extremoz-patrimonio-imaterial\/#primaryimage"},"image":{"@id":"https:\/\/ubaldofernandes.com\/index.php\/news\/governadora-sanciona-lei-que-reconhece-festa-de-nossa-senhora-dos-navegantes-de-extremoz-patrimonio-imaterial\/#primaryimage"},"thumbnailUrl":"https:\/\/ubaldofernandes.com\/wp-content\/uploads\/2023\/05\/Foto-Caninde-Santos-88.webp","datePublished":"2023-05-15T17:15:00+00:00","dateModified":"2023-05-17T15:17:56+00:00","breadcrumb":{"@id":"https:\/\/ubaldofernandes.com\/index.php\/news\/governadora-sanciona-lei-que-reconhece-festa-de-nossa-senhora-dos-navegantes-de-extremoz-patrimonio-imaterial\/#breadcrumb"},"inLanguage":"pt-BR","potentialAction":[{"@type":"ReadAction","target":["https:\/\/ubaldofernandes.com\/index.php\/news\/governadora-sanciona-lei-que-reconhece-festa-de-nossa-senhora-dos-navegantes-de-extremoz-patrimonio-imaterial\/"]}]},{"@type":"ImageObject","inLanguage":"pt-BR","@id":"https:\/\/ubaldofernandes.com\/index.php\/news\/governadora-sanciona-lei-que-reconhece-festa-de-nossa-senhora-dos-navegantes-de-extremoz-patrimonio-imaterial\/#primaryimage","url":"https:\/\/ubaldofernandes.com\/wp-content\/uploads\/2023\/05\/Foto-Caninde-Santos-88.webp","contentUrl":"https:\/\/ubaldofernandes.com\/wp-content\/uploads\/2023\/05\/Foto-Caninde-Santos-88.webp","width":400,"height":266},{"@type":"BreadcrumbList","@id":"https:\/\/ubaldofernandes.com\/index.php\/news\/governadora-sanciona-lei-que-reconhece-festa-de-nossa-senhora-dos-navegantes-de-extremoz-patrimonio-imaterial\/#breadcrumb","itemListElement":[{"@type":"ListItem","position":1,"name":"In\u00edcio","item":"https:\/\/ubaldofernandes.com\/"},{"@type":"ListItem","position":2,"name":"Not\u00edcias","item":"https:\/\/ubaldofernandes.com\/index.php\/news\/"},{"@type":"ListItem","position":3,"name":"Governadora sanciona lei que reconhece Festa de Nossa Senhora dos Navegantes de Extremoz patrim\u00f4nio imaterial"}]},{"@type":"WebSite","@id":"https:\/\/ubaldofernandes.com\/#website","url":"https:\/\/ubaldofernandes.com\/","name":"Ubaldo Fernandes","description":"Deputado Estadual","potentialAction":[{"@type":"SearchAction","target":{"@type":"EntryPoint","urlTemplate":"https:\/\/ubaldofernandes.com\/?s={search_term_string}"},"query-input":{"@type":"PropertyValueSpecification","valueRequired":true,"valueName":"search_term_string"}}],"inLanguage":"pt-BR"}]}},"_links":{"self":[{"href":"https:\/\/ubaldofernandes.com\/index.php\/wp-json\/wp\/v2\/news\/5141","targetHints":{"allow":["GET"]}}],"collection":[{"href":"https:\/\/ubaldofernandes.com\/index.php\/wp-json\/wp\/v2\/news"}],"about":[{"href":"https:\/\/ubaldofernandes.com\/index.php\/wp-json\/wp\/v2\/types\/news"}],"wp:featuredmedia":[{"embeddable":true,"href":"https:\/\/ubaldofernandes.com\/index.php\/wp-json\/wp\/v2\/media\/5142"}],"wp:attachment":[{"href":"https:\/\/ubaldofernandes.com\/index.php\/wp-json\/wp\/v2\/media?parent=5141"}],"curies":[{"name":"wp","href":"https:\/\/api.w.org\/{rel}","templated":true}]}}