{"id":5161,"date":"2023-06-01T19:53:00","date_gmt":"2023-06-01T22:53:00","guid":{"rendered":"https:\/\/ubaldofernandes.com\/?post_type=news&#038;p=5161"},"modified":"2023-06-05T09:58:17","modified_gmt":"2023-06-05T12:58:17","slug":"governadora-fatima-bezerra-sanciona-o-dia-estadual-do-brega","status":"publish","type":"news","link":"https:\/\/ubaldofernandes.com\/index.php\/news\/governadora-fatima-bezerra-sanciona-o-dia-estadual-do-brega\/","title":{"rendered":"Governadora F\u00e1tima Bezerra sanciona o Dia Estadual do Brega"},"content":{"rendered":"\n<p>Uma grande festa com artistas populares e f\u00e3s de um estilo marcante deram o tom para a san\u00e7\u00e3o da Lei do Dia Estadual do Brega, realizada pela Governadora F\u00e1tima Bezerra na tarde desta quinta-feira (1) no audit\u00f3rio do Complexo Cultural Rampa.<\/p>\n\n\n\n<p>Ao som de cl\u00e1ssicos como \u201cFeiticeira\u201d, \u201cAgora Vai Pra Cadeia\u201d e \u201cGarotinha\u201d, entre outros cl\u00e1ssicos, o Governo do Estado reconhece oficialmente o estilo musical de origem popular, atrav\u00e9s da Lei N\u00ba 11.452, proposta pelo Deputado Ubaldo Fernandes (PSDB), que institui a data em homenagem ao anivers\u00e1rio do cantor Potiguar Carlos Alexandre (1957-1989), um \u00edcone nacional do estilo.<\/p>\n\n\n\n<p>A san\u00e7\u00e3o da Lei traz aten\u00e7\u00e3o e prioridade em editais p\u00fablicos e maior presen\u00e7a em festivais \u00e0 classe art\u00edstica do segmento do Brega. \u201cTemos a partir de agora um compromisso de valoriza\u00e7\u00e3o e preserva\u00e7\u00e3o da m\u00fasica popular para promo\u00e7\u00e3o do brega do Rio Grande do Norte para o Brasil, atrav\u00e9s do fomento da Lei Paulo Gustavo, que est\u00e1 em curso atrav\u00e9s das a\u00e7\u00f5es que ser\u00e3o feitas pela Secretaria Extraordin\u00e1ria da Cultura e Funda\u00e7\u00e3o Jos\u00e9 Augusto. Estou muito feliz e emocionada por essa lei que presta tributo \u00e0 obra de Carlos Alexandre. Viva o Brega!\u201d declarou a Governadora, com imensa alegria.<\/p>\n\n\n\n<p>Mat\u00e9ria publicada no <a href=\"http:\/\/www.alexsilvaassu.com.br\/2023\/06\/governadora-fatima-bezerra-sanciona-o.html\">Blog de Alex Silva Assu<\/a>.<\/p>\n","protected":false},"featured_media":5162,"parent":0,"template":"","class_list":["post-5161","news","type-news","status-publish","has-post-thumbnail","hentry"],"acf":[],"yoast_head":"<!-- This site is optimized with the Yoast SEO plugin v24.6 - https:\/\/yoast.com\/wordpress\/plugins\/seo\/ -->\n<title>Governadora F\u00e1tima Bezerra sanciona o Dia Estadual do Brega - Ubaldo Fernandes<\/title>\n<meta name=\"robots\" content=\"index, follow, max-snippet:-1, max-image-preview:large, max-video-preview:-1\" \/>\n<link rel=\"canonical\" href=\"https:\/\/ubaldofernandes.com\/index.php\/news\/governadora-fatima-bezerra-sanciona-o-dia-estadual-do-brega\/\" \/>\n<meta property=\"og:locale\" content=\"pt_BR\" \/>\n<meta property=\"og:type\" content=\"article\" \/>\n<meta property=\"og:title\" content=\"Governadora F\u00e1tima Bezerra sanciona o Dia Estadual do Brega - Ubaldo Fernandes\" \/>\n<meta property=\"og:description\" content=\"Uma grande festa com artistas populares e f\u00e3s de um estilo marcante deram o tom para a san\u00e7\u00e3o da Lei do Dia Estadual do Brega, realizada pela Governadora F\u00e1tima Bezerra na tarde desta quinta-feira (1) no audit\u00f3rio do Complexo Cultural Rampa. Ao som de cl\u00e1ssicos como \u201cFeiticeira\u201d, \u201cAgora Vai Pra Cadeia\u201d e \u201cGarotinha\u201d, entre outros [&hellip;]\" \/>\n<meta property=\"og:url\" content=\"https:\/\/ubaldofernandes.com\/index.php\/news\/governadora-fatima-bezerra-sanciona-o-dia-estadual-do-brega\/\" \/>\n<meta property=\"og:site_name\" content=\"Ubaldo Fernandes\" \/>\n<meta property=\"article:modified_time\" content=\"2023-06-05T12:58:17+00:00\" \/>\n<meta property=\"og:image\" content=\"https:\/\/ubaldofernandes.com\/wp-content\/uploads\/2023\/06\/Dia-do-Brega_SM-1.jpeg\" \/>\n\t<meta property=\"og:image:width\" content=\"1280\" \/>\n\t<meta property=\"og:image:height\" content=\"854\" \/>\n\t<meta property=\"og:image:type\" content=\"image\/jpeg\" \/>\n<meta name=\"twitter:card\" content=\"summary_large_image\" \/>\n<meta name=\"twitter:label1\" content=\"Est. tempo de leitura\" \/>\n\t<meta name=\"twitter:data1\" content=\"1 minuto\" \/>\n<script type=\"application\/ld+json\" class=\"yoast-schema-graph\">{\"@context\":\"https:\/\/schema.org\",\"@graph\":[{\"@type\":\"WebPage\",\"@id\":\"https:\/\/ubaldofernandes.com\/index.php\/news\/governadora-fatima-bezerra-sanciona-o-dia-estadual-do-brega\/\",\"url\":\"https:\/\/ubaldofernandes.com\/index.php\/news\/governadora-fatima-bezerra-sanciona-o-dia-estadual-do-brega\/\",\"name\":\"Governadora F\u00e1tima Bezerra sanciona o Dia Estadual do Brega - Ubaldo Fernandes\",\"isPartOf\":{\"@id\":\"https:\/\/ubaldofernandes.com\/#website\"},\"primaryImageOfPage\":{\"@id\":\"https:\/\/ubaldofernandes.com\/index.php\/news\/governadora-fatima-bezerra-sanciona-o-dia-estadual-do-brega\/#primaryimage\"},\"image\":{\"@id\":\"https:\/\/ubaldofernandes.com\/index.php\/news\/governadora-fatima-bezerra-sanciona-o-dia-estadual-do-brega\/#primaryimage\"},\"thumbnailUrl\":\"https:\/\/ubaldofernandes.com\/wp-content\/uploads\/2023\/06\/Dia-do-Brega_SM-1.jpeg\",\"datePublished\":\"2023-06-01T22:53:00+00:00\",\"dateModified\":\"2023-06-05T12:58:17+00:00\",\"breadcrumb\":{\"@id\":\"https:\/\/ubaldofernandes.com\/index.php\/news\/governadora-fatima-bezerra-sanciona-o-dia-estadual-do-brega\/#breadcrumb\"},\"inLanguage\":\"pt-BR\",\"potentialAction\":[{\"@type\":\"ReadAction\",\"target\":[\"https:\/\/ubaldofernandes.com\/index.php\/news\/governadora-fatima-bezerra-sanciona-o-dia-estadual-do-brega\/\"]}]},{\"@type\":\"ImageObject\",\"inLanguage\":\"pt-BR\",\"@id\":\"https:\/\/ubaldofernandes.com\/index.php\/news\/governadora-fatima-bezerra-sanciona-o-dia-estadual-do-brega\/#primaryimage\",\"url\":\"https:\/\/ubaldofernandes.com\/wp-content\/uploads\/2023\/06\/Dia-do-Brega_SM-1.jpeg\",\"contentUrl\":\"https:\/\/ubaldofernandes.com\/wp-content\/uploads\/2023\/06\/Dia-do-Brega_SM-1.jpeg\",\"width\":1280,\"height\":854},{\"@type\":\"BreadcrumbList\",\"@id\":\"https:\/\/ubaldofernandes.com\/index.php\/news\/governadora-fatima-bezerra-sanciona-o-dia-estadual-do-brega\/#breadcrumb\",\"itemListElement\":[{\"@type\":\"ListItem\",\"position\":1,\"name\":\"In\u00edcio\",\"item\":\"https:\/\/ubaldofernandes.com\/\"},{\"@type\":\"ListItem\",\"position\":2,\"name\":\"Not\u00edcias\",\"item\":\"https:\/\/ubaldofernandes.com\/index.php\/news\/\"},{\"@type\":\"ListItem\",\"position\":3,\"name\":\"Governadora F\u00e1tima Bezerra sanciona o Dia Estadual do Brega\"}]},{\"@type\":\"WebSite\",\"@id\":\"https:\/\/ubaldofernandes.com\/#website\",\"url\":\"https:\/\/ubaldofernandes.com\/\",\"name\":\"Ubaldo Fernandes\",\"description\":\"Deputado Estadual\",\"potentialAction\":[{\"@type\":\"SearchAction\",\"target\":{\"@type\":\"EntryPoint\",\"urlTemplate\":\"https:\/\/ubaldofernandes.com\/?s={search_term_string}\"},\"query-input\":{\"@type\":\"PropertyValueSpecification\",\"valueRequired\":true,\"valueName\":\"search_term_string\"}}],\"inLanguage\":\"pt-BR\"}]}<\/script>\n<!-- \/ Yoast SEO plugin. -->","yoast_head_json":{"title":"Governadora F\u00e1tima Bezerra sanciona o Dia Estadual do Brega - Ubaldo Fernandes","robots":{"index":"index","follow":"follow","max-snippet":"max-snippet:-1","max-image-preview":"max-image-preview:large","max-video-preview":"max-video-preview:-1"},"canonical":"https:\/\/ubaldofernandes.com\/index.php\/news\/governadora-fatima-bezerra-sanciona-o-dia-estadual-do-brega\/","og_locale":"pt_BR","og_type":"article","og_title":"Governadora F\u00e1tima Bezerra sanciona o Dia Estadual do Brega - Ubaldo Fernandes","og_description":"Uma grande festa com artistas populares e f\u00e3s de um estilo marcante deram o tom para a san\u00e7\u00e3o da Lei do Dia Estadual do Brega, realizada pela Governadora F\u00e1tima Bezerra na tarde desta quinta-feira (1) no audit\u00f3rio do Complexo Cultural Rampa. Ao som de cl\u00e1ssicos como \u201cFeiticeira\u201d, \u201cAgora Vai Pra Cadeia\u201d e \u201cGarotinha\u201d, entre outros [&hellip;]","og_url":"https:\/\/ubaldofernandes.com\/index.php\/news\/governadora-fatima-bezerra-sanciona-o-dia-estadual-do-brega\/","og_site_name":"Ubaldo Fernandes","article_modified_time":"2023-06-05T12:58:17+00:00","og_image":[{"width":1280,"height":854,"url":"https:\/\/ubaldofernandes.com\/wp-content\/uploads\/2023\/06\/Dia-do-Brega_SM-1.jpeg","type":"image\/jpeg"}],"twitter_card":"summary_large_image","twitter_misc":{"Est. tempo de leitura":"1 minuto"},"schema":{"@context":"https:\/\/schema.org","@graph":[{"@type":"WebPage","@id":"https:\/\/ubaldofernandes.com\/index.php\/news\/governadora-fatima-bezerra-sanciona-o-dia-estadual-do-brega\/","url":"https:\/\/ubaldofernandes.com\/index.php\/news\/governadora-fatima-bezerra-sanciona-o-dia-estadual-do-brega\/","name":"Governadora F\u00e1tima Bezerra sanciona o Dia Estadual do Brega - Ubaldo Fernandes","isPartOf":{"@id":"https:\/\/ubaldofernandes.com\/#website"},"primaryImageOfPage":{"@id":"https:\/\/ubaldofernandes.com\/index.php\/news\/governadora-fatima-bezerra-sanciona-o-dia-estadual-do-brega\/#primaryimage"},"image":{"@id":"https:\/\/ubaldofernandes.com\/index.php\/news\/governadora-fatima-bezerra-sanciona-o-dia-estadual-do-brega\/#primaryimage"},"thumbnailUrl":"https:\/\/ubaldofernandes.com\/wp-content\/uploads\/2023\/06\/Dia-do-Brega_SM-1.jpeg","datePublished":"2023-06-01T22:53:00+00:00","dateModified":"2023-06-05T12:58:17+00:00","breadcrumb":{"@id":"https:\/\/ubaldofernandes.com\/index.php\/news\/governadora-fatima-bezerra-sanciona-o-dia-estadual-do-brega\/#breadcrumb"},"inLanguage":"pt-BR","potentialAction":[{"@type":"ReadAction","target":["https:\/\/ubaldofernandes.com\/index.php\/news\/governadora-fatima-bezerra-sanciona-o-dia-estadual-do-brega\/"]}]},{"@type":"ImageObject","inLanguage":"pt-BR","@id":"https:\/\/ubaldofernandes.com\/index.php\/news\/governadora-fatima-bezerra-sanciona-o-dia-estadual-do-brega\/#primaryimage","url":"https:\/\/ubaldofernandes.com\/wp-content\/uploads\/2023\/06\/Dia-do-Brega_SM-1.jpeg","contentUrl":"https:\/\/ubaldofernandes.com\/wp-content\/uploads\/2023\/06\/Dia-do-Brega_SM-1.jpeg","width":1280,"height":854},{"@type":"BreadcrumbList","@id":"https:\/\/ubaldofernandes.com\/index.php\/news\/governadora-fatima-bezerra-sanciona-o-dia-estadual-do-brega\/#breadcrumb","itemListElement":[{"@type":"ListItem","position":1,"name":"In\u00edcio","item":"https:\/\/ubaldofernandes.com\/"},{"@type":"ListItem","position":2,"name":"Not\u00edcias","item":"https:\/\/ubaldofernandes.com\/index.php\/news\/"},{"@type":"ListItem","position":3,"name":"Governadora F\u00e1tima Bezerra sanciona o Dia Estadual do Brega"}]},{"@type":"WebSite","@id":"https:\/\/ubaldofernandes.com\/#website","url":"https:\/\/ubaldofernandes.com\/","name":"Ubaldo Fernandes","description":"Deputado Estadual","potentialAction":[{"@type":"SearchAction","target":{"@type":"EntryPoint","urlTemplate":"https:\/\/ubaldofernandes.com\/?s={search_term_string}"},"query-input":{"@type":"PropertyValueSpecification","valueRequired":true,"valueName":"search_term_string"}}],"inLanguage":"pt-BR"}]}},"_links":{"self":[{"href":"https:\/\/ubaldofernandes.com\/index.php\/wp-json\/wp\/v2\/news\/5161","targetHints":{"allow":["GET"]}}],"collection":[{"href":"https:\/\/ubaldofernandes.com\/index.php\/wp-json\/wp\/v2\/news"}],"about":[{"href":"https:\/\/ubaldofernandes.com\/index.php\/wp-json\/wp\/v2\/types\/news"}],"wp:featuredmedia":[{"embeddable":true,"href":"https:\/\/ubaldofernandes.com\/index.php\/wp-json\/wp\/v2\/media\/5162"}],"wp:attachment":[{"href":"https:\/\/ubaldofernandes.com\/index.php\/wp-json\/wp\/v2\/media?parent=5161"}],"curies":[{"name":"wp","href":"https:\/\/api.w.org\/{rel}","templated":true}]}}