{"id":5193,"date":"2023-06-25T09:39:00","date_gmt":"2023-06-25T12:39:00","guid":{"rendered":"https:\/\/ubaldofernandes.com\/?post_type=news&#038;p=5193"},"modified":"2023-06-26T09:54:14","modified_gmt":"2023-06-26T12:54:14","slug":"assembleia-legislativa-instala-frente-parlamentar-em-defesa-da-pessoa-idosa","status":"publish","type":"news","link":"https:\/\/ubaldofernandes.com\/index.php\/news\/assembleia-legislativa-instala-frente-parlamentar-em-defesa-da-pessoa-idosa\/","title":{"rendered":"Assembleia Legislativa instala Frente Parlamentar em Defesa da Pessoa\u00a0Idosa"},"content":{"rendered":"\n<p>Os idosos do Rio Grande do Norte ter\u00e3o mais uma ferramenta para defesa de seus direitos. Na tarde desta quinta-feira (22), a Assembleia Legislativa instalou a Frente Parlamentar em Defesa da Pessoa Idosa, que visa tra\u00e7ar a\u00e7\u00f5es e discutir medidas que possam garantir melhorias nas pol\u00edticas p\u00fablicas em prol dessa parcela da popula\u00e7\u00e3o.<\/p>\n\n\n\n<p>O presidente da Frente, deputado Ubaldo Fernandes (PSDB), foi o propositor tamb\u00e9m do debate sobre o combate \u00e0 viol\u00eancia contra os idoso.<\/p>\n\n\n\n<p>Nesta Legislatura, a Frente Parlamentar ter\u00e1 como membros, al\u00e9m de Ubaldo Fernandes, os deputados estaduais Hermano Morais (PV), que esteve na audi\u00eancia, Terezinha Maia (PL), Ne\u00edlton Di\u00f3genes (PL) e Kl\u00e9ber Rodrigues (PSDB), que justificaram as aus\u00eancias devido aos compromissos relacionados aos festejos juninos que estavam marcados anteriormente.<\/p>\n\n\n\n<p>Na discuss\u00e3o, o foco foi a import\u00e2ncia de se implementar a\u00e7\u00f5es para garantir o atendimento \u00e0s pessoas idosas que s\u00e3o alvo de viol\u00eancia, assim como tamb\u00e9m de discutir alternativas para evitar que as pessoas acima dos 60 anos. O deputado Ubaldo Fernandes apresentou dados sobre a viol\u00eancia contra os idosos, que demonstram que boa parte dessa parcela da popula\u00e7\u00e3o tem sofrido com o desrespeito aos direitos \u00e0 integridade e at\u00e9 \u00e0 vida.<\/p>\n\n\n\n<p>No debate, que faz parte da programa\u00e7\u00e3o do Junho Violeta, m\u00eas de combate \u00e0 viol\u00eancia contra as pessoas idosas, Ubaldo apontou que o Rio Grande do Norte possui aproximadamente 15,28% da popula\u00e7\u00e3o acima dos 60 anos. Em 2021, em meio \u00e0 pandemia da Covid-19, foram 336 ocorr\u00eancias de atos de viol\u00eancia contra idosos, resultando em 96 mortes. De l\u00e1 para c\u00e1, os n\u00fameros seguiram crescendo.<\/p>\n\n\n\n<p>Segundo Ubaldo Fernandes, foram 103 assassinatos de pessoas idosas, com n\u00fameros semelhantes aos de agress\u00f5es. J\u00e1 em 2023, entre janeiro e maio, foram 50 homic\u00eddios com idosos como v\u00edtimas, um aumento que corresponde a aproximadamente 35% com rela\u00e7\u00e3o ao mesmo per\u00edodo do ano passado.<\/p>\n\n\n\n<p>\u201cEssa \u00e9 mais uma oportunidade para refletir sobre essa realidade e buscar solu\u00e7\u00f5es efetivas para proteger e garantir a seguran\u00e7a dos idosos em nossa sociedade, sensibilizando a popula\u00e7\u00e3o sobre a import\u00e2ncia de respeitar sua dignidade e direitos fundamentai\u201d, disse Ubaldo Fernandes.<\/p>\n\n\n\n<p>Ao longo da audi\u00eancia, representantes de entidades ligadas \u00e0 prote\u00e7\u00e3o dos idosos e tamb\u00e9m da Pol\u00edcia Civil falaram sobre as demandas para que a sociedade e o Poder P\u00fablico colaborem com a garantia dos direitos dessa parcela da popula\u00e7\u00e3o. Ao fim do encontro, o deputado Ubaldo Fernandes tra\u00e7ou as primeiras metas para a atua\u00e7\u00e3o da Frente Parlamentar, que v\u00e3o desde \u00e0 garantia de direito \u00e0 sa\u00fade, at\u00e9 a seguran\u00e7a da popula\u00e7\u00e3o.<\/p>\n\n\n\n<p>\u201cVamos discutir junto ao Poder P\u00fablico federal, estadual e municipal para elaborar um projeto para ter hospital de refer\u00eancia para atender popula\u00e7\u00e3o idosa. Al\u00e9m disso, vamos encaminhar requerimentos ao Governo do Estado para interiorizar a delegacia do idoso, assim como tamb\u00e9m vamos visitar as delegacias daqui da Grande Natal para vermos a estrutura de trabalho e termos vis\u00e3o sobre como andam os atendimentos\u201d, disse Ubaldo Fernandes.<\/p>\n\n\n\n<p>Mat\u00e9ria publicada no <a href=\"https:\/\/matheusperes.com\/2023\/06\/25\/assembleia-legislativa-instala-frente-parlamentar-em-defesa-da-pessoa-idosa\/\">Portal Matheus Perez<\/a>. <\/p>\n","protected":false},"featured_media":5194,"parent":0,"template":"","class_list":["post-5193","news","type-news","status-publish","has-post-thumbnail","hentry"],"acf":[],"yoast_head":"<!-- This site is optimized with the Yoast SEO plugin v24.6 - https:\/\/yoast.com\/wordpress\/plugins\/seo\/ -->\n<title>Assembleia Legislativa instala Frente Parlamentar em Defesa da Pessoa\u00a0Idosa - Ubaldo Fernandes<\/title>\n<meta name=\"robots\" content=\"index, follow, max-snippet:-1, max-image-preview:large, max-video-preview:-1\" \/>\n<link rel=\"canonical\" href=\"https:\/\/ubaldofernandes.com\/index.php\/news\/assembleia-legislativa-instala-frente-parlamentar-em-defesa-da-pessoa-idosa\/\" \/>\n<meta property=\"og:locale\" content=\"pt_BR\" \/>\n<meta property=\"og:type\" content=\"article\" \/>\n<meta property=\"og:title\" content=\"Assembleia Legislativa instala Frente Parlamentar em Defesa da Pessoa\u00a0Idosa - Ubaldo Fernandes\" \/>\n<meta property=\"og:description\" content=\"Os idosos do Rio Grande do Norte ter\u00e3o mais uma ferramenta para defesa de seus direitos. Na tarde desta quinta-feira (22), a Assembleia Legislativa instalou a Frente Parlamentar em Defesa da Pessoa Idosa, que visa tra\u00e7ar a\u00e7\u00f5es e discutir medidas que possam garantir melhorias nas pol\u00edticas p\u00fablicas em prol dessa parcela da popula\u00e7\u00e3o. O presidente [&hellip;]\" \/>\n<meta property=\"og:url\" content=\"https:\/\/ubaldofernandes.com\/index.php\/news\/assembleia-legislativa-instala-frente-parlamentar-em-defesa-da-pessoa-idosa\/\" \/>\n<meta property=\"og:site_name\" content=\"Ubaldo Fernandes\" \/>\n<meta property=\"article:modified_time\" content=\"2023-06-26T12:54:14+00:00\" \/>\n<meta property=\"og:image\" content=\"https:\/\/ubaldofernandes.com\/wp-content\/uploads\/2023\/06\/image-5.webp\" \/>\n\t<meta property=\"og:image:width\" content=\"1024\" \/>\n\t<meta property=\"og:image:height\" content=\"680\" \/>\n\t<meta property=\"og:image:type\" content=\"image\/webp\" \/>\n<meta name=\"twitter:card\" content=\"summary_large_image\" \/>\n<meta name=\"twitter:label1\" content=\"Est. tempo de leitura\" \/>\n\t<meta name=\"twitter:data1\" content=\"3 minutos\" \/>\n<script type=\"application\/ld+json\" class=\"yoast-schema-graph\">{\"@context\":\"https:\/\/schema.org\",\"@graph\":[{\"@type\":\"WebPage\",\"@id\":\"https:\/\/ubaldofernandes.com\/index.php\/news\/assembleia-legislativa-instala-frente-parlamentar-em-defesa-da-pessoa-idosa\/\",\"url\":\"https:\/\/ubaldofernandes.com\/index.php\/news\/assembleia-legislativa-instala-frente-parlamentar-em-defesa-da-pessoa-idosa\/\",\"name\":\"Assembleia Legislativa instala Frente Parlamentar em Defesa da Pessoa\u00a0Idosa - Ubaldo Fernandes\",\"isPartOf\":{\"@id\":\"https:\/\/ubaldofernandes.com\/#website\"},\"primaryImageOfPage\":{\"@id\":\"https:\/\/ubaldofernandes.com\/index.php\/news\/assembleia-legislativa-instala-frente-parlamentar-em-defesa-da-pessoa-idosa\/#primaryimage\"},\"image\":{\"@id\":\"https:\/\/ubaldofernandes.com\/index.php\/news\/assembleia-legislativa-instala-frente-parlamentar-em-defesa-da-pessoa-idosa\/#primaryimage\"},\"thumbnailUrl\":\"https:\/\/ubaldofernandes.com\/wp-content\/uploads\/2023\/06\/image-5.webp\",\"datePublished\":\"2023-06-25T12:39:00+00:00\",\"dateModified\":\"2023-06-26T12:54:14+00:00\",\"breadcrumb\":{\"@id\":\"https:\/\/ubaldofernandes.com\/index.php\/news\/assembleia-legislativa-instala-frente-parlamentar-em-defesa-da-pessoa-idosa\/#breadcrumb\"},\"inLanguage\":\"pt-BR\",\"potentialAction\":[{\"@type\":\"ReadAction\",\"target\":[\"https:\/\/ubaldofernandes.com\/index.php\/news\/assembleia-legislativa-instala-frente-parlamentar-em-defesa-da-pessoa-idosa\/\"]}]},{\"@type\":\"ImageObject\",\"inLanguage\":\"pt-BR\",\"@id\":\"https:\/\/ubaldofernandes.com\/index.php\/news\/assembleia-legislativa-instala-frente-parlamentar-em-defesa-da-pessoa-idosa\/#primaryimage\",\"url\":\"https:\/\/ubaldofernandes.com\/wp-content\/uploads\/2023\/06\/image-5.webp\",\"contentUrl\":\"https:\/\/ubaldofernandes.com\/wp-content\/uploads\/2023\/06\/image-5.webp\",\"width\":1024,\"height\":680},{\"@type\":\"BreadcrumbList\",\"@id\":\"https:\/\/ubaldofernandes.com\/index.php\/news\/assembleia-legislativa-instala-frente-parlamentar-em-defesa-da-pessoa-idosa\/#breadcrumb\",\"itemListElement\":[{\"@type\":\"ListItem\",\"position\":1,\"name\":\"In\u00edcio\",\"item\":\"https:\/\/ubaldofernandes.com\/\"},{\"@type\":\"ListItem\",\"position\":2,\"name\":\"Not\u00edcias\",\"item\":\"https:\/\/ubaldofernandes.com\/index.php\/news\/\"},{\"@type\":\"ListItem\",\"position\":3,\"name\":\"Assembleia Legislativa instala Frente Parlamentar em Defesa da Pessoa\u00a0Idosa\"}]},{\"@type\":\"WebSite\",\"@id\":\"https:\/\/ubaldofernandes.com\/#website\",\"url\":\"https:\/\/ubaldofernandes.com\/\",\"name\":\"Ubaldo Fernandes\",\"description\":\"Deputado Estadual\",\"potentialAction\":[{\"@type\":\"SearchAction\",\"target\":{\"@type\":\"EntryPoint\",\"urlTemplate\":\"https:\/\/ubaldofernandes.com\/?s={search_term_string}\"},\"query-input\":{\"@type\":\"PropertyValueSpecification\",\"valueRequired\":true,\"valueName\":\"search_term_string\"}}],\"inLanguage\":\"pt-BR\"}]}<\/script>\n<!-- \/ Yoast SEO plugin. -->","yoast_head_json":{"title":"Assembleia Legislativa instala Frente Parlamentar em Defesa da Pessoa\u00a0Idosa - Ubaldo Fernandes","robots":{"index":"index","follow":"follow","max-snippet":"max-snippet:-1","max-image-preview":"max-image-preview:large","max-video-preview":"max-video-preview:-1"},"canonical":"https:\/\/ubaldofernandes.com\/index.php\/news\/assembleia-legislativa-instala-frente-parlamentar-em-defesa-da-pessoa-idosa\/","og_locale":"pt_BR","og_type":"article","og_title":"Assembleia Legislativa instala Frente Parlamentar em Defesa da Pessoa\u00a0Idosa - Ubaldo Fernandes","og_description":"Os idosos do Rio Grande do Norte ter\u00e3o mais uma ferramenta para defesa de seus direitos. Na tarde desta quinta-feira (22), a Assembleia Legislativa instalou a Frente Parlamentar em Defesa da Pessoa Idosa, que visa tra\u00e7ar a\u00e7\u00f5es e discutir medidas que possam garantir melhorias nas pol\u00edticas p\u00fablicas em prol dessa parcela da popula\u00e7\u00e3o. O presidente [&hellip;]","og_url":"https:\/\/ubaldofernandes.com\/index.php\/news\/assembleia-legislativa-instala-frente-parlamentar-em-defesa-da-pessoa-idosa\/","og_site_name":"Ubaldo Fernandes","article_modified_time":"2023-06-26T12:54:14+00:00","og_image":[{"width":1024,"height":680,"url":"https:\/\/ubaldofernandes.com\/wp-content\/uploads\/2023\/06\/image-5.webp","type":"image\/webp"}],"twitter_card":"summary_large_image","twitter_misc":{"Est. tempo de leitura":"3 minutos"},"schema":{"@context":"https:\/\/schema.org","@graph":[{"@type":"WebPage","@id":"https:\/\/ubaldofernandes.com\/index.php\/news\/assembleia-legislativa-instala-frente-parlamentar-em-defesa-da-pessoa-idosa\/","url":"https:\/\/ubaldofernandes.com\/index.php\/news\/assembleia-legislativa-instala-frente-parlamentar-em-defesa-da-pessoa-idosa\/","name":"Assembleia Legislativa instala Frente Parlamentar em Defesa da Pessoa\u00a0Idosa - Ubaldo Fernandes","isPartOf":{"@id":"https:\/\/ubaldofernandes.com\/#website"},"primaryImageOfPage":{"@id":"https:\/\/ubaldofernandes.com\/index.php\/news\/assembleia-legislativa-instala-frente-parlamentar-em-defesa-da-pessoa-idosa\/#primaryimage"},"image":{"@id":"https:\/\/ubaldofernandes.com\/index.php\/news\/assembleia-legislativa-instala-frente-parlamentar-em-defesa-da-pessoa-idosa\/#primaryimage"},"thumbnailUrl":"https:\/\/ubaldofernandes.com\/wp-content\/uploads\/2023\/06\/image-5.webp","datePublished":"2023-06-25T12:39:00+00:00","dateModified":"2023-06-26T12:54:14+00:00","breadcrumb":{"@id":"https:\/\/ubaldofernandes.com\/index.php\/news\/assembleia-legislativa-instala-frente-parlamentar-em-defesa-da-pessoa-idosa\/#breadcrumb"},"inLanguage":"pt-BR","potentialAction":[{"@type":"ReadAction","target":["https:\/\/ubaldofernandes.com\/index.php\/news\/assembleia-legislativa-instala-frente-parlamentar-em-defesa-da-pessoa-idosa\/"]}]},{"@type":"ImageObject","inLanguage":"pt-BR","@id":"https:\/\/ubaldofernandes.com\/index.php\/news\/assembleia-legislativa-instala-frente-parlamentar-em-defesa-da-pessoa-idosa\/#primaryimage","url":"https:\/\/ubaldofernandes.com\/wp-content\/uploads\/2023\/06\/image-5.webp","contentUrl":"https:\/\/ubaldofernandes.com\/wp-content\/uploads\/2023\/06\/image-5.webp","width":1024,"height":680},{"@type":"BreadcrumbList","@id":"https:\/\/ubaldofernandes.com\/index.php\/news\/assembleia-legislativa-instala-frente-parlamentar-em-defesa-da-pessoa-idosa\/#breadcrumb","itemListElement":[{"@type":"ListItem","position":1,"name":"In\u00edcio","item":"https:\/\/ubaldofernandes.com\/"},{"@type":"ListItem","position":2,"name":"Not\u00edcias","item":"https:\/\/ubaldofernandes.com\/index.php\/news\/"},{"@type":"ListItem","position":3,"name":"Assembleia Legislativa instala Frente Parlamentar em Defesa da Pessoa\u00a0Idosa"}]},{"@type":"WebSite","@id":"https:\/\/ubaldofernandes.com\/#website","url":"https:\/\/ubaldofernandes.com\/","name":"Ubaldo Fernandes","description":"Deputado Estadual","potentialAction":[{"@type":"SearchAction","target":{"@type":"EntryPoint","urlTemplate":"https:\/\/ubaldofernandes.com\/?s={search_term_string}"},"query-input":{"@type":"PropertyValueSpecification","valueRequired":true,"valueName":"search_term_string"}}],"inLanguage":"pt-BR"}]}},"_links":{"self":[{"href":"https:\/\/ubaldofernandes.com\/index.php\/wp-json\/wp\/v2\/news\/5193","targetHints":{"allow":["GET"]}}],"collection":[{"href":"https:\/\/ubaldofernandes.com\/index.php\/wp-json\/wp\/v2\/news"}],"about":[{"href":"https:\/\/ubaldofernandes.com\/index.php\/wp-json\/wp\/v2\/types\/news"}],"wp:featuredmedia":[{"embeddable":true,"href":"https:\/\/ubaldofernandes.com\/index.php\/wp-json\/wp\/v2\/media\/5194"}],"wp:attachment":[{"href":"https:\/\/ubaldofernandes.com\/index.php\/wp-json\/wp\/v2\/media?parent=5193"}],"curies":[{"name":"wp","href":"https:\/\/api.w.org\/{rel}","templated":true}]}}