{"id":5200,"date":"2023-06-21T13:02:00","date_gmt":"2023-06-21T16:02:00","guid":{"rendered":"https:\/\/ubaldofernandes.com\/?post_type=news&#038;p=5200"},"modified":"2023-06-26T11:05:24","modified_gmt":"2023-06-26T14:05:24","slug":"ubaldo-fernandes-destaca-camarote-para-pcd-em-evento-junino-da-prefeitura-de-natal","status":"publish","type":"news","link":"https:\/\/ubaldofernandes.com\/index.php\/news\/ubaldo-fernandes-destaca-camarote-para-pcd-em-evento-junino-da-prefeitura-de-natal\/","title":{"rendered":"Ubaldo Fernandes destaca camarote para PCD em evento junino da Prefeitura de Natal"},"content":{"rendered":"\n<p>Um dia ap\u00f3s a primeira noite do S\u00e3o Jo\u00e3o de Natal, o deputado estadual Ubaldo Fernandes (PSDB) parabenizou a prefeitura da cidade pela oferta de camarote para Pessoas Com Defici\u00eancia (PCD) no evento junino. O parlamentar destacou a iniciativa em pronunciamento na manh\u00e3 desta quarta-feira (21) durante sess\u00e3o na Assembleia Legislativa do RN.<\/p>\n\n\n\n<p>\u201cChamou a minha aten\u00e7\u00e3o o fato de a prefeitura ter instalado camarote para pessoas com defici\u00eancia no S\u00e3o Jo\u00e3o de Natal. Isso \u00e9 muito importante em eventos p\u00fablicos e \u00e9 tema de proposi\u00e7\u00e3o de nosso mandato. \u00c9 muito importante para que estas pessoas possam participar desses eventos em condi\u00e7\u00f5es adequadas\u201d, ressaltou.<\/p>\n\n\n\n<p>Antes de encerrar sua fala, Ubaldo Fernandes convidou a popula\u00e7\u00e3o para participar de debate, na tarde desta quarta-feira (21), sobre a viol\u00eancia contra a pessoa idosa, um problema crescente no Brasil e que faz v\u00edtimas em todas as camadas da sociedade. O parlamentar destacou que mais de 500 mil pessoas no RN s\u00e3o idosas. \u201cEste ano foi registrado aumento de 35% das viola\u00e7\u00f5es contra pessoas idosas\u201d, informou.<\/p>\n\n\n\n<p>Mat\u00e9ria publicada no <a href=\"https:\/\/blogdogeraldo.com\/ubaldo-fernandes-destaca-camarote-para-pcd-em-evento-junino-da-prefeitura-de-natal\/\">Blog do Geraldo Oliveira<\/a>. <\/p>\n","protected":false},"featured_media":5201,"parent":0,"template":"","class_list":["post-5200","news","type-news","status-publish","has-post-thumbnail","hentry"],"acf":[],"yoast_head":"<!-- This site is optimized with the Yoast SEO plugin v24.6 - https:\/\/yoast.com\/wordpress\/plugins\/seo\/ -->\n<title>Ubaldo Fernandes destaca camarote para PCD em evento junino da Prefeitura de Natal - Ubaldo Fernandes<\/title>\n<meta name=\"robots\" content=\"index, follow, max-snippet:-1, max-image-preview:large, max-video-preview:-1\" \/>\n<link rel=\"canonical\" href=\"https:\/\/ubaldofernandes.com\/index.php\/news\/ubaldo-fernandes-destaca-camarote-para-pcd-em-evento-junino-da-prefeitura-de-natal\/\" \/>\n<meta property=\"og:locale\" content=\"pt_BR\" \/>\n<meta property=\"og:type\" content=\"article\" \/>\n<meta property=\"og:title\" content=\"Ubaldo Fernandes destaca camarote para PCD em evento junino da Prefeitura de Natal - Ubaldo Fernandes\" \/>\n<meta property=\"og:description\" content=\"Um dia ap\u00f3s a primeira noite do S\u00e3o Jo\u00e3o de Natal, o deputado estadual Ubaldo Fernandes (PSDB) parabenizou a prefeitura da cidade pela oferta de camarote para Pessoas Com Defici\u00eancia (PCD) no evento junino. O parlamentar destacou a iniciativa em pronunciamento na manh\u00e3 desta quarta-feira (21) durante sess\u00e3o na Assembleia Legislativa do RN. \u201cChamou a [&hellip;]\" \/>\n<meta property=\"og:url\" content=\"https:\/\/ubaldofernandes.com\/index.php\/news\/ubaldo-fernandes-destaca-camarote-para-pcd-em-evento-junino-da-prefeitura-de-natal\/\" \/>\n<meta property=\"og:site_name\" content=\"Ubaldo Fernandes\" \/>\n<meta property=\"article:modified_time\" content=\"2023-06-26T14:05:24+00:00\" \/>\n<meta property=\"og:image\" content=\"https:\/\/ubaldofernandes.com\/wp-content\/uploads\/2023\/06\/unnamed-1024x683-1.jpg\" \/>\n\t<meta property=\"og:image:width\" content=\"1024\" \/>\n\t<meta property=\"og:image:height\" content=\"683\" \/>\n\t<meta property=\"og:image:type\" content=\"image\/jpeg\" \/>\n<meta name=\"twitter:card\" content=\"summary_large_image\" \/>\n<meta name=\"twitter:label1\" content=\"Est. tempo de leitura\" \/>\n\t<meta name=\"twitter:data1\" content=\"1 minuto\" \/>\n<script type=\"application\/ld+json\" class=\"yoast-schema-graph\">{\"@context\":\"https:\/\/schema.org\",\"@graph\":[{\"@type\":\"WebPage\",\"@id\":\"https:\/\/ubaldofernandes.com\/index.php\/news\/ubaldo-fernandes-destaca-camarote-para-pcd-em-evento-junino-da-prefeitura-de-natal\/\",\"url\":\"https:\/\/ubaldofernandes.com\/index.php\/news\/ubaldo-fernandes-destaca-camarote-para-pcd-em-evento-junino-da-prefeitura-de-natal\/\",\"name\":\"Ubaldo Fernandes destaca camarote para PCD em evento junino da Prefeitura de Natal - Ubaldo Fernandes\",\"isPartOf\":{\"@id\":\"https:\/\/ubaldofernandes.com\/#website\"},\"primaryImageOfPage\":{\"@id\":\"https:\/\/ubaldofernandes.com\/index.php\/news\/ubaldo-fernandes-destaca-camarote-para-pcd-em-evento-junino-da-prefeitura-de-natal\/#primaryimage\"},\"image\":{\"@id\":\"https:\/\/ubaldofernandes.com\/index.php\/news\/ubaldo-fernandes-destaca-camarote-para-pcd-em-evento-junino-da-prefeitura-de-natal\/#primaryimage\"},\"thumbnailUrl\":\"https:\/\/ubaldofernandes.com\/wp-content\/uploads\/2023\/06\/unnamed-1024x683-1.jpg\",\"datePublished\":\"2023-06-21T16:02:00+00:00\",\"dateModified\":\"2023-06-26T14:05:24+00:00\",\"breadcrumb\":{\"@id\":\"https:\/\/ubaldofernandes.com\/index.php\/news\/ubaldo-fernandes-destaca-camarote-para-pcd-em-evento-junino-da-prefeitura-de-natal\/#breadcrumb\"},\"inLanguage\":\"pt-BR\",\"potentialAction\":[{\"@type\":\"ReadAction\",\"target\":[\"https:\/\/ubaldofernandes.com\/index.php\/news\/ubaldo-fernandes-destaca-camarote-para-pcd-em-evento-junino-da-prefeitura-de-natal\/\"]}]},{\"@type\":\"ImageObject\",\"inLanguage\":\"pt-BR\",\"@id\":\"https:\/\/ubaldofernandes.com\/index.php\/news\/ubaldo-fernandes-destaca-camarote-para-pcd-em-evento-junino-da-prefeitura-de-natal\/#primaryimage\",\"url\":\"https:\/\/ubaldofernandes.com\/wp-content\/uploads\/2023\/06\/unnamed-1024x683-1.jpg\",\"contentUrl\":\"https:\/\/ubaldofernandes.com\/wp-content\/uploads\/2023\/06\/unnamed-1024x683-1.jpg\",\"width\":1024,\"height\":683},{\"@type\":\"BreadcrumbList\",\"@id\":\"https:\/\/ubaldofernandes.com\/index.php\/news\/ubaldo-fernandes-destaca-camarote-para-pcd-em-evento-junino-da-prefeitura-de-natal\/#breadcrumb\",\"itemListElement\":[{\"@type\":\"ListItem\",\"position\":1,\"name\":\"In\u00edcio\",\"item\":\"https:\/\/ubaldofernandes.com\/\"},{\"@type\":\"ListItem\",\"position\":2,\"name\":\"Not\u00edcias\",\"item\":\"https:\/\/ubaldofernandes.com\/index.php\/news\/\"},{\"@type\":\"ListItem\",\"position\":3,\"name\":\"Ubaldo Fernandes destaca camarote para PCD em evento junino da Prefeitura de Natal\"}]},{\"@type\":\"WebSite\",\"@id\":\"https:\/\/ubaldofernandes.com\/#website\",\"url\":\"https:\/\/ubaldofernandes.com\/\",\"name\":\"Ubaldo Fernandes\",\"description\":\"Deputado Estadual\",\"potentialAction\":[{\"@type\":\"SearchAction\",\"target\":{\"@type\":\"EntryPoint\",\"urlTemplate\":\"https:\/\/ubaldofernandes.com\/?s={search_term_string}\"},\"query-input\":{\"@type\":\"PropertyValueSpecification\",\"valueRequired\":true,\"valueName\":\"search_term_string\"}}],\"inLanguage\":\"pt-BR\"}]}<\/script>\n<!-- \/ Yoast SEO plugin. -->","yoast_head_json":{"title":"Ubaldo Fernandes destaca camarote para PCD em evento junino da Prefeitura de Natal - Ubaldo Fernandes","robots":{"index":"index","follow":"follow","max-snippet":"max-snippet:-1","max-image-preview":"max-image-preview:large","max-video-preview":"max-video-preview:-1"},"canonical":"https:\/\/ubaldofernandes.com\/index.php\/news\/ubaldo-fernandes-destaca-camarote-para-pcd-em-evento-junino-da-prefeitura-de-natal\/","og_locale":"pt_BR","og_type":"article","og_title":"Ubaldo Fernandes destaca camarote para PCD em evento junino da Prefeitura de Natal - Ubaldo Fernandes","og_description":"Um dia ap\u00f3s a primeira noite do S\u00e3o Jo\u00e3o de Natal, o deputado estadual Ubaldo Fernandes (PSDB) parabenizou a prefeitura da cidade pela oferta de camarote para Pessoas Com Defici\u00eancia (PCD) no evento junino. O parlamentar destacou a iniciativa em pronunciamento na manh\u00e3 desta quarta-feira (21) durante sess\u00e3o na Assembleia Legislativa do RN. \u201cChamou a [&hellip;]","og_url":"https:\/\/ubaldofernandes.com\/index.php\/news\/ubaldo-fernandes-destaca-camarote-para-pcd-em-evento-junino-da-prefeitura-de-natal\/","og_site_name":"Ubaldo Fernandes","article_modified_time":"2023-06-26T14:05:24+00:00","og_image":[{"width":1024,"height":683,"url":"https:\/\/ubaldofernandes.com\/wp-content\/uploads\/2023\/06\/unnamed-1024x683-1.jpg","type":"image\/jpeg"}],"twitter_card":"summary_large_image","twitter_misc":{"Est. tempo de leitura":"1 minuto"},"schema":{"@context":"https:\/\/schema.org","@graph":[{"@type":"WebPage","@id":"https:\/\/ubaldofernandes.com\/index.php\/news\/ubaldo-fernandes-destaca-camarote-para-pcd-em-evento-junino-da-prefeitura-de-natal\/","url":"https:\/\/ubaldofernandes.com\/index.php\/news\/ubaldo-fernandes-destaca-camarote-para-pcd-em-evento-junino-da-prefeitura-de-natal\/","name":"Ubaldo Fernandes destaca camarote para PCD em evento junino da Prefeitura de Natal - Ubaldo Fernandes","isPartOf":{"@id":"https:\/\/ubaldofernandes.com\/#website"},"primaryImageOfPage":{"@id":"https:\/\/ubaldofernandes.com\/index.php\/news\/ubaldo-fernandes-destaca-camarote-para-pcd-em-evento-junino-da-prefeitura-de-natal\/#primaryimage"},"image":{"@id":"https:\/\/ubaldofernandes.com\/index.php\/news\/ubaldo-fernandes-destaca-camarote-para-pcd-em-evento-junino-da-prefeitura-de-natal\/#primaryimage"},"thumbnailUrl":"https:\/\/ubaldofernandes.com\/wp-content\/uploads\/2023\/06\/unnamed-1024x683-1.jpg","datePublished":"2023-06-21T16:02:00+00:00","dateModified":"2023-06-26T14:05:24+00:00","breadcrumb":{"@id":"https:\/\/ubaldofernandes.com\/index.php\/news\/ubaldo-fernandes-destaca-camarote-para-pcd-em-evento-junino-da-prefeitura-de-natal\/#breadcrumb"},"inLanguage":"pt-BR","potentialAction":[{"@type":"ReadAction","target":["https:\/\/ubaldofernandes.com\/index.php\/news\/ubaldo-fernandes-destaca-camarote-para-pcd-em-evento-junino-da-prefeitura-de-natal\/"]}]},{"@type":"ImageObject","inLanguage":"pt-BR","@id":"https:\/\/ubaldofernandes.com\/index.php\/news\/ubaldo-fernandes-destaca-camarote-para-pcd-em-evento-junino-da-prefeitura-de-natal\/#primaryimage","url":"https:\/\/ubaldofernandes.com\/wp-content\/uploads\/2023\/06\/unnamed-1024x683-1.jpg","contentUrl":"https:\/\/ubaldofernandes.com\/wp-content\/uploads\/2023\/06\/unnamed-1024x683-1.jpg","width":1024,"height":683},{"@type":"BreadcrumbList","@id":"https:\/\/ubaldofernandes.com\/index.php\/news\/ubaldo-fernandes-destaca-camarote-para-pcd-em-evento-junino-da-prefeitura-de-natal\/#breadcrumb","itemListElement":[{"@type":"ListItem","position":1,"name":"In\u00edcio","item":"https:\/\/ubaldofernandes.com\/"},{"@type":"ListItem","position":2,"name":"Not\u00edcias","item":"https:\/\/ubaldofernandes.com\/index.php\/news\/"},{"@type":"ListItem","position":3,"name":"Ubaldo Fernandes destaca camarote para PCD em evento junino da Prefeitura de Natal"}]},{"@type":"WebSite","@id":"https:\/\/ubaldofernandes.com\/#website","url":"https:\/\/ubaldofernandes.com\/","name":"Ubaldo Fernandes","description":"Deputado Estadual","potentialAction":[{"@type":"SearchAction","target":{"@type":"EntryPoint","urlTemplate":"https:\/\/ubaldofernandes.com\/?s={search_term_string}"},"query-input":{"@type":"PropertyValueSpecification","valueRequired":true,"valueName":"search_term_string"}}],"inLanguage":"pt-BR"}]}},"_links":{"self":[{"href":"https:\/\/ubaldofernandes.com\/index.php\/wp-json\/wp\/v2\/news\/5200","targetHints":{"allow":["GET"]}}],"collection":[{"href":"https:\/\/ubaldofernandes.com\/index.php\/wp-json\/wp\/v2\/news"}],"about":[{"href":"https:\/\/ubaldofernandes.com\/index.php\/wp-json\/wp\/v2\/types\/news"}],"wp:featuredmedia":[{"embeddable":true,"href":"https:\/\/ubaldofernandes.com\/index.php\/wp-json\/wp\/v2\/media\/5201"}],"wp:attachment":[{"href":"https:\/\/ubaldofernandes.com\/index.php\/wp-json\/wp\/v2\/media?parent=5200"}],"curies":[{"name":"wp","href":"https:\/\/api.w.org\/{rel}","templated":true}]}}