{"id":5313,"date":"2023-07-11T23:23:00","date_gmt":"2023-07-12T02:23:00","guid":{"rendered":"https:\/\/ubaldofernandes.com\/?post_type=news&#038;p=5313"},"modified":"2023-07-12T11:27:50","modified_gmt":"2023-07-12T14:27:50","slug":"liderancas-partidarias-debatem-sobre-engorda","status":"publish","type":"news","link":"https:\/\/ubaldofernandes.com\/index.php\/news\/liderancas-partidarias-debatem-sobre-engorda\/","title":{"rendered":"Lideran\u00e7as partid\u00e1rias debatem sobre engorda"},"content":{"rendered":"\n<p>O deputado Luiz Eduardo (SDD), na sess\u00e3o desta ter\u00e7a-feira (11), relatou o ato realizado no domingo (9)\u00a0 em Ponta Negra, como forma de cobran\u00e7a ao Idema para liberar a licen\u00e7a que vai garantir as obras de enrocamento e engorda da praia de Ponta Negra.<\/p>\n\n\n\n<p>Segundo o parlamentar, o movimento deu resultado e o Idema garantiu liberar, em at\u00e9 20 dias, a licen\u00e7a pr\u00e9via, que ainda n\u00e3o permitir\u00e1 a realiza\u00e7\u00e3o de obras, mas libera para que o Munic\u00edpio utilize os recursos j\u00e1 garantidos na conclus\u00e3o dos projetos.<\/p>\n\n\n\n<p>De acordo com o deputado Luiz Eduardo, que depois do ato p\u00fablico discutiu o tema em reuni\u00e3o na Assembleia Legislativa, ficou definido que a Prefeitura poder\u00e1 executar obras de enrocamento com blocos de cimento para proteger \u2018emergencialmente\u2019 o Morro do Careca, enquanto as obras de engorda n\u00e3o s\u00e3o executadas.<\/p>\n\n\n\n<p>O deputado Neilton Di\u00f3genes, tamb\u00e9m refor\u00e7ou o apoio \u00e0 luta pela libera\u00e7\u00e3o da licen\u00e7a do Idema para obras de engorda da praia de Ponta Negra; e ao projeto de drenagem do Porto de Natal para aumentar o canal de 10 para 12 metros e permitir a entrada de maiores embarca\u00e7\u00f5es, tema tamb\u00e9m abordado por\u00a0 Ubaldo Fernandes (PSDB).\u00a0<\/p>\n\n\n\n<p>Mat\u00e9ria publicada no <a href=\"http:\/\/www.tribunadonorte.com.br\/noticia\/liderana-as-partida-rias-debatem-sobre-engorda\/567718\">Portal Tribuna do Norte<\/a>. <\/p>\n","protected":false},"featured_media":5312,"parent":0,"template":"","class_list":["post-5313","news","type-news","status-publish","has-post-thumbnail","hentry"],"acf":[],"yoast_head":"<!-- This site is optimized with the Yoast SEO plugin v24.6 - https:\/\/yoast.com\/wordpress\/plugins\/seo\/ -->\n<title>Lideran\u00e7as partid\u00e1rias debatem sobre engorda - Ubaldo Fernandes<\/title>\n<meta name=\"robots\" content=\"index, follow, max-snippet:-1, max-image-preview:large, max-video-preview:-1\" \/>\n<link rel=\"canonical\" href=\"https:\/\/ubaldofernandes.com\/index.php\/news\/liderancas-partidarias-debatem-sobre-engorda\/\" \/>\n<meta property=\"og:locale\" content=\"pt_BR\" \/>\n<meta property=\"og:type\" content=\"article\" \/>\n<meta property=\"og:title\" content=\"Lideran\u00e7as partid\u00e1rias debatem sobre engorda - Ubaldo Fernandes\" \/>\n<meta property=\"og:description\" content=\"O deputado Luiz Eduardo (SDD), na sess\u00e3o desta ter\u00e7a-feira (11), relatou o ato realizado no domingo (9)\u00a0 em Ponta Negra, como forma de cobran\u00e7a ao Idema para liberar a licen\u00e7a que vai garantir as obras de enrocamento e engorda da praia de Ponta Negra. Segundo o parlamentar, o movimento deu resultado e o Idema garantiu [&hellip;]\" \/>\n<meta property=\"og:url\" content=\"https:\/\/ubaldofernandes.com\/index.php\/news\/liderancas-partidarias-debatem-sobre-engorda\/\" \/>\n<meta property=\"og:site_name\" content=\"Ubaldo Fernandes\" \/>\n<meta property=\"article:modified_time\" content=\"2023-07-12T14:27:50+00:00\" \/>\n<meta property=\"og:image\" content=\"https:\/\/ubaldofernandes.com\/wp-content\/uploads\/2023\/07\/plenario-B-110723.jpg\" \/>\n\t<meta property=\"og:image:width\" content=\"768\" \/>\n\t<meta property=\"og:image:height\" content=\"507\" \/>\n\t<meta property=\"og:image:type\" content=\"image\/jpeg\" \/>\n<meta name=\"twitter:card\" content=\"summary_large_image\" \/>\n<meta name=\"twitter:label1\" content=\"Est. tempo de leitura\" \/>\n\t<meta name=\"twitter:data1\" content=\"1 minuto\" \/>\n<script type=\"application\/ld+json\" class=\"yoast-schema-graph\">{\"@context\":\"https:\/\/schema.org\",\"@graph\":[{\"@type\":\"WebPage\",\"@id\":\"https:\/\/ubaldofernandes.com\/index.php\/news\/liderancas-partidarias-debatem-sobre-engorda\/\",\"url\":\"https:\/\/ubaldofernandes.com\/index.php\/news\/liderancas-partidarias-debatem-sobre-engorda\/\",\"name\":\"Lideran\u00e7as partid\u00e1rias debatem sobre engorda - Ubaldo Fernandes\",\"isPartOf\":{\"@id\":\"https:\/\/ubaldofernandes.com\/#website\"},\"primaryImageOfPage\":{\"@id\":\"https:\/\/ubaldofernandes.com\/index.php\/news\/liderancas-partidarias-debatem-sobre-engorda\/#primaryimage\"},\"image\":{\"@id\":\"https:\/\/ubaldofernandes.com\/index.php\/news\/liderancas-partidarias-debatem-sobre-engorda\/#primaryimage\"},\"thumbnailUrl\":\"https:\/\/ubaldofernandes.com\/wp-content\/uploads\/2023\/07\/plenario-B-110723.jpg\",\"datePublished\":\"2023-07-12T02:23:00+00:00\",\"dateModified\":\"2023-07-12T14:27:50+00:00\",\"breadcrumb\":{\"@id\":\"https:\/\/ubaldofernandes.com\/index.php\/news\/liderancas-partidarias-debatem-sobre-engorda\/#breadcrumb\"},\"inLanguage\":\"pt-BR\",\"potentialAction\":[{\"@type\":\"ReadAction\",\"target\":[\"https:\/\/ubaldofernandes.com\/index.php\/news\/liderancas-partidarias-debatem-sobre-engorda\/\"]}]},{\"@type\":\"ImageObject\",\"inLanguage\":\"pt-BR\",\"@id\":\"https:\/\/ubaldofernandes.com\/index.php\/news\/liderancas-partidarias-debatem-sobre-engorda\/#primaryimage\",\"url\":\"https:\/\/ubaldofernandes.com\/wp-content\/uploads\/2023\/07\/plenario-B-110723.jpg\",\"contentUrl\":\"https:\/\/ubaldofernandes.com\/wp-content\/uploads\/2023\/07\/plenario-B-110723.jpg\",\"width\":768,\"height\":507},{\"@type\":\"BreadcrumbList\",\"@id\":\"https:\/\/ubaldofernandes.com\/index.php\/news\/liderancas-partidarias-debatem-sobre-engorda\/#breadcrumb\",\"itemListElement\":[{\"@type\":\"ListItem\",\"position\":1,\"name\":\"In\u00edcio\",\"item\":\"https:\/\/ubaldofernandes.com\/\"},{\"@type\":\"ListItem\",\"position\":2,\"name\":\"Not\u00edcias\",\"item\":\"https:\/\/ubaldofernandes.com\/index.php\/news\/\"},{\"@type\":\"ListItem\",\"position\":3,\"name\":\"Lideran\u00e7as partid\u00e1rias debatem sobre engorda\"}]},{\"@type\":\"WebSite\",\"@id\":\"https:\/\/ubaldofernandes.com\/#website\",\"url\":\"https:\/\/ubaldofernandes.com\/\",\"name\":\"Ubaldo Fernandes\",\"description\":\"Deputado Estadual\",\"potentialAction\":[{\"@type\":\"SearchAction\",\"target\":{\"@type\":\"EntryPoint\",\"urlTemplate\":\"https:\/\/ubaldofernandes.com\/?s={search_term_string}\"},\"query-input\":{\"@type\":\"PropertyValueSpecification\",\"valueRequired\":true,\"valueName\":\"search_term_string\"}}],\"inLanguage\":\"pt-BR\"}]}<\/script>\n<!-- \/ Yoast SEO plugin. -->","yoast_head_json":{"title":"Lideran\u00e7as partid\u00e1rias debatem sobre engorda - Ubaldo Fernandes","robots":{"index":"index","follow":"follow","max-snippet":"max-snippet:-1","max-image-preview":"max-image-preview:large","max-video-preview":"max-video-preview:-1"},"canonical":"https:\/\/ubaldofernandes.com\/index.php\/news\/liderancas-partidarias-debatem-sobre-engorda\/","og_locale":"pt_BR","og_type":"article","og_title":"Lideran\u00e7as partid\u00e1rias debatem sobre engorda - Ubaldo Fernandes","og_description":"O deputado Luiz Eduardo (SDD), na sess\u00e3o desta ter\u00e7a-feira (11), relatou o ato realizado no domingo (9)\u00a0 em Ponta Negra, como forma de cobran\u00e7a ao Idema para liberar a licen\u00e7a que vai garantir as obras de enrocamento e engorda da praia de Ponta Negra. Segundo o parlamentar, o movimento deu resultado e o Idema garantiu [&hellip;]","og_url":"https:\/\/ubaldofernandes.com\/index.php\/news\/liderancas-partidarias-debatem-sobre-engorda\/","og_site_name":"Ubaldo Fernandes","article_modified_time":"2023-07-12T14:27:50+00:00","og_image":[{"width":768,"height":507,"url":"https:\/\/ubaldofernandes.com\/wp-content\/uploads\/2023\/07\/plenario-B-110723.jpg","type":"image\/jpeg"}],"twitter_card":"summary_large_image","twitter_misc":{"Est. tempo de leitura":"1 minuto"},"schema":{"@context":"https:\/\/schema.org","@graph":[{"@type":"WebPage","@id":"https:\/\/ubaldofernandes.com\/index.php\/news\/liderancas-partidarias-debatem-sobre-engorda\/","url":"https:\/\/ubaldofernandes.com\/index.php\/news\/liderancas-partidarias-debatem-sobre-engorda\/","name":"Lideran\u00e7as partid\u00e1rias debatem sobre engorda - Ubaldo Fernandes","isPartOf":{"@id":"https:\/\/ubaldofernandes.com\/#website"},"primaryImageOfPage":{"@id":"https:\/\/ubaldofernandes.com\/index.php\/news\/liderancas-partidarias-debatem-sobre-engorda\/#primaryimage"},"image":{"@id":"https:\/\/ubaldofernandes.com\/index.php\/news\/liderancas-partidarias-debatem-sobre-engorda\/#primaryimage"},"thumbnailUrl":"https:\/\/ubaldofernandes.com\/wp-content\/uploads\/2023\/07\/plenario-B-110723.jpg","datePublished":"2023-07-12T02:23:00+00:00","dateModified":"2023-07-12T14:27:50+00:00","breadcrumb":{"@id":"https:\/\/ubaldofernandes.com\/index.php\/news\/liderancas-partidarias-debatem-sobre-engorda\/#breadcrumb"},"inLanguage":"pt-BR","potentialAction":[{"@type":"ReadAction","target":["https:\/\/ubaldofernandes.com\/index.php\/news\/liderancas-partidarias-debatem-sobre-engorda\/"]}]},{"@type":"ImageObject","inLanguage":"pt-BR","@id":"https:\/\/ubaldofernandes.com\/index.php\/news\/liderancas-partidarias-debatem-sobre-engorda\/#primaryimage","url":"https:\/\/ubaldofernandes.com\/wp-content\/uploads\/2023\/07\/plenario-B-110723.jpg","contentUrl":"https:\/\/ubaldofernandes.com\/wp-content\/uploads\/2023\/07\/plenario-B-110723.jpg","width":768,"height":507},{"@type":"BreadcrumbList","@id":"https:\/\/ubaldofernandes.com\/index.php\/news\/liderancas-partidarias-debatem-sobre-engorda\/#breadcrumb","itemListElement":[{"@type":"ListItem","position":1,"name":"In\u00edcio","item":"https:\/\/ubaldofernandes.com\/"},{"@type":"ListItem","position":2,"name":"Not\u00edcias","item":"https:\/\/ubaldofernandes.com\/index.php\/news\/"},{"@type":"ListItem","position":3,"name":"Lideran\u00e7as partid\u00e1rias debatem sobre engorda"}]},{"@type":"WebSite","@id":"https:\/\/ubaldofernandes.com\/#website","url":"https:\/\/ubaldofernandes.com\/","name":"Ubaldo Fernandes","description":"Deputado Estadual","potentialAction":[{"@type":"SearchAction","target":{"@type":"EntryPoint","urlTemplate":"https:\/\/ubaldofernandes.com\/?s={search_term_string}"},"query-input":{"@type":"PropertyValueSpecification","valueRequired":true,"valueName":"search_term_string"}}],"inLanguage":"pt-BR"}]}},"_links":{"self":[{"href":"https:\/\/ubaldofernandes.com\/index.php\/wp-json\/wp\/v2\/news\/5313","targetHints":{"allow":["GET"]}}],"collection":[{"href":"https:\/\/ubaldofernandes.com\/index.php\/wp-json\/wp\/v2\/news"}],"about":[{"href":"https:\/\/ubaldofernandes.com\/index.php\/wp-json\/wp\/v2\/types\/news"}],"wp:featuredmedia":[{"embeddable":true,"href":"https:\/\/ubaldofernandes.com\/index.php\/wp-json\/wp\/v2\/media\/5312"}],"wp:attachment":[{"href":"https:\/\/ubaldofernandes.com\/index.php\/wp-json\/wp\/v2\/media?parent=5313"}],"curies":[{"name":"wp","href":"https:\/\/api.w.org\/{rel}","templated":true}]}}