{"id":537,"date":"2020-07-28T09:50:23","date_gmt":"2020-07-28T12:50:23","guid":{"rendered":"https:\/\/ubaldofernandes.com\/?post_type=news&#038;p=537"},"modified":"2020-07-29T09:56:09","modified_gmt":"2020-07-29T12:56:09","slug":"ubaldo-fernandes-enaltece-controle-de-visitas-aos-abrigos-de-idosos-no-rn","status":"publish","type":"news","link":"https:\/\/ubaldofernandes.com\/index.php\/news\/ubaldo-fernandes-enaltece-controle-de-visitas-aos-abrigos-de-idosos-no-rn\/","title":{"rendered":"Ubaldo  Fernandes enaltece controle de visitas aos abrigos de idosos no RN"},"content":{"rendered":"\n<p>O deputado Ubaldo Fernandes (PL) enalteceu nesta ter\u00e7a-feira (28), durante sess\u00e3o remota da Assembleia Legislativa, o trabalho desempenhado pelo Minist\u00e9rio P\u00fablico do Rio Grande do Norte, atrav\u00e9s da Promotoria do Idoso, em rela\u00e7\u00e3o \u00e0s recomenda\u00e7\u00f5es direcionadas aos abrigos de idosos no Estado durante o atual per\u00edodo de pandemia do novo coronav\u00edrus. De acordo com o parlamentar, as medidas adotadas para o controle e monitoramento das visitas aos idosos residentes em casas de repouso t\u00eam surtido o efeito esperado.<\/p>\n\n\n\n<p>\u201cEssa preocupa\u00e7\u00e3o dos \u00f3rg\u00e3os competentes, assim como os cuidados adotados pelos abrigos em rela\u00e7\u00e3o ao monitoramento das visitas aos idosos, s\u00e3o exemplares, fazendo com que o RN n\u00e3o registre, at\u00e9 o momento, nenhum \u00f3bito de idoso residente nas casas de repouso potiguares\u201d, observou Ubaldo.<\/p>\n\n\n\n<p>Na ocasi\u00e3o, o deputado anunciou participa\u00e7\u00e3o, na tarde de hoje, em reuni\u00e3o virtual junto a dirigentes da Caern, Idema e Prefeitura de Extremoz para discutir o licenciamento ambiental para a continuidade das obras de esgotamento sanit\u00e1rio na praia da Redinha Nova, paralisadas em 2013. \u201cEstou certo que iremos avan\u00e7ar nas discuss\u00f5es para a retomada dessa importante obra para os moradores da Redinha Nova\u201d, concluiu Ubaldo.<\/p>\n\n\n\n<p>Mat\u00e9ria publicada no <a href=\"https:\/\/jornaldeparnamirim.com.br\/ubaldo-fernandes-enaltece-controle-de-visitas-aos-abrigos-de-idosos-no-rn\/\">Jornal de Parnamirim<\/a><\/p>\n","protected":false},"featured_media":538,"parent":0,"template":"","class_list":["post-537","news","type-news","status-publish","has-post-thumbnail","hentry"],"acf":[],"yoast_head":"<!-- This site is optimized with the Yoast SEO plugin v24.6 - https:\/\/yoast.com\/wordpress\/plugins\/seo\/ -->\n<title>Ubaldo Fernandes enaltece controle de visitas aos abrigos de idosos no RN - Ubaldo Fernandes<\/title>\n<meta name=\"robots\" content=\"index, follow, max-snippet:-1, max-image-preview:large, max-video-preview:-1\" \/>\n<link rel=\"canonical\" href=\"https:\/\/ubaldofernandes.com\/index.php\/news\/ubaldo-fernandes-enaltece-controle-de-visitas-aos-abrigos-de-idosos-no-rn\/\" \/>\n<meta property=\"og:locale\" content=\"pt_BR\" \/>\n<meta property=\"og:type\" content=\"article\" \/>\n<meta property=\"og:title\" content=\"Ubaldo Fernandes enaltece controle de visitas aos abrigos de idosos no RN - Ubaldo Fernandes\" \/>\n<meta property=\"og:description\" content=\"O deputado Ubaldo Fernandes (PL) enalteceu nesta ter\u00e7a-feira (28), durante sess\u00e3o remota da Assembleia Legislativa, o trabalho desempenhado pelo Minist\u00e9rio P\u00fablico do Rio Grande do Norte, atrav\u00e9s da Promotoria do Idoso, em rela\u00e7\u00e3o \u00e0s recomenda\u00e7\u00f5es direcionadas aos abrigos de idosos no Estado durante o atual per\u00edodo de pandemia do novo coronav\u00edrus. De acordo com o [&hellip;]\" \/>\n<meta property=\"og:url\" content=\"https:\/\/ubaldofernandes.com\/index.php\/news\/ubaldo-fernandes-enaltece-controle-de-visitas-aos-abrigos-de-idosos-no-rn\/\" \/>\n<meta property=\"og:site_name\" content=\"Ubaldo Fernandes\" \/>\n<meta property=\"article:modified_time\" content=\"2020-07-29T12:56:09+00:00\" \/>\n<meta property=\"og:image\" content=\"https:\/\/ubaldofernandes.com\/wp-content\/uploads\/2020\/07\/JP-2807.jpeg\" \/>\n\t<meta property=\"og:image:width\" content=\"1280\" \/>\n\t<meta property=\"og:image:height\" content=\"726\" \/>\n\t<meta property=\"og:image:type\" content=\"image\/jpeg\" \/>\n<meta name=\"twitter:card\" content=\"summary_large_image\" \/>\n<meta name=\"twitter:label1\" content=\"Est. tempo de leitura\" \/>\n\t<meta name=\"twitter:data1\" content=\"1 minuto\" \/>\n<script type=\"application\/ld+json\" class=\"yoast-schema-graph\">{\"@context\":\"https:\/\/schema.org\",\"@graph\":[{\"@type\":\"WebPage\",\"@id\":\"https:\/\/ubaldofernandes.com\/index.php\/news\/ubaldo-fernandes-enaltece-controle-de-visitas-aos-abrigos-de-idosos-no-rn\/\",\"url\":\"https:\/\/ubaldofernandes.com\/index.php\/news\/ubaldo-fernandes-enaltece-controle-de-visitas-aos-abrigos-de-idosos-no-rn\/\",\"name\":\"Ubaldo Fernandes enaltece controle de visitas aos abrigos de idosos no RN - Ubaldo Fernandes\",\"isPartOf\":{\"@id\":\"https:\/\/ubaldofernandes.com\/#website\"},\"primaryImageOfPage\":{\"@id\":\"https:\/\/ubaldofernandes.com\/index.php\/news\/ubaldo-fernandes-enaltece-controle-de-visitas-aos-abrigos-de-idosos-no-rn\/#primaryimage\"},\"image\":{\"@id\":\"https:\/\/ubaldofernandes.com\/index.php\/news\/ubaldo-fernandes-enaltece-controle-de-visitas-aos-abrigos-de-idosos-no-rn\/#primaryimage\"},\"thumbnailUrl\":\"https:\/\/ubaldofernandes.com\/wp-content\/uploads\/2020\/07\/JP-2807.jpeg\",\"datePublished\":\"2020-07-28T12:50:23+00:00\",\"dateModified\":\"2020-07-29T12:56:09+00:00\",\"breadcrumb\":{\"@id\":\"https:\/\/ubaldofernandes.com\/index.php\/news\/ubaldo-fernandes-enaltece-controle-de-visitas-aos-abrigos-de-idosos-no-rn\/#breadcrumb\"},\"inLanguage\":\"pt-BR\",\"potentialAction\":[{\"@type\":\"ReadAction\",\"target\":[\"https:\/\/ubaldofernandes.com\/index.php\/news\/ubaldo-fernandes-enaltece-controle-de-visitas-aos-abrigos-de-idosos-no-rn\/\"]}]},{\"@type\":\"ImageObject\",\"inLanguage\":\"pt-BR\",\"@id\":\"https:\/\/ubaldofernandes.com\/index.php\/news\/ubaldo-fernandes-enaltece-controle-de-visitas-aos-abrigos-de-idosos-no-rn\/#primaryimage\",\"url\":\"https:\/\/ubaldofernandes.com\/wp-content\/uploads\/2020\/07\/JP-2807.jpeg\",\"contentUrl\":\"https:\/\/ubaldofernandes.com\/wp-content\/uploads\/2020\/07\/JP-2807.jpeg\",\"width\":1280,\"height\":726},{\"@type\":\"BreadcrumbList\",\"@id\":\"https:\/\/ubaldofernandes.com\/index.php\/news\/ubaldo-fernandes-enaltece-controle-de-visitas-aos-abrigos-de-idosos-no-rn\/#breadcrumb\",\"itemListElement\":[{\"@type\":\"ListItem\",\"position\":1,\"name\":\"In\u00edcio\",\"item\":\"https:\/\/ubaldofernandes.com\/\"},{\"@type\":\"ListItem\",\"position\":2,\"name\":\"Not\u00edcias\",\"item\":\"https:\/\/ubaldofernandes.com\/index.php\/news\/\"},{\"@type\":\"ListItem\",\"position\":3,\"name\":\"Ubaldo Fernandes enaltece controle de visitas aos abrigos de idosos no RN\"}]},{\"@type\":\"WebSite\",\"@id\":\"https:\/\/ubaldofernandes.com\/#website\",\"url\":\"https:\/\/ubaldofernandes.com\/\",\"name\":\"Ubaldo Fernandes\",\"description\":\"Deputado Estadual\",\"potentialAction\":[{\"@type\":\"SearchAction\",\"target\":{\"@type\":\"EntryPoint\",\"urlTemplate\":\"https:\/\/ubaldofernandes.com\/?s={search_term_string}\"},\"query-input\":{\"@type\":\"PropertyValueSpecification\",\"valueRequired\":true,\"valueName\":\"search_term_string\"}}],\"inLanguage\":\"pt-BR\"}]}<\/script>\n<!-- \/ Yoast SEO plugin. -->","yoast_head_json":{"title":"Ubaldo Fernandes enaltece controle de visitas aos abrigos de idosos no RN - Ubaldo Fernandes","robots":{"index":"index","follow":"follow","max-snippet":"max-snippet:-1","max-image-preview":"max-image-preview:large","max-video-preview":"max-video-preview:-1"},"canonical":"https:\/\/ubaldofernandes.com\/index.php\/news\/ubaldo-fernandes-enaltece-controle-de-visitas-aos-abrigos-de-idosos-no-rn\/","og_locale":"pt_BR","og_type":"article","og_title":"Ubaldo Fernandes enaltece controle de visitas aos abrigos de idosos no RN - Ubaldo Fernandes","og_description":"O deputado Ubaldo Fernandes (PL) enalteceu nesta ter\u00e7a-feira (28), durante sess\u00e3o remota da Assembleia Legislativa, o trabalho desempenhado pelo Minist\u00e9rio P\u00fablico do Rio Grande do Norte, atrav\u00e9s da Promotoria do Idoso, em rela\u00e7\u00e3o \u00e0s recomenda\u00e7\u00f5es direcionadas aos abrigos de idosos no Estado durante o atual per\u00edodo de pandemia do novo coronav\u00edrus. De acordo com o [&hellip;]","og_url":"https:\/\/ubaldofernandes.com\/index.php\/news\/ubaldo-fernandes-enaltece-controle-de-visitas-aos-abrigos-de-idosos-no-rn\/","og_site_name":"Ubaldo Fernandes","article_modified_time":"2020-07-29T12:56:09+00:00","og_image":[{"width":1280,"height":726,"url":"https:\/\/ubaldofernandes.com\/wp-content\/uploads\/2020\/07\/JP-2807.jpeg","type":"image\/jpeg"}],"twitter_card":"summary_large_image","twitter_misc":{"Est. tempo de leitura":"1 minuto"},"schema":{"@context":"https:\/\/schema.org","@graph":[{"@type":"WebPage","@id":"https:\/\/ubaldofernandes.com\/index.php\/news\/ubaldo-fernandes-enaltece-controle-de-visitas-aos-abrigos-de-idosos-no-rn\/","url":"https:\/\/ubaldofernandes.com\/index.php\/news\/ubaldo-fernandes-enaltece-controle-de-visitas-aos-abrigos-de-idosos-no-rn\/","name":"Ubaldo Fernandes enaltece controle de visitas aos abrigos de idosos no RN - Ubaldo Fernandes","isPartOf":{"@id":"https:\/\/ubaldofernandes.com\/#website"},"primaryImageOfPage":{"@id":"https:\/\/ubaldofernandes.com\/index.php\/news\/ubaldo-fernandes-enaltece-controle-de-visitas-aos-abrigos-de-idosos-no-rn\/#primaryimage"},"image":{"@id":"https:\/\/ubaldofernandes.com\/index.php\/news\/ubaldo-fernandes-enaltece-controle-de-visitas-aos-abrigos-de-idosos-no-rn\/#primaryimage"},"thumbnailUrl":"https:\/\/ubaldofernandes.com\/wp-content\/uploads\/2020\/07\/JP-2807.jpeg","datePublished":"2020-07-28T12:50:23+00:00","dateModified":"2020-07-29T12:56:09+00:00","breadcrumb":{"@id":"https:\/\/ubaldofernandes.com\/index.php\/news\/ubaldo-fernandes-enaltece-controle-de-visitas-aos-abrigos-de-idosos-no-rn\/#breadcrumb"},"inLanguage":"pt-BR","potentialAction":[{"@type":"ReadAction","target":["https:\/\/ubaldofernandes.com\/index.php\/news\/ubaldo-fernandes-enaltece-controle-de-visitas-aos-abrigos-de-idosos-no-rn\/"]}]},{"@type":"ImageObject","inLanguage":"pt-BR","@id":"https:\/\/ubaldofernandes.com\/index.php\/news\/ubaldo-fernandes-enaltece-controle-de-visitas-aos-abrigos-de-idosos-no-rn\/#primaryimage","url":"https:\/\/ubaldofernandes.com\/wp-content\/uploads\/2020\/07\/JP-2807.jpeg","contentUrl":"https:\/\/ubaldofernandes.com\/wp-content\/uploads\/2020\/07\/JP-2807.jpeg","width":1280,"height":726},{"@type":"BreadcrumbList","@id":"https:\/\/ubaldofernandes.com\/index.php\/news\/ubaldo-fernandes-enaltece-controle-de-visitas-aos-abrigos-de-idosos-no-rn\/#breadcrumb","itemListElement":[{"@type":"ListItem","position":1,"name":"In\u00edcio","item":"https:\/\/ubaldofernandes.com\/"},{"@type":"ListItem","position":2,"name":"Not\u00edcias","item":"https:\/\/ubaldofernandes.com\/index.php\/news\/"},{"@type":"ListItem","position":3,"name":"Ubaldo Fernandes enaltece controle de visitas aos abrigos de idosos no RN"}]},{"@type":"WebSite","@id":"https:\/\/ubaldofernandes.com\/#website","url":"https:\/\/ubaldofernandes.com\/","name":"Ubaldo Fernandes","description":"Deputado Estadual","potentialAction":[{"@type":"SearchAction","target":{"@type":"EntryPoint","urlTemplate":"https:\/\/ubaldofernandes.com\/?s={search_term_string}"},"query-input":{"@type":"PropertyValueSpecification","valueRequired":true,"valueName":"search_term_string"}}],"inLanguage":"pt-BR"}]}},"_links":{"self":[{"href":"https:\/\/ubaldofernandes.com\/index.php\/wp-json\/wp\/v2\/news\/537","targetHints":{"allow":["GET"]}}],"collection":[{"href":"https:\/\/ubaldofernandes.com\/index.php\/wp-json\/wp\/v2\/news"}],"about":[{"href":"https:\/\/ubaldofernandes.com\/index.php\/wp-json\/wp\/v2\/types\/news"}],"wp:featuredmedia":[{"embeddable":true,"href":"https:\/\/ubaldofernandes.com\/index.php\/wp-json\/wp\/v2\/media\/538"}],"wp:attachment":[{"href":"https:\/\/ubaldofernandes.com\/index.php\/wp-json\/wp\/v2\/media?parent=537"}],"curies":[{"name":"wp","href":"https:\/\/api.w.org\/{rel}","templated":true}]}}