{"id":5393,"date":"2022-03-15T19:49:00","date_gmt":"2022-03-15T22:49:00","guid":{"rendered":"https:\/\/ubaldofernandes.com\/?post_type=news&#038;p=5393"},"modified":"2023-07-17T14:51:09","modified_gmt":"2023-07-17T17:51:09","slug":"diabeticos-denunciam-falta-de-insulina-e-insumos-para-ubaldo-3","status":"publish","type":"news","link":"https:\/\/ubaldofernandes.com\/index.php\/news\/diabeticos-denunciam-falta-de-insulina-e-insumos-para-ubaldo-3\/","title":{"rendered":"Diab\u00e9ticos denunciam falta de insulina e insumos para Ubaldo"},"content":{"rendered":"\n<p>A Associa\u00e7\u00e3o Potiguar Amigos dos Diab\u00e9ticos fez den\u00fancias ao deputado estadual Ubaldo Fernandes, nesta segunda-feira (14\/03), aolocifando seu apoio para resolver situa\u00e7\u00f5es. Em reuni\u00e3o no seu gabinete, na Assembleia Legislativa, a comiss\u00e3o reclamou a aus\u00eancia de insumos do Sistema \u00danico de Sa\u00fade (SUS), recebendo do parlamentar a garantia de tentativa de reuni\u00e3o com o secret\u00e1rio estadual de Sa\u00fade, Cipriano Maia (Governo), al\u00e9m de agendar uma Audi\u00eancia P\u00fablica e outras a\u00e7\u00f5es junto a prefeituras, como as de Natal e S\u00e3o Gon\u00e7alo do Amarante.<\/p>\n\n\n\n<p>A den\u00fancia \u00e9 de falhas no Prosus, programa que \u00e9 coordenado pelas prefeituras das cidades, principalmente da regi\u00e3o metropolitana, afetando a qualidade de vida e colocando at\u00e9 mesmo em risco as vidas dos diab\u00e9ticos, principalmente os do tipo A.<\/p>\n\n\n\n<p>A entidade denuncia problemas na entrega de fitas para teste glic\u00eamico, que s\u00e3o dadas em quantidade insuficiente para a prescri\u00e7\u00e3o m\u00e9dica dos pacientes (limitada a 100 unidade mensais, independente da necessidade de cada cidad\u00e3o), al\u00e9m de falta frequente deste insumo nas prefeituras.<\/p>\n\n\n\n<p>Outra situa\u00e7\u00e3o envolvendo o ProSus nos munic\u00edpios \u00e9 a distribui\u00e7\u00e3o da insulina de a\u00e7\u00e3o lenta, que falta h\u00e1 cerca de 6 meses. Isso sem contar que o Estado tamb\u00e9m apresenta situa\u00e7\u00e3o cr\u00edtica, com a falta constante de insulina de a\u00e7\u00e3o r\u00e1pida, distribu\u00edda pela Unicat.<\/p>\n\n\n\n<p>Ubaldo Fernandes garantiu agendar uma audi\u00eancia na Sesap nos pr\u00f3ximos dias, al\u00e9m de um debate na Assembleia, convidando representantes do Minist\u00e9rio P\u00fablico, do Governo e das Prefeituras envolvidas, al\u00e9m de estudar viabilidade jur\u00eddica para elabora\u00e7\u00e3o de projetos de lei e outras formas de ajudar a entidade, como destina\u00e7\u00e3o de emendas e articula\u00e7\u00f5es com \u00f3rg\u00e3os estaduais para a celebra\u00e7\u00e3o de conv\u00eanios p\u00fablicos e articula\u00e7\u00e3o junto ao vereador Herberth Sena para trabalhar o tema no \u00e2mbito de Natal.<\/p>\n\n\n\n<p>Mat\u00e9ria publicada no Portal RNNews. <\/p>\n","protected":false},"featured_media":5394,"parent":0,"template":"","class_list":["post-5393","news","type-news","status-publish","has-post-thumbnail","hentry"],"acf":[],"yoast_head":"<!-- This site is optimized with the Yoast SEO plugin v24.6 - https:\/\/yoast.com\/wordpress\/plugins\/seo\/ -->\n<title>Diab\u00e9ticos denunciam falta de insulina e insumos para Ubaldo - Ubaldo Fernandes<\/title>\n<meta name=\"robots\" content=\"index, follow, max-snippet:-1, max-image-preview:large, max-video-preview:-1\" \/>\n<link rel=\"canonical\" href=\"https:\/\/ubaldofernandes.com\/index.php\/news\/diabeticos-denunciam-falta-de-insulina-e-insumos-para-ubaldo-3\/\" \/>\n<meta property=\"og:locale\" content=\"pt_BR\" \/>\n<meta property=\"og:type\" content=\"article\" \/>\n<meta property=\"og:title\" content=\"Diab\u00e9ticos denunciam falta de insulina e insumos para Ubaldo - Ubaldo Fernandes\" \/>\n<meta property=\"og:description\" content=\"A Associa\u00e7\u00e3o Potiguar Amigos dos Diab\u00e9ticos fez den\u00fancias ao deputado estadual Ubaldo Fernandes, nesta segunda-feira (14\/03), aolocifando seu apoio para resolver situa\u00e7\u00f5es. Em reuni\u00e3o no seu gabinete, na Assembleia Legislativa, a comiss\u00e3o reclamou a aus\u00eancia de insumos do Sistema \u00danico de Sa\u00fade (SUS), recebendo do parlamentar a garantia de tentativa de reuni\u00e3o com o secret\u00e1rio [&hellip;]\" \/>\n<meta property=\"og:url\" content=\"https:\/\/ubaldofernandes.com\/index.php\/news\/diabeticos-denunciam-falta-de-insulina-e-insumos-para-ubaldo-3\/\" \/>\n<meta property=\"og:site_name\" content=\"Ubaldo Fernandes\" \/>\n<meta property=\"article:modified_time\" content=\"2023-07-17T17:51:09+00:00\" \/>\n<meta property=\"og:image\" content=\"https:\/\/ubaldofernandes.com\/wp-content\/uploads\/2023\/07\/diabeticos.jpeg\" \/>\n\t<meta property=\"og:image:width\" content=\"696\" \/>\n\t<meta property=\"og:image:height\" content=\"522\" \/>\n\t<meta property=\"og:image:type\" content=\"image\/jpeg\" \/>\n<meta name=\"twitter:card\" content=\"summary_large_image\" \/>\n<meta name=\"twitter:label1\" content=\"Est. tempo de leitura\" \/>\n\t<meta name=\"twitter:data1\" content=\"2 minutos\" \/>\n<script type=\"application\/ld+json\" class=\"yoast-schema-graph\">{\"@context\":\"https:\/\/schema.org\",\"@graph\":[{\"@type\":\"WebPage\",\"@id\":\"https:\/\/ubaldofernandes.com\/index.php\/news\/diabeticos-denunciam-falta-de-insulina-e-insumos-para-ubaldo-3\/\",\"url\":\"https:\/\/ubaldofernandes.com\/index.php\/news\/diabeticos-denunciam-falta-de-insulina-e-insumos-para-ubaldo-3\/\",\"name\":\"Diab\u00e9ticos denunciam falta de insulina e insumos para Ubaldo - Ubaldo Fernandes\",\"isPartOf\":{\"@id\":\"https:\/\/ubaldofernandes.com\/#website\"},\"primaryImageOfPage\":{\"@id\":\"https:\/\/ubaldofernandes.com\/index.php\/news\/diabeticos-denunciam-falta-de-insulina-e-insumos-para-ubaldo-3\/#primaryimage\"},\"image\":{\"@id\":\"https:\/\/ubaldofernandes.com\/index.php\/news\/diabeticos-denunciam-falta-de-insulina-e-insumos-para-ubaldo-3\/#primaryimage\"},\"thumbnailUrl\":\"https:\/\/ubaldofernandes.com\/wp-content\/uploads\/2023\/07\/diabeticos.jpeg\",\"datePublished\":\"2022-03-15T22:49:00+00:00\",\"dateModified\":\"2023-07-17T17:51:09+00:00\",\"breadcrumb\":{\"@id\":\"https:\/\/ubaldofernandes.com\/index.php\/news\/diabeticos-denunciam-falta-de-insulina-e-insumos-para-ubaldo-3\/#breadcrumb\"},\"inLanguage\":\"pt-BR\",\"potentialAction\":[{\"@type\":\"ReadAction\",\"target\":[\"https:\/\/ubaldofernandes.com\/index.php\/news\/diabeticos-denunciam-falta-de-insulina-e-insumos-para-ubaldo-3\/\"]}]},{\"@type\":\"ImageObject\",\"inLanguage\":\"pt-BR\",\"@id\":\"https:\/\/ubaldofernandes.com\/index.php\/news\/diabeticos-denunciam-falta-de-insulina-e-insumos-para-ubaldo-3\/#primaryimage\",\"url\":\"https:\/\/ubaldofernandes.com\/wp-content\/uploads\/2023\/07\/diabeticos.jpeg\",\"contentUrl\":\"https:\/\/ubaldofernandes.com\/wp-content\/uploads\/2023\/07\/diabeticos.jpeg\",\"width\":696,\"height\":522},{\"@type\":\"BreadcrumbList\",\"@id\":\"https:\/\/ubaldofernandes.com\/index.php\/news\/diabeticos-denunciam-falta-de-insulina-e-insumos-para-ubaldo-3\/#breadcrumb\",\"itemListElement\":[{\"@type\":\"ListItem\",\"position\":1,\"name\":\"In\u00edcio\",\"item\":\"https:\/\/ubaldofernandes.com\/\"},{\"@type\":\"ListItem\",\"position\":2,\"name\":\"Not\u00edcias\",\"item\":\"https:\/\/ubaldofernandes.com\/index.php\/news\/\"},{\"@type\":\"ListItem\",\"position\":3,\"name\":\"Diab\u00e9ticos denunciam falta de insulina e insumos para Ubaldo\"}]},{\"@type\":\"WebSite\",\"@id\":\"https:\/\/ubaldofernandes.com\/#website\",\"url\":\"https:\/\/ubaldofernandes.com\/\",\"name\":\"Ubaldo Fernandes\",\"description\":\"Deputado Estadual\",\"potentialAction\":[{\"@type\":\"SearchAction\",\"target\":{\"@type\":\"EntryPoint\",\"urlTemplate\":\"https:\/\/ubaldofernandes.com\/?s={search_term_string}\"},\"query-input\":{\"@type\":\"PropertyValueSpecification\",\"valueRequired\":true,\"valueName\":\"search_term_string\"}}],\"inLanguage\":\"pt-BR\"}]}<\/script>\n<!-- \/ Yoast SEO plugin. -->","yoast_head_json":{"title":"Diab\u00e9ticos denunciam falta de insulina e insumos para Ubaldo - Ubaldo Fernandes","robots":{"index":"index","follow":"follow","max-snippet":"max-snippet:-1","max-image-preview":"max-image-preview:large","max-video-preview":"max-video-preview:-1"},"canonical":"https:\/\/ubaldofernandes.com\/index.php\/news\/diabeticos-denunciam-falta-de-insulina-e-insumos-para-ubaldo-3\/","og_locale":"pt_BR","og_type":"article","og_title":"Diab\u00e9ticos denunciam falta de insulina e insumos para Ubaldo - Ubaldo Fernandes","og_description":"A Associa\u00e7\u00e3o Potiguar Amigos dos Diab\u00e9ticos fez den\u00fancias ao deputado estadual Ubaldo Fernandes, nesta segunda-feira (14\/03), aolocifando seu apoio para resolver situa\u00e7\u00f5es. Em reuni\u00e3o no seu gabinete, na Assembleia Legislativa, a comiss\u00e3o reclamou a aus\u00eancia de insumos do Sistema \u00danico de Sa\u00fade (SUS), recebendo do parlamentar a garantia de tentativa de reuni\u00e3o com o secret\u00e1rio [&hellip;]","og_url":"https:\/\/ubaldofernandes.com\/index.php\/news\/diabeticos-denunciam-falta-de-insulina-e-insumos-para-ubaldo-3\/","og_site_name":"Ubaldo Fernandes","article_modified_time":"2023-07-17T17:51:09+00:00","og_image":[{"width":696,"height":522,"url":"https:\/\/ubaldofernandes.com\/wp-content\/uploads\/2023\/07\/diabeticos.jpeg","type":"image\/jpeg"}],"twitter_card":"summary_large_image","twitter_misc":{"Est. tempo de leitura":"2 minutos"},"schema":{"@context":"https:\/\/schema.org","@graph":[{"@type":"WebPage","@id":"https:\/\/ubaldofernandes.com\/index.php\/news\/diabeticos-denunciam-falta-de-insulina-e-insumos-para-ubaldo-3\/","url":"https:\/\/ubaldofernandes.com\/index.php\/news\/diabeticos-denunciam-falta-de-insulina-e-insumos-para-ubaldo-3\/","name":"Diab\u00e9ticos denunciam falta de insulina e insumos para Ubaldo - Ubaldo Fernandes","isPartOf":{"@id":"https:\/\/ubaldofernandes.com\/#website"},"primaryImageOfPage":{"@id":"https:\/\/ubaldofernandes.com\/index.php\/news\/diabeticos-denunciam-falta-de-insulina-e-insumos-para-ubaldo-3\/#primaryimage"},"image":{"@id":"https:\/\/ubaldofernandes.com\/index.php\/news\/diabeticos-denunciam-falta-de-insulina-e-insumos-para-ubaldo-3\/#primaryimage"},"thumbnailUrl":"https:\/\/ubaldofernandes.com\/wp-content\/uploads\/2023\/07\/diabeticos.jpeg","datePublished":"2022-03-15T22:49:00+00:00","dateModified":"2023-07-17T17:51:09+00:00","breadcrumb":{"@id":"https:\/\/ubaldofernandes.com\/index.php\/news\/diabeticos-denunciam-falta-de-insulina-e-insumos-para-ubaldo-3\/#breadcrumb"},"inLanguage":"pt-BR","potentialAction":[{"@type":"ReadAction","target":["https:\/\/ubaldofernandes.com\/index.php\/news\/diabeticos-denunciam-falta-de-insulina-e-insumos-para-ubaldo-3\/"]}]},{"@type":"ImageObject","inLanguage":"pt-BR","@id":"https:\/\/ubaldofernandes.com\/index.php\/news\/diabeticos-denunciam-falta-de-insulina-e-insumos-para-ubaldo-3\/#primaryimage","url":"https:\/\/ubaldofernandes.com\/wp-content\/uploads\/2023\/07\/diabeticos.jpeg","contentUrl":"https:\/\/ubaldofernandes.com\/wp-content\/uploads\/2023\/07\/diabeticos.jpeg","width":696,"height":522},{"@type":"BreadcrumbList","@id":"https:\/\/ubaldofernandes.com\/index.php\/news\/diabeticos-denunciam-falta-de-insulina-e-insumos-para-ubaldo-3\/#breadcrumb","itemListElement":[{"@type":"ListItem","position":1,"name":"In\u00edcio","item":"https:\/\/ubaldofernandes.com\/"},{"@type":"ListItem","position":2,"name":"Not\u00edcias","item":"https:\/\/ubaldofernandes.com\/index.php\/news\/"},{"@type":"ListItem","position":3,"name":"Diab\u00e9ticos denunciam falta de insulina e insumos para Ubaldo"}]},{"@type":"WebSite","@id":"https:\/\/ubaldofernandes.com\/#website","url":"https:\/\/ubaldofernandes.com\/","name":"Ubaldo Fernandes","description":"Deputado Estadual","potentialAction":[{"@type":"SearchAction","target":{"@type":"EntryPoint","urlTemplate":"https:\/\/ubaldofernandes.com\/?s={search_term_string}"},"query-input":{"@type":"PropertyValueSpecification","valueRequired":true,"valueName":"search_term_string"}}],"inLanguage":"pt-BR"}]}},"_links":{"self":[{"href":"https:\/\/ubaldofernandes.com\/index.php\/wp-json\/wp\/v2\/news\/5393","targetHints":{"allow":["GET"]}}],"collection":[{"href":"https:\/\/ubaldofernandes.com\/index.php\/wp-json\/wp\/v2\/news"}],"about":[{"href":"https:\/\/ubaldofernandes.com\/index.php\/wp-json\/wp\/v2\/types\/news"}],"wp:featuredmedia":[{"embeddable":true,"href":"https:\/\/ubaldofernandes.com\/index.php\/wp-json\/wp\/v2\/media\/5394"}],"wp:attachment":[{"href":"https:\/\/ubaldofernandes.com\/index.php\/wp-json\/wp\/v2\/media?parent=5393"}],"curies":[{"name":"wp","href":"https:\/\/api.w.org\/{rel}","templated":true}]}}