{"id":5531,"date":"2023-07-22T11:50:00","date_gmt":"2023-07-22T14:50:00","guid":{"rendered":"https:\/\/ubaldofernandes.com\/?post_type=news&#038;p=5531"},"modified":"2023-07-24T09:23:42","modified_gmt":"2023-07-24T12:23:42","slug":"ubaldo-e-fativan-lutam-por-equipamentos-abandonados-de-parnamirim","status":"publish","type":"news","link":"https:\/\/ubaldofernandes.com\/index.php\/news\/ubaldo-e-fativan-lutam-por-equipamentos-abandonados-de-parnamirim\/","title":{"rendered":"Ubaldo e Fativan lutam por equipamentos abandonados de Parnamirim"},"content":{"rendered":"\n<p>O deputado estadual Ubaldo Fernandes foi ao munic\u00edpio de Parnamirim na manh\u00e3 desta sexta-feira (21) para vistorias a equipamentos p\u00fablicos que necessitam de investimentos e aten\u00e7\u00e3o do poder p\u00fablico. Ao lado da vereadora Fativan Alves, o parlamentar ouviu populares para tra\u00e7ar estrat\u00e9gias para contribuir na luta por essas melhorias junto \u00e0 bancada federal, al\u00e9m de poderes executivos do munic\u00edpio, estado e Uni\u00e3o.<\/p>\n\n\n\n<p>Os parlamentares vistoriaram tr\u00eas pontos da cidade. O primeiro foi a parada de transportes coletivos municipais e intermunicipais da BR 101, aonde conversaram com comerciantes e usu\u00e1rios, coletando dados sobre as condi\u00e7\u00f5es de acessibilidade, seguran\u00e7a e conforto. O segundo foi uma esp\u00e9cie de Gin\u00e1sio abandonado pela Prefeitura h\u00e1 cerca de 10 anos \u2013 Centro de Inicia\u00e7\u00e3o ao Esporte (CIE) \u2013 no bairro Nova Esperan\u00e7a, que buscar\u00e3o dados atualizados sobre processos e possibilidade de retomada de obra para conclus\u00e3o e entrega do bem \u00e0 popula\u00e7\u00e3o e o terceiro foi a Escola Estadual Professor Arnaldo Ars\u00eanio de Azevedo, aonde o estado do CAIC \u00e9 prec\u00e1rio e traz riscos aos estudantes.<\/p>\n\n\n\n<p>\u201cVamos buscar apoio dos deputados federais, senadores, al\u00e9m de agendar reuni\u00f5es com \u00f3rg\u00e3os do governo estadual. Essas situa\u00e7\u00f5es merecem prioridade, porque a popula\u00e7\u00e3o parnamirinense \u00e9 expressiva e merece aten\u00e7\u00e3o\u201d, enfatiza Fernandes. J\u00e1 a vereadora cogita realizar audi\u00eancias p\u00fablicas da C\u00e2mara do Munic\u00edpio em conjunto com a Assembleia Legislativa, reunindo autoridades para terem informa\u00e7\u00f5es oficiais. \u201cPrecisamos levar essas tem\u00e1ticas para a agenda da sociedade, com divulga\u00e7\u00e3o pela imprensa e sensibiliza\u00e7\u00e3o da opini\u00e3o p\u00fablica. Parnamirim n\u00e3o tem um Terminal Rodovi\u00e1rio. \u00c9 um absurdo\u201d, criticou.<\/p>\n\n\n\n<p>Na parada de \u00f4nibus no per\u00edmetro da cidade, v\u00e1rias s\u00e3o as reclama\u00e7\u00f5es. \u201cA gente fez at\u00e9 cobertura com recursos pr\u00f3prios. N\u00e3o temos seguran\u00e7a nenhuma aqui. Queremos uma solu\u00e7\u00e3o boa para todos\u201d, disse o dono de uma cigarreira, Janilson Serafim da Silva. O usu\u00e1rio Chagas Melo, por sua vez, reclama de falta de banheiros. A parada n\u00e3o oferece informa\u00e7\u00f5es sobre itiner\u00e1rios, hor\u00e1rios, tarifas dos servi\u00e7os. No caso do CIEE, h\u00e1 informa\u00e7\u00f5es sobre suspens\u00e3o de recursos pela Caixa Econ\u00f4mica Federal e os parlamentares buscar\u00e3o dados junto \u00e0 institui\u00e7\u00e3o. Sobre a Escola, a dire\u00e7\u00e3o informa que h\u00e1 processo para recupera\u00e7\u00e3o e os parlamentares buscar\u00e3o informa\u00e7\u00f5es atuais junto \u00e0 Secretaria Estadual de Educa\u00e7\u00e3o e Cultura.<\/p>\n\n\n\n<p>Mat\u00e9ria publicada no Blog do Carlos Eduardo. <\/p>\n","protected":false},"featured_media":5532,"parent":0,"template":"","class_list":["post-5531","news","type-news","status-publish","has-post-thumbnail","hentry"],"acf":[],"yoast_head":"<!-- This site is optimized with the Yoast SEO plugin v24.6 - https:\/\/yoast.com\/wordpress\/plugins\/seo\/ -->\n<title>Ubaldo e Fativan lutam por equipamentos abandonados de Parnamirim - Ubaldo Fernandes<\/title>\n<meta name=\"robots\" content=\"index, follow, max-snippet:-1, max-image-preview:large, max-video-preview:-1\" \/>\n<link rel=\"canonical\" href=\"https:\/\/ubaldofernandes.com\/index.php\/news\/ubaldo-e-fativan-lutam-por-equipamentos-abandonados-de-parnamirim\/\" \/>\n<meta property=\"og:locale\" content=\"pt_BR\" \/>\n<meta property=\"og:type\" content=\"article\" \/>\n<meta property=\"og:title\" content=\"Ubaldo e Fativan lutam por equipamentos abandonados de Parnamirim - Ubaldo Fernandes\" \/>\n<meta property=\"og:description\" content=\"O deputado estadual Ubaldo Fernandes foi ao munic\u00edpio de Parnamirim na manh\u00e3 desta sexta-feira (21) para vistorias a equipamentos p\u00fablicos que necessitam de investimentos e aten\u00e7\u00e3o do poder p\u00fablico. Ao lado da vereadora Fativan Alves, o parlamentar ouviu populares para tra\u00e7ar estrat\u00e9gias para contribuir na luta por essas melhorias junto \u00e0 bancada federal, al\u00e9m de [&hellip;]\" \/>\n<meta property=\"og:url\" content=\"https:\/\/ubaldofernandes.com\/index.php\/news\/ubaldo-e-fativan-lutam-por-equipamentos-abandonados-de-parnamirim\/\" \/>\n<meta property=\"og:site_name\" content=\"Ubaldo Fernandes\" \/>\n<meta property=\"article:modified_time\" content=\"2023-07-24T12:23:42+00:00\" \/>\n<meta property=\"og:image\" content=\"https:\/\/ubaldofernandes.com\/wp-content\/uploads\/2023\/07\/WhatsApp-Image-2023-07-22-at-11.45.39.jpeg\" \/>\n\t<meta property=\"og:image:width\" content=\"1600\" \/>\n\t<meta property=\"og:image:height\" content=\"1200\" \/>\n\t<meta property=\"og:image:type\" content=\"image\/jpeg\" \/>\n<meta name=\"twitter:card\" content=\"summary_large_image\" \/>\n<meta name=\"twitter:label1\" content=\"Est. tempo de leitura\" \/>\n\t<meta name=\"twitter:data1\" content=\"2 minutos\" \/>\n<script type=\"application\/ld+json\" class=\"yoast-schema-graph\">{\"@context\":\"https:\/\/schema.org\",\"@graph\":[{\"@type\":\"WebPage\",\"@id\":\"https:\/\/ubaldofernandes.com\/index.php\/news\/ubaldo-e-fativan-lutam-por-equipamentos-abandonados-de-parnamirim\/\",\"url\":\"https:\/\/ubaldofernandes.com\/index.php\/news\/ubaldo-e-fativan-lutam-por-equipamentos-abandonados-de-parnamirim\/\",\"name\":\"Ubaldo e Fativan lutam por equipamentos abandonados de Parnamirim - Ubaldo Fernandes\",\"isPartOf\":{\"@id\":\"https:\/\/ubaldofernandes.com\/#website\"},\"primaryImageOfPage\":{\"@id\":\"https:\/\/ubaldofernandes.com\/index.php\/news\/ubaldo-e-fativan-lutam-por-equipamentos-abandonados-de-parnamirim\/#primaryimage\"},\"image\":{\"@id\":\"https:\/\/ubaldofernandes.com\/index.php\/news\/ubaldo-e-fativan-lutam-por-equipamentos-abandonados-de-parnamirim\/#primaryimage\"},\"thumbnailUrl\":\"https:\/\/ubaldofernandes.com\/wp-content\/uploads\/2023\/07\/WhatsApp-Image-2023-07-22-at-11.45.39.jpeg\",\"datePublished\":\"2023-07-22T14:50:00+00:00\",\"dateModified\":\"2023-07-24T12:23:42+00:00\",\"breadcrumb\":{\"@id\":\"https:\/\/ubaldofernandes.com\/index.php\/news\/ubaldo-e-fativan-lutam-por-equipamentos-abandonados-de-parnamirim\/#breadcrumb\"},\"inLanguage\":\"pt-BR\",\"potentialAction\":[{\"@type\":\"ReadAction\",\"target\":[\"https:\/\/ubaldofernandes.com\/index.php\/news\/ubaldo-e-fativan-lutam-por-equipamentos-abandonados-de-parnamirim\/\"]}]},{\"@type\":\"ImageObject\",\"inLanguage\":\"pt-BR\",\"@id\":\"https:\/\/ubaldofernandes.com\/index.php\/news\/ubaldo-e-fativan-lutam-por-equipamentos-abandonados-de-parnamirim\/#primaryimage\",\"url\":\"https:\/\/ubaldofernandes.com\/wp-content\/uploads\/2023\/07\/WhatsApp-Image-2023-07-22-at-11.45.39.jpeg\",\"contentUrl\":\"https:\/\/ubaldofernandes.com\/wp-content\/uploads\/2023\/07\/WhatsApp-Image-2023-07-22-at-11.45.39.jpeg\",\"width\":1600,\"height\":1200},{\"@type\":\"BreadcrumbList\",\"@id\":\"https:\/\/ubaldofernandes.com\/index.php\/news\/ubaldo-e-fativan-lutam-por-equipamentos-abandonados-de-parnamirim\/#breadcrumb\",\"itemListElement\":[{\"@type\":\"ListItem\",\"position\":1,\"name\":\"In\u00edcio\",\"item\":\"https:\/\/ubaldofernandes.com\/\"},{\"@type\":\"ListItem\",\"position\":2,\"name\":\"Not\u00edcias\",\"item\":\"https:\/\/ubaldofernandes.com\/index.php\/news\/\"},{\"@type\":\"ListItem\",\"position\":3,\"name\":\"Ubaldo e Fativan lutam por equipamentos abandonados de Parnamirim\"}]},{\"@type\":\"WebSite\",\"@id\":\"https:\/\/ubaldofernandes.com\/#website\",\"url\":\"https:\/\/ubaldofernandes.com\/\",\"name\":\"Ubaldo Fernandes\",\"description\":\"Deputado Estadual\",\"potentialAction\":[{\"@type\":\"SearchAction\",\"target\":{\"@type\":\"EntryPoint\",\"urlTemplate\":\"https:\/\/ubaldofernandes.com\/?s={search_term_string}\"},\"query-input\":{\"@type\":\"PropertyValueSpecification\",\"valueRequired\":true,\"valueName\":\"search_term_string\"}}],\"inLanguage\":\"pt-BR\"}]}<\/script>\n<!-- \/ Yoast SEO plugin. -->","yoast_head_json":{"title":"Ubaldo e Fativan lutam por equipamentos abandonados de Parnamirim - Ubaldo Fernandes","robots":{"index":"index","follow":"follow","max-snippet":"max-snippet:-1","max-image-preview":"max-image-preview:large","max-video-preview":"max-video-preview:-1"},"canonical":"https:\/\/ubaldofernandes.com\/index.php\/news\/ubaldo-e-fativan-lutam-por-equipamentos-abandonados-de-parnamirim\/","og_locale":"pt_BR","og_type":"article","og_title":"Ubaldo e Fativan lutam por equipamentos abandonados de Parnamirim - Ubaldo Fernandes","og_description":"O deputado estadual Ubaldo Fernandes foi ao munic\u00edpio de Parnamirim na manh\u00e3 desta sexta-feira (21) para vistorias a equipamentos p\u00fablicos que necessitam de investimentos e aten\u00e7\u00e3o do poder p\u00fablico. Ao lado da vereadora Fativan Alves, o parlamentar ouviu populares para tra\u00e7ar estrat\u00e9gias para contribuir na luta por essas melhorias junto \u00e0 bancada federal, al\u00e9m de [&hellip;]","og_url":"https:\/\/ubaldofernandes.com\/index.php\/news\/ubaldo-e-fativan-lutam-por-equipamentos-abandonados-de-parnamirim\/","og_site_name":"Ubaldo Fernandes","article_modified_time":"2023-07-24T12:23:42+00:00","og_image":[{"width":1600,"height":1200,"url":"https:\/\/ubaldofernandes.com\/wp-content\/uploads\/2023\/07\/WhatsApp-Image-2023-07-22-at-11.45.39.jpeg","type":"image\/jpeg"}],"twitter_card":"summary_large_image","twitter_misc":{"Est. tempo de leitura":"2 minutos"},"schema":{"@context":"https:\/\/schema.org","@graph":[{"@type":"WebPage","@id":"https:\/\/ubaldofernandes.com\/index.php\/news\/ubaldo-e-fativan-lutam-por-equipamentos-abandonados-de-parnamirim\/","url":"https:\/\/ubaldofernandes.com\/index.php\/news\/ubaldo-e-fativan-lutam-por-equipamentos-abandonados-de-parnamirim\/","name":"Ubaldo e Fativan lutam por equipamentos abandonados de Parnamirim - Ubaldo Fernandes","isPartOf":{"@id":"https:\/\/ubaldofernandes.com\/#website"},"primaryImageOfPage":{"@id":"https:\/\/ubaldofernandes.com\/index.php\/news\/ubaldo-e-fativan-lutam-por-equipamentos-abandonados-de-parnamirim\/#primaryimage"},"image":{"@id":"https:\/\/ubaldofernandes.com\/index.php\/news\/ubaldo-e-fativan-lutam-por-equipamentos-abandonados-de-parnamirim\/#primaryimage"},"thumbnailUrl":"https:\/\/ubaldofernandes.com\/wp-content\/uploads\/2023\/07\/WhatsApp-Image-2023-07-22-at-11.45.39.jpeg","datePublished":"2023-07-22T14:50:00+00:00","dateModified":"2023-07-24T12:23:42+00:00","breadcrumb":{"@id":"https:\/\/ubaldofernandes.com\/index.php\/news\/ubaldo-e-fativan-lutam-por-equipamentos-abandonados-de-parnamirim\/#breadcrumb"},"inLanguage":"pt-BR","potentialAction":[{"@type":"ReadAction","target":["https:\/\/ubaldofernandes.com\/index.php\/news\/ubaldo-e-fativan-lutam-por-equipamentos-abandonados-de-parnamirim\/"]}]},{"@type":"ImageObject","inLanguage":"pt-BR","@id":"https:\/\/ubaldofernandes.com\/index.php\/news\/ubaldo-e-fativan-lutam-por-equipamentos-abandonados-de-parnamirim\/#primaryimage","url":"https:\/\/ubaldofernandes.com\/wp-content\/uploads\/2023\/07\/WhatsApp-Image-2023-07-22-at-11.45.39.jpeg","contentUrl":"https:\/\/ubaldofernandes.com\/wp-content\/uploads\/2023\/07\/WhatsApp-Image-2023-07-22-at-11.45.39.jpeg","width":1600,"height":1200},{"@type":"BreadcrumbList","@id":"https:\/\/ubaldofernandes.com\/index.php\/news\/ubaldo-e-fativan-lutam-por-equipamentos-abandonados-de-parnamirim\/#breadcrumb","itemListElement":[{"@type":"ListItem","position":1,"name":"In\u00edcio","item":"https:\/\/ubaldofernandes.com\/"},{"@type":"ListItem","position":2,"name":"Not\u00edcias","item":"https:\/\/ubaldofernandes.com\/index.php\/news\/"},{"@type":"ListItem","position":3,"name":"Ubaldo e Fativan lutam por equipamentos abandonados de Parnamirim"}]},{"@type":"WebSite","@id":"https:\/\/ubaldofernandes.com\/#website","url":"https:\/\/ubaldofernandes.com\/","name":"Ubaldo Fernandes","description":"Deputado Estadual","potentialAction":[{"@type":"SearchAction","target":{"@type":"EntryPoint","urlTemplate":"https:\/\/ubaldofernandes.com\/?s={search_term_string}"},"query-input":{"@type":"PropertyValueSpecification","valueRequired":true,"valueName":"search_term_string"}}],"inLanguage":"pt-BR"}]}},"_links":{"self":[{"href":"https:\/\/ubaldofernandes.com\/index.php\/wp-json\/wp\/v2\/news\/5531","targetHints":{"allow":["GET"]}}],"collection":[{"href":"https:\/\/ubaldofernandes.com\/index.php\/wp-json\/wp\/v2\/news"}],"about":[{"href":"https:\/\/ubaldofernandes.com\/index.php\/wp-json\/wp\/v2\/types\/news"}],"wp:featuredmedia":[{"embeddable":true,"href":"https:\/\/ubaldofernandes.com\/index.php\/wp-json\/wp\/v2\/media\/5532"}],"wp:attachment":[{"href":"https:\/\/ubaldofernandes.com\/index.php\/wp-json\/wp\/v2\/media?parent=5531"}],"curies":[{"name":"wp","href":"https:\/\/api.w.org\/{rel}","templated":true}]}}