{"id":5534,"date":"2023-07-20T12:34:00","date_gmt":"2023-07-20T15:34:00","guid":{"rendered":"https:\/\/ubaldofernandes.com\/?post_type=news&#038;p=5534"},"modified":"2023-07-24T10:39:53","modified_gmt":"2023-07-24T13:39:53","slug":"ginasio-de-fernando-pedroza-e-reinaugurado-dentro-dos-festejos-de-31-anos-de-emancipacao","status":"publish","type":"news","link":"https:\/\/ubaldofernandes.com\/index.php\/news\/ginasio-de-fernando-pedroza-e-reinaugurado-dentro-dos-festejos-de-31-anos-de-emancipacao\/","title":{"rendered":"Gin\u00e1sio de Fernando Pedroza \u00e9 reinaugurado dentro dos festejos de 31 anos de emancipa\u00e7\u00e3o"},"content":{"rendered":"\n<p>O munic\u00edpio de Fernando Pedroza completou 31 anos de emancipa\u00e7\u00e3o pol\u00edtica no final de junho. Ainda dentro das comemora\u00e7\u00f5es, aconteceu nessa segunda-feira, 17 de julho, a reinaugura\u00e7\u00e3o do Gin\u00e1sio Poliesportivo Raimundo Roberto Carvalho Trindade, que contou recursos estaduais enviados por emenda parlamentar do deputado estadual Ubaldo Fernandes (PSDB), al\u00e9m da abertura do 2\u00b0 Campeonato de Emancipa\u00e7\u00e3o Pol\u00edtica, que acontecer\u00e1 at\u00e9 28 de julho, com 10 mil reais em pr\u00eamios.<\/p>\n\n\n\n<p>\u201cNessa segunda-feira, retornei a Fernando Pedroza, na Regi\u00e3o Central, para um momento festivo que, com muito orgulho, tem nossa colabora\u00e7\u00e3o. Os pouco mais de 3.000 habitantes do munic\u00edpio ressentiam as m\u00e1s condi\u00e7\u00f5es de uso do \u00fanico equipamento esportivo da cidade, que necessitava de reforma urgente e foi justamente para atender ao pedido dos vereadores parceiros do nosso mandato &#8211; Nuno Gon\u00e7alves e Messias Mariano &#8211; que destinamos R$ 50 mil para essa obra\u201d, destacou Ubaldo.&nbsp;<\/p>\n\n\n\n<p>MAIS<\/p>\n\n\n\n<p>Vale salientar que tamb\u00e9m preocupados com o atendimento na Unidade B\u00e1sica de Sa\u00fade Dra. F\u00e1tima Salviano, o parlamentar destinou R$ 50 mil de emenda parlamentar para a estrutura\u00e7\u00e3o da sala de ecocardiograma deste servi\u00e7o. \u201cS\u00e3o investimentos na Sa\u00fade e no Esporte que garantem melhor qualidade de vida aos pedrozenses. Parab\u00e9ns, Prefeitura e prefeita Sandra pela execu\u00e7\u00e3o destes investimentos obra para a cidade\u201d, conclui Ubaldo.<\/p>\n\n\n\n<p>Mat\u00e9ria publicada no <a href=\"https:\/\/www.igorhenriquecosta.com.br\/2023\/07\/ginasio-de-fernando-pedroza-e.html\">Blog Igor Costa<\/a>. <\/p>\n","protected":false},"featured_media":5535,"parent":0,"template":"","class_list":["post-5534","news","type-news","status-publish","has-post-thumbnail","hentry"],"acf":[],"yoast_head":"<!-- This site is optimized with the Yoast SEO plugin v24.6 - https:\/\/yoast.com\/wordpress\/plugins\/seo\/ -->\n<title>Gin\u00e1sio de Fernando Pedroza \u00e9 reinaugurado dentro dos festejos de 31 anos de emancipa\u00e7\u00e3o - Ubaldo Fernandes<\/title>\n<meta name=\"robots\" content=\"index, follow, max-snippet:-1, max-image-preview:large, max-video-preview:-1\" \/>\n<link rel=\"canonical\" href=\"https:\/\/ubaldofernandes.com\/index.php\/news\/ginasio-de-fernando-pedroza-e-reinaugurado-dentro-dos-festejos-de-31-anos-de-emancipacao\/\" \/>\n<meta property=\"og:locale\" content=\"pt_BR\" \/>\n<meta property=\"og:type\" content=\"article\" \/>\n<meta property=\"og:title\" content=\"Gin\u00e1sio de Fernando Pedroza \u00e9 reinaugurado dentro dos festejos de 31 anos de emancipa\u00e7\u00e3o - Ubaldo Fernandes\" \/>\n<meta property=\"og:description\" content=\"O munic\u00edpio de Fernando Pedroza completou 31 anos de emancipa\u00e7\u00e3o pol\u00edtica no final de junho. Ainda dentro das comemora\u00e7\u00f5es, aconteceu nessa segunda-feira, 17 de julho, a reinaugura\u00e7\u00e3o do Gin\u00e1sio Poliesportivo Raimundo Roberto Carvalho Trindade, que contou recursos estaduais enviados por emenda parlamentar do deputado estadual Ubaldo Fernandes (PSDB), al\u00e9m da abertura do 2\u00b0 Campeonato de [&hellip;]\" \/>\n<meta property=\"og:url\" content=\"https:\/\/ubaldofernandes.com\/index.php\/news\/ginasio-de-fernando-pedroza-e-reinaugurado-dentro-dos-festejos-de-31-anos-de-emancipacao\/\" \/>\n<meta property=\"og:site_name\" content=\"Ubaldo Fernandes\" \/>\n<meta property=\"article:modified_time\" content=\"2023-07-24T13:39:53+00:00\" \/>\n<meta property=\"og:image\" content=\"https:\/\/ubaldofernandes.com\/wp-content\/uploads\/2023\/07\/Ginasio.jpg\" \/>\n\t<meta property=\"og:image:width\" content=\"1024\" \/>\n\t<meta property=\"og:image:height\" content=\"768\" \/>\n\t<meta property=\"og:image:type\" content=\"image\/jpeg\" \/>\n<meta name=\"twitter:card\" content=\"summary_large_image\" \/>\n<meta name=\"twitter:label1\" content=\"Est. tempo de leitura\" \/>\n\t<meta name=\"twitter:data1\" content=\"1 minuto\" \/>\n<script type=\"application\/ld+json\" class=\"yoast-schema-graph\">{\"@context\":\"https:\/\/schema.org\",\"@graph\":[{\"@type\":\"WebPage\",\"@id\":\"https:\/\/ubaldofernandes.com\/index.php\/news\/ginasio-de-fernando-pedroza-e-reinaugurado-dentro-dos-festejos-de-31-anos-de-emancipacao\/\",\"url\":\"https:\/\/ubaldofernandes.com\/index.php\/news\/ginasio-de-fernando-pedroza-e-reinaugurado-dentro-dos-festejos-de-31-anos-de-emancipacao\/\",\"name\":\"Gin\u00e1sio de Fernando Pedroza \u00e9 reinaugurado dentro dos festejos de 31 anos de emancipa\u00e7\u00e3o - Ubaldo Fernandes\",\"isPartOf\":{\"@id\":\"https:\/\/ubaldofernandes.com\/#website\"},\"primaryImageOfPage\":{\"@id\":\"https:\/\/ubaldofernandes.com\/index.php\/news\/ginasio-de-fernando-pedroza-e-reinaugurado-dentro-dos-festejos-de-31-anos-de-emancipacao\/#primaryimage\"},\"image\":{\"@id\":\"https:\/\/ubaldofernandes.com\/index.php\/news\/ginasio-de-fernando-pedroza-e-reinaugurado-dentro-dos-festejos-de-31-anos-de-emancipacao\/#primaryimage\"},\"thumbnailUrl\":\"https:\/\/ubaldofernandes.com\/wp-content\/uploads\/2023\/07\/Ginasio.jpg\",\"datePublished\":\"2023-07-20T15:34:00+00:00\",\"dateModified\":\"2023-07-24T13:39:53+00:00\",\"breadcrumb\":{\"@id\":\"https:\/\/ubaldofernandes.com\/index.php\/news\/ginasio-de-fernando-pedroza-e-reinaugurado-dentro-dos-festejos-de-31-anos-de-emancipacao\/#breadcrumb\"},\"inLanguage\":\"pt-BR\",\"potentialAction\":[{\"@type\":\"ReadAction\",\"target\":[\"https:\/\/ubaldofernandes.com\/index.php\/news\/ginasio-de-fernando-pedroza-e-reinaugurado-dentro-dos-festejos-de-31-anos-de-emancipacao\/\"]}]},{\"@type\":\"ImageObject\",\"inLanguage\":\"pt-BR\",\"@id\":\"https:\/\/ubaldofernandes.com\/index.php\/news\/ginasio-de-fernando-pedroza-e-reinaugurado-dentro-dos-festejos-de-31-anos-de-emancipacao\/#primaryimage\",\"url\":\"https:\/\/ubaldofernandes.com\/wp-content\/uploads\/2023\/07\/Ginasio.jpg\",\"contentUrl\":\"https:\/\/ubaldofernandes.com\/wp-content\/uploads\/2023\/07\/Ginasio.jpg\",\"width\":1024,\"height\":768},{\"@type\":\"BreadcrumbList\",\"@id\":\"https:\/\/ubaldofernandes.com\/index.php\/news\/ginasio-de-fernando-pedroza-e-reinaugurado-dentro-dos-festejos-de-31-anos-de-emancipacao\/#breadcrumb\",\"itemListElement\":[{\"@type\":\"ListItem\",\"position\":1,\"name\":\"In\u00edcio\",\"item\":\"https:\/\/ubaldofernandes.com\/\"},{\"@type\":\"ListItem\",\"position\":2,\"name\":\"Not\u00edcias\",\"item\":\"https:\/\/ubaldofernandes.com\/index.php\/news\/\"},{\"@type\":\"ListItem\",\"position\":3,\"name\":\"Gin\u00e1sio de Fernando Pedroza \u00e9 reinaugurado dentro dos festejos de 31 anos de emancipa\u00e7\u00e3o\"}]},{\"@type\":\"WebSite\",\"@id\":\"https:\/\/ubaldofernandes.com\/#website\",\"url\":\"https:\/\/ubaldofernandes.com\/\",\"name\":\"Ubaldo Fernandes\",\"description\":\"Deputado Estadual\",\"potentialAction\":[{\"@type\":\"SearchAction\",\"target\":{\"@type\":\"EntryPoint\",\"urlTemplate\":\"https:\/\/ubaldofernandes.com\/?s={search_term_string}\"},\"query-input\":{\"@type\":\"PropertyValueSpecification\",\"valueRequired\":true,\"valueName\":\"search_term_string\"}}],\"inLanguage\":\"pt-BR\"}]}<\/script>\n<!-- \/ Yoast SEO plugin. -->","yoast_head_json":{"title":"Gin\u00e1sio de Fernando Pedroza \u00e9 reinaugurado dentro dos festejos de 31 anos de emancipa\u00e7\u00e3o - Ubaldo Fernandes","robots":{"index":"index","follow":"follow","max-snippet":"max-snippet:-1","max-image-preview":"max-image-preview:large","max-video-preview":"max-video-preview:-1"},"canonical":"https:\/\/ubaldofernandes.com\/index.php\/news\/ginasio-de-fernando-pedroza-e-reinaugurado-dentro-dos-festejos-de-31-anos-de-emancipacao\/","og_locale":"pt_BR","og_type":"article","og_title":"Gin\u00e1sio de Fernando Pedroza \u00e9 reinaugurado dentro dos festejos de 31 anos de emancipa\u00e7\u00e3o - Ubaldo Fernandes","og_description":"O munic\u00edpio de Fernando Pedroza completou 31 anos de emancipa\u00e7\u00e3o pol\u00edtica no final de junho. Ainda dentro das comemora\u00e7\u00f5es, aconteceu nessa segunda-feira, 17 de julho, a reinaugura\u00e7\u00e3o do Gin\u00e1sio Poliesportivo Raimundo Roberto Carvalho Trindade, que contou recursos estaduais enviados por emenda parlamentar do deputado estadual Ubaldo Fernandes (PSDB), al\u00e9m da abertura do 2\u00b0 Campeonato de [&hellip;]","og_url":"https:\/\/ubaldofernandes.com\/index.php\/news\/ginasio-de-fernando-pedroza-e-reinaugurado-dentro-dos-festejos-de-31-anos-de-emancipacao\/","og_site_name":"Ubaldo Fernandes","article_modified_time":"2023-07-24T13:39:53+00:00","og_image":[{"width":1024,"height":768,"url":"https:\/\/ubaldofernandes.com\/wp-content\/uploads\/2023\/07\/Ginasio.jpg","type":"image\/jpeg"}],"twitter_card":"summary_large_image","twitter_misc":{"Est. tempo de leitura":"1 minuto"},"schema":{"@context":"https:\/\/schema.org","@graph":[{"@type":"WebPage","@id":"https:\/\/ubaldofernandes.com\/index.php\/news\/ginasio-de-fernando-pedroza-e-reinaugurado-dentro-dos-festejos-de-31-anos-de-emancipacao\/","url":"https:\/\/ubaldofernandes.com\/index.php\/news\/ginasio-de-fernando-pedroza-e-reinaugurado-dentro-dos-festejos-de-31-anos-de-emancipacao\/","name":"Gin\u00e1sio de Fernando Pedroza \u00e9 reinaugurado dentro dos festejos de 31 anos de emancipa\u00e7\u00e3o - Ubaldo Fernandes","isPartOf":{"@id":"https:\/\/ubaldofernandes.com\/#website"},"primaryImageOfPage":{"@id":"https:\/\/ubaldofernandes.com\/index.php\/news\/ginasio-de-fernando-pedroza-e-reinaugurado-dentro-dos-festejos-de-31-anos-de-emancipacao\/#primaryimage"},"image":{"@id":"https:\/\/ubaldofernandes.com\/index.php\/news\/ginasio-de-fernando-pedroza-e-reinaugurado-dentro-dos-festejos-de-31-anos-de-emancipacao\/#primaryimage"},"thumbnailUrl":"https:\/\/ubaldofernandes.com\/wp-content\/uploads\/2023\/07\/Ginasio.jpg","datePublished":"2023-07-20T15:34:00+00:00","dateModified":"2023-07-24T13:39:53+00:00","breadcrumb":{"@id":"https:\/\/ubaldofernandes.com\/index.php\/news\/ginasio-de-fernando-pedroza-e-reinaugurado-dentro-dos-festejos-de-31-anos-de-emancipacao\/#breadcrumb"},"inLanguage":"pt-BR","potentialAction":[{"@type":"ReadAction","target":["https:\/\/ubaldofernandes.com\/index.php\/news\/ginasio-de-fernando-pedroza-e-reinaugurado-dentro-dos-festejos-de-31-anos-de-emancipacao\/"]}]},{"@type":"ImageObject","inLanguage":"pt-BR","@id":"https:\/\/ubaldofernandes.com\/index.php\/news\/ginasio-de-fernando-pedroza-e-reinaugurado-dentro-dos-festejos-de-31-anos-de-emancipacao\/#primaryimage","url":"https:\/\/ubaldofernandes.com\/wp-content\/uploads\/2023\/07\/Ginasio.jpg","contentUrl":"https:\/\/ubaldofernandes.com\/wp-content\/uploads\/2023\/07\/Ginasio.jpg","width":1024,"height":768},{"@type":"BreadcrumbList","@id":"https:\/\/ubaldofernandes.com\/index.php\/news\/ginasio-de-fernando-pedroza-e-reinaugurado-dentro-dos-festejos-de-31-anos-de-emancipacao\/#breadcrumb","itemListElement":[{"@type":"ListItem","position":1,"name":"In\u00edcio","item":"https:\/\/ubaldofernandes.com\/"},{"@type":"ListItem","position":2,"name":"Not\u00edcias","item":"https:\/\/ubaldofernandes.com\/index.php\/news\/"},{"@type":"ListItem","position":3,"name":"Gin\u00e1sio de Fernando Pedroza \u00e9 reinaugurado dentro dos festejos de 31 anos de emancipa\u00e7\u00e3o"}]},{"@type":"WebSite","@id":"https:\/\/ubaldofernandes.com\/#website","url":"https:\/\/ubaldofernandes.com\/","name":"Ubaldo Fernandes","description":"Deputado Estadual","potentialAction":[{"@type":"SearchAction","target":{"@type":"EntryPoint","urlTemplate":"https:\/\/ubaldofernandes.com\/?s={search_term_string}"},"query-input":{"@type":"PropertyValueSpecification","valueRequired":true,"valueName":"search_term_string"}}],"inLanguage":"pt-BR"}]}},"_links":{"self":[{"href":"https:\/\/ubaldofernandes.com\/index.php\/wp-json\/wp\/v2\/news\/5534","targetHints":{"allow":["GET"]}}],"collection":[{"href":"https:\/\/ubaldofernandes.com\/index.php\/wp-json\/wp\/v2\/news"}],"about":[{"href":"https:\/\/ubaldofernandes.com\/index.php\/wp-json\/wp\/v2\/types\/news"}],"wp:featuredmedia":[{"embeddable":true,"href":"https:\/\/ubaldofernandes.com\/index.php\/wp-json\/wp\/v2\/media\/5535"}],"wp:attachment":[{"href":"https:\/\/ubaldofernandes.com\/index.php\/wp-json\/wp\/v2\/media?parent=5534"}],"curies":[{"name":"wp","href":"https:\/\/api.w.org\/{rel}","templated":true}]}}