{"id":5613,"date":"2023-08-06T12:08:00","date_gmt":"2023-08-06T15:08:00","guid":{"rendered":"https:\/\/ubaldofernandes.com\/?post_type=news&#038;p=5613"},"modified":"2023-08-07T12:10:37","modified_gmt":"2023-08-07T15:10:37","slug":"dia-do-padre-e-celebrado-na-assembleia-legislativa-do-rn","status":"publish","type":"news","link":"https:\/\/ubaldofernandes.com\/index.php\/news\/dia-do-padre-e-celebrado-na-assembleia-legislativa-do-rn\/","title":{"rendered":"Dia do Padre \u00e9 celebrado na Assembleia Legislativa do RN"},"content":{"rendered":"\n<p>A Assembleia Legislativa do RN realizou Sess\u00e3o Solene, na manh\u00e3 desta sexta-feira (4), para comemorar o dia destinado aos sacerdotes. Proposta pelo deputado Ubaldo Fernandes (PSDB), a homenagem contou com a participa\u00e7\u00e3o do Arcebispo Em\u00e9rito de Natal e administrador apost\u00f3lico, Dom Jaime Vieira Rocha, e outras autoridades eclesi\u00e1sticas do Estado. Tamb\u00e9m estiveram presentes \u00e0 solenidade representantes da Prefeitura e C\u00e2mara Municipal da capital, bem como do 3\u00ba Distrito Naval, al\u00e9m das parlamentares Divaneide Bas\u00edlio (PT), Terezinha Maia (PL), Cristiane Dantas (SDD) e Eudiane Macedo (PV).<\/p>\n\n\n\n<p>\u201cNeste dia t\u00e3o especial para a vida sacerdotal, onde a igreja celebra o Dia do Padroeiro dos Padres, S\u00e3o Jo\u00e3o Maria Vianney, quero pontuar o meu v\u00ednculo com a Igreja Cat\u00f3lica, raz\u00e3o pela qual fa\u00e7o quest\u00e3o de enaltecer sua atua\u00e7\u00e3o na vida de todos os Norte-Rio-Grandenses\u201d, destacou Ubaldo.<\/p>\n\n\n\n<p>Em seguida, o parlamentar contou como iniciou sua experi\u00eancia com a Igreja Cat\u00f3lica. \u201cMeus primeiros passos crist\u00e3os aconteceram em Tangar\u00e1, cidade onde nasci e fui criado. Na igreja, encontrei portas abertas, atrav\u00e9s de uma pessoa muito especial para nossa fam\u00edlia, o cantor e compositor Padre Campos, p\u00e1roco em\u00e9rito da Par\u00f3quia S\u00e3o Sebasti\u00e3o, no Alecrim. L\u00e1, aprendi a defesa da f\u00e9, da fam\u00edlia, dos movimentos sociais e, especialmente, o amor pelo servi\u00e7o ao povo\u201d, detalhou.<\/p>\n\n\n\n<p>Para o deputado, o padre tem a fun\u00e7\u00e3o de ser o administrador dos mist\u00e9rios de Deus. \u201cEle \u00e9 a figura de Cristo para os homens, que eleva a Deus as suas preces e oferece, por meio do sacrif\u00edcio da Santa Missa e da administra\u00e7\u00e3o e celebra\u00e7\u00e3o dos sacramentos, a esperan\u00e7a, o alento, o consolo e a bondade de Deus\u201d, explicou.<\/p>\n\n\n\n<p>Concluindo seu discurso, o propositor da solenidade ressaltou que os 10 padres da Arquidiocese de Natal homenageados \u201centregam amor a Cristo e \u00e0 sua Igreja, al\u00e9m de levar a palavra de Deus e os santos sacramentos da reden\u00e7\u00e3o crist\u00e3 \u00e0 vida do povo\u201d.<\/p>\n\n\n\n<p>\u201c\u00c9 por tudo isso que esta Casa Legislativa homenageia e reconhece hoje, com muito orgulho, a luta desses grandes homens de Deus, que est\u00e3o sempre juntos ao povo, com o povo e para o povo. Portanto, a voc\u00eas, reverend\u00edssimos padres, os nossos mais sinceros agradecimentos\u201d, finalizou.<\/p>\n\n\n\n<p>Em seguida, Cristiane Dantas reafirmou a import\u00e2ncia das celebra\u00e7\u00f5es neste 4 de agosto.<\/p>\n\n\n\n<p>\u201cHoje \u00e9 um dia realmente muito especial, em que homenageamos uma figura t\u00e3o importante na vida dos cat\u00f3licos e que tem um grande significado para as pessoas. N\u00f3s temos que reconhecer sua relev\u00e2ncia todos os dias, porque \u00e9 atrav\u00e9s do padre que praticamos nossa espiritualidade, f\u00e9 e devo\u00e7\u00e3o a Deus\u201d, afirmou.<\/p>\n\n\n\n<p>Falando em nome dos homenageados, o Arcebispo Em\u00e9rito de Natal, Dom Jaime Vieira Rocha, iniciou seu discurso agradecendo a Deus pelo dia e \u00e0 Assembleia Legislativa pelas homenagens.<\/p>\n\n\n\n<p>\u201cVamos render gra\u00e7as a Deus por esta data, que \u00e9 o Dia do Padre, homenagem em mem\u00f3ria de S\u00e3o Jo\u00e3o Maria Vianney. Ele \u00e9 o nosso patrono, cuja vida e testemunho tanto nos enriquece. Dele, n\u00f3s tiramos muitas li\u00e7\u00f5es e refer\u00eancias constantes para o nosso minist\u00e9rio. Ent\u00e3o, ofere\u00e7o minha palavra de gratid\u00e3o e reconhecimento a esta Casa, na pessoa do deputado Ubaldo Fernandes. No mundo t\u00e3o plural de hoje, devemos agradecer por contarmos com o apoio e o reconhecimento do nosso povo e das lideran\u00e7as do nosso Estado\u201d, disse.<\/p>\n\n\n\n<p>De acordo com Dom Jaime, alguns pa\u00edses do mundo se destacam por n\u00e3o apagarem a tradi\u00e7\u00e3o, o testemunho e a f\u00e9 cat\u00f3lica.<\/p>\n\n\n\n<p>\u201cSe olharmos, por exemplo, para a Europa, encontramos a Pol\u00f4nia e a Espanha como pa\u00edses que t\u00eam um catolicismo muito s\u00f3lido. E aqui no Brasil, em Natal, temos um legado muito profundo de coopera\u00e7\u00e3o, corresponsabilidade social, zelo pelo bem comum e pela dignidade humana, que tamb\u00e9m \u00e9 o papel da igreja, em meio \u00e0 sociedade civil. Por isso n\u00f3s devemos render gra\u00e7as\u201d, frisou.<\/p>\n\n\n\n<p>Encerrando seu pronunciamento, o arcebispo em\u00e9rito agradeceu o convite e a presen\u00e7a de todos os sacerdotes.<\/p>\n\n\n\n<p>\u201cEu vivo, a cada dia, uma experi\u00eancia muito tranquila de gratid\u00e3o e miss\u00e3o cumprida. Iremos preparar com muito empenho a posse do novo pastor da igreja de Natal. E eu n\u00e3o vou me aposentar, tenho muitos outros pap\u00e9is ainda a fazer. Ent\u00e3o, como bispo, quero render homenagens aos meus irm\u00e3os tamb\u00e9m homenageados. Muita paz a todos\u201d, concluiu, aben\u00e7oando os presentes.<\/p>\n\n\n\n<p>Na sequ\u00eancia, o Padre Ant\u00f4nio Jailson, do 3\u00ba Distrito Naval, esclareceu as miss\u00f5es e atividades dos padres militares.<\/p>\n\n\n\n<p>\u201cComo grande empreendimento daquilo que foi na vida de Jesus, temos o mesmo objetivo, que \u00e9 fazer com que, atrav\u00e9s da nossa a\u00e7\u00e3o pastoral, na Marinha do Brasil, cheguem ao mar as mensagens daquele que temos como um norte para nossas vidas, o nosso Senhor Jesus Cristo\u201d, iniciou o padre.<\/p>\n\n\n\n<p>Segundo ele, a fun\u00e7\u00e3o do capel\u00e3o nas For\u00e7as Armadas \u00e9 ser um l\u00edder espiritual, um homem que tem como miss\u00e3o ser o canal da b\u00ean\u00e7\u00e3o de Deus dentro das institui\u00e7\u00f5es.<\/p>\n\n\n\n<p>\u201c\u00c9 um homem que se preocupa tamb\u00e9m, acima de tudo, com a sa\u00fade mental e emocional daqueles que passam por grandes travessias, durante as miss\u00f5es da Marinha do Brasil, seja no nosso Pa\u00eds ou nas \u00e1guas jurisdicionais. Portanto, n\u00f3s somos os homens de Deus entre os homens do mar, cumprindo fun\u00e7\u00f5es semelhantes \u00e0s de um p\u00e1roco. Por meio da constru\u00e7\u00e3o de uma espiritualidade sincera e mission\u00e1ria, queremos atingir cada vez mais o equil\u00edbrio entre o minist\u00e9rio sacerdotal e o nosso servi\u00e7o prestado\u201d, finalizou.<\/p>\n\n\n\n<p><strong>Homenageados:<\/strong><\/p>\n\n\n\n<p>Dom Jaime Vieira Rocha<br>Padre Francisco de Assis Silva Rodrigues de Lima<br>Padre Aerton Sales Cunha<br>Padre Francisco de Assis Fernandes Gomes<br>Padre Ant\u00f4nio Nunes de Ara\u00fajo<br>Padre Ednaldo Virg\u00edlio da Cruz<br>Padre Newton Coelho de Oliveira<br>Padre Gilmar Pereira de Castro<br>Padre Jos\u00e9 Marcelo Cezarino Cruz<br>Padre C\u00e9sar Luiz Lima de Morais<\/p>\n\n\n\n<p>Mat\u00e9ria publicada no <a href=\"http:\/\/politicaemfoco.com\/dia-do-padre-e-celebrado-na-assembleia-legislativa-do-rn\/#:~:text=06%20ago%202023,o%20dia%20destinado%20aos%20sacerdotes.\">Blog Pol\u00edtica em Foco<\/a>.<\/p>\n","protected":false},"featured_media":5591,"parent":0,"template":"","class_list":["post-5613","news","type-news","status-publish","has-post-thumbnail","hentry"],"acf":[],"yoast_head":"<!-- This site is optimized with the Yoast SEO plugin v24.6 - https:\/\/yoast.com\/wordpress\/plugins\/seo\/ -->\n<title>Dia do Padre \u00e9 celebrado na Assembleia Legislativa do RN - Ubaldo Fernandes<\/title>\n<meta name=\"robots\" content=\"index, follow, max-snippet:-1, max-image-preview:large, max-video-preview:-1\" \/>\n<link rel=\"canonical\" href=\"https:\/\/ubaldofernandes.com\/index.php\/news\/dia-do-padre-e-celebrado-na-assembleia-legislativa-do-rn\/\" \/>\n<meta property=\"og:locale\" content=\"pt_BR\" \/>\n<meta property=\"og:type\" content=\"article\" \/>\n<meta property=\"og:title\" content=\"Dia do Padre \u00e9 celebrado na Assembleia Legislativa do RN - Ubaldo Fernandes\" \/>\n<meta property=\"og:description\" content=\"A Assembleia Legislativa do RN realizou Sess\u00e3o Solene, na manh\u00e3 desta sexta-feira (4), para comemorar o dia destinado aos sacerdotes. Proposta pelo deputado Ubaldo Fernandes (PSDB), a homenagem contou com a participa\u00e7\u00e3o do Arcebispo Em\u00e9rito de Natal e administrador apost\u00f3lico, Dom Jaime Vieira Rocha, e outras autoridades eclesi\u00e1sticas do Estado. Tamb\u00e9m estiveram presentes \u00e0 solenidade [&hellip;]\" \/>\n<meta property=\"og:url\" content=\"https:\/\/ubaldofernandes.com\/index.php\/news\/dia-do-padre-e-celebrado-na-assembleia-legislativa-do-rn\/\" \/>\n<meta property=\"og:site_name\" content=\"Ubaldo Fernandes\" \/>\n<meta property=\"article:modified_time\" content=\"2023-08-07T15:10:37+00:00\" \/>\n<meta property=\"og:image\" content=\"https:\/\/ubaldofernandes.com\/wp-content\/uploads\/2023\/08\/Dia-do-Padre-8-1-scaled.jpg\" \/>\n\t<meta property=\"og:image:width\" content=\"2560\" \/>\n\t<meta property=\"og:image:height\" content=\"1703\" \/>\n\t<meta property=\"og:image:type\" content=\"image\/jpeg\" \/>\n<meta name=\"twitter:card\" content=\"summary_large_image\" \/>\n<meta name=\"twitter:label1\" content=\"Est. tempo de leitura\" \/>\n\t<meta name=\"twitter:data1\" content=\"5 minutos\" \/>\n<script type=\"application\/ld+json\" class=\"yoast-schema-graph\">{\"@context\":\"https:\/\/schema.org\",\"@graph\":[{\"@type\":\"WebPage\",\"@id\":\"https:\/\/ubaldofernandes.com\/index.php\/news\/dia-do-padre-e-celebrado-na-assembleia-legislativa-do-rn\/\",\"url\":\"https:\/\/ubaldofernandes.com\/index.php\/news\/dia-do-padre-e-celebrado-na-assembleia-legislativa-do-rn\/\",\"name\":\"Dia do Padre \u00e9 celebrado na Assembleia Legislativa do RN - Ubaldo Fernandes\",\"isPartOf\":{\"@id\":\"https:\/\/ubaldofernandes.com\/#website\"},\"primaryImageOfPage\":{\"@id\":\"https:\/\/ubaldofernandes.com\/index.php\/news\/dia-do-padre-e-celebrado-na-assembleia-legislativa-do-rn\/#primaryimage\"},\"image\":{\"@id\":\"https:\/\/ubaldofernandes.com\/index.php\/news\/dia-do-padre-e-celebrado-na-assembleia-legislativa-do-rn\/#primaryimage\"},\"thumbnailUrl\":\"https:\/\/ubaldofernandes.com\/wp-content\/uploads\/2023\/08\/Dia-do-Padre-8-1-scaled.jpg\",\"datePublished\":\"2023-08-06T15:08:00+00:00\",\"dateModified\":\"2023-08-07T15:10:37+00:00\",\"breadcrumb\":{\"@id\":\"https:\/\/ubaldofernandes.com\/index.php\/news\/dia-do-padre-e-celebrado-na-assembleia-legislativa-do-rn\/#breadcrumb\"},\"inLanguage\":\"pt-BR\",\"potentialAction\":[{\"@type\":\"ReadAction\",\"target\":[\"https:\/\/ubaldofernandes.com\/index.php\/news\/dia-do-padre-e-celebrado-na-assembleia-legislativa-do-rn\/\"]}]},{\"@type\":\"ImageObject\",\"inLanguage\":\"pt-BR\",\"@id\":\"https:\/\/ubaldofernandes.com\/index.php\/news\/dia-do-padre-e-celebrado-na-assembleia-legislativa-do-rn\/#primaryimage\",\"url\":\"https:\/\/ubaldofernandes.com\/wp-content\/uploads\/2023\/08\/Dia-do-Padre-8-1-scaled.jpg\",\"contentUrl\":\"https:\/\/ubaldofernandes.com\/wp-content\/uploads\/2023\/08\/Dia-do-Padre-8-1-scaled.jpg\",\"width\":2560,\"height\":1703},{\"@type\":\"BreadcrumbList\",\"@id\":\"https:\/\/ubaldofernandes.com\/index.php\/news\/dia-do-padre-e-celebrado-na-assembleia-legislativa-do-rn\/#breadcrumb\",\"itemListElement\":[{\"@type\":\"ListItem\",\"position\":1,\"name\":\"In\u00edcio\",\"item\":\"https:\/\/ubaldofernandes.com\/\"},{\"@type\":\"ListItem\",\"position\":2,\"name\":\"Not\u00edcias\",\"item\":\"https:\/\/ubaldofernandes.com\/index.php\/news\/\"},{\"@type\":\"ListItem\",\"position\":3,\"name\":\"Dia do Padre \u00e9 celebrado na Assembleia Legislativa do RN\"}]},{\"@type\":\"WebSite\",\"@id\":\"https:\/\/ubaldofernandes.com\/#website\",\"url\":\"https:\/\/ubaldofernandes.com\/\",\"name\":\"Ubaldo Fernandes\",\"description\":\"Deputado Estadual\",\"potentialAction\":[{\"@type\":\"SearchAction\",\"target\":{\"@type\":\"EntryPoint\",\"urlTemplate\":\"https:\/\/ubaldofernandes.com\/?s={search_term_string}\"},\"query-input\":{\"@type\":\"PropertyValueSpecification\",\"valueRequired\":true,\"valueName\":\"search_term_string\"}}],\"inLanguage\":\"pt-BR\"}]}<\/script>\n<!-- \/ Yoast SEO plugin. -->","yoast_head_json":{"title":"Dia do Padre \u00e9 celebrado na Assembleia Legislativa do RN - Ubaldo Fernandes","robots":{"index":"index","follow":"follow","max-snippet":"max-snippet:-1","max-image-preview":"max-image-preview:large","max-video-preview":"max-video-preview:-1"},"canonical":"https:\/\/ubaldofernandes.com\/index.php\/news\/dia-do-padre-e-celebrado-na-assembleia-legislativa-do-rn\/","og_locale":"pt_BR","og_type":"article","og_title":"Dia do Padre \u00e9 celebrado na Assembleia Legislativa do RN - Ubaldo Fernandes","og_description":"A Assembleia Legislativa do RN realizou Sess\u00e3o Solene, na manh\u00e3 desta sexta-feira (4), para comemorar o dia destinado aos sacerdotes. Proposta pelo deputado Ubaldo Fernandes (PSDB), a homenagem contou com a participa\u00e7\u00e3o do Arcebispo Em\u00e9rito de Natal e administrador apost\u00f3lico, Dom Jaime Vieira Rocha, e outras autoridades eclesi\u00e1sticas do Estado. Tamb\u00e9m estiveram presentes \u00e0 solenidade [&hellip;]","og_url":"https:\/\/ubaldofernandes.com\/index.php\/news\/dia-do-padre-e-celebrado-na-assembleia-legislativa-do-rn\/","og_site_name":"Ubaldo Fernandes","article_modified_time":"2023-08-07T15:10:37+00:00","og_image":[{"width":2560,"height":1703,"url":"https:\/\/ubaldofernandes.com\/wp-content\/uploads\/2023\/08\/Dia-do-Padre-8-1-scaled.jpg","type":"image\/jpeg"}],"twitter_card":"summary_large_image","twitter_misc":{"Est. tempo de leitura":"5 minutos"},"schema":{"@context":"https:\/\/schema.org","@graph":[{"@type":"WebPage","@id":"https:\/\/ubaldofernandes.com\/index.php\/news\/dia-do-padre-e-celebrado-na-assembleia-legislativa-do-rn\/","url":"https:\/\/ubaldofernandes.com\/index.php\/news\/dia-do-padre-e-celebrado-na-assembleia-legislativa-do-rn\/","name":"Dia do Padre \u00e9 celebrado na Assembleia Legislativa do RN - Ubaldo Fernandes","isPartOf":{"@id":"https:\/\/ubaldofernandes.com\/#website"},"primaryImageOfPage":{"@id":"https:\/\/ubaldofernandes.com\/index.php\/news\/dia-do-padre-e-celebrado-na-assembleia-legislativa-do-rn\/#primaryimage"},"image":{"@id":"https:\/\/ubaldofernandes.com\/index.php\/news\/dia-do-padre-e-celebrado-na-assembleia-legislativa-do-rn\/#primaryimage"},"thumbnailUrl":"https:\/\/ubaldofernandes.com\/wp-content\/uploads\/2023\/08\/Dia-do-Padre-8-1-scaled.jpg","datePublished":"2023-08-06T15:08:00+00:00","dateModified":"2023-08-07T15:10:37+00:00","breadcrumb":{"@id":"https:\/\/ubaldofernandes.com\/index.php\/news\/dia-do-padre-e-celebrado-na-assembleia-legislativa-do-rn\/#breadcrumb"},"inLanguage":"pt-BR","potentialAction":[{"@type":"ReadAction","target":["https:\/\/ubaldofernandes.com\/index.php\/news\/dia-do-padre-e-celebrado-na-assembleia-legislativa-do-rn\/"]}]},{"@type":"ImageObject","inLanguage":"pt-BR","@id":"https:\/\/ubaldofernandes.com\/index.php\/news\/dia-do-padre-e-celebrado-na-assembleia-legislativa-do-rn\/#primaryimage","url":"https:\/\/ubaldofernandes.com\/wp-content\/uploads\/2023\/08\/Dia-do-Padre-8-1-scaled.jpg","contentUrl":"https:\/\/ubaldofernandes.com\/wp-content\/uploads\/2023\/08\/Dia-do-Padre-8-1-scaled.jpg","width":2560,"height":1703},{"@type":"BreadcrumbList","@id":"https:\/\/ubaldofernandes.com\/index.php\/news\/dia-do-padre-e-celebrado-na-assembleia-legislativa-do-rn\/#breadcrumb","itemListElement":[{"@type":"ListItem","position":1,"name":"In\u00edcio","item":"https:\/\/ubaldofernandes.com\/"},{"@type":"ListItem","position":2,"name":"Not\u00edcias","item":"https:\/\/ubaldofernandes.com\/index.php\/news\/"},{"@type":"ListItem","position":3,"name":"Dia do Padre \u00e9 celebrado na Assembleia Legislativa do RN"}]},{"@type":"WebSite","@id":"https:\/\/ubaldofernandes.com\/#website","url":"https:\/\/ubaldofernandes.com\/","name":"Ubaldo Fernandes","description":"Deputado Estadual","potentialAction":[{"@type":"SearchAction","target":{"@type":"EntryPoint","urlTemplate":"https:\/\/ubaldofernandes.com\/?s={search_term_string}"},"query-input":{"@type":"PropertyValueSpecification","valueRequired":true,"valueName":"search_term_string"}}],"inLanguage":"pt-BR"}]}},"_links":{"self":[{"href":"https:\/\/ubaldofernandes.com\/index.php\/wp-json\/wp\/v2\/news\/5613","targetHints":{"allow":["GET"]}}],"collection":[{"href":"https:\/\/ubaldofernandes.com\/index.php\/wp-json\/wp\/v2\/news"}],"about":[{"href":"https:\/\/ubaldofernandes.com\/index.php\/wp-json\/wp\/v2\/types\/news"}],"wp:featuredmedia":[{"embeddable":true,"href":"https:\/\/ubaldofernandes.com\/index.php\/wp-json\/wp\/v2\/media\/5591"}],"wp:attachment":[{"href":"https:\/\/ubaldofernandes.com\/index.php\/wp-json\/wp\/v2\/media?parent=5613"}],"curies":[{"name":"wp","href":"https:\/\/api.w.org\/{rel}","templated":true}]}}