{"id":5890,"date":"2023-09-20T11:47:51","date_gmt":"2023-09-20T14:47:51","guid":{"rendered":"https:\/\/ubaldofernandes.com\/?post_type=news&#038;p=5890"},"modified":"2023-09-20T11:47:52","modified_gmt":"2023-09-20T14:47:52","slug":"deputados-debatem-revitalizacao-economica-do-centro-de-natal","status":"publish","type":"news","link":"https:\/\/ubaldofernandes.com\/index.php\/news\/deputados-debatem-revitalizacao-economica-do-centro-de-natal\/","title":{"rendered":"Deputados debatem revitaliza\u00e7\u00e3o econ\u00f4mica do Centro de Natal"},"content":{"rendered":"\n<p>A Assembleia Legislativa realizar\u00e1 uma Audi\u00eancia P\u00fablica intitulada \u201cRevitaliza\u00e7\u00e3o econ\u00f4mica do Centro de Natal\u201d. O debate est\u00e1 previsto para o dia 26 de setembro, \u00e0s 14h, no Audit\u00f3rio Cortez Pereira, por uma propositura do deputado estadual Ubaldo Fernandes (PSDB). A iniciativa, segundo ele, apoiar\u00e1 uma campanha de revitaliza\u00e7\u00e3o, que j\u00e1 denominou de \u201cAbrace o Centro de Natal\u201d.<\/p>\n\n\n\n<p>Para o parlamentar, \u00e9 urgente a necessidade de discutir alternativas para a revitaliza\u00e7\u00e3o econ\u00f4mica, atra\u00e7\u00e3o de investimentos, potencializa\u00e7\u00e3o das propriedades produtivas e gera\u00e7\u00e3o de emprego e renda, al\u00e9m da melhoria da seguran\u00e7a p\u00fablica da regi\u00e3o. \u201cUm dos primeiros bairros de Natal, a Cidade Alta sofre com o abandono. Comerciantes est\u00e3o desesperados com o movimento fraco. Eles reclamam da falta de seguran\u00e7a e altos pre\u00e7os de alugu\u00e9is, lamentando a triste situa\u00e7\u00e3o econ\u00f4mica da \u00e1rea\u201d, ressalva.<\/p>\n\n\n\n<p>Fernandes destaca que diversas lojas fecharam ao longo dos \u00faltimos anos e pr\u00e9dios exibem faixas de \u2018aluga-se\u2019. \u201cPara alguns, trata-se de um caminho sem volta. Para outros, \u00e9 poss\u00edvel minimizar ou at\u00e9 reverter esta situa\u00e7\u00e3o. E n\u00f3s, representantes p\u00fablicos, estamos aqui para somar nessa luta\u201d, destacou em pronunciamento durante Sess\u00e3o Ordin\u00e1ria, recentemente, conclamando a uni\u00e3o de for\u00e7as para a retomada da atividade comercial no local, j\u00e1 que a falta de provid\u00eancias pode gerar desemprego na cidade.<\/p>\n\n\n\n<p>Para Ubaldo, \u00e9 preciso cobrar a\u00e7\u00f5es dos poderes executivos e empreender iniciativas em conjunto com os empres\u00e1rios e sociedade civil organizada para evitar o fim desse importante espa\u00e7o que emprega tantas fam\u00edlias e \u00e9 importante para a hist\u00f3ria de Natal e do RN. \u201cOs problemas apontados incluem o abandono por parte do setor p\u00fablico e o desinteresse da popula\u00e7\u00e3o, que deixa de ir ao centro por medo da viol\u00eancia. Com o fechamento das lojas \u00e2ncora e abertura de novos shoppings, s\u00f3 piora a situa\u00e7\u00e3o. Precisamos debater sobre solu\u00e7\u00f5es para resgatar a Cidade Alta\u201d.<\/p>\n\n\n\n<p>O Deputado, contudo, enfatiza que alguns investimentos v\u00eam sendo realizados pela Prefeitura do Natal, como a reestrutura\u00e7\u00e3o da Rua Jo\u00e3o Pessoa e a revitaliza\u00e7\u00e3o do Beco da Lama, mas observa que essas a\u00e7\u00f5es n\u00e3o s\u00e3o suficientes para a retomada no movimento comercial. \u201c\u00c9 preciso que os t\u00e9cnicos, os estudiosos da Prefeitura do Natal, junto com o Governo do Estado, possam come\u00e7ar a rever essa quest\u00e3o. Precisamos que o Centro da cidade possa voltar ao que era antes\u201d, declarou.<\/p>\n\n\n\n<p>Mat\u00e9ria publicada no <a href=\"https:\/\/diariodorn.com.br\/deputados-debatem-revitalizacao-da-cidade\/\">Portal Di\u00e1rio do RN<\/a>. <\/p>\n","protected":false},"featured_media":5894,"parent":0,"template":"","class_list":["post-5890","news","type-news","status-publish","has-post-thumbnail","hentry"],"acf":[],"yoast_head":"<!-- This site is optimized with the Yoast SEO plugin v24.6 - https:\/\/yoast.com\/wordpress\/plugins\/seo\/ -->\n<title>Deputados debatem revitaliza\u00e7\u00e3o econ\u00f4mica do Centro de Natal - Ubaldo Fernandes<\/title>\n<meta name=\"robots\" content=\"index, follow, max-snippet:-1, max-image-preview:large, max-video-preview:-1\" \/>\n<link rel=\"canonical\" href=\"https:\/\/ubaldofernandes.com\/index.php\/news\/deputados-debatem-revitalizacao-economica-do-centro-de-natal\/\" \/>\n<meta property=\"og:locale\" content=\"pt_BR\" \/>\n<meta property=\"og:type\" content=\"article\" \/>\n<meta property=\"og:title\" content=\"Deputados debatem revitaliza\u00e7\u00e3o econ\u00f4mica do Centro de Natal - Ubaldo Fernandes\" \/>\n<meta property=\"og:description\" content=\"A Assembleia Legislativa realizar\u00e1 uma Audi\u00eancia P\u00fablica intitulada \u201cRevitaliza\u00e7\u00e3o econ\u00f4mica do Centro de Natal\u201d. O debate est\u00e1 previsto para o dia 26 de setembro, \u00e0s 14h, no Audit\u00f3rio Cortez Pereira, por uma propositura do deputado estadual Ubaldo Fernandes (PSDB). A iniciativa, segundo ele, apoiar\u00e1 uma campanha de revitaliza\u00e7\u00e3o, que j\u00e1 denominou de \u201cAbrace o Centro [&hellip;]\" \/>\n<meta property=\"og:url\" content=\"https:\/\/ubaldofernandes.com\/index.php\/news\/deputados-debatem-revitalizacao-economica-do-centro-de-natal\/\" \/>\n<meta property=\"og:site_name\" content=\"Ubaldo Fernandes\" \/>\n<meta property=\"article:modified_time\" content=\"2023-09-20T14:47:52+00:00\" \/>\n<meta property=\"og:image\" content=\"https:\/\/ubaldofernandes.com\/wp-content\/uploads\/2023\/09\/Ubaldo-Fernandes-1024x683-1-1.jpg\" \/>\n\t<meta property=\"og:image:width\" content=\"1024\" \/>\n\t<meta property=\"og:image:height\" content=\"683\" \/>\n\t<meta property=\"og:image:type\" content=\"image\/jpeg\" \/>\n<meta name=\"twitter:card\" content=\"summary_large_image\" \/>\n<meta name=\"twitter:label1\" content=\"Est. tempo de leitura\" \/>\n\t<meta name=\"twitter:data1\" content=\"2 minutos\" \/>\n<script type=\"application\/ld+json\" class=\"yoast-schema-graph\">{\"@context\":\"https:\/\/schema.org\",\"@graph\":[{\"@type\":\"WebPage\",\"@id\":\"https:\/\/ubaldofernandes.com\/index.php\/news\/deputados-debatem-revitalizacao-economica-do-centro-de-natal\/\",\"url\":\"https:\/\/ubaldofernandes.com\/index.php\/news\/deputados-debatem-revitalizacao-economica-do-centro-de-natal\/\",\"name\":\"Deputados debatem revitaliza\u00e7\u00e3o econ\u00f4mica do Centro de Natal - Ubaldo Fernandes\",\"isPartOf\":{\"@id\":\"https:\/\/ubaldofernandes.com\/#website\"},\"primaryImageOfPage\":{\"@id\":\"https:\/\/ubaldofernandes.com\/index.php\/news\/deputados-debatem-revitalizacao-economica-do-centro-de-natal\/#primaryimage\"},\"image\":{\"@id\":\"https:\/\/ubaldofernandes.com\/index.php\/news\/deputados-debatem-revitalizacao-economica-do-centro-de-natal\/#primaryimage\"},\"thumbnailUrl\":\"https:\/\/ubaldofernandes.com\/wp-content\/uploads\/2023\/09\/Ubaldo-Fernandes-1024x683-1-1.jpg\",\"datePublished\":\"2023-09-20T14:47:51+00:00\",\"dateModified\":\"2023-09-20T14:47:52+00:00\",\"breadcrumb\":{\"@id\":\"https:\/\/ubaldofernandes.com\/index.php\/news\/deputados-debatem-revitalizacao-economica-do-centro-de-natal\/#breadcrumb\"},\"inLanguage\":\"pt-BR\",\"potentialAction\":[{\"@type\":\"ReadAction\",\"target\":[\"https:\/\/ubaldofernandes.com\/index.php\/news\/deputados-debatem-revitalizacao-economica-do-centro-de-natal\/\"]}]},{\"@type\":\"ImageObject\",\"inLanguage\":\"pt-BR\",\"@id\":\"https:\/\/ubaldofernandes.com\/index.php\/news\/deputados-debatem-revitalizacao-economica-do-centro-de-natal\/#primaryimage\",\"url\":\"https:\/\/ubaldofernandes.com\/wp-content\/uploads\/2023\/09\/Ubaldo-Fernandes-1024x683-1-1.jpg\",\"contentUrl\":\"https:\/\/ubaldofernandes.com\/wp-content\/uploads\/2023\/09\/Ubaldo-Fernandes-1024x683-1-1.jpg\",\"width\":1024,\"height\":683},{\"@type\":\"BreadcrumbList\",\"@id\":\"https:\/\/ubaldofernandes.com\/index.php\/news\/deputados-debatem-revitalizacao-economica-do-centro-de-natal\/#breadcrumb\",\"itemListElement\":[{\"@type\":\"ListItem\",\"position\":1,\"name\":\"In\u00edcio\",\"item\":\"https:\/\/ubaldofernandes.com\/\"},{\"@type\":\"ListItem\",\"position\":2,\"name\":\"Not\u00edcias\",\"item\":\"https:\/\/ubaldofernandes.com\/index.php\/news\/\"},{\"@type\":\"ListItem\",\"position\":3,\"name\":\"Deputados debatem revitaliza\u00e7\u00e3o econ\u00f4mica do Centro de Natal\"}]},{\"@type\":\"WebSite\",\"@id\":\"https:\/\/ubaldofernandes.com\/#website\",\"url\":\"https:\/\/ubaldofernandes.com\/\",\"name\":\"Ubaldo Fernandes\",\"description\":\"Deputado Estadual\",\"potentialAction\":[{\"@type\":\"SearchAction\",\"target\":{\"@type\":\"EntryPoint\",\"urlTemplate\":\"https:\/\/ubaldofernandes.com\/?s={search_term_string}\"},\"query-input\":{\"@type\":\"PropertyValueSpecification\",\"valueRequired\":true,\"valueName\":\"search_term_string\"}}],\"inLanguage\":\"pt-BR\"}]}<\/script>\n<!-- \/ Yoast SEO plugin. -->","yoast_head_json":{"title":"Deputados debatem revitaliza\u00e7\u00e3o econ\u00f4mica do Centro de Natal - Ubaldo Fernandes","robots":{"index":"index","follow":"follow","max-snippet":"max-snippet:-1","max-image-preview":"max-image-preview:large","max-video-preview":"max-video-preview:-1"},"canonical":"https:\/\/ubaldofernandes.com\/index.php\/news\/deputados-debatem-revitalizacao-economica-do-centro-de-natal\/","og_locale":"pt_BR","og_type":"article","og_title":"Deputados debatem revitaliza\u00e7\u00e3o econ\u00f4mica do Centro de Natal - Ubaldo Fernandes","og_description":"A Assembleia Legislativa realizar\u00e1 uma Audi\u00eancia P\u00fablica intitulada \u201cRevitaliza\u00e7\u00e3o econ\u00f4mica do Centro de Natal\u201d. O debate est\u00e1 previsto para o dia 26 de setembro, \u00e0s 14h, no Audit\u00f3rio Cortez Pereira, por uma propositura do deputado estadual Ubaldo Fernandes (PSDB). A iniciativa, segundo ele, apoiar\u00e1 uma campanha de revitaliza\u00e7\u00e3o, que j\u00e1 denominou de \u201cAbrace o Centro [&hellip;]","og_url":"https:\/\/ubaldofernandes.com\/index.php\/news\/deputados-debatem-revitalizacao-economica-do-centro-de-natal\/","og_site_name":"Ubaldo Fernandes","article_modified_time":"2023-09-20T14:47:52+00:00","og_image":[{"width":1024,"height":683,"url":"https:\/\/ubaldofernandes.com\/wp-content\/uploads\/2023\/09\/Ubaldo-Fernandes-1024x683-1-1.jpg","type":"image\/jpeg"}],"twitter_card":"summary_large_image","twitter_misc":{"Est. tempo de leitura":"2 minutos"},"schema":{"@context":"https:\/\/schema.org","@graph":[{"@type":"WebPage","@id":"https:\/\/ubaldofernandes.com\/index.php\/news\/deputados-debatem-revitalizacao-economica-do-centro-de-natal\/","url":"https:\/\/ubaldofernandes.com\/index.php\/news\/deputados-debatem-revitalizacao-economica-do-centro-de-natal\/","name":"Deputados debatem revitaliza\u00e7\u00e3o econ\u00f4mica do Centro de Natal - Ubaldo Fernandes","isPartOf":{"@id":"https:\/\/ubaldofernandes.com\/#website"},"primaryImageOfPage":{"@id":"https:\/\/ubaldofernandes.com\/index.php\/news\/deputados-debatem-revitalizacao-economica-do-centro-de-natal\/#primaryimage"},"image":{"@id":"https:\/\/ubaldofernandes.com\/index.php\/news\/deputados-debatem-revitalizacao-economica-do-centro-de-natal\/#primaryimage"},"thumbnailUrl":"https:\/\/ubaldofernandes.com\/wp-content\/uploads\/2023\/09\/Ubaldo-Fernandes-1024x683-1-1.jpg","datePublished":"2023-09-20T14:47:51+00:00","dateModified":"2023-09-20T14:47:52+00:00","breadcrumb":{"@id":"https:\/\/ubaldofernandes.com\/index.php\/news\/deputados-debatem-revitalizacao-economica-do-centro-de-natal\/#breadcrumb"},"inLanguage":"pt-BR","potentialAction":[{"@type":"ReadAction","target":["https:\/\/ubaldofernandes.com\/index.php\/news\/deputados-debatem-revitalizacao-economica-do-centro-de-natal\/"]}]},{"@type":"ImageObject","inLanguage":"pt-BR","@id":"https:\/\/ubaldofernandes.com\/index.php\/news\/deputados-debatem-revitalizacao-economica-do-centro-de-natal\/#primaryimage","url":"https:\/\/ubaldofernandes.com\/wp-content\/uploads\/2023\/09\/Ubaldo-Fernandes-1024x683-1-1.jpg","contentUrl":"https:\/\/ubaldofernandes.com\/wp-content\/uploads\/2023\/09\/Ubaldo-Fernandes-1024x683-1-1.jpg","width":1024,"height":683},{"@type":"BreadcrumbList","@id":"https:\/\/ubaldofernandes.com\/index.php\/news\/deputados-debatem-revitalizacao-economica-do-centro-de-natal\/#breadcrumb","itemListElement":[{"@type":"ListItem","position":1,"name":"In\u00edcio","item":"https:\/\/ubaldofernandes.com\/"},{"@type":"ListItem","position":2,"name":"Not\u00edcias","item":"https:\/\/ubaldofernandes.com\/index.php\/news\/"},{"@type":"ListItem","position":3,"name":"Deputados debatem revitaliza\u00e7\u00e3o econ\u00f4mica do Centro de Natal"}]},{"@type":"WebSite","@id":"https:\/\/ubaldofernandes.com\/#website","url":"https:\/\/ubaldofernandes.com\/","name":"Ubaldo Fernandes","description":"Deputado Estadual","potentialAction":[{"@type":"SearchAction","target":{"@type":"EntryPoint","urlTemplate":"https:\/\/ubaldofernandes.com\/?s={search_term_string}"},"query-input":{"@type":"PropertyValueSpecification","valueRequired":true,"valueName":"search_term_string"}}],"inLanguage":"pt-BR"}]}},"_links":{"self":[{"href":"https:\/\/ubaldofernandes.com\/index.php\/wp-json\/wp\/v2\/news\/5890","targetHints":{"allow":["GET"]}}],"collection":[{"href":"https:\/\/ubaldofernandes.com\/index.php\/wp-json\/wp\/v2\/news"}],"about":[{"href":"https:\/\/ubaldofernandes.com\/index.php\/wp-json\/wp\/v2\/types\/news"}],"wp:featuredmedia":[{"embeddable":true,"href":"https:\/\/ubaldofernandes.com\/index.php\/wp-json\/wp\/v2\/media\/5894"}],"wp:attachment":[{"href":"https:\/\/ubaldofernandes.com\/index.php\/wp-json\/wp\/v2\/media?parent=5890"}],"curies":[{"name":"wp","href":"https:\/\/api.w.org\/{rel}","templated":true}]}}