{"id":5898,"date":"2023-09-22T17:55:00","date_gmt":"2023-09-22T20:55:00","guid":{"rendered":"https:\/\/ubaldofernandes.com\/?post_type=news&#038;p=5898"},"modified":"2023-09-25T11:19:47","modified_gmt":"2023-09-25T14:19:47","slug":"ubaldo-tem-razao","status":"publish","type":"news","link":"https:\/\/ubaldofernandes.com\/index.php\/news\/ubaldo-tem-razao\/","title":{"rendered":"Ubaldo tem raz\u00e3o"},"content":{"rendered":"\n<p>O deputado estadual Ubaldo Fernandes est\u00e1 preocupado com a decad\u00eancia do com\u00e9rcio e da apar\u00eancia do Centro de Natal. Teme que o decl\u00ednio da Cidade Alta transforme a regi\u00e3o em uma Nova Ribeira, a cara do abandono.<\/p>\n\n\n\n<p>Ele tem raz\u00e3o.<\/p>\n\n\n\n<p>Para tentar evitar que isso ocorra, o deputado est\u00e1 se mobilizando e uma das primeiras medidas \u00e9 realizar um audi\u00eancia p\u00fablica para jogar luz no problema e sensibilizar as autoridades do Executivo para reagirem antes que os empregos e a arrecada\u00e7\u00e3o de impostos cheguem a um \u00edndice de fundo de po\u00e7o.<\/p>\n\n\n\n<p>Audi\u00eancia P\u00fablica \u201cRevitaliza\u00e7\u00e3o econ\u00f4mica do Centro de Natal\u201d vai acontecer acontecer no dia 26 de setembro, \u00e0s 14h, no Audit\u00f3rio Cortez Pereira. A iniciativa, segundo o parlamentar, apoiar\u00e1 uma campanha de revitaliza\u00e7\u00e3o que j\u00e1 se denominou de \u201cAbrace o Centro de Natal\u201d.<\/p>\n\n\n\n<p>Mat\u00e9ria publicada no <a href=\"https:\/\/blogdowashington.com.br\/ubaldo-tem-razao\/\">Blog do Washington<\/a>. <\/p>\n","protected":false},"featured_media":5680,"parent":0,"template":"","class_list":["post-5898","news","type-news","status-publish","has-post-thumbnail","hentry"],"acf":[],"yoast_head":"<!-- This site is optimized with the Yoast SEO plugin v24.6 - https:\/\/yoast.com\/wordpress\/plugins\/seo\/ -->\n<title>Ubaldo tem raz\u00e3o - Ubaldo Fernandes<\/title>\n<meta name=\"robots\" content=\"index, follow, max-snippet:-1, max-image-preview:large, max-video-preview:-1\" \/>\n<link rel=\"canonical\" href=\"https:\/\/ubaldofernandes.com\/index.php\/news\/ubaldo-tem-razao\/\" \/>\n<meta property=\"og:locale\" content=\"pt_BR\" \/>\n<meta property=\"og:type\" content=\"article\" \/>\n<meta property=\"og:title\" content=\"Ubaldo tem raz\u00e3o - Ubaldo Fernandes\" \/>\n<meta property=\"og:description\" content=\"O deputado estadual Ubaldo Fernandes est\u00e1 preocupado com a decad\u00eancia do com\u00e9rcio e da apar\u00eancia do Centro de Natal. Teme que o decl\u00ednio da Cidade Alta transforme a regi\u00e3o em uma Nova Ribeira, a cara do abandono. Ele tem raz\u00e3o. Para tentar evitar que isso ocorra, o deputado est\u00e1 se mobilizando e uma das primeiras [&hellip;]\" \/>\n<meta property=\"og:url\" content=\"https:\/\/ubaldofernandes.com\/index.php\/news\/ubaldo-tem-razao\/\" \/>\n<meta property=\"og:site_name\" content=\"Ubaldo Fernandes\" \/>\n<meta property=\"article:modified_time\" content=\"2023-09-25T14:19:47+00:00\" \/>\n<meta property=\"og:image\" content=\"https:\/\/ubaldofernandes.com\/wp-content\/uploads\/2023\/08\/Ubaldo-Plenario.jpg\" \/>\n\t<meta property=\"og:image:width\" content=\"1620\" \/>\n\t<meta property=\"og:image:height\" content=\"1080\" \/>\n\t<meta property=\"og:image:type\" content=\"image\/jpeg\" \/>\n<meta name=\"twitter:card\" content=\"summary_large_image\" \/>\n<meta name=\"twitter:label1\" content=\"Est. tempo de leitura\" \/>\n\t<meta name=\"twitter:data1\" content=\"1 minuto\" \/>\n<script type=\"application\/ld+json\" class=\"yoast-schema-graph\">{\"@context\":\"https:\/\/schema.org\",\"@graph\":[{\"@type\":\"WebPage\",\"@id\":\"https:\/\/ubaldofernandes.com\/index.php\/news\/ubaldo-tem-razao\/\",\"url\":\"https:\/\/ubaldofernandes.com\/index.php\/news\/ubaldo-tem-razao\/\",\"name\":\"Ubaldo tem raz\u00e3o - Ubaldo Fernandes\",\"isPartOf\":{\"@id\":\"https:\/\/ubaldofernandes.com\/#website\"},\"primaryImageOfPage\":{\"@id\":\"https:\/\/ubaldofernandes.com\/index.php\/news\/ubaldo-tem-razao\/#primaryimage\"},\"image\":{\"@id\":\"https:\/\/ubaldofernandes.com\/index.php\/news\/ubaldo-tem-razao\/#primaryimage\"},\"thumbnailUrl\":\"https:\/\/ubaldofernandes.com\/wp-content\/uploads\/2023\/08\/Ubaldo-Plenario.jpg\",\"datePublished\":\"2023-09-22T20:55:00+00:00\",\"dateModified\":\"2023-09-25T14:19:47+00:00\",\"breadcrumb\":{\"@id\":\"https:\/\/ubaldofernandes.com\/index.php\/news\/ubaldo-tem-razao\/#breadcrumb\"},\"inLanguage\":\"pt-BR\",\"potentialAction\":[{\"@type\":\"ReadAction\",\"target\":[\"https:\/\/ubaldofernandes.com\/index.php\/news\/ubaldo-tem-razao\/\"]}]},{\"@type\":\"ImageObject\",\"inLanguage\":\"pt-BR\",\"@id\":\"https:\/\/ubaldofernandes.com\/index.php\/news\/ubaldo-tem-razao\/#primaryimage\",\"url\":\"https:\/\/ubaldofernandes.com\/wp-content\/uploads\/2023\/08\/Ubaldo-Plenario.jpg\",\"contentUrl\":\"https:\/\/ubaldofernandes.com\/wp-content\/uploads\/2023\/08\/Ubaldo-Plenario.jpg\",\"width\":1620,\"height\":1080},{\"@type\":\"BreadcrumbList\",\"@id\":\"https:\/\/ubaldofernandes.com\/index.php\/news\/ubaldo-tem-razao\/#breadcrumb\",\"itemListElement\":[{\"@type\":\"ListItem\",\"position\":1,\"name\":\"In\u00edcio\",\"item\":\"https:\/\/ubaldofernandes.com\/\"},{\"@type\":\"ListItem\",\"position\":2,\"name\":\"Not\u00edcias\",\"item\":\"https:\/\/ubaldofernandes.com\/index.php\/news\/\"},{\"@type\":\"ListItem\",\"position\":3,\"name\":\"Ubaldo tem raz\u00e3o\"}]},{\"@type\":\"WebSite\",\"@id\":\"https:\/\/ubaldofernandes.com\/#website\",\"url\":\"https:\/\/ubaldofernandes.com\/\",\"name\":\"Ubaldo Fernandes\",\"description\":\"Deputado Estadual\",\"potentialAction\":[{\"@type\":\"SearchAction\",\"target\":{\"@type\":\"EntryPoint\",\"urlTemplate\":\"https:\/\/ubaldofernandes.com\/?s={search_term_string}\"},\"query-input\":{\"@type\":\"PropertyValueSpecification\",\"valueRequired\":true,\"valueName\":\"search_term_string\"}}],\"inLanguage\":\"pt-BR\"}]}<\/script>\n<!-- \/ Yoast SEO plugin. -->","yoast_head_json":{"title":"Ubaldo tem raz\u00e3o - Ubaldo Fernandes","robots":{"index":"index","follow":"follow","max-snippet":"max-snippet:-1","max-image-preview":"max-image-preview:large","max-video-preview":"max-video-preview:-1"},"canonical":"https:\/\/ubaldofernandes.com\/index.php\/news\/ubaldo-tem-razao\/","og_locale":"pt_BR","og_type":"article","og_title":"Ubaldo tem raz\u00e3o - Ubaldo Fernandes","og_description":"O deputado estadual Ubaldo Fernandes est\u00e1 preocupado com a decad\u00eancia do com\u00e9rcio e da apar\u00eancia do Centro de Natal. Teme que o decl\u00ednio da Cidade Alta transforme a regi\u00e3o em uma Nova Ribeira, a cara do abandono. Ele tem raz\u00e3o. Para tentar evitar que isso ocorra, o deputado est\u00e1 se mobilizando e uma das primeiras [&hellip;]","og_url":"https:\/\/ubaldofernandes.com\/index.php\/news\/ubaldo-tem-razao\/","og_site_name":"Ubaldo Fernandes","article_modified_time":"2023-09-25T14:19:47+00:00","og_image":[{"width":1620,"height":1080,"url":"https:\/\/ubaldofernandes.com\/wp-content\/uploads\/2023\/08\/Ubaldo-Plenario.jpg","type":"image\/jpeg"}],"twitter_card":"summary_large_image","twitter_misc":{"Est. tempo de leitura":"1 minuto"},"schema":{"@context":"https:\/\/schema.org","@graph":[{"@type":"WebPage","@id":"https:\/\/ubaldofernandes.com\/index.php\/news\/ubaldo-tem-razao\/","url":"https:\/\/ubaldofernandes.com\/index.php\/news\/ubaldo-tem-razao\/","name":"Ubaldo tem raz\u00e3o - Ubaldo Fernandes","isPartOf":{"@id":"https:\/\/ubaldofernandes.com\/#website"},"primaryImageOfPage":{"@id":"https:\/\/ubaldofernandes.com\/index.php\/news\/ubaldo-tem-razao\/#primaryimage"},"image":{"@id":"https:\/\/ubaldofernandes.com\/index.php\/news\/ubaldo-tem-razao\/#primaryimage"},"thumbnailUrl":"https:\/\/ubaldofernandes.com\/wp-content\/uploads\/2023\/08\/Ubaldo-Plenario.jpg","datePublished":"2023-09-22T20:55:00+00:00","dateModified":"2023-09-25T14:19:47+00:00","breadcrumb":{"@id":"https:\/\/ubaldofernandes.com\/index.php\/news\/ubaldo-tem-razao\/#breadcrumb"},"inLanguage":"pt-BR","potentialAction":[{"@type":"ReadAction","target":["https:\/\/ubaldofernandes.com\/index.php\/news\/ubaldo-tem-razao\/"]}]},{"@type":"ImageObject","inLanguage":"pt-BR","@id":"https:\/\/ubaldofernandes.com\/index.php\/news\/ubaldo-tem-razao\/#primaryimage","url":"https:\/\/ubaldofernandes.com\/wp-content\/uploads\/2023\/08\/Ubaldo-Plenario.jpg","contentUrl":"https:\/\/ubaldofernandes.com\/wp-content\/uploads\/2023\/08\/Ubaldo-Plenario.jpg","width":1620,"height":1080},{"@type":"BreadcrumbList","@id":"https:\/\/ubaldofernandes.com\/index.php\/news\/ubaldo-tem-razao\/#breadcrumb","itemListElement":[{"@type":"ListItem","position":1,"name":"In\u00edcio","item":"https:\/\/ubaldofernandes.com\/"},{"@type":"ListItem","position":2,"name":"Not\u00edcias","item":"https:\/\/ubaldofernandes.com\/index.php\/news\/"},{"@type":"ListItem","position":3,"name":"Ubaldo tem raz\u00e3o"}]},{"@type":"WebSite","@id":"https:\/\/ubaldofernandes.com\/#website","url":"https:\/\/ubaldofernandes.com\/","name":"Ubaldo Fernandes","description":"Deputado Estadual","potentialAction":[{"@type":"SearchAction","target":{"@type":"EntryPoint","urlTemplate":"https:\/\/ubaldofernandes.com\/?s={search_term_string}"},"query-input":{"@type":"PropertyValueSpecification","valueRequired":true,"valueName":"search_term_string"}}],"inLanguage":"pt-BR"}]}},"_links":{"self":[{"href":"https:\/\/ubaldofernandes.com\/index.php\/wp-json\/wp\/v2\/news\/5898","targetHints":{"allow":["GET"]}}],"collection":[{"href":"https:\/\/ubaldofernandes.com\/index.php\/wp-json\/wp\/v2\/news"}],"about":[{"href":"https:\/\/ubaldofernandes.com\/index.php\/wp-json\/wp\/v2\/types\/news"}],"wp:featuredmedia":[{"embeddable":true,"href":"https:\/\/ubaldofernandes.com\/index.php\/wp-json\/wp\/v2\/media\/5680"}],"wp:attachment":[{"href":"https:\/\/ubaldofernandes.com\/index.php\/wp-json\/wp\/v2\/media?parent=5898"}],"curies":[{"name":"wp","href":"https:\/\/api.w.org\/{rel}","templated":true}]}}