{"id":6053,"date":"2023-10-07T11:58:00","date_gmt":"2023-10-07T14:58:00","guid":{"rendered":"https:\/\/ubaldofernandes.com\/?post_type=news&#038;p=6053"},"modified":"2023-10-09T10:59:14","modified_gmt":"2023-10-09T13:59:14","slug":"comite-criado-para-lutar-por-revitalizacao-do-centro-se-reune-segunda-feira-na-alrn","status":"publish","type":"news","link":"https:\/\/ubaldofernandes.com\/index.php\/news\/comite-criado-para-lutar-por-revitalizacao-do-centro-se-reune-segunda-feira-na-alrn\/","title":{"rendered":"Comit\u00ea criado para lutar por revitaliza\u00e7\u00e3o do Centro se re\u00fane segunda-feira na ALRN"},"content":{"rendered":"\n<p>A Assembleia Legislativa do Rio Grande do Norte debate, nesta segunda-feira (9), \u00e0s 11h, a situa\u00e7\u00e3o do Centro de Natal, especialmente dos problemas enfrentados por moradores e comerciantes da Cidade Alta e Ribeira. O Comit\u00ea Multidisciplinar, com participa\u00e7\u00e3o de representantes dos comerciantes e organiza\u00e7\u00f5es empresariais, que foi criado ap\u00f3s a \u00faltima Audi\u00eancia P\u00fablica realizada pelo deputado estadual Ubaldo Fernandes (PSDB).<\/p>\n\n\n\n<p>O objetivo \u00e9 fortalecer a cobran\u00e7a aos entes do Munic\u00edpio e do Governo com sugest\u00f5es de medidas que consideram priorit\u00e1rias. Ir\u00e3o ao Poder Legislativo representantes do Viva Centro, Fecom\u00e9rcio, CDL, Creci, al\u00e9m de lojistas diversos. &#8220;Buscamos apresentar solu\u00e7\u00f5es concretas para revitalizar essa \u00e1rea crucial para a cidade de Natal, promovendo desenvolvimento socioecon\u00f4mico e a qualidade de vida dos moradores. Acreditamos que, ao trabalhar em conjunto e implementar essas a\u00e7\u00f5es, poderemos resgatar o potencial econ\u00f4mico e social da regi\u00e3o, criando ambiente atrativo, seguro e pr\u00f3spero para toda a sociedade&#8221;, destaca Ubaldo, que refor\u00e7a a necessidade de o poder p\u00fablico fomentar e revitalizar o com\u00e9rcio da \u00e1rea.<\/p>\n\n\n\n<p>A ideia \u00e9 dar continuidade aos encaminhamentos do debate anterior, como por exemplo, analisar dados e ver necessidades de interven\u00e7\u00f5es na \u00e1rea; elaborar plano de revitaliza\u00e7\u00e3o baseado nas necessidades identificadas, melhorias f\u00edsicas, seguran\u00e7a e estimulo ao com\u00e9rcio local; considerar a cria\u00e7\u00e3o de \u00e1reas de lazer, espa\u00e7os verdes e espa\u00e7os culturais no Centro de Natal; incentivar parcerias entre Poder P\u00fablico e iniciativa privada para financiamento de revitaliza\u00e7\u00e3o; considerar pacote de incentivos fiscais e concess\u00f5es para a \u00e1rea; buscar recursos junto a institui\u00e7\u00f5es financeiras e programas governamentais voltados \u00e0 revitaliza\u00e7\u00e3o urbana; discutir um programa de seguran\u00e7a comunit\u00e1ria; e criar um comit\u00ea de monitoramento para acompanhar implementa\u00e7\u00e3o das propostas, avaliar periodicamente e garantir o alcance dos objetivos.<\/p>\n\n\n\n<p>Mat\u00e9ria publicada na <a href=\"http:\/\/www.tribunadonorte.com.br\/noticia\/comita-debate-revitalizaa-a-o-do-centro-de-natal-nesta-segunda-9\/573507\">Tribuna do Norte<\/a>. <\/p>\n","protected":false},"featured_media":6054,"parent":0,"template":"","class_list":["post-6053","news","type-news","status-publish","has-post-thumbnail","hentry"],"acf":[],"yoast_head":"<!-- This site is optimized with the Yoast SEO plugin v24.6 - https:\/\/yoast.com\/wordpress\/plugins\/seo\/ -->\n<title>Comit\u00ea criado para lutar por revitaliza\u00e7\u00e3o do Centro se re\u00fane segunda-feira na ALRN - Ubaldo Fernandes<\/title>\n<meta name=\"robots\" content=\"index, follow, max-snippet:-1, max-image-preview:large, max-video-preview:-1\" \/>\n<link rel=\"canonical\" href=\"https:\/\/ubaldofernandes.com\/index.php\/news\/comite-criado-para-lutar-por-revitalizacao-do-centro-se-reune-segunda-feira-na-alrn\/\" \/>\n<meta property=\"og:locale\" content=\"pt_BR\" \/>\n<meta property=\"og:type\" content=\"article\" \/>\n<meta property=\"og:title\" content=\"Comit\u00ea criado para lutar por revitaliza\u00e7\u00e3o do Centro se re\u00fane segunda-feira na ALRN - Ubaldo Fernandes\" \/>\n<meta property=\"og:description\" content=\"A Assembleia Legislativa do Rio Grande do Norte debate, nesta segunda-feira (9), \u00e0s 11h, a situa\u00e7\u00e3o do Centro de Natal, especialmente dos problemas enfrentados por moradores e comerciantes da Cidade Alta e Ribeira. O Comit\u00ea Multidisciplinar, com participa\u00e7\u00e3o de representantes dos comerciantes e organiza\u00e7\u00f5es empresariais, que foi criado ap\u00f3s a \u00faltima Audi\u00eancia P\u00fablica realizada pelo [&hellip;]\" \/>\n<meta property=\"og:url\" content=\"https:\/\/ubaldofernandes.com\/index.php\/news\/comite-criado-para-lutar-por-revitalizacao-do-centro-se-reune-segunda-feira-na-alrn\/\" \/>\n<meta property=\"og:site_name\" content=\"Ubaldo Fernandes\" \/>\n<meta property=\"article:modified_time\" content=\"2023-10-09T13:59:14+00:00\" \/>\n<meta property=\"og:image\" content=\"https:\/\/ubaldofernandes.com\/wp-content\/uploads\/2023\/10\/comite-Cidade-Alta.jpg\" \/>\n\t<meta property=\"og:image:width\" content=\"600\" \/>\n\t<meta property=\"og:image:height\" content=\"397\" \/>\n\t<meta property=\"og:image:type\" content=\"image\/jpeg\" \/>\n<meta name=\"twitter:card\" content=\"summary_large_image\" \/>\n<meta name=\"twitter:label1\" content=\"Est. tempo de leitura\" \/>\n\t<meta name=\"twitter:data1\" content=\"2 minutos\" \/>\n<script type=\"application\/ld+json\" class=\"yoast-schema-graph\">{\"@context\":\"https:\/\/schema.org\",\"@graph\":[{\"@type\":\"WebPage\",\"@id\":\"https:\/\/ubaldofernandes.com\/index.php\/news\/comite-criado-para-lutar-por-revitalizacao-do-centro-se-reune-segunda-feira-na-alrn\/\",\"url\":\"https:\/\/ubaldofernandes.com\/index.php\/news\/comite-criado-para-lutar-por-revitalizacao-do-centro-se-reune-segunda-feira-na-alrn\/\",\"name\":\"Comit\u00ea criado para lutar por revitaliza\u00e7\u00e3o do Centro se re\u00fane segunda-feira na ALRN - Ubaldo Fernandes\",\"isPartOf\":{\"@id\":\"https:\/\/ubaldofernandes.com\/#website\"},\"primaryImageOfPage\":{\"@id\":\"https:\/\/ubaldofernandes.com\/index.php\/news\/comite-criado-para-lutar-por-revitalizacao-do-centro-se-reune-segunda-feira-na-alrn\/#primaryimage\"},\"image\":{\"@id\":\"https:\/\/ubaldofernandes.com\/index.php\/news\/comite-criado-para-lutar-por-revitalizacao-do-centro-se-reune-segunda-feira-na-alrn\/#primaryimage\"},\"thumbnailUrl\":\"https:\/\/ubaldofernandes.com\/wp-content\/uploads\/2023\/10\/comite-Cidade-Alta.jpg\",\"datePublished\":\"2023-10-07T14:58:00+00:00\",\"dateModified\":\"2023-10-09T13:59:14+00:00\",\"breadcrumb\":{\"@id\":\"https:\/\/ubaldofernandes.com\/index.php\/news\/comite-criado-para-lutar-por-revitalizacao-do-centro-se-reune-segunda-feira-na-alrn\/#breadcrumb\"},\"inLanguage\":\"pt-BR\",\"potentialAction\":[{\"@type\":\"ReadAction\",\"target\":[\"https:\/\/ubaldofernandes.com\/index.php\/news\/comite-criado-para-lutar-por-revitalizacao-do-centro-se-reune-segunda-feira-na-alrn\/\"]}]},{\"@type\":\"ImageObject\",\"inLanguage\":\"pt-BR\",\"@id\":\"https:\/\/ubaldofernandes.com\/index.php\/news\/comite-criado-para-lutar-por-revitalizacao-do-centro-se-reune-segunda-feira-na-alrn\/#primaryimage\",\"url\":\"https:\/\/ubaldofernandes.com\/wp-content\/uploads\/2023\/10\/comite-Cidade-Alta.jpg\",\"contentUrl\":\"https:\/\/ubaldofernandes.com\/wp-content\/uploads\/2023\/10\/comite-Cidade-Alta.jpg\",\"width\":600,\"height\":397,\"caption\":\"22\/08\/2023\/ Felipe Salustino (Economia) Lojas fechada na cidade alta Foto.Magnus Nascimento\"},{\"@type\":\"BreadcrumbList\",\"@id\":\"https:\/\/ubaldofernandes.com\/index.php\/news\/comite-criado-para-lutar-por-revitalizacao-do-centro-se-reune-segunda-feira-na-alrn\/#breadcrumb\",\"itemListElement\":[{\"@type\":\"ListItem\",\"position\":1,\"name\":\"In\u00edcio\",\"item\":\"https:\/\/ubaldofernandes.com\/\"},{\"@type\":\"ListItem\",\"position\":2,\"name\":\"Not\u00edcias\",\"item\":\"https:\/\/ubaldofernandes.com\/index.php\/news\/\"},{\"@type\":\"ListItem\",\"position\":3,\"name\":\"Comit\u00ea criado para lutar por revitaliza\u00e7\u00e3o do Centro se re\u00fane segunda-feira na ALRN\"}]},{\"@type\":\"WebSite\",\"@id\":\"https:\/\/ubaldofernandes.com\/#website\",\"url\":\"https:\/\/ubaldofernandes.com\/\",\"name\":\"Ubaldo Fernandes\",\"description\":\"Deputado Estadual\",\"potentialAction\":[{\"@type\":\"SearchAction\",\"target\":{\"@type\":\"EntryPoint\",\"urlTemplate\":\"https:\/\/ubaldofernandes.com\/?s={search_term_string}\"},\"query-input\":{\"@type\":\"PropertyValueSpecification\",\"valueRequired\":true,\"valueName\":\"search_term_string\"}}],\"inLanguage\":\"pt-BR\"}]}<\/script>\n<!-- \/ Yoast SEO plugin. -->","yoast_head_json":{"title":"Comit\u00ea criado para lutar por revitaliza\u00e7\u00e3o do Centro se re\u00fane segunda-feira na ALRN - Ubaldo Fernandes","robots":{"index":"index","follow":"follow","max-snippet":"max-snippet:-1","max-image-preview":"max-image-preview:large","max-video-preview":"max-video-preview:-1"},"canonical":"https:\/\/ubaldofernandes.com\/index.php\/news\/comite-criado-para-lutar-por-revitalizacao-do-centro-se-reune-segunda-feira-na-alrn\/","og_locale":"pt_BR","og_type":"article","og_title":"Comit\u00ea criado para lutar por revitaliza\u00e7\u00e3o do Centro se re\u00fane segunda-feira na ALRN - Ubaldo Fernandes","og_description":"A Assembleia Legislativa do Rio Grande do Norte debate, nesta segunda-feira (9), \u00e0s 11h, a situa\u00e7\u00e3o do Centro de Natal, especialmente dos problemas enfrentados por moradores e comerciantes da Cidade Alta e Ribeira. O Comit\u00ea Multidisciplinar, com participa\u00e7\u00e3o de representantes dos comerciantes e organiza\u00e7\u00f5es empresariais, que foi criado ap\u00f3s a \u00faltima Audi\u00eancia P\u00fablica realizada pelo [&hellip;]","og_url":"https:\/\/ubaldofernandes.com\/index.php\/news\/comite-criado-para-lutar-por-revitalizacao-do-centro-se-reune-segunda-feira-na-alrn\/","og_site_name":"Ubaldo Fernandes","article_modified_time":"2023-10-09T13:59:14+00:00","og_image":[{"width":600,"height":397,"url":"https:\/\/ubaldofernandes.com\/wp-content\/uploads\/2023\/10\/comite-Cidade-Alta.jpg","type":"image\/jpeg"}],"twitter_card":"summary_large_image","twitter_misc":{"Est. tempo de leitura":"2 minutos"},"schema":{"@context":"https:\/\/schema.org","@graph":[{"@type":"WebPage","@id":"https:\/\/ubaldofernandes.com\/index.php\/news\/comite-criado-para-lutar-por-revitalizacao-do-centro-se-reune-segunda-feira-na-alrn\/","url":"https:\/\/ubaldofernandes.com\/index.php\/news\/comite-criado-para-lutar-por-revitalizacao-do-centro-se-reune-segunda-feira-na-alrn\/","name":"Comit\u00ea criado para lutar por revitaliza\u00e7\u00e3o do Centro se re\u00fane segunda-feira na ALRN - Ubaldo Fernandes","isPartOf":{"@id":"https:\/\/ubaldofernandes.com\/#website"},"primaryImageOfPage":{"@id":"https:\/\/ubaldofernandes.com\/index.php\/news\/comite-criado-para-lutar-por-revitalizacao-do-centro-se-reune-segunda-feira-na-alrn\/#primaryimage"},"image":{"@id":"https:\/\/ubaldofernandes.com\/index.php\/news\/comite-criado-para-lutar-por-revitalizacao-do-centro-se-reune-segunda-feira-na-alrn\/#primaryimage"},"thumbnailUrl":"https:\/\/ubaldofernandes.com\/wp-content\/uploads\/2023\/10\/comite-Cidade-Alta.jpg","datePublished":"2023-10-07T14:58:00+00:00","dateModified":"2023-10-09T13:59:14+00:00","breadcrumb":{"@id":"https:\/\/ubaldofernandes.com\/index.php\/news\/comite-criado-para-lutar-por-revitalizacao-do-centro-se-reune-segunda-feira-na-alrn\/#breadcrumb"},"inLanguage":"pt-BR","potentialAction":[{"@type":"ReadAction","target":["https:\/\/ubaldofernandes.com\/index.php\/news\/comite-criado-para-lutar-por-revitalizacao-do-centro-se-reune-segunda-feira-na-alrn\/"]}]},{"@type":"ImageObject","inLanguage":"pt-BR","@id":"https:\/\/ubaldofernandes.com\/index.php\/news\/comite-criado-para-lutar-por-revitalizacao-do-centro-se-reune-segunda-feira-na-alrn\/#primaryimage","url":"https:\/\/ubaldofernandes.com\/wp-content\/uploads\/2023\/10\/comite-Cidade-Alta.jpg","contentUrl":"https:\/\/ubaldofernandes.com\/wp-content\/uploads\/2023\/10\/comite-Cidade-Alta.jpg","width":600,"height":397,"caption":"22\/08\/2023\/ Felipe Salustino (Economia) Lojas fechada na cidade alta Foto.Magnus Nascimento"},{"@type":"BreadcrumbList","@id":"https:\/\/ubaldofernandes.com\/index.php\/news\/comite-criado-para-lutar-por-revitalizacao-do-centro-se-reune-segunda-feira-na-alrn\/#breadcrumb","itemListElement":[{"@type":"ListItem","position":1,"name":"In\u00edcio","item":"https:\/\/ubaldofernandes.com\/"},{"@type":"ListItem","position":2,"name":"Not\u00edcias","item":"https:\/\/ubaldofernandes.com\/index.php\/news\/"},{"@type":"ListItem","position":3,"name":"Comit\u00ea criado para lutar por revitaliza\u00e7\u00e3o do Centro se re\u00fane segunda-feira na ALRN"}]},{"@type":"WebSite","@id":"https:\/\/ubaldofernandes.com\/#website","url":"https:\/\/ubaldofernandes.com\/","name":"Ubaldo Fernandes","description":"Deputado Estadual","potentialAction":[{"@type":"SearchAction","target":{"@type":"EntryPoint","urlTemplate":"https:\/\/ubaldofernandes.com\/?s={search_term_string}"},"query-input":{"@type":"PropertyValueSpecification","valueRequired":true,"valueName":"search_term_string"}}],"inLanguage":"pt-BR"}]}},"_links":{"self":[{"href":"https:\/\/ubaldofernandes.com\/index.php\/wp-json\/wp\/v2\/news\/6053","targetHints":{"allow":["GET"]}}],"collection":[{"href":"https:\/\/ubaldofernandes.com\/index.php\/wp-json\/wp\/v2\/news"}],"about":[{"href":"https:\/\/ubaldofernandes.com\/index.php\/wp-json\/wp\/v2\/types\/news"}],"wp:featuredmedia":[{"embeddable":true,"href":"https:\/\/ubaldofernandes.com\/index.php\/wp-json\/wp\/v2\/media\/6054"}],"wp:attachment":[{"href":"https:\/\/ubaldofernandes.com\/index.php\/wp-json\/wp\/v2\/media?parent=6053"}],"curies":[{"name":"wp","href":"https:\/\/api.w.org\/{rel}","templated":true}]}}