{"id":6103,"date":"2023-11-10T15:14:00","date_gmt":"2023-11-10T18:14:00","guid":{"rendered":"https:\/\/ubaldofernandes.com\/?post_type=news&#038;p=6103"},"modified":"2023-11-13T15:17:40","modified_gmt":"2023-11-13T18:17:40","slug":"inteligencia-artificial-na-atividade-parlamentar-marca-segundo-dia-de-conferencia-da-unale-2","status":"publish","type":"news","link":"https:\/\/ubaldofernandes.com\/index.php\/news\/inteligencia-artificial-na-atividade-parlamentar-marca-segundo-dia-de-conferencia-da-unale-2\/","title":{"rendered":"Intelig\u00eancia artificial na atividade parlamentar marca segundo dia de Confer\u00eancia da Unale"},"content":{"rendered":"\n<p>Seguindo em seu segundo dia de programa\u00e7\u00e3o, a 26\u00b0 Confer\u00eancia da Uni\u00e3o Nacional dos Legislativos e Legisladores Estaduais (Unale) seguiu nesta quinta-feira (9), em Fortaleza\/CE, com novos pain\u00e9is e mesas redondas para os servidores legislativos de todo o pa\u00eds. Presente no evento, a Assembleia Legislativa do Rio Grande do Norte acompanhou de perto as atividades.<\/p>\n\n\n\n<p>Assunto de destaque no ano de 2023, a Intelig\u00eancia Artificial (IA) pautou o primeiro painel do dia, que abordou a tem\u00e1tica \u201cComunica\u00e7\u00e3o digital e IA na atividade parlamentar\u201d. A palestra foi ministrada pelo diretor da Escola de Leads, Tiago Lucena, especialista em marketing digital.<\/p>\n\n\n\n<p>Na sequ\u00eancia, o consultor do Senado Federal, Jo\u00e3o Trindade, discorreu sobre o tema \u201cPrerrogativas Legislativas\u201d, em mesa redonda mediada por Fernando Meneguin, diretor do Interlegis &#8211; programa do Senado Federal que tem por miss\u00e3o integrar e modernizar o Poder Legislativo Brasileiro.&nbsp;<\/p>\n\n\n\n<p>Na programa\u00e7\u00e3o vespertina, a mesa redonda \u201cMudan\u00e7as Clim\u00e1ticas, Meio Ambiente e Energias Renov\u00e1veis\u201d reuniu o senador Cid Gomes; o pesquisador do Instituto Nacional de Pesquisas Espaciais \u2013 INPE, Carlos Nobre e o diretor do Departamento para o Clima e Sustentabilidade do Minist\u00e9rio da Ci\u00eancia, Tecnologia e Inova\u00e7\u00e3o, Osvaldo Moraes.<\/p>\n\n\n\n<p>Em nova mesa redonda, foi debatido o tema \u201cPol\u00edticas de Seguran\u00e7a nas Escolas\u201d, contando com a participa\u00e7\u00e3o da pesquisadora da Universidade de Campinas, Telma Vinha. O encerramento da programa\u00e7\u00e3o desta quinta-feira ficou a cargo do ator Nelson Freitas, conduzindo palestra motivacional junto aos participantes.<\/p>\n\n\n\n<p>Acompanhando o evento em Fortaleza, o deputado Gustavo Carvalho (PSDB) destacou a participa\u00e7\u00e3o da ALRN na confer\u00eancia e enalteceu o Legislativo potiguar. \u201cEsse \u00e9 um relevante momento de troca de informa\u00e7\u00f5es entre as Assembleias de todo o Pa\u00eds. A nossa Casa Legislativa se tornou refer\u00eancia entre as demais e isso pode ser facilmente observado aqui atrav\u00e9s da delega\u00e7\u00e3o de experi\u00eancias exitosas. A Assembleia Legislativa do RN \u00e9 hoje um parlamento moderno, com um quadro de servidores eficientes, uma Mesa Diretora que busca a excel\u00eancia e um presidente determinado. Tudo isso converge para uma ALRN de ponta e de resultados\u201d, disse Gustavo.<\/p>\n\n\n\n<p>Tamb\u00e9m presente na Confer\u00eancia da Unale, o deputado Ubaldo Fernandes (PSDB) refor\u00e7ou a import\u00e2ncia do evento. \u201cAs confer\u00eancias da Unale proporcionam o interc\u00e2mbio de conhecimentos com vistas ao fortalecimento do Poder Legislativo em todas as esferas. Como legisladores, precisamos estar atentos \u00e0s demandas que pautam o Parlamento. \u00c9 tamb\u00e9m uma oportunidade de transmitir para as demais Casas do pa\u00eds os servi\u00e7os de excel\u00eancia prestados pela Assembleia Legislativa do Rio Grande do Norte\u201d, avaliou ele.<\/p>\n\n\n\n<p>O deputado Taveira J\u00fanior (Uni\u00e3o), que igualmente participou do evento, destacou a programa\u00e7\u00e3o oferecida pela Confer\u00eancia. \u201cA Unale possibilita o compartilhamento de experi\u00eancias entre parlamentares e servidores legislativos de toda a federa\u00e7\u00e3o. Os temas debatidos nos pain\u00e9is, palestras e mesas redondas enriquecem o conhecimento e fortalecem o Poder Legislativo\u201d, pontuou.<\/p>\n\n\n\n<p><strong>26\u00b0 Confer\u00eancia Nacional da Unale<\/strong><\/p>\n\n\n\n<p>Com um hist\u00f3rico de 26 edi\u00e7\u00f5es j\u00e1 realizadas, em mais de 18 estados, a Confer\u00eancia Nacional da Unale \u00e9 um grandioso f\u00f3rum de discuss\u00f5es e troca de conhecimentos, a n\u00edvel nacional e internacional, que foca no fortalecimento da democracia e no aperfei\u00e7oamento das a\u00e7\u00f5es do Poder Legislativo Estadual, tratando temas relevantes para todo o Parlamento.<\/p>\n\n\n\n<p>Com o tema \u201cPrerrogativas Parlamentares\u201d, a 26\u00aa edi\u00e7\u00e3o acontece de 8 a 10 de novembro em Fortaleza, no estado do Cear\u00e1.<\/p>\n\n\n\n<p>Mat\u00e9ria publicada no <a href=\"https:\/\/fatorrrh.com.br\/2023\/11\/10\/inteligencia-artificial-na-atividade-parlamentar-marca-segundo-dia-de-conferencia-da-unale\/\">Blog Fator RH<\/a>. <\/p>\n","protected":false},"featured_media":6102,"parent":0,"template":"","class_list":["post-6103","news","type-news","status-publish","has-post-thumbnail","hentry"],"acf":[],"yoast_head":"<!-- This site is optimized with the Yoast SEO plugin v24.6 - https:\/\/yoast.com\/wordpress\/plugins\/seo\/ -->\n<title>Intelig\u00eancia artificial na atividade parlamentar marca segundo dia de Confer\u00eancia da Unale - Ubaldo Fernandes<\/title>\n<meta name=\"robots\" content=\"index, follow, max-snippet:-1, max-image-preview:large, max-video-preview:-1\" \/>\n<link rel=\"canonical\" href=\"https:\/\/ubaldofernandes.com\/index.php\/news\/inteligencia-artificial-na-atividade-parlamentar-marca-segundo-dia-de-conferencia-da-unale-2\/\" \/>\n<meta property=\"og:locale\" content=\"pt_BR\" \/>\n<meta property=\"og:type\" content=\"article\" \/>\n<meta property=\"og:title\" content=\"Intelig\u00eancia artificial na atividade parlamentar marca segundo dia de Confer\u00eancia da Unale - Ubaldo Fernandes\" \/>\n<meta property=\"og:description\" content=\"Seguindo em seu segundo dia de programa\u00e7\u00e3o, a 26\u00b0 Confer\u00eancia da Uni\u00e3o Nacional dos Legislativos e Legisladores Estaduais (Unale) seguiu nesta quinta-feira (9), em Fortaleza\/CE, com novos pain\u00e9is e mesas redondas para os servidores legislativos de todo o pa\u00eds. Presente no evento, a Assembleia Legislativa do Rio Grande do Norte acompanhou de perto as atividades. [&hellip;]\" \/>\n<meta property=\"og:url\" content=\"https:\/\/ubaldofernandes.com\/index.php\/news\/inteligencia-artificial-na-atividade-parlamentar-marca-segundo-dia-de-conferencia-da-unale-2\/\" \/>\n<meta property=\"og:site_name\" content=\"Ubaldo Fernandes\" \/>\n<meta property=\"article:modified_time\" content=\"2023-11-13T18:17:40+00:00\" \/>\n<meta property=\"og:image\" content=\"https:\/\/ubaldofernandes.com\/wp-content\/uploads\/2023\/11\/Unale-Blog.jpg\" \/>\n\t<meta property=\"og:image:width\" content=\"1266\" \/>\n\t<meta property=\"og:image:height\" content=\"844\" \/>\n\t<meta property=\"og:image:type\" content=\"image\/jpeg\" \/>\n<meta name=\"twitter:card\" content=\"summary_large_image\" \/>\n<meta name=\"twitter:label1\" content=\"Est. tempo de leitura\" \/>\n\t<meta name=\"twitter:data1\" content=\"3 minutos\" \/>\n<script type=\"application\/ld+json\" class=\"yoast-schema-graph\">{\"@context\":\"https:\/\/schema.org\",\"@graph\":[{\"@type\":\"WebPage\",\"@id\":\"https:\/\/ubaldofernandes.com\/index.php\/news\/inteligencia-artificial-na-atividade-parlamentar-marca-segundo-dia-de-conferencia-da-unale-2\/\",\"url\":\"https:\/\/ubaldofernandes.com\/index.php\/news\/inteligencia-artificial-na-atividade-parlamentar-marca-segundo-dia-de-conferencia-da-unale-2\/\",\"name\":\"Intelig\u00eancia artificial na atividade parlamentar marca segundo dia de Confer\u00eancia da Unale - Ubaldo Fernandes\",\"isPartOf\":{\"@id\":\"https:\/\/ubaldofernandes.com\/#website\"},\"primaryImageOfPage\":{\"@id\":\"https:\/\/ubaldofernandes.com\/index.php\/news\/inteligencia-artificial-na-atividade-parlamentar-marca-segundo-dia-de-conferencia-da-unale-2\/#primaryimage\"},\"image\":{\"@id\":\"https:\/\/ubaldofernandes.com\/index.php\/news\/inteligencia-artificial-na-atividade-parlamentar-marca-segundo-dia-de-conferencia-da-unale-2\/#primaryimage\"},\"thumbnailUrl\":\"https:\/\/ubaldofernandes.com\/wp-content\/uploads\/2023\/11\/Unale-Blog.jpg\",\"datePublished\":\"2023-11-10T18:14:00+00:00\",\"dateModified\":\"2023-11-13T18:17:40+00:00\",\"breadcrumb\":{\"@id\":\"https:\/\/ubaldofernandes.com\/index.php\/news\/inteligencia-artificial-na-atividade-parlamentar-marca-segundo-dia-de-conferencia-da-unale-2\/#breadcrumb\"},\"inLanguage\":\"pt-BR\",\"potentialAction\":[{\"@type\":\"ReadAction\",\"target\":[\"https:\/\/ubaldofernandes.com\/index.php\/news\/inteligencia-artificial-na-atividade-parlamentar-marca-segundo-dia-de-conferencia-da-unale-2\/\"]}]},{\"@type\":\"ImageObject\",\"inLanguage\":\"pt-BR\",\"@id\":\"https:\/\/ubaldofernandes.com\/index.php\/news\/inteligencia-artificial-na-atividade-parlamentar-marca-segundo-dia-de-conferencia-da-unale-2\/#primaryimage\",\"url\":\"https:\/\/ubaldofernandes.com\/wp-content\/uploads\/2023\/11\/Unale-Blog.jpg\",\"contentUrl\":\"https:\/\/ubaldofernandes.com\/wp-content\/uploads\/2023\/11\/Unale-Blog.jpg\",\"width\":1266,\"height\":844},{\"@type\":\"BreadcrumbList\",\"@id\":\"https:\/\/ubaldofernandes.com\/index.php\/news\/inteligencia-artificial-na-atividade-parlamentar-marca-segundo-dia-de-conferencia-da-unale-2\/#breadcrumb\",\"itemListElement\":[{\"@type\":\"ListItem\",\"position\":1,\"name\":\"In\u00edcio\",\"item\":\"https:\/\/ubaldofernandes.com\/\"},{\"@type\":\"ListItem\",\"position\":2,\"name\":\"Not\u00edcias\",\"item\":\"https:\/\/ubaldofernandes.com\/index.php\/news\/\"},{\"@type\":\"ListItem\",\"position\":3,\"name\":\"Intelig\u00eancia artificial na atividade parlamentar marca segundo dia de Confer\u00eancia da Unale\"}]},{\"@type\":\"WebSite\",\"@id\":\"https:\/\/ubaldofernandes.com\/#website\",\"url\":\"https:\/\/ubaldofernandes.com\/\",\"name\":\"Ubaldo Fernandes\",\"description\":\"Deputado Estadual\",\"potentialAction\":[{\"@type\":\"SearchAction\",\"target\":{\"@type\":\"EntryPoint\",\"urlTemplate\":\"https:\/\/ubaldofernandes.com\/?s={search_term_string}\"},\"query-input\":{\"@type\":\"PropertyValueSpecification\",\"valueRequired\":true,\"valueName\":\"search_term_string\"}}],\"inLanguage\":\"pt-BR\"}]}<\/script>\n<!-- \/ Yoast SEO plugin. -->","yoast_head_json":{"title":"Intelig\u00eancia artificial na atividade parlamentar marca segundo dia de Confer\u00eancia da Unale - Ubaldo Fernandes","robots":{"index":"index","follow":"follow","max-snippet":"max-snippet:-1","max-image-preview":"max-image-preview:large","max-video-preview":"max-video-preview:-1"},"canonical":"https:\/\/ubaldofernandes.com\/index.php\/news\/inteligencia-artificial-na-atividade-parlamentar-marca-segundo-dia-de-conferencia-da-unale-2\/","og_locale":"pt_BR","og_type":"article","og_title":"Intelig\u00eancia artificial na atividade parlamentar marca segundo dia de Confer\u00eancia da Unale - Ubaldo Fernandes","og_description":"Seguindo em seu segundo dia de programa\u00e7\u00e3o, a 26\u00b0 Confer\u00eancia da Uni\u00e3o Nacional dos Legislativos e Legisladores Estaduais (Unale) seguiu nesta quinta-feira (9), em Fortaleza\/CE, com novos pain\u00e9is e mesas redondas para os servidores legislativos de todo o pa\u00eds. Presente no evento, a Assembleia Legislativa do Rio Grande do Norte acompanhou de perto as atividades. [&hellip;]","og_url":"https:\/\/ubaldofernandes.com\/index.php\/news\/inteligencia-artificial-na-atividade-parlamentar-marca-segundo-dia-de-conferencia-da-unale-2\/","og_site_name":"Ubaldo Fernandes","article_modified_time":"2023-11-13T18:17:40+00:00","og_image":[{"width":1266,"height":844,"url":"https:\/\/ubaldofernandes.com\/wp-content\/uploads\/2023\/11\/Unale-Blog.jpg","type":"image\/jpeg"}],"twitter_card":"summary_large_image","twitter_misc":{"Est. tempo de leitura":"3 minutos"},"schema":{"@context":"https:\/\/schema.org","@graph":[{"@type":"WebPage","@id":"https:\/\/ubaldofernandes.com\/index.php\/news\/inteligencia-artificial-na-atividade-parlamentar-marca-segundo-dia-de-conferencia-da-unale-2\/","url":"https:\/\/ubaldofernandes.com\/index.php\/news\/inteligencia-artificial-na-atividade-parlamentar-marca-segundo-dia-de-conferencia-da-unale-2\/","name":"Intelig\u00eancia artificial na atividade parlamentar marca segundo dia de Confer\u00eancia da Unale - Ubaldo Fernandes","isPartOf":{"@id":"https:\/\/ubaldofernandes.com\/#website"},"primaryImageOfPage":{"@id":"https:\/\/ubaldofernandes.com\/index.php\/news\/inteligencia-artificial-na-atividade-parlamentar-marca-segundo-dia-de-conferencia-da-unale-2\/#primaryimage"},"image":{"@id":"https:\/\/ubaldofernandes.com\/index.php\/news\/inteligencia-artificial-na-atividade-parlamentar-marca-segundo-dia-de-conferencia-da-unale-2\/#primaryimage"},"thumbnailUrl":"https:\/\/ubaldofernandes.com\/wp-content\/uploads\/2023\/11\/Unale-Blog.jpg","datePublished":"2023-11-10T18:14:00+00:00","dateModified":"2023-11-13T18:17:40+00:00","breadcrumb":{"@id":"https:\/\/ubaldofernandes.com\/index.php\/news\/inteligencia-artificial-na-atividade-parlamentar-marca-segundo-dia-de-conferencia-da-unale-2\/#breadcrumb"},"inLanguage":"pt-BR","potentialAction":[{"@type":"ReadAction","target":["https:\/\/ubaldofernandes.com\/index.php\/news\/inteligencia-artificial-na-atividade-parlamentar-marca-segundo-dia-de-conferencia-da-unale-2\/"]}]},{"@type":"ImageObject","inLanguage":"pt-BR","@id":"https:\/\/ubaldofernandes.com\/index.php\/news\/inteligencia-artificial-na-atividade-parlamentar-marca-segundo-dia-de-conferencia-da-unale-2\/#primaryimage","url":"https:\/\/ubaldofernandes.com\/wp-content\/uploads\/2023\/11\/Unale-Blog.jpg","contentUrl":"https:\/\/ubaldofernandes.com\/wp-content\/uploads\/2023\/11\/Unale-Blog.jpg","width":1266,"height":844},{"@type":"BreadcrumbList","@id":"https:\/\/ubaldofernandes.com\/index.php\/news\/inteligencia-artificial-na-atividade-parlamentar-marca-segundo-dia-de-conferencia-da-unale-2\/#breadcrumb","itemListElement":[{"@type":"ListItem","position":1,"name":"In\u00edcio","item":"https:\/\/ubaldofernandes.com\/"},{"@type":"ListItem","position":2,"name":"Not\u00edcias","item":"https:\/\/ubaldofernandes.com\/index.php\/news\/"},{"@type":"ListItem","position":3,"name":"Intelig\u00eancia artificial na atividade parlamentar marca segundo dia de Confer\u00eancia da Unale"}]},{"@type":"WebSite","@id":"https:\/\/ubaldofernandes.com\/#website","url":"https:\/\/ubaldofernandes.com\/","name":"Ubaldo Fernandes","description":"Deputado Estadual","potentialAction":[{"@type":"SearchAction","target":{"@type":"EntryPoint","urlTemplate":"https:\/\/ubaldofernandes.com\/?s={search_term_string}"},"query-input":{"@type":"PropertyValueSpecification","valueRequired":true,"valueName":"search_term_string"}}],"inLanguage":"pt-BR"}]}},"_links":{"self":[{"href":"https:\/\/ubaldofernandes.com\/index.php\/wp-json\/wp\/v2\/news\/6103","targetHints":{"allow":["GET"]}}],"collection":[{"href":"https:\/\/ubaldofernandes.com\/index.php\/wp-json\/wp\/v2\/news"}],"about":[{"href":"https:\/\/ubaldofernandes.com\/index.php\/wp-json\/wp\/v2\/types\/news"}],"wp:featuredmedia":[{"embeddable":true,"href":"https:\/\/ubaldofernandes.com\/index.php\/wp-json\/wp\/v2\/media\/6102"}],"wp:attachment":[{"href":"https:\/\/ubaldofernandes.com\/index.php\/wp-json\/wp\/v2\/media?parent=6103"}],"curies":[{"name":"wp","href":"https:\/\/api.w.org\/{rel}","templated":true}]}}