{"id":6105,"date":"2023-11-09T15:20:00","date_gmt":"2023-11-09T18:20:00","guid":{"rendered":"https:\/\/ubaldofernandes.com\/?post_type=news&#038;p=6105"},"modified":"2023-11-13T15:22:19","modified_gmt":"2023-11-13T18:22:19","slug":"deputados-participam-da-abertura-da-26a-conferencia-da-unale","status":"publish","type":"news","link":"https:\/\/ubaldofernandes.com\/index.php\/news\/deputados-participam-da-abertura-da-26a-conferencia-da-unale\/","title":{"rendered":"Deputados participam da abertura da 26\u00aa Confer\u00eancia da Unale"},"content":{"rendered":"\n<p>Os deputados Gustavo Carvalho (PSDB), Ubaldo Fernandes (PSDB), Taveira J\u00fanior (Uni\u00e3o), al\u00e9m dos gestores e servidores da Assembleia Legislativa do Rio Grande do Norte, participaram na noite de desta quarta-feira (8) da abertura oficial da 26\u00aa Confer\u00eancia da Uni\u00e3o dos Legisladores e Legislativos Estaduais (Unale).<\/p>\n\n\n\n<p>O evento, que a cada ano se torna maior, est\u00e1 reunindo em Fortaleza mais de 1.600 participantes de todo o Pa\u00eds, al\u00e9m de representantes do Canad\u00e1, Estados Unidos, M\u00e9xico, Argentina e Paraguai.<\/p>\n\n\n\n<p>O presidente da Unale, deputado Diogo Moraes (PE), destacou a grandiosidade do evento, que tem como tema \u201cAs prerrogativas do parlamento estadual\u201d.<\/p>\n\n\n\n<p>\u201cA Unale, que a cada ano se torna maior e mais importante \u00e9 o compartilhamento de boas pr\u00e1ticas, a principal trincheira de luta em \u00e2mbito das teses federativas e da consolida\u00e7\u00e3o de prerrogativas incutidas na nossa magna carta no que concerne ao alcance social poder legislativo estadual\u201d, afirmou.<\/p>\n\n\n\n<p>Diogo Moraes encerrou seu discurso ressaltando o desafio de \u201cunir a tarefa legislativa \u00e0 modernidade e inova\u00e7\u00e3o de forma a melhorar efetivamente a vida das pessoas\u201d.<\/p>\n\n\n\n<p>Antes, o poeta cearense Br\u00e1ulio Bessa fez uma palestra abrindo oficialmente os trabalhos. A 26\u00aa Confer\u00eancia da Unale se encerra nesta sexta-feira (10), quando ser\u00e3o conhecidos os tr\u00eas vencedores da premia\u00e7\u00e3o Assembleia Cidad\u00e3 nas categorias Gest\u00e3o, Atendimento ao Cidad\u00e3o e Projetos Especiais.<\/p>\n\n\n\n<p>O projeto Assembleia e Voc\u00ea, da ALRN est\u00e1 disputando o pr\u00eamio com O Mit Legislativo + Cidad\u00e3o Aleam; da Assembleia Legislativa amazonense e com o projeto Comseg Escolar e o Enfrentamento do Problema da Seguran\u00e7a nas Escolas, de Santa Catarina.<\/p>\n\n\n\n<p>Mat\u00e9ria publicada no <a href=\"http:\/\/politicaemfoco.com\/deputados-participam-da-abertura-da-26a-conferencia-da-unale\/\">Blog Pol\u00edtica em Foco<\/a>. <\/p>\n","protected":false},"featured_media":6106,"parent":0,"template":"","class_list":["post-6105","news","type-news","status-publish","has-post-thumbnail","hentry"],"acf":[],"yoast_head":"<!-- This site is optimized with the Yoast SEO plugin v24.6 - https:\/\/yoast.com\/wordpress\/plugins\/seo\/ -->\n<title>Deputados participam da abertura da 26\u00aa Confer\u00eancia da Unale - Ubaldo Fernandes<\/title>\n<meta name=\"robots\" content=\"index, follow, max-snippet:-1, max-image-preview:large, max-video-preview:-1\" \/>\n<link rel=\"canonical\" href=\"https:\/\/ubaldofernandes.com\/index.php\/news\/deputados-participam-da-abertura-da-26a-conferencia-da-unale\/\" \/>\n<meta property=\"og:locale\" content=\"pt_BR\" \/>\n<meta property=\"og:type\" content=\"article\" \/>\n<meta property=\"og:title\" content=\"Deputados participam da abertura da 26\u00aa Confer\u00eancia da Unale - Ubaldo Fernandes\" \/>\n<meta property=\"og:description\" content=\"Os deputados Gustavo Carvalho (PSDB), Ubaldo Fernandes (PSDB), Taveira J\u00fanior (Uni\u00e3o), al\u00e9m dos gestores e servidores da Assembleia Legislativa do Rio Grande do Norte, participaram na noite de desta quarta-feira (8) da abertura oficial da 26\u00aa Confer\u00eancia da Uni\u00e3o dos Legisladores e Legislativos Estaduais (Unale). O evento, que a cada ano se torna maior, est\u00e1 [&hellip;]\" \/>\n<meta property=\"og:url\" content=\"https:\/\/ubaldofernandes.com\/index.php\/news\/deputados-participam-da-abertura-da-26a-conferencia-da-unale\/\" \/>\n<meta property=\"og:site_name\" content=\"Ubaldo Fernandes\" \/>\n<meta property=\"article:modified_time\" content=\"2023-11-13T18:22:19+00:00\" \/>\n<meta property=\"og:image\" content=\"https:\/\/ubaldofernandes.com\/wp-content\/uploads\/2023\/11\/Unale-Blog-2.jpg\" \/>\n\t<meta property=\"og:image:width\" content=\"1024\" \/>\n\t<meta property=\"og:image:height\" content=\"683\" \/>\n\t<meta property=\"og:image:type\" content=\"image\/jpeg\" \/>\n<meta name=\"twitter:card\" content=\"summary_large_image\" \/>\n<meta name=\"twitter:label1\" content=\"Est. tempo de leitura\" \/>\n\t<meta name=\"twitter:data1\" content=\"1 minuto\" \/>\n<script type=\"application\/ld+json\" class=\"yoast-schema-graph\">{\"@context\":\"https:\/\/schema.org\",\"@graph\":[{\"@type\":\"WebPage\",\"@id\":\"https:\/\/ubaldofernandes.com\/index.php\/news\/deputados-participam-da-abertura-da-26a-conferencia-da-unale\/\",\"url\":\"https:\/\/ubaldofernandes.com\/index.php\/news\/deputados-participam-da-abertura-da-26a-conferencia-da-unale\/\",\"name\":\"Deputados participam da abertura da 26\u00aa Confer\u00eancia da Unale - Ubaldo Fernandes\",\"isPartOf\":{\"@id\":\"https:\/\/ubaldofernandes.com\/#website\"},\"primaryImageOfPage\":{\"@id\":\"https:\/\/ubaldofernandes.com\/index.php\/news\/deputados-participam-da-abertura-da-26a-conferencia-da-unale\/#primaryimage\"},\"image\":{\"@id\":\"https:\/\/ubaldofernandes.com\/index.php\/news\/deputados-participam-da-abertura-da-26a-conferencia-da-unale\/#primaryimage\"},\"thumbnailUrl\":\"https:\/\/ubaldofernandes.com\/wp-content\/uploads\/2023\/11\/Unale-Blog-2.jpg\",\"datePublished\":\"2023-11-09T18:20:00+00:00\",\"dateModified\":\"2023-11-13T18:22:19+00:00\",\"breadcrumb\":{\"@id\":\"https:\/\/ubaldofernandes.com\/index.php\/news\/deputados-participam-da-abertura-da-26a-conferencia-da-unale\/#breadcrumb\"},\"inLanguage\":\"pt-BR\",\"potentialAction\":[{\"@type\":\"ReadAction\",\"target\":[\"https:\/\/ubaldofernandes.com\/index.php\/news\/deputados-participam-da-abertura-da-26a-conferencia-da-unale\/\"]}]},{\"@type\":\"ImageObject\",\"inLanguage\":\"pt-BR\",\"@id\":\"https:\/\/ubaldofernandes.com\/index.php\/news\/deputados-participam-da-abertura-da-26a-conferencia-da-unale\/#primaryimage\",\"url\":\"https:\/\/ubaldofernandes.com\/wp-content\/uploads\/2023\/11\/Unale-Blog-2.jpg\",\"contentUrl\":\"https:\/\/ubaldofernandes.com\/wp-content\/uploads\/2023\/11\/Unale-Blog-2.jpg\",\"width\":1024,\"height\":683},{\"@type\":\"BreadcrumbList\",\"@id\":\"https:\/\/ubaldofernandes.com\/index.php\/news\/deputados-participam-da-abertura-da-26a-conferencia-da-unale\/#breadcrumb\",\"itemListElement\":[{\"@type\":\"ListItem\",\"position\":1,\"name\":\"In\u00edcio\",\"item\":\"https:\/\/ubaldofernandes.com\/\"},{\"@type\":\"ListItem\",\"position\":2,\"name\":\"Not\u00edcias\",\"item\":\"https:\/\/ubaldofernandes.com\/index.php\/news\/\"},{\"@type\":\"ListItem\",\"position\":3,\"name\":\"Deputados participam da abertura da 26\u00aa Confer\u00eancia da Unale\"}]},{\"@type\":\"WebSite\",\"@id\":\"https:\/\/ubaldofernandes.com\/#website\",\"url\":\"https:\/\/ubaldofernandes.com\/\",\"name\":\"Ubaldo Fernandes\",\"description\":\"Deputado Estadual\",\"potentialAction\":[{\"@type\":\"SearchAction\",\"target\":{\"@type\":\"EntryPoint\",\"urlTemplate\":\"https:\/\/ubaldofernandes.com\/?s={search_term_string}\"},\"query-input\":{\"@type\":\"PropertyValueSpecification\",\"valueRequired\":true,\"valueName\":\"search_term_string\"}}],\"inLanguage\":\"pt-BR\"}]}<\/script>\n<!-- \/ Yoast SEO plugin. -->","yoast_head_json":{"title":"Deputados participam da abertura da 26\u00aa Confer\u00eancia da Unale - Ubaldo Fernandes","robots":{"index":"index","follow":"follow","max-snippet":"max-snippet:-1","max-image-preview":"max-image-preview:large","max-video-preview":"max-video-preview:-1"},"canonical":"https:\/\/ubaldofernandes.com\/index.php\/news\/deputados-participam-da-abertura-da-26a-conferencia-da-unale\/","og_locale":"pt_BR","og_type":"article","og_title":"Deputados participam da abertura da 26\u00aa Confer\u00eancia da Unale - Ubaldo Fernandes","og_description":"Os deputados Gustavo Carvalho (PSDB), Ubaldo Fernandes (PSDB), Taveira J\u00fanior (Uni\u00e3o), al\u00e9m dos gestores e servidores da Assembleia Legislativa do Rio Grande do Norte, participaram na noite de desta quarta-feira (8) da abertura oficial da 26\u00aa Confer\u00eancia da Uni\u00e3o dos Legisladores e Legislativos Estaduais (Unale). O evento, que a cada ano se torna maior, est\u00e1 [&hellip;]","og_url":"https:\/\/ubaldofernandes.com\/index.php\/news\/deputados-participam-da-abertura-da-26a-conferencia-da-unale\/","og_site_name":"Ubaldo Fernandes","article_modified_time":"2023-11-13T18:22:19+00:00","og_image":[{"width":1024,"height":683,"url":"https:\/\/ubaldofernandes.com\/wp-content\/uploads\/2023\/11\/Unale-Blog-2.jpg","type":"image\/jpeg"}],"twitter_card":"summary_large_image","twitter_misc":{"Est. tempo de leitura":"1 minuto"},"schema":{"@context":"https:\/\/schema.org","@graph":[{"@type":"WebPage","@id":"https:\/\/ubaldofernandes.com\/index.php\/news\/deputados-participam-da-abertura-da-26a-conferencia-da-unale\/","url":"https:\/\/ubaldofernandes.com\/index.php\/news\/deputados-participam-da-abertura-da-26a-conferencia-da-unale\/","name":"Deputados participam da abertura da 26\u00aa Confer\u00eancia da Unale - Ubaldo Fernandes","isPartOf":{"@id":"https:\/\/ubaldofernandes.com\/#website"},"primaryImageOfPage":{"@id":"https:\/\/ubaldofernandes.com\/index.php\/news\/deputados-participam-da-abertura-da-26a-conferencia-da-unale\/#primaryimage"},"image":{"@id":"https:\/\/ubaldofernandes.com\/index.php\/news\/deputados-participam-da-abertura-da-26a-conferencia-da-unale\/#primaryimage"},"thumbnailUrl":"https:\/\/ubaldofernandes.com\/wp-content\/uploads\/2023\/11\/Unale-Blog-2.jpg","datePublished":"2023-11-09T18:20:00+00:00","dateModified":"2023-11-13T18:22:19+00:00","breadcrumb":{"@id":"https:\/\/ubaldofernandes.com\/index.php\/news\/deputados-participam-da-abertura-da-26a-conferencia-da-unale\/#breadcrumb"},"inLanguage":"pt-BR","potentialAction":[{"@type":"ReadAction","target":["https:\/\/ubaldofernandes.com\/index.php\/news\/deputados-participam-da-abertura-da-26a-conferencia-da-unale\/"]}]},{"@type":"ImageObject","inLanguage":"pt-BR","@id":"https:\/\/ubaldofernandes.com\/index.php\/news\/deputados-participam-da-abertura-da-26a-conferencia-da-unale\/#primaryimage","url":"https:\/\/ubaldofernandes.com\/wp-content\/uploads\/2023\/11\/Unale-Blog-2.jpg","contentUrl":"https:\/\/ubaldofernandes.com\/wp-content\/uploads\/2023\/11\/Unale-Blog-2.jpg","width":1024,"height":683},{"@type":"BreadcrumbList","@id":"https:\/\/ubaldofernandes.com\/index.php\/news\/deputados-participam-da-abertura-da-26a-conferencia-da-unale\/#breadcrumb","itemListElement":[{"@type":"ListItem","position":1,"name":"In\u00edcio","item":"https:\/\/ubaldofernandes.com\/"},{"@type":"ListItem","position":2,"name":"Not\u00edcias","item":"https:\/\/ubaldofernandes.com\/index.php\/news\/"},{"@type":"ListItem","position":3,"name":"Deputados participam da abertura da 26\u00aa Confer\u00eancia da Unale"}]},{"@type":"WebSite","@id":"https:\/\/ubaldofernandes.com\/#website","url":"https:\/\/ubaldofernandes.com\/","name":"Ubaldo Fernandes","description":"Deputado Estadual","potentialAction":[{"@type":"SearchAction","target":{"@type":"EntryPoint","urlTemplate":"https:\/\/ubaldofernandes.com\/?s={search_term_string}"},"query-input":{"@type":"PropertyValueSpecification","valueRequired":true,"valueName":"search_term_string"}}],"inLanguage":"pt-BR"}]}},"_links":{"self":[{"href":"https:\/\/ubaldofernandes.com\/index.php\/wp-json\/wp\/v2\/news\/6105","targetHints":{"allow":["GET"]}}],"collection":[{"href":"https:\/\/ubaldofernandes.com\/index.php\/wp-json\/wp\/v2\/news"}],"about":[{"href":"https:\/\/ubaldofernandes.com\/index.php\/wp-json\/wp\/v2\/types\/news"}],"wp:featuredmedia":[{"embeddable":true,"href":"https:\/\/ubaldofernandes.com\/index.php\/wp-json\/wp\/v2\/media\/6106"}],"wp:attachment":[{"href":"https:\/\/ubaldofernandes.com\/index.php\/wp-json\/wp\/v2\/media?parent=6105"}],"curies":[{"name":"wp","href":"https:\/\/api.w.org\/{rel}","templated":true}]}}