{"id":6111,"date":"2023-11-13T15:34:20","date_gmt":"2023-11-13T18:34:20","guid":{"rendered":"https:\/\/ubaldofernandes.com\/?post_type=news&#038;p=6111"},"modified":"2023-11-13T15:34:22","modified_gmt":"2023-11-13T18:34:22","slug":"deputado-pede-ampliacao-de-licencas-para-embarcacoes-lagosteiras-no-rn","status":"publish","type":"news","link":"https:\/\/ubaldofernandes.com\/index.php\/news\/deputado-pede-ampliacao-de-licencas-para-embarcacoes-lagosteiras-no-rn\/","title":{"rendered":"Deputado pede amplia\u00e7\u00e3o de licen\u00e7as para embarca\u00e7\u00f5es lagosteiras no RN"},"content":{"rendered":"\n<p>Em Natal, na manh\u00e3 desta segunda-feira (13), para anunciar investimentos para o Rio Grande do Norte e avan\u00e7ar, junto ao Governo do Estado, no processo de privatiza\u00e7\u00e3o do Terminal Pesqueiro de Natal, o representante do governo federal, ministro da Pesca e Aquicultura, Andr\u00e9 de Paula, recebeu uma solicita\u00e7\u00e3o da Assembleia Legislativa, atrav\u00e9s do presidente da Frente Parlamentar em Defesa do Setor Pesqueiro, deputado estadual Ubaldo Fernandes.<\/p>\n\n\n\n<p>Ao lado de outros representantes do executivo e legislativo estadual e federal que participaram da audi\u00eancia, na Governadoria, com a chefe do executivo estadual, F\u00e1tima Bezerra, Ubaldo Fernandes aproveitou o ensejo e reivindicou a amplia\u00e7\u00e3o de licen\u00e7as para os barcos de pesca da lagosta, assim como a prorroga\u00e7\u00e3o de vistorias das embarca\u00e7\u00f5es lagosteiras.<\/p>\n\n\n\n<p>\u201cRecebemos esse pleito das col\u00f4nias de pescadores do nosso estado e fizemos quest\u00e3o de refor\u00e7ar neste momento oportuno, tendo sinaliza\u00e7\u00e3o positiva do representante da Presid\u00eancia da Rep\u00fablica\u201d, ressalta Ubaldo.<\/p>\n\n\n\n<p>Mat\u00e9ria publicada no <a href=\"https:\/\/ibandrn.com.br\/deputado-solicita-a-ministro-ampliacao-de-licencas-para-embarcacoes-lagosteiras-no-rn\/\">Blog iBand RN<\/a>. <\/p>\n","protected":false},"featured_media":6112,"parent":0,"template":"","class_list":["post-6111","news","type-news","status-publish","has-post-thumbnail","hentry"],"acf":[],"yoast_head":"<!-- This site is optimized with the Yoast SEO plugin v24.6 - https:\/\/yoast.com\/wordpress\/plugins\/seo\/ -->\n<title>Deputado pede amplia\u00e7\u00e3o de licen\u00e7as para embarca\u00e7\u00f5es lagosteiras no RN - Ubaldo Fernandes<\/title>\n<meta name=\"robots\" content=\"index, follow, max-snippet:-1, max-image-preview:large, max-video-preview:-1\" \/>\n<link rel=\"canonical\" href=\"https:\/\/ubaldofernandes.com\/index.php\/news\/deputado-pede-ampliacao-de-licencas-para-embarcacoes-lagosteiras-no-rn\/\" \/>\n<meta property=\"og:locale\" content=\"pt_BR\" \/>\n<meta property=\"og:type\" content=\"article\" \/>\n<meta property=\"og:title\" content=\"Deputado pede amplia\u00e7\u00e3o de licen\u00e7as para embarca\u00e7\u00f5es lagosteiras no RN - Ubaldo Fernandes\" \/>\n<meta property=\"og:description\" content=\"Em Natal, na manh\u00e3 desta segunda-feira (13), para anunciar investimentos para o Rio Grande do Norte e avan\u00e7ar, junto ao Governo do Estado, no processo de privatiza\u00e7\u00e3o do Terminal Pesqueiro de Natal, o representante do governo federal, ministro da Pesca e Aquicultura, Andr\u00e9 de Paula, recebeu uma solicita\u00e7\u00e3o da Assembleia Legislativa, atrav\u00e9s do presidente da [&hellip;]\" \/>\n<meta property=\"og:url\" content=\"https:\/\/ubaldofernandes.com\/index.php\/news\/deputado-pede-ampliacao-de-licencas-para-embarcacoes-lagosteiras-no-rn\/\" \/>\n<meta property=\"og:site_name\" content=\"Ubaldo Fernandes\" \/>\n<meta property=\"article:modified_time\" content=\"2023-11-13T18:34:22+00:00\" \/>\n<meta property=\"og:image\" content=\"https:\/\/ubaldofernandes.com\/wp-content\/uploads\/2023\/11\/Pesca.jpeg\" \/>\n\t<meta property=\"og:image:width\" content=\"600\" \/>\n\t<meta property=\"og:image:height\" content=\"373\" \/>\n\t<meta property=\"og:image:type\" content=\"image\/jpeg\" \/>\n<meta name=\"twitter:card\" content=\"summary_large_image\" \/>\n<meta name=\"twitter:label1\" content=\"Est. tempo de leitura\" \/>\n\t<meta name=\"twitter:data1\" content=\"1 minuto\" \/>\n<script type=\"application\/ld+json\" class=\"yoast-schema-graph\">{\"@context\":\"https:\/\/schema.org\",\"@graph\":[{\"@type\":\"WebPage\",\"@id\":\"https:\/\/ubaldofernandes.com\/index.php\/news\/deputado-pede-ampliacao-de-licencas-para-embarcacoes-lagosteiras-no-rn\/\",\"url\":\"https:\/\/ubaldofernandes.com\/index.php\/news\/deputado-pede-ampliacao-de-licencas-para-embarcacoes-lagosteiras-no-rn\/\",\"name\":\"Deputado pede amplia\u00e7\u00e3o de licen\u00e7as para embarca\u00e7\u00f5es lagosteiras no RN - Ubaldo Fernandes\",\"isPartOf\":{\"@id\":\"https:\/\/ubaldofernandes.com\/#website\"},\"primaryImageOfPage\":{\"@id\":\"https:\/\/ubaldofernandes.com\/index.php\/news\/deputado-pede-ampliacao-de-licencas-para-embarcacoes-lagosteiras-no-rn\/#primaryimage\"},\"image\":{\"@id\":\"https:\/\/ubaldofernandes.com\/index.php\/news\/deputado-pede-ampliacao-de-licencas-para-embarcacoes-lagosteiras-no-rn\/#primaryimage\"},\"thumbnailUrl\":\"https:\/\/ubaldofernandes.com\/wp-content\/uploads\/2023\/11\/Pesca.jpeg\",\"datePublished\":\"2023-11-13T18:34:20+00:00\",\"dateModified\":\"2023-11-13T18:34:22+00:00\",\"breadcrumb\":{\"@id\":\"https:\/\/ubaldofernandes.com\/index.php\/news\/deputado-pede-ampliacao-de-licencas-para-embarcacoes-lagosteiras-no-rn\/#breadcrumb\"},\"inLanguage\":\"pt-BR\",\"potentialAction\":[{\"@type\":\"ReadAction\",\"target\":[\"https:\/\/ubaldofernandes.com\/index.php\/news\/deputado-pede-ampliacao-de-licencas-para-embarcacoes-lagosteiras-no-rn\/\"]}]},{\"@type\":\"ImageObject\",\"inLanguage\":\"pt-BR\",\"@id\":\"https:\/\/ubaldofernandes.com\/index.php\/news\/deputado-pede-ampliacao-de-licencas-para-embarcacoes-lagosteiras-no-rn\/#primaryimage\",\"url\":\"https:\/\/ubaldofernandes.com\/wp-content\/uploads\/2023\/11\/Pesca.jpeg\",\"contentUrl\":\"https:\/\/ubaldofernandes.com\/wp-content\/uploads\/2023\/11\/Pesca.jpeg\",\"width\":600,\"height\":373},{\"@type\":\"BreadcrumbList\",\"@id\":\"https:\/\/ubaldofernandes.com\/index.php\/news\/deputado-pede-ampliacao-de-licencas-para-embarcacoes-lagosteiras-no-rn\/#breadcrumb\",\"itemListElement\":[{\"@type\":\"ListItem\",\"position\":1,\"name\":\"In\u00edcio\",\"item\":\"https:\/\/ubaldofernandes.com\/\"},{\"@type\":\"ListItem\",\"position\":2,\"name\":\"Not\u00edcias\",\"item\":\"https:\/\/ubaldofernandes.com\/index.php\/news\/\"},{\"@type\":\"ListItem\",\"position\":3,\"name\":\"Deputado pede amplia\u00e7\u00e3o de licen\u00e7as para embarca\u00e7\u00f5es lagosteiras no RN\"}]},{\"@type\":\"WebSite\",\"@id\":\"https:\/\/ubaldofernandes.com\/#website\",\"url\":\"https:\/\/ubaldofernandes.com\/\",\"name\":\"Ubaldo Fernandes\",\"description\":\"Deputado Estadual\",\"potentialAction\":[{\"@type\":\"SearchAction\",\"target\":{\"@type\":\"EntryPoint\",\"urlTemplate\":\"https:\/\/ubaldofernandes.com\/?s={search_term_string}\"},\"query-input\":{\"@type\":\"PropertyValueSpecification\",\"valueRequired\":true,\"valueName\":\"search_term_string\"}}],\"inLanguage\":\"pt-BR\"}]}<\/script>\n<!-- \/ Yoast SEO plugin. -->","yoast_head_json":{"title":"Deputado pede amplia\u00e7\u00e3o de licen\u00e7as para embarca\u00e7\u00f5es lagosteiras no RN - Ubaldo Fernandes","robots":{"index":"index","follow":"follow","max-snippet":"max-snippet:-1","max-image-preview":"max-image-preview:large","max-video-preview":"max-video-preview:-1"},"canonical":"https:\/\/ubaldofernandes.com\/index.php\/news\/deputado-pede-ampliacao-de-licencas-para-embarcacoes-lagosteiras-no-rn\/","og_locale":"pt_BR","og_type":"article","og_title":"Deputado pede amplia\u00e7\u00e3o de licen\u00e7as para embarca\u00e7\u00f5es lagosteiras no RN - Ubaldo Fernandes","og_description":"Em Natal, na manh\u00e3 desta segunda-feira (13), para anunciar investimentos para o Rio Grande do Norte e avan\u00e7ar, junto ao Governo do Estado, no processo de privatiza\u00e7\u00e3o do Terminal Pesqueiro de Natal, o representante do governo federal, ministro da Pesca e Aquicultura, Andr\u00e9 de Paula, recebeu uma solicita\u00e7\u00e3o da Assembleia Legislativa, atrav\u00e9s do presidente da [&hellip;]","og_url":"https:\/\/ubaldofernandes.com\/index.php\/news\/deputado-pede-ampliacao-de-licencas-para-embarcacoes-lagosteiras-no-rn\/","og_site_name":"Ubaldo Fernandes","article_modified_time":"2023-11-13T18:34:22+00:00","og_image":[{"width":600,"height":373,"url":"https:\/\/ubaldofernandes.com\/wp-content\/uploads\/2023\/11\/Pesca.jpeg","type":"image\/jpeg"}],"twitter_card":"summary_large_image","twitter_misc":{"Est. tempo de leitura":"1 minuto"},"schema":{"@context":"https:\/\/schema.org","@graph":[{"@type":"WebPage","@id":"https:\/\/ubaldofernandes.com\/index.php\/news\/deputado-pede-ampliacao-de-licencas-para-embarcacoes-lagosteiras-no-rn\/","url":"https:\/\/ubaldofernandes.com\/index.php\/news\/deputado-pede-ampliacao-de-licencas-para-embarcacoes-lagosteiras-no-rn\/","name":"Deputado pede amplia\u00e7\u00e3o de licen\u00e7as para embarca\u00e7\u00f5es lagosteiras no RN - Ubaldo Fernandes","isPartOf":{"@id":"https:\/\/ubaldofernandes.com\/#website"},"primaryImageOfPage":{"@id":"https:\/\/ubaldofernandes.com\/index.php\/news\/deputado-pede-ampliacao-de-licencas-para-embarcacoes-lagosteiras-no-rn\/#primaryimage"},"image":{"@id":"https:\/\/ubaldofernandes.com\/index.php\/news\/deputado-pede-ampliacao-de-licencas-para-embarcacoes-lagosteiras-no-rn\/#primaryimage"},"thumbnailUrl":"https:\/\/ubaldofernandes.com\/wp-content\/uploads\/2023\/11\/Pesca.jpeg","datePublished":"2023-11-13T18:34:20+00:00","dateModified":"2023-11-13T18:34:22+00:00","breadcrumb":{"@id":"https:\/\/ubaldofernandes.com\/index.php\/news\/deputado-pede-ampliacao-de-licencas-para-embarcacoes-lagosteiras-no-rn\/#breadcrumb"},"inLanguage":"pt-BR","potentialAction":[{"@type":"ReadAction","target":["https:\/\/ubaldofernandes.com\/index.php\/news\/deputado-pede-ampliacao-de-licencas-para-embarcacoes-lagosteiras-no-rn\/"]}]},{"@type":"ImageObject","inLanguage":"pt-BR","@id":"https:\/\/ubaldofernandes.com\/index.php\/news\/deputado-pede-ampliacao-de-licencas-para-embarcacoes-lagosteiras-no-rn\/#primaryimage","url":"https:\/\/ubaldofernandes.com\/wp-content\/uploads\/2023\/11\/Pesca.jpeg","contentUrl":"https:\/\/ubaldofernandes.com\/wp-content\/uploads\/2023\/11\/Pesca.jpeg","width":600,"height":373},{"@type":"BreadcrumbList","@id":"https:\/\/ubaldofernandes.com\/index.php\/news\/deputado-pede-ampliacao-de-licencas-para-embarcacoes-lagosteiras-no-rn\/#breadcrumb","itemListElement":[{"@type":"ListItem","position":1,"name":"In\u00edcio","item":"https:\/\/ubaldofernandes.com\/"},{"@type":"ListItem","position":2,"name":"Not\u00edcias","item":"https:\/\/ubaldofernandes.com\/index.php\/news\/"},{"@type":"ListItem","position":3,"name":"Deputado pede amplia\u00e7\u00e3o de licen\u00e7as para embarca\u00e7\u00f5es lagosteiras no RN"}]},{"@type":"WebSite","@id":"https:\/\/ubaldofernandes.com\/#website","url":"https:\/\/ubaldofernandes.com\/","name":"Ubaldo Fernandes","description":"Deputado Estadual","potentialAction":[{"@type":"SearchAction","target":{"@type":"EntryPoint","urlTemplate":"https:\/\/ubaldofernandes.com\/?s={search_term_string}"},"query-input":{"@type":"PropertyValueSpecification","valueRequired":true,"valueName":"search_term_string"}}],"inLanguage":"pt-BR"}]}},"_links":{"self":[{"href":"https:\/\/ubaldofernandes.com\/index.php\/wp-json\/wp\/v2\/news\/6111","targetHints":{"allow":["GET"]}}],"collection":[{"href":"https:\/\/ubaldofernandes.com\/index.php\/wp-json\/wp\/v2\/news"}],"about":[{"href":"https:\/\/ubaldofernandes.com\/index.php\/wp-json\/wp\/v2\/types\/news"}],"wp:featuredmedia":[{"embeddable":true,"href":"https:\/\/ubaldofernandes.com\/index.php\/wp-json\/wp\/v2\/media\/6112"}],"wp:attachment":[{"href":"https:\/\/ubaldofernandes.com\/index.php\/wp-json\/wp\/v2\/media?parent=6111"}],"curies":[{"name":"wp","href":"https:\/\/api.w.org\/{rel}","templated":true}]}}