{"id":6138,"date":"2023-11-22T12:41:16","date_gmt":"2023-11-22T15:41:16","guid":{"rendered":"https:\/\/ubaldofernandes.com\/?post_type=news&#038;p=6138"},"modified":"2023-11-22T12:41:17","modified_gmt":"2023-11-22T15:41:17","slug":"alrn-lanca-campanha-consumo-responsavel-bom-para-voce-bom-para-o-comercio","status":"publish","type":"news","link":"https:\/\/ubaldofernandes.com\/index.php\/news\/alrn-lanca-campanha-consumo-responsavel-bom-para-voce-bom-para-o-comercio\/","title":{"rendered":"ALRN lan\u00e7a campanha \u201cConsumo Respons\u00e1vel: bom para voc\u00ea; bom para o com\u00e9rcio\u201d"},"content":{"rendered":"\n<p>A Assembleia Legislativa do Rio Grande do Norte, atrav\u00e9s da Comiss\u00e3o de Defesa do Consumidor, dos Direitos Humanos e Cidadania e do Procon Legislativo, lan\u00e7ou nesta quarta-feira (22) a campanha educativa \u201cConsumo Respons\u00e1vel: bom para voc\u00ea; bom para o com\u00e9rcio\u201d. A a\u00e7\u00e3o, realizada em parceria com o Procon Estadual, tem como foco inicial o per\u00edodo da Black Friday e objetiva levar informa\u00e7\u00e3o sobre o C\u00f3digo de Defesa do Consumidor. Em sua primeira fase, a campanha atendeu no bairro Alecrim.<\/p>\n\n\n\n<p>\u201cInstalamos a unidade m\u00f3vel do Procon Legislativo e disponibilizamos t\u00e9cnicos prestando atendimentos, tirando d\u00favidas e fazendo panfletagem de cartilhas informativas. Uma forma de fazer valer o direito do consumidor\u201d, disse o presidente da Comiss\u00e3o de Defesa do Consumidor, deputado Ubaldo Fernandes (PSDB).<\/p>\n\n\n\n<p>Membro da Comiss\u00e3o, o deputado Ivanilson Oliveira (Uni\u00e3o) refor\u00e7ou a necessidade de informar o consumidor e o lojista. \u201cA inten\u00e7\u00e3o \u00e9 educar a todos. N\u00e3o temos objetivo de punir ningu\u00e9m. Assim como o cliente, o lojista tamb\u00e9m precisa conhecer um pouco mais dos seus direitos e dos seus deveres\u201d, explicou.<\/p>\n\n\n\n<p>A deputada Divaneide Bas\u00edlio (PT) refor\u00e7ou a import\u00e2ncia da Casa do Povo promover essa a\u00e7\u00e3o, tornando-se ainda mais pr\u00f3xima da popula\u00e7\u00e3o. \u201cN\u00f3s estamos aqui para dizer para os consumidores ficarem ainda mais atentos. Para os lojistas, que est\u00e3o faturando nesse per\u00edodo, que cumpram com o C\u00f3digo de Defesa do Consumidor. Para isso trouxemos o Procon Legislativo \u00e0 Pra\u00e7a Gentil Ferreira, aqui no Alecrim, onde milhares de pessoas circulam\u201d, destacou.<\/p>\n\n\n\n<p>Mat\u00e9ria publicada no <a href=\"https:\/\/robsonpiresxerife.com\/2023\/11\/22\/\">Blog Robson Pires<\/a>.<\/p>\n","protected":false},"featured_media":6139,"parent":0,"template":"","class_list":["post-6138","news","type-news","status-publish","has-post-thumbnail","hentry"],"acf":[],"yoast_head":"<!-- This site is optimized with the Yoast SEO plugin v24.6 - https:\/\/yoast.com\/wordpress\/plugins\/seo\/ -->\n<title>ALRN lan\u00e7a campanha \u201cConsumo Respons\u00e1vel: bom para voc\u00ea; bom para o com\u00e9rcio\u201d - Ubaldo Fernandes<\/title>\n<meta name=\"robots\" content=\"index, follow, max-snippet:-1, max-image-preview:large, max-video-preview:-1\" \/>\n<link rel=\"canonical\" href=\"https:\/\/ubaldofernandes.com\/index.php\/news\/alrn-lanca-campanha-consumo-responsavel-bom-para-voce-bom-para-o-comercio\/\" \/>\n<meta property=\"og:locale\" content=\"pt_BR\" \/>\n<meta property=\"og:type\" content=\"article\" \/>\n<meta property=\"og:title\" content=\"ALRN lan\u00e7a campanha \u201cConsumo Respons\u00e1vel: bom para voc\u00ea; bom para o com\u00e9rcio\u201d - Ubaldo Fernandes\" \/>\n<meta property=\"og:description\" content=\"A Assembleia Legislativa do Rio Grande do Norte, atrav\u00e9s da Comiss\u00e3o de Defesa do Consumidor, dos Direitos Humanos e Cidadania e do Procon Legislativo, lan\u00e7ou nesta quarta-feira (22) a campanha educativa \u201cConsumo Respons\u00e1vel: bom para voc\u00ea; bom para o com\u00e9rcio\u201d. A a\u00e7\u00e3o, realizada em parceria com o Procon Estadual, tem como foco inicial o per\u00edodo [&hellip;]\" \/>\n<meta property=\"og:url\" content=\"https:\/\/ubaldofernandes.com\/index.php\/news\/alrn-lanca-campanha-consumo-responsavel-bom-para-voce-bom-para-o-comercio\/\" \/>\n<meta property=\"og:site_name\" content=\"Ubaldo Fernandes\" \/>\n<meta property=\"article:modified_time\" content=\"2023-11-22T15:41:17+00:00\" \/>\n<meta property=\"og:image\" content=\"https:\/\/ubaldofernandes.com\/wp-content\/uploads\/2023\/11\/Campanha-Consumo-Consciente-2-scaled.jpg\" \/>\n\t<meta property=\"og:image:width\" content=\"2560\" \/>\n\t<meta property=\"og:image:height\" content=\"1703\" \/>\n\t<meta property=\"og:image:type\" content=\"image\/jpeg\" \/>\n<meta name=\"twitter:card\" content=\"summary_large_image\" \/>\n<meta name=\"twitter:label1\" content=\"Est. tempo de leitura\" \/>\n\t<meta name=\"twitter:data1\" content=\"1 minuto\" \/>\n<script type=\"application\/ld+json\" class=\"yoast-schema-graph\">{\"@context\":\"https:\/\/schema.org\",\"@graph\":[{\"@type\":\"WebPage\",\"@id\":\"https:\/\/ubaldofernandes.com\/index.php\/news\/alrn-lanca-campanha-consumo-responsavel-bom-para-voce-bom-para-o-comercio\/\",\"url\":\"https:\/\/ubaldofernandes.com\/index.php\/news\/alrn-lanca-campanha-consumo-responsavel-bom-para-voce-bom-para-o-comercio\/\",\"name\":\"ALRN lan\u00e7a campanha \u201cConsumo Respons\u00e1vel: bom para voc\u00ea; bom para o com\u00e9rcio\u201d - Ubaldo Fernandes\",\"isPartOf\":{\"@id\":\"https:\/\/ubaldofernandes.com\/#website\"},\"primaryImageOfPage\":{\"@id\":\"https:\/\/ubaldofernandes.com\/index.php\/news\/alrn-lanca-campanha-consumo-responsavel-bom-para-voce-bom-para-o-comercio\/#primaryimage\"},\"image\":{\"@id\":\"https:\/\/ubaldofernandes.com\/index.php\/news\/alrn-lanca-campanha-consumo-responsavel-bom-para-voce-bom-para-o-comercio\/#primaryimage\"},\"thumbnailUrl\":\"https:\/\/ubaldofernandes.com\/wp-content\/uploads\/2023\/11\/Campanha-Consumo-Consciente-2-scaled.jpg\",\"datePublished\":\"2023-11-22T15:41:16+00:00\",\"dateModified\":\"2023-11-22T15:41:17+00:00\",\"breadcrumb\":{\"@id\":\"https:\/\/ubaldofernandes.com\/index.php\/news\/alrn-lanca-campanha-consumo-responsavel-bom-para-voce-bom-para-o-comercio\/#breadcrumb\"},\"inLanguage\":\"pt-BR\",\"potentialAction\":[{\"@type\":\"ReadAction\",\"target\":[\"https:\/\/ubaldofernandes.com\/index.php\/news\/alrn-lanca-campanha-consumo-responsavel-bom-para-voce-bom-para-o-comercio\/\"]}]},{\"@type\":\"ImageObject\",\"inLanguage\":\"pt-BR\",\"@id\":\"https:\/\/ubaldofernandes.com\/index.php\/news\/alrn-lanca-campanha-consumo-responsavel-bom-para-voce-bom-para-o-comercio\/#primaryimage\",\"url\":\"https:\/\/ubaldofernandes.com\/wp-content\/uploads\/2023\/11\/Campanha-Consumo-Consciente-2-scaled.jpg\",\"contentUrl\":\"https:\/\/ubaldofernandes.com\/wp-content\/uploads\/2023\/11\/Campanha-Consumo-Consciente-2-scaled.jpg\",\"width\":2560,\"height\":1703},{\"@type\":\"BreadcrumbList\",\"@id\":\"https:\/\/ubaldofernandes.com\/index.php\/news\/alrn-lanca-campanha-consumo-responsavel-bom-para-voce-bom-para-o-comercio\/#breadcrumb\",\"itemListElement\":[{\"@type\":\"ListItem\",\"position\":1,\"name\":\"In\u00edcio\",\"item\":\"https:\/\/ubaldofernandes.com\/\"},{\"@type\":\"ListItem\",\"position\":2,\"name\":\"Not\u00edcias\",\"item\":\"https:\/\/ubaldofernandes.com\/index.php\/news\/\"},{\"@type\":\"ListItem\",\"position\":3,\"name\":\"ALRN lan\u00e7a campanha \u201cConsumo Respons\u00e1vel: bom para voc\u00ea; bom para o com\u00e9rcio\u201d\"}]},{\"@type\":\"WebSite\",\"@id\":\"https:\/\/ubaldofernandes.com\/#website\",\"url\":\"https:\/\/ubaldofernandes.com\/\",\"name\":\"Ubaldo Fernandes\",\"description\":\"Deputado Estadual\",\"potentialAction\":[{\"@type\":\"SearchAction\",\"target\":{\"@type\":\"EntryPoint\",\"urlTemplate\":\"https:\/\/ubaldofernandes.com\/?s={search_term_string}\"},\"query-input\":{\"@type\":\"PropertyValueSpecification\",\"valueRequired\":true,\"valueName\":\"search_term_string\"}}],\"inLanguage\":\"pt-BR\"}]}<\/script>\n<!-- \/ Yoast SEO plugin. -->","yoast_head_json":{"title":"ALRN lan\u00e7a campanha \u201cConsumo Respons\u00e1vel: bom para voc\u00ea; bom para o com\u00e9rcio\u201d - Ubaldo Fernandes","robots":{"index":"index","follow":"follow","max-snippet":"max-snippet:-1","max-image-preview":"max-image-preview:large","max-video-preview":"max-video-preview:-1"},"canonical":"https:\/\/ubaldofernandes.com\/index.php\/news\/alrn-lanca-campanha-consumo-responsavel-bom-para-voce-bom-para-o-comercio\/","og_locale":"pt_BR","og_type":"article","og_title":"ALRN lan\u00e7a campanha \u201cConsumo Respons\u00e1vel: bom para voc\u00ea; bom para o com\u00e9rcio\u201d - Ubaldo Fernandes","og_description":"A Assembleia Legislativa do Rio Grande do Norte, atrav\u00e9s da Comiss\u00e3o de Defesa do Consumidor, dos Direitos Humanos e Cidadania e do Procon Legislativo, lan\u00e7ou nesta quarta-feira (22) a campanha educativa \u201cConsumo Respons\u00e1vel: bom para voc\u00ea; bom para o com\u00e9rcio\u201d. A a\u00e7\u00e3o, realizada em parceria com o Procon Estadual, tem como foco inicial o per\u00edodo [&hellip;]","og_url":"https:\/\/ubaldofernandes.com\/index.php\/news\/alrn-lanca-campanha-consumo-responsavel-bom-para-voce-bom-para-o-comercio\/","og_site_name":"Ubaldo Fernandes","article_modified_time":"2023-11-22T15:41:17+00:00","og_image":[{"width":2560,"height":1703,"url":"https:\/\/ubaldofernandes.com\/wp-content\/uploads\/2023\/11\/Campanha-Consumo-Consciente-2-scaled.jpg","type":"image\/jpeg"}],"twitter_card":"summary_large_image","twitter_misc":{"Est. tempo de leitura":"1 minuto"},"schema":{"@context":"https:\/\/schema.org","@graph":[{"@type":"WebPage","@id":"https:\/\/ubaldofernandes.com\/index.php\/news\/alrn-lanca-campanha-consumo-responsavel-bom-para-voce-bom-para-o-comercio\/","url":"https:\/\/ubaldofernandes.com\/index.php\/news\/alrn-lanca-campanha-consumo-responsavel-bom-para-voce-bom-para-o-comercio\/","name":"ALRN lan\u00e7a campanha \u201cConsumo Respons\u00e1vel: bom para voc\u00ea; bom para o com\u00e9rcio\u201d - Ubaldo Fernandes","isPartOf":{"@id":"https:\/\/ubaldofernandes.com\/#website"},"primaryImageOfPage":{"@id":"https:\/\/ubaldofernandes.com\/index.php\/news\/alrn-lanca-campanha-consumo-responsavel-bom-para-voce-bom-para-o-comercio\/#primaryimage"},"image":{"@id":"https:\/\/ubaldofernandes.com\/index.php\/news\/alrn-lanca-campanha-consumo-responsavel-bom-para-voce-bom-para-o-comercio\/#primaryimage"},"thumbnailUrl":"https:\/\/ubaldofernandes.com\/wp-content\/uploads\/2023\/11\/Campanha-Consumo-Consciente-2-scaled.jpg","datePublished":"2023-11-22T15:41:16+00:00","dateModified":"2023-11-22T15:41:17+00:00","breadcrumb":{"@id":"https:\/\/ubaldofernandes.com\/index.php\/news\/alrn-lanca-campanha-consumo-responsavel-bom-para-voce-bom-para-o-comercio\/#breadcrumb"},"inLanguage":"pt-BR","potentialAction":[{"@type":"ReadAction","target":["https:\/\/ubaldofernandes.com\/index.php\/news\/alrn-lanca-campanha-consumo-responsavel-bom-para-voce-bom-para-o-comercio\/"]}]},{"@type":"ImageObject","inLanguage":"pt-BR","@id":"https:\/\/ubaldofernandes.com\/index.php\/news\/alrn-lanca-campanha-consumo-responsavel-bom-para-voce-bom-para-o-comercio\/#primaryimage","url":"https:\/\/ubaldofernandes.com\/wp-content\/uploads\/2023\/11\/Campanha-Consumo-Consciente-2-scaled.jpg","contentUrl":"https:\/\/ubaldofernandes.com\/wp-content\/uploads\/2023\/11\/Campanha-Consumo-Consciente-2-scaled.jpg","width":2560,"height":1703},{"@type":"BreadcrumbList","@id":"https:\/\/ubaldofernandes.com\/index.php\/news\/alrn-lanca-campanha-consumo-responsavel-bom-para-voce-bom-para-o-comercio\/#breadcrumb","itemListElement":[{"@type":"ListItem","position":1,"name":"In\u00edcio","item":"https:\/\/ubaldofernandes.com\/"},{"@type":"ListItem","position":2,"name":"Not\u00edcias","item":"https:\/\/ubaldofernandes.com\/index.php\/news\/"},{"@type":"ListItem","position":3,"name":"ALRN lan\u00e7a campanha \u201cConsumo Respons\u00e1vel: bom para voc\u00ea; bom para o com\u00e9rcio\u201d"}]},{"@type":"WebSite","@id":"https:\/\/ubaldofernandes.com\/#website","url":"https:\/\/ubaldofernandes.com\/","name":"Ubaldo Fernandes","description":"Deputado Estadual","potentialAction":[{"@type":"SearchAction","target":{"@type":"EntryPoint","urlTemplate":"https:\/\/ubaldofernandes.com\/?s={search_term_string}"},"query-input":{"@type":"PropertyValueSpecification","valueRequired":true,"valueName":"search_term_string"}}],"inLanguage":"pt-BR"}]}},"_links":{"self":[{"href":"https:\/\/ubaldofernandes.com\/index.php\/wp-json\/wp\/v2\/news\/6138","targetHints":{"allow":["GET"]}}],"collection":[{"href":"https:\/\/ubaldofernandes.com\/index.php\/wp-json\/wp\/v2\/news"}],"about":[{"href":"https:\/\/ubaldofernandes.com\/index.php\/wp-json\/wp\/v2\/types\/news"}],"wp:featuredmedia":[{"embeddable":true,"href":"https:\/\/ubaldofernandes.com\/index.php\/wp-json\/wp\/v2\/media\/6139"}],"wp:attachment":[{"href":"https:\/\/ubaldofernandes.com\/index.php\/wp-json\/wp\/v2\/media?parent=6138"}],"curies":[{"name":"wp","href":"https:\/\/api.w.org\/{rel}","templated":true}]}}