{"id":6181,"date":"2023-12-06T14:24:00","date_gmt":"2023-12-06T17:24:00","guid":{"rendered":"https:\/\/ubaldofernandes.com\/?post_type=news&#038;p=6181"},"modified":"2023-12-11T10:27:48","modified_gmt":"2023-12-11T13:27:48","slug":"ubaldo-solicita-melhorias-no-abastecimento-de-agua-dos-municipios","status":"publish","type":"news","link":"https:\/\/ubaldofernandes.com\/index.php\/news\/ubaldo-solicita-melhorias-no-abastecimento-de-agua-dos-municipios\/","title":{"rendered":"Ubaldo solicita melhorias no abastecimento de \u00e1gua dos munic\u00edpios"},"content":{"rendered":"\n<p>Com requerimentos direcionados para Parnamirim e S\u00e3o Jos\u00e9 do Campestre, o deputado Ubaldo Fernandes (PSDB) solicita investimentos no abastecimento de \u00e1gua para as comunidades dos referidos munic\u00edpios.&nbsp;<\/p>\n\n\n\n<p>&#8220;Reconhecemos e agradecemos o esfor\u00e7o da Caern nas extens\u00f5es dos servi\u00e7os j\u00e1 iniciados no local, mas o fornecimento ainda n\u00e3o chegou \u00e0 rua J\u00falio Fernandes de Macedo, no bairro de Nova Esperan\u00e7a&#8221;, explicou o deputado. Atualmente s\u00e3o 60 fam\u00edlias que residem no local, que conta com 20 casas em constru\u00e7\u00e3o.<\/p>\n\n\n\n<p>Outro requerimento foi direcionado \u00e0 Secretaria do Meio Ambiente e dos Recursos H\u00eddricos, a perfura\u00e7\u00e3o e instala\u00e7\u00e3o de po\u00e7os artesiano no s\u00edtio Alaz\u00e3o, zona rural de S\u00e3o Jos\u00e9 de Campestre.<\/p>\n\n\n\n<p>&#8220;Este pedido se faz com base em solicita\u00e7\u00e3o da pr\u00f3pria popula\u00e7\u00e3o rural, que sofre com a precariedade de recursos h\u00eddricos para consumo pr\u00f3prio e para a atividade agr\u00edcola que exercem&#8221;, justificou o parlamentar, informando que atrav\u00e9s do Programa RN + \u00c1gua ser\u00e3o beneficiadas quinze fam\u00edlias.<\/p>\n\n\n\n<p>Mat\u00e9ria publicada no <a href=\"https:\/\/blogdopassaro.com.br\/ubaldo-solicita-melhorias-no-abastecimento-de-agua-dos-municipios\/\">Blog do P\u00e1ssaro<\/a>. <\/p>\n","protected":false},"featured_media":6182,"parent":0,"template":"","class_list":["post-6181","news","type-news","status-publish","has-post-thumbnail","hentry"],"acf":[],"yoast_head":"<!-- This site is optimized with the Yoast SEO plugin v24.6 - https:\/\/yoast.com\/wordpress\/plugins\/seo\/ -->\n<title>Ubaldo solicita melhorias no abastecimento de \u00e1gua dos munic\u00edpios - Ubaldo Fernandes<\/title>\n<meta name=\"robots\" content=\"index, follow, max-snippet:-1, max-image-preview:large, max-video-preview:-1\" \/>\n<link rel=\"canonical\" href=\"https:\/\/ubaldofernandes.com\/index.php\/news\/ubaldo-solicita-melhorias-no-abastecimento-de-agua-dos-municipios\/\" \/>\n<meta property=\"og:locale\" content=\"pt_BR\" \/>\n<meta property=\"og:type\" content=\"article\" \/>\n<meta property=\"og:title\" content=\"Ubaldo solicita melhorias no abastecimento de \u00e1gua dos munic\u00edpios - Ubaldo Fernandes\" \/>\n<meta property=\"og:description\" content=\"Com requerimentos direcionados para Parnamirim e S\u00e3o Jos\u00e9 do Campestre, o deputado Ubaldo Fernandes (PSDB) solicita investimentos no abastecimento de \u00e1gua para as comunidades dos referidos munic\u00edpios.&nbsp; &#8220;Reconhecemos e agradecemos o esfor\u00e7o da Caern nas extens\u00f5es dos servi\u00e7os j\u00e1 iniciados no local, mas o fornecimento ainda n\u00e3o chegou \u00e0 rua J\u00falio Fernandes de Macedo, no [&hellip;]\" \/>\n<meta property=\"og:url\" content=\"https:\/\/ubaldofernandes.com\/index.php\/news\/ubaldo-solicita-melhorias-no-abastecimento-de-agua-dos-municipios\/\" \/>\n<meta property=\"og:site_name\" content=\"Ubaldo Fernandes\" \/>\n<meta property=\"article:modified_time\" content=\"2023-12-11T13:27:48+00:00\" \/>\n<meta property=\"og:image\" content=\"https:\/\/ubaldofernandes.com\/wp-content\/uploads\/2023\/12\/Ubaldo-plenario-scaled.jpg\" \/>\n\t<meta property=\"og:image:width\" content=\"2560\" \/>\n\t<meta property=\"og:image:height\" content=\"1703\" \/>\n\t<meta property=\"og:image:type\" content=\"image\/jpeg\" \/>\n<meta name=\"twitter:card\" content=\"summary_large_image\" \/>\n<meta name=\"twitter:label1\" content=\"Est. tempo de leitura\" \/>\n\t<meta name=\"twitter:data1\" content=\"1 minuto\" \/>\n<script type=\"application\/ld+json\" class=\"yoast-schema-graph\">{\"@context\":\"https:\/\/schema.org\",\"@graph\":[{\"@type\":\"WebPage\",\"@id\":\"https:\/\/ubaldofernandes.com\/index.php\/news\/ubaldo-solicita-melhorias-no-abastecimento-de-agua-dos-municipios\/\",\"url\":\"https:\/\/ubaldofernandes.com\/index.php\/news\/ubaldo-solicita-melhorias-no-abastecimento-de-agua-dos-municipios\/\",\"name\":\"Ubaldo solicita melhorias no abastecimento de \u00e1gua dos munic\u00edpios - Ubaldo Fernandes\",\"isPartOf\":{\"@id\":\"https:\/\/ubaldofernandes.com\/#website\"},\"primaryImageOfPage\":{\"@id\":\"https:\/\/ubaldofernandes.com\/index.php\/news\/ubaldo-solicita-melhorias-no-abastecimento-de-agua-dos-municipios\/#primaryimage\"},\"image\":{\"@id\":\"https:\/\/ubaldofernandes.com\/index.php\/news\/ubaldo-solicita-melhorias-no-abastecimento-de-agua-dos-municipios\/#primaryimage\"},\"thumbnailUrl\":\"https:\/\/ubaldofernandes.com\/wp-content\/uploads\/2023\/12\/Ubaldo-plenario-scaled.jpg\",\"datePublished\":\"2023-12-06T17:24:00+00:00\",\"dateModified\":\"2023-12-11T13:27:48+00:00\",\"breadcrumb\":{\"@id\":\"https:\/\/ubaldofernandes.com\/index.php\/news\/ubaldo-solicita-melhorias-no-abastecimento-de-agua-dos-municipios\/#breadcrumb\"},\"inLanguage\":\"pt-BR\",\"potentialAction\":[{\"@type\":\"ReadAction\",\"target\":[\"https:\/\/ubaldofernandes.com\/index.php\/news\/ubaldo-solicita-melhorias-no-abastecimento-de-agua-dos-municipios\/\"]}]},{\"@type\":\"ImageObject\",\"inLanguage\":\"pt-BR\",\"@id\":\"https:\/\/ubaldofernandes.com\/index.php\/news\/ubaldo-solicita-melhorias-no-abastecimento-de-agua-dos-municipios\/#primaryimage\",\"url\":\"https:\/\/ubaldofernandes.com\/wp-content\/uploads\/2023\/12\/Ubaldo-plenario-scaled.jpg\",\"contentUrl\":\"https:\/\/ubaldofernandes.com\/wp-content\/uploads\/2023\/12\/Ubaldo-plenario-scaled.jpg\",\"width\":2560,\"height\":1703},{\"@type\":\"BreadcrumbList\",\"@id\":\"https:\/\/ubaldofernandes.com\/index.php\/news\/ubaldo-solicita-melhorias-no-abastecimento-de-agua-dos-municipios\/#breadcrumb\",\"itemListElement\":[{\"@type\":\"ListItem\",\"position\":1,\"name\":\"In\u00edcio\",\"item\":\"https:\/\/ubaldofernandes.com\/\"},{\"@type\":\"ListItem\",\"position\":2,\"name\":\"Not\u00edcias\",\"item\":\"https:\/\/ubaldofernandes.com\/index.php\/news\/\"},{\"@type\":\"ListItem\",\"position\":3,\"name\":\"Ubaldo solicita melhorias no abastecimento de \u00e1gua dos munic\u00edpios\"}]},{\"@type\":\"WebSite\",\"@id\":\"https:\/\/ubaldofernandes.com\/#website\",\"url\":\"https:\/\/ubaldofernandes.com\/\",\"name\":\"Ubaldo Fernandes\",\"description\":\"Deputado Estadual\",\"potentialAction\":[{\"@type\":\"SearchAction\",\"target\":{\"@type\":\"EntryPoint\",\"urlTemplate\":\"https:\/\/ubaldofernandes.com\/?s={search_term_string}\"},\"query-input\":{\"@type\":\"PropertyValueSpecification\",\"valueRequired\":true,\"valueName\":\"search_term_string\"}}],\"inLanguage\":\"pt-BR\"}]}<\/script>\n<!-- \/ Yoast SEO plugin. -->","yoast_head_json":{"title":"Ubaldo solicita melhorias no abastecimento de \u00e1gua dos munic\u00edpios - Ubaldo Fernandes","robots":{"index":"index","follow":"follow","max-snippet":"max-snippet:-1","max-image-preview":"max-image-preview:large","max-video-preview":"max-video-preview:-1"},"canonical":"https:\/\/ubaldofernandes.com\/index.php\/news\/ubaldo-solicita-melhorias-no-abastecimento-de-agua-dos-municipios\/","og_locale":"pt_BR","og_type":"article","og_title":"Ubaldo solicita melhorias no abastecimento de \u00e1gua dos munic\u00edpios - Ubaldo Fernandes","og_description":"Com requerimentos direcionados para Parnamirim e S\u00e3o Jos\u00e9 do Campestre, o deputado Ubaldo Fernandes (PSDB) solicita investimentos no abastecimento de \u00e1gua para as comunidades dos referidos munic\u00edpios.&nbsp; &#8220;Reconhecemos e agradecemos o esfor\u00e7o da Caern nas extens\u00f5es dos servi\u00e7os j\u00e1 iniciados no local, mas o fornecimento ainda n\u00e3o chegou \u00e0 rua J\u00falio Fernandes de Macedo, no [&hellip;]","og_url":"https:\/\/ubaldofernandes.com\/index.php\/news\/ubaldo-solicita-melhorias-no-abastecimento-de-agua-dos-municipios\/","og_site_name":"Ubaldo Fernandes","article_modified_time":"2023-12-11T13:27:48+00:00","og_image":[{"width":2560,"height":1703,"url":"https:\/\/ubaldofernandes.com\/wp-content\/uploads\/2023\/12\/Ubaldo-plenario-scaled.jpg","type":"image\/jpeg"}],"twitter_card":"summary_large_image","twitter_misc":{"Est. tempo de leitura":"1 minuto"},"schema":{"@context":"https:\/\/schema.org","@graph":[{"@type":"WebPage","@id":"https:\/\/ubaldofernandes.com\/index.php\/news\/ubaldo-solicita-melhorias-no-abastecimento-de-agua-dos-municipios\/","url":"https:\/\/ubaldofernandes.com\/index.php\/news\/ubaldo-solicita-melhorias-no-abastecimento-de-agua-dos-municipios\/","name":"Ubaldo solicita melhorias no abastecimento de \u00e1gua dos munic\u00edpios - Ubaldo Fernandes","isPartOf":{"@id":"https:\/\/ubaldofernandes.com\/#website"},"primaryImageOfPage":{"@id":"https:\/\/ubaldofernandes.com\/index.php\/news\/ubaldo-solicita-melhorias-no-abastecimento-de-agua-dos-municipios\/#primaryimage"},"image":{"@id":"https:\/\/ubaldofernandes.com\/index.php\/news\/ubaldo-solicita-melhorias-no-abastecimento-de-agua-dos-municipios\/#primaryimage"},"thumbnailUrl":"https:\/\/ubaldofernandes.com\/wp-content\/uploads\/2023\/12\/Ubaldo-plenario-scaled.jpg","datePublished":"2023-12-06T17:24:00+00:00","dateModified":"2023-12-11T13:27:48+00:00","breadcrumb":{"@id":"https:\/\/ubaldofernandes.com\/index.php\/news\/ubaldo-solicita-melhorias-no-abastecimento-de-agua-dos-municipios\/#breadcrumb"},"inLanguage":"pt-BR","potentialAction":[{"@type":"ReadAction","target":["https:\/\/ubaldofernandes.com\/index.php\/news\/ubaldo-solicita-melhorias-no-abastecimento-de-agua-dos-municipios\/"]}]},{"@type":"ImageObject","inLanguage":"pt-BR","@id":"https:\/\/ubaldofernandes.com\/index.php\/news\/ubaldo-solicita-melhorias-no-abastecimento-de-agua-dos-municipios\/#primaryimage","url":"https:\/\/ubaldofernandes.com\/wp-content\/uploads\/2023\/12\/Ubaldo-plenario-scaled.jpg","contentUrl":"https:\/\/ubaldofernandes.com\/wp-content\/uploads\/2023\/12\/Ubaldo-plenario-scaled.jpg","width":2560,"height":1703},{"@type":"BreadcrumbList","@id":"https:\/\/ubaldofernandes.com\/index.php\/news\/ubaldo-solicita-melhorias-no-abastecimento-de-agua-dos-municipios\/#breadcrumb","itemListElement":[{"@type":"ListItem","position":1,"name":"In\u00edcio","item":"https:\/\/ubaldofernandes.com\/"},{"@type":"ListItem","position":2,"name":"Not\u00edcias","item":"https:\/\/ubaldofernandes.com\/index.php\/news\/"},{"@type":"ListItem","position":3,"name":"Ubaldo solicita melhorias no abastecimento de \u00e1gua dos munic\u00edpios"}]},{"@type":"WebSite","@id":"https:\/\/ubaldofernandes.com\/#website","url":"https:\/\/ubaldofernandes.com\/","name":"Ubaldo Fernandes","description":"Deputado Estadual","potentialAction":[{"@type":"SearchAction","target":{"@type":"EntryPoint","urlTemplate":"https:\/\/ubaldofernandes.com\/?s={search_term_string}"},"query-input":{"@type":"PropertyValueSpecification","valueRequired":true,"valueName":"search_term_string"}}],"inLanguage":"pt-BR"}]}},"_links":{"self":[{"href":"https:\/\/ubaldofernandes.com\/index.php\/wp-json\/wp\/v2\/news\/6181","targetHints":{"allow":["GET"]}}],"collection":[{"href":"https:\/\/ubaldofernandes.com\/index.php\/wp-json\/wp\/v2\/news"}],"about":[{"href":"https:\/\/ubaldofernandes.com\/index.php\/wp-json\/wp\/v2\/types\/news"}],"wp:featuredmedia":[{"embeddable":true,"href":"https:\/\/ubaldofernandes.com\/index.php\/wp-json\/wp\/v2\/media\/6182"}],"wp:attachment":[{"href":"https:\/\/ubaldofernandes.com\/index.php\/wp-json\/wp\/v2\/media?parent=6181"}],"curies":[{"name":"wp","href":"https:\/\/api.w.org\/{rel}","templated":true}]}}