{"id":6245,"date":"2024-01-10T13:00:00","date_gmt":"2024-01-10T16:00:00","guid":{"rendered":"https:\/\/ubaldofernandes.com\/?post_type=news&#038;p=6245"},"modified":"2024-01-15T09:57:34","modified_gmt":"2024-01-15T12:57:34","slug":"camarote-de-acessibilidade-passa-a-ser-obrigatorio-no-rn","status":"publish","type":"news","link":"https:\/\/ubaldofernandes.com\/index.php\/news\/camarote-de-acessibilidade-passa-a-ser-obrigatorio-no-rn\/","title":{"rendered":"\u201cCamarote de Acessibilidade\u201d passa a ser obrigat\u00f3rio no RN"},"content":{"rendered":"\n<p>O governo do Estado acaba de sancionar, no Di\u00e1rio Oficial desta quarta-feira (10), tr\u00eas novas leis de autoria do deputado estadual Ubaldo Fernandes (PSDB). A primeira delas, a Lei n\u00ba 11.666, disp\u00f5e sobre a obrigatoriedade da disponibilidade de Camarote de Acessibilidade em todos espet\u00e1culos art\u00edstico-culturais realizados ou subsidiados com recursos p\u00fablicos ou por ren\u00fancia fiscal pelo Rio Grande do Norte.<\/p>\n\n\n\n<p>\u201c\u00c9 uma lei muito importante para o nosso Estado, pois amplia a acessibilidade \u00e0s pessoas com defici\u00eancia e lhes garante mais dignidade e acesso ao lazer e \u00e0 cultura. Agora, todos os eventos art\u00edstico-culturais que contarem com recursos ou subs\u00eddios do governo, sejam eles p\u00fablicos ou privados, dever\u00e3o ter o Camarote da Acessibilidade. E mais: o acesso a esse camarote \u00e9 garantido tamb\u00e9m aos acompanhantes\u201d, explica o deputado.<\/p>\n\n\n\n<p>Segundo o texto desta lei, o Camarote da Acessibilidade dever\u00e1 ser instalado em localiza\u00e7\u00e3o pr\u00f3xima ao palco dos espet\u00e1culos art\u00edstico-culturais, com \u00e2ngulo de visibilidade do palco favor\u00e1vel aos seus espectadores. Al\u00e9m disso, n\u00e3o poder\u00e1 ser cobrado valor distinto do ofertado ao p\u00fablico geral. Para ter acesso ao camarote, a pessoa com defici\u00eancia deve comprovar sua condi\u00e7\u00e3o por documento oficial ou laudo m\u00e9dico. Os crit\u00e9rios, quantidade de pessoas e outra regras ser\u00e3o regulamentados pelo Poder Executivo.<\/p>\n\n\n\n<p>O Camarote da Acessibilidade dever\u00e1 obedecer, tamb\u00e9m, aos par\u00e2metros da Lei Federal n\u00ba 13.146, de 6 de julho de 2015 (Estatuto da Pessoa com Defici\u00eancia), e aos crit\u00e9rios t\u00e9cnicos constantes nas Normas Brasileiras da Associa\u00e7\u00e3o Brasileira de Normas T\u00e9cnicas \u2013 ABNT sobre acessibilidade.<\/p>\n\n\n\n<p><strong>MAIS SAN\u00c7\u00d5ES<\/strong><\/p>\n\n\n\n<p>Outra lei do deputado Ubaldo sancionada hoje \u2013 a Lei n\u00ba 11.665 \u2013 denomina \u201cViaduto Marinho Chagas\u201d o viaduto que interliga a Avenida Dr. Jo\u00e3o Medeiros Filho, a Rua Conselheiro Trist\u00e3o e a Ponte Newton Navarro, no complexo vi\u00e1rio da Redinha. \u201cEsta \u00e9 uma homenagem mais do que justa a este jogador que foi um dos maiores laterais esquerdos do mundo. Marinho Chagas \u00e9 potiguar, destacou-se em times e competi\u00e7\u00f5es nacionais e exaltou o nome do Rio Grande do Norte pelo mundo\u201d, ressalta o parlamentar.<\/p>\n\n\n\n<p>A terceira lei sancionada hoje foi a Lei n\u00ba 11.664, que institui, no Rio Grande do Norte, a Campanha Estadual de Sa\u00fade Bucal da Pessoa Idosa. Ubaldo Fernandes \u00e9 presidente da Frente Parlamentar em Defesa dos Direitos da Pessoa Idosa, na Assembleia Legislativa, e trabalha para ampliar direitos para este p\u00fablico. A nova lei visa promover a\u00e7\u00f5es de preven\u00e7\u00e3o, diagn\u00f3stico, tratamento e reabilita\u00e7\u00e3o da sa\u00fade bucal nos idosos do Rio Grande do Norte.<\/p>\n\n\n\n<p>Mat\u00e9ria publicada no <a href=\"https:\/\/ibandrn.com.br\/eventos-realizados-no-rn-com-recursos-publicos-devem-disponibilizar-camarote-de-acessibilidade\/\">Portal iBandRn<\/a>. <\/p>\n","protected":false},"featured_media":6246,"parent":0,"template":"","class_list":["post-6245","news","type-news","status-publish","has-post-thumbnail","hentry"],"acf":[],"yoast_head":"<!-- This site is optimized with the Yoast SEO plugin v24.6 - https:\/\/yoast.com\/wordpress\/plugins\/seo\/ -->\n<title>\u201cCamarote de Acessibilidade\u201d passa a ser obrigat\u00f3rio no RN - Ubaldo Fernandes<\/title>\n<meta name=\"robots\" content=\"index, follow, max-snippet:-1, max-image-preview:large, max-video-preview:-1\" \/>\n<link rel=\"canonical\" href=\"https:\/\/ubaldofernandes.com\/index.php\/news\/camarote-de-acessibilidade-passa-a-ser-obrigatorio-no-rn\/\" \/>\n<meta property=\"og:locale\" content=\"pt_BR\" \/>\n<meta property=\"og:type\" content=\"article\" \/>\n<meta property=\"og:title\" content=\"\u201cCamarote de Acessibilidade\u201d passa a ser obrigat\u00f3rio no RN - Ubaldo Fernandes\" \/>\n<meta property=\"og:description\" content=\"O governo do Estado acaba de sancionar, no Di\u00e1rio Oficial desta quarta-feira (10), tr\u00eas novas leis de autoria do deputado estadual Ubaldo Fernandes (PSDB). A primeira delas, a Lei n\u00ba 11.666, disp\u00f5e sobre a obrigatoriedade da disponibilidade de Camarote de Acessibilidade em todos espet\u00e1culos art\u00edstico-culturais realizados ou subsidiados com recursos p\u00fablicos ou por ren\u00fancia fiscal [&hellip;]\" \/>\n<meta property=\"og:url\" content=\"https:\/\/ubaldofernandes.com\/index.php\/news\/camarote-de-acessibilidade-passa-a-ser-obrigatorio-no-rn\/\" \/>\n<meta property=\"og:site_name\" content=\"Ubaldo Fernandes\" \/>\n<meta property=\"article:modified_time\" content=\"2024-01-15T12:57:34+00:00\" \/>\n<meta property=\"og:image\" content=\"https:\/\/ubaldofernandes.com\/wp-content\/uploads\/2024\/01\/CAMAROTE-556x417-1.jpg\" \/>\n\t<meta property=\"og:image:width\" content=\"556\" \/>\n\t<meta property=\"og:image:height\" content=\"417\" \/>\n\t<meta property=\"og:image:type\" content=\"image\/jpeg\" \/>\n<meta name=\"twitter:card\" content=\"summary_large_image\" \/>\n<meta name=\"twitter:label1\" content=\"Est. tempo de leitura\" \/>\n\t<meta name=\"twitter:data1\" content=\"2 minutos\" \/>\n<script type=\"application\/ld+json\" class=\"yoast-schema-graph\">{\"@context\":\"https:\/\/schema.org\",\"@graph\":[{\"@type\":\"WebPage\",\"@id\":\"https:\/\/ubaldofernandes.com\/index.php\/news\/camarote-de-acessibilidade-passa-a-ser-obrigatorio-no-rn\/\",\"url\":\"https:\/\/ubaldofernandes.com\/index.php\/news\/camarote-de-acessibilidade-passa-a-ser-obrigatorio-no-rn\/\",\"name\":\"\u201cCamarote de Acessibilidade\u201d passa a ser obrigat\u00f3rio no RN - Ubaldo Fernandes\",\"isPartOf\":{\"@id\":\"https:\/\/ubaldofernandes.com\/#website\"},\"primaryImageOfPage\":{\"@id\":\"https:\/\/ubaldofernandes.com\/index.php\/news\/camarote-de-acessibilidade-passa-a-ser-obrigatorio-no-rn\/#primaryimage\"},\"image\":{\"@id\":\"https:\/\/ubaldofernandes.com\/index.php\/news\/camarote-de-acessibilidade-passa-a-ser-obrigatorio-no-rn\/#primaryimage\"},\"thumbnailUrl\":\"https:\/\/ubaldofernandes.com\/wp-content\/uploads\/2024\/01\/CAMAROTE-556x417-1.jpg\",\"datePublished\":\"2024-01-10T16:00:00+00:00\",\"dateModified\":\"2024-01-15T12:57:34+00:00\",\"breadcrumb\":{\"@id\":\"https:\/\/ubaldofernandes.com\/index.php\/news\/camarote-de-acessibilidade-passa-a-ser-obrigatorio-no-rn\/#breadcrumb\"},\"inLanguage\":\"pt-BR\",\"potentialAction\":[{\"@type\":\"ReadAction\",\"target\":[\"https:\/\/ubaldofernandes.com\/index.php\/news\/camarote-de-acessibilidade-passa-a-ser-obrigatorio-no-rn\/\"]}]},{\"@type\":\"ImageObject\",\"inLanguage\":\"pt-BR\",\"@id\":\"https:\/\/ubaldofernandes.com\/index.php\/news\/camarote-de-acessibilidade-passa-a-ser-obrigatorio-no-rn\/#primaryimage\",\"url\":\"https:\/\/ubaldofernandes.com\/wp-content\/uploads\/2024\/01\/CAMAROTE-556x417-1.jpg\",\"contentUrl\":\"https:\/\/ubaldofernandes.com\/wp-content\/uploads\/2024\/01\/CAMAROTE-556x417-1.jpg\",\"width\":556,\"height\":417},{\"@type\":\"BreadcrumbList\",\"@id\":\"https:\/\/ubaldofernandes.com\/index.php\/news\/camarote-de-acessibilidade-passa-a-ser-obrigatorio-no-rn\/#breadcrumb\",\"itemListElement\":[{\"@type\":\"ListItem\",\"position\":1,\"name\":\"In\u00edcio\",\"item\":\"https:\/\/ubaldofernandes.com\/\"},{\"@type\":\"ListItem\",\"position\":2,\"name\":\"Not\u00edcias\",\"item\":\"https:\/\/ubaldofernandes.com\/index.php\/news\/\"},{\"@type\":\"ListItem\",\"position\":3,\"name\":\"\u201cCamarote de Acessibilidade\u201d passa a ser obrigat\u00f3rio no RN\"}]},{\"@type\":\"WebSite\",\"@id\":\"https:\/\/ubaldofernandes.com\/#website\",\"url\":\"https:\/\/ubaldofernandes.com\/\",\"name\":\"Ubaldo Fernandes\",\"description\":\"Deputado Estadual\",\"potentialAction\":[{\"@type\":\"SearchAction\",\"target\":{\"@type\":\"EntryPoint\",\"urlTemplate\":\"https:\/\/ubaldofernandes.com\/?s={search_term_string}\"},\"query-input\":{\"@type\":\"PropertyValueSpecification\",\"valueRequired\":true,\"valueName\":\"search_term_string\"}}],\"inLanguage\":\"pt-BR\"}]}<\/script>\n<!-- \/ Yoast SEO plugin. -->","yoast_head_json":{"title":"\u201cCamarote de Acessibilidade\u201d passa a ser obrigat\u00f3rio no RN - Ubaldo Fernandes","robots":{"index":"index","follow":"follow","max-snippet":"max-snippet:-1","max-image-preview":"max-image-preview:large","max-video-preview":"max-video-preview:-1"},"canonical":"https:\/\/ubaldofernandes.com\/index.php\/news\/camarote-de-acessibilidade-passa-a-ser-obrigatorio-no-rn\/","og_locale":"pt_BR","og_type":"article","og_title":"\u201cCamarote de Acessibilidade\u201d passa a ser obrigat\u00f3rio no RN - Ubaldo Fernandes","og_description":"O governo do Estado acaba de sancionar, no Di\u00e1rio Oficial desta quarta-feira (10), tr\u00eas novas leis de autoria do deputado estadual Ubaldo Fernandes (PSDB). A primeira delas, a Lei n\u00ba 11.666, disp\u00f5e sobre a obrigatoriedade da disponibilidade de Camarote de Acessibilidade em todos espet\u00e1culos art\u00edstico-culturais realizados ou subsidiados com recursos p\u00fablicos ou por ren\u00fancia fiscal [&hellip;]","og_url":"https:\/\/ubaldofernandes.com\/index.php\/news\/camarote-de-acessibilidade-passa-a-ser-obrigatorio-no-rn\/","og_site_name":"Ubaldo Fernandes","article_modified_time":"2024-01-15T12:57:34+00:00","og_image":[{"width":556,"height":417,"url":"https:\/\/ubaldofernandes.com\/wp-content\/uploads\/2024\/01\/CAMAROTE-556x417-1.jpg","type":"image\/jpeg"}],"twitter_card":"summary_large_image","twitter_misc":{"Est. tempo de leitura":"2 minutos"},"schema":{"@context":"https:\/\/schema.org","@graph":[{"@type":"WebPage","@id":"https:\/\/ubaldofernandes.com\/index.php\/news\/camarote-de-acessibilidade-passa-a-ser-obrigatorio-no-rn\/","url":"https:\/\/ubaldofernandes.com\/index.php\/news\/camarote-de-acessibilidade-passa-a-ser-obrigatorio-no-rn\/","name":"\u201cCamarote de Acessibilidade\u201d passa a ser obrigat\u00f3rio no RN - Ubaldo Fernandes","isPartOf":{"@id":"https:\/\/ubaldofernandes.com\/#website"},"primaryImageOfPage":{"@id":"https:\/\/ubaldofernandes.com\/index.php\/news\/camarote-de-acessibilidade-passa-a-ser-obrigatorio-no-rn\/#primaryimage"},"image":{"@id":"https:\/\/ubaldofernandes.com\/index.php\/news\/camarote-de-acessibilidade-passa-a-ser-obrigatorio-no-rn\/#primaryimage"},"thumbnailUrl":"https:\/\/ubaldofernandes.com\/wp-content\/uploads\/2024\/01\/CAMAROTE-556x417-1.jpg","datePublished":"2024-01-10T16:00:00+00:00","dateModified":"2024-01-15T12:57:34+00:00","breadcrumb":{"@id":"https:\/\/ubaldofernandes.com\/index.php\/news\/camarote-de-acessibilidade-passa-a-ser-obrigatorio-no-rn\/#breadcrumb"},"inLanguage":"pt-BR","potentialAction":[{"@type":"ReadAction","target":["https:\/\/ubaldofernandes.com\/index.php\/news\/camarote-de-acessibilidade-passa-a-ser-obrigatorio-no-rn\/"]}]},{"@type":"ImageObject","inLanguage":"pt-BR","@id":"https:\/\/ubaldofernandes.com\/index.php\/news\/camarote-de-acessibilidade-passa-a-ser-obrigatorio-no-rn\/#primaryimage","url":"https:\/\/ubaldofernandes.com\/wp-content\/uploads\/2024\/01\/CAMAROTE-556x417-1.jpg","contentUrl":"https:\/\/ubaldofernandes.com\/wp-content\/uploads\/2024\/01\/CAMAROTE-556x417-1.jpg","width":556,"height":417},{"@type":"BreadcrumbList","@id":"https:\/\/ubaldofernandes.com\/index.php\/news\/camarote-de-acessibilidade-passa-a-ser-obrigatorio-no-rn\/#breadcrumb","itemListElement":[{"@type":"ListItem","position":1,"name":"In\u00edcio","item":"https:\/\/ubaldofernandes.com\/"},{"@type":"ListItem","position":2,"name":"Not\u00edcias","item":"https:\/\/ubaldofernandes.com\/index.php\/news\/"},{"@type":"ListItem","position":3,"name":"\u201cCamarote de Acessibilidade\u201d passa a ser obrigat\u00f3rio no RN"}]},{"@type":"WebSite","@id":"https:\/\/ubaldofernandes.com\/#website","url":"https:\/\/ubaldofernandes.com\/","name":"Ubaldo Fernandes","description":"Deputado Estadual","potentialAction":[{"@type":"SearchAction","target":{"@type":"EntryPoint","urlTemplate":"https:\/\/ubaldofernandes.com\/?s={search_term_string}"},"query-input":{"@type":"PropertyValueSpecification","valueRequired":true,"valueName":"search_term_string"}}],"inLanguage":"pt-BR"}]}},"_links":{"self":[{"href":"https:\/\/ubaldofernandes.com\/index.php\/wp-json\/wp\/v2\/news\/6245","targetHints":{"allow":["GET"]}}],"collection":[{"href":"https:\/\/ubaldofernandes.com\/index.php\/wp-json\/wp\/v2\/news"}],"about":[{"href":"https:\/\/ubaldofernandes.com\/index.php\/wp-json\/wp\/v2\/types\/news"}],"wp:featuredmedia":[{"embeddable":true,"href":"https:\/\/ubaldofernandes.com\/index.php\/wp-json\/wp\/v2\/media\/6246"}],"wp:attachment":[{"href":"https:\/\/ubaldofernandes.com\/index.php\/wp-json\/wp\/v2\/media?parent=6245"}],"curies":[{"name":"wp","href":"https:\/\/api.w.org\/{rel}","templated":true}]}}