{"id":625,"date":"2020-07-30T19:18:51","date_gmt":"2020-07-30T22:18:51","guid":{"rendered":"https:\/\/ubaldofernandes.com\/?post_type=news&#038;p=625"},"modified":"2020-07-30T19:18:52","modified_gmt":"2020-07-30T22:18:52","slug":"sao-jose-de-campestre-recebe-r-100-mil-de-emendas-do-deputado-ubaldo-fernandes-para-area-da-saude","status":"publish","type":"news","link":"https:\/\/ubaldofernandes.com\/index.php\/news\/sao-jose-de-campestre-recebe-r-100-mil-de-emendas-do-deputado-ubaldo-fernandes-para-area-da-saude\/","title":{"rendered":"S\u00e3o Jos\u00e9 de Campestre recebe R$ 100 mil de emendas do deputado Ubaldo Fernandes para \u00e1rea da Sa\u00fade"},"content":{"rendered":"\n<p>O munic\u00edpio de S\u00e3o Jos\u00e9 de Campestre pode contar com R$ 100 mil para serem investidos na \u00e1rea da Sa\u00fade. Estes recursos foram destinados pelas emendas parlamentares 245 e 223 do deputado estadual Ubaldo Fernandes (PL), atrav\u00e9s de transfer\u00eancias fundo a fundo, liberadas ontem (29) pela Portaria n\u00b0 2034\/2020 do Governo do Estado.<\/p>\n\n\n\n<p>\u201cEstas emendas destinam-se \u00e0 compra de dois ve\u00edculos para servir ao Posto de Sa\u00fade da Fam\u00edlia no munic\u00edpio, sendo um deles para a comunidade de Tanques. Esperamos atender \u00e0s necessidades das comunidades, que poder\u00e3o contar com mais esse suporte na assist\u00eancia \u00e0 sa\u00fade da cidade\u201d, explica Ubaldo Fernandes.<\/p>\n\n\n\n<p>O deputado teve emendas parlamentares liberadas para os munic\u00edpios de Natal, Tangar\u00e1, Ouro Branco, Extremoz, Currais Novos, Campo Redondo e S\u00e3o Jos\u00e9 de Campestre \u2013 todas destinadas a investimentos na \u00e1rea da Sa\u00fade.<\/p>\n\n\n\n<p>Mat\u00e9ria publicada no <a href=\"https:\/\/www.vlaudeyliberato.com\/sao-jose-de-campestre-recebe-r-100-mil-de-emendas-do-deputado-ubaldo-fernandes-para-area-da-saude\/\">Blog do Vlaudey Liberato<\/a>.<\/p>\n","protected":false},"featured_media":627,"parent":0,"template":"","class_list":["post-625","news","type-news","status-publish","has-post-thumbnail","hentry"],"acf":[],"yoast_head":"<!-- This site is optimized with the Yoast SEO plugin v24.6 - https:\/\/yoast.com\/wordpress\/plugins\/seo\/ -->\n<title>S\u00e3o Jos\u00e9 de Campestre recebe R$ 100 mil de emendas do deputado Ubaldo Fernandes para \u00e1rea da Sa\u00fade - Ubaldo Fernandes<\/title>\n<meta name=\"robots\" content=\"index, follow, max-snippet:-1, max-image-preview:large, max-video-preview:-1\" \/>\n<link rel=\"canonical\" href=\"https:\/\/ubaldofernandes.com\/index.php\/news\/sao-jose-de-campestre-recebe-r-100-mil-de-emendas-do-deputado-ubaldo-fernandes-para-area-da-saude\/\" \/>\n<meta property=\"og:locale\" content=\"pt_BR\" \/>\n<meta property=\"og:type\" content=\"article\" \/>\n<meta property=\"og:title\" content=\"S\u00e3o Jos\u00e9 de Campestre recebe R$ 100 mil de emendas do deputado Ubaldo Fernandes para \u00e1rea da Sa\u00fade - Ubaldo Fernandes\" \/>\n<meta property=\"og:description\" content=\"O munic\u00edpio de S\u00e3o Jos\u00e9 de Campestre pode contar com R$ 100 mil para serem investidos na \u00e1rea da Sa\u00fade. Estes recursos foram destinados pelas emendas parlamentares 245 e 223 do deputado estadual Ubaldo Fernandes (PL), atrav\u00e9s de transfer\u00eancias fundo a fundo, liberadas ontem (29) pela Portaria n\u00b0 2034\/2020 do Governo do Estado. \u201cEstas emendas [&hellip;]\" \/>\n<meta property=\"og:url\" content=\"https:\/\/ubaldofernandes.com\/index.php\/news\/sao-jose-de-campestre-recebe-r-100-mil-de-emendas-do-deputado-ubaldo-fernandes-para-area-da-saude\/\" \/>\n<meta property=\"og:site_name\" content=\"Ubaldo Fernandes\" \/>\n<meta property=\"article:modified_time\" content=\"2020-07-30T22:18:52+00:00\" \/>\n<meta property=\"og:image\" content=\"https:\/\/ubaldofernandes.com\/wp-content\/uploads\/2020\/07\/vlaudey.jpg\" \/>\n\t<meta property=\"og:image:width\" content=\"430\" \/>\n\t<meta property=\"og:image:height\" content=\"287\" \/>\n\t<meta property=\"og:image:type\" content=\"image\/jpeg\" \/>\n<meta name=\"twitter:card\" content=\"summary_large_image\" \/>\n<meta name=\"twitter:label1\" content=\"Est. tempo de leitura\" \/>\n\t<meta name=\"twitter:data1\" content=\"1 minuto\" \/>\n<script type=\"application\/ld+json\" class=\"yoast-schema-graph\">{\"@context\":\"https:\/\/schema.org\",\"@graph\":[{\"@type\":\"WebPage\",\"@id\":\"https:\/\/ubaldofernandes.com\/index.php\/news\/sao-jose-de-campestre-recebe-r-100-mil-de-emendas-do-deputado-ubaldo-fernandes-para-area-da-saude\/\",\"url\":\"https:\/\/ubaldofernandes.com\/index.php\/news\/sao-jose-de-campestre-recebe-r-100-mil-de-emendas-do-deputado-ubaldo-fernandes-para-area-da-saude\/\",\"name\":\"S\u00e3o Jos\u00e9 de Campestre recebe R$ 100 mil de emendas do deputado Ubaldo Fernandes para \u00e1rea da Sa\u00fade - Ubaldo Fernandes\",\"isPartOf\":{\"@id\":\"https:\/\/ubaldofernandes.com\/#website\"},\"primaryImageOfPage\":{\"@id\":\"https:\/\/ubaldofernandes.com\/index.php\/news\/sao-jose-de-campestre-recebe-r-100-mil-de-emendas-do-deputado-ubaldo-fernandes-para-area-da-saude\/#primaryimage\"},\"image\":{\"@id\":\"https:\/\/ubaldofernandes.com\/index.php\/news\/sao-jose-de-campestre-recebe-r-100-mil-de-emendas-do-deputado-ubaldo-fernandes-para-area-da-saude\/#primaryimage\"},\"thumbnailUrl\":\"https:\/\/ubaldofernandes.com\/wp-content\/uploads\/2020\/07\/vlaudey.jpg\",\"datePublished\":\"2020-07-30T22:18:51+00:00\",\"dateModified\":\"2020-07-30T22:18:52+00:00\",\"breadcrumb\":{\"@id\":\"https:\/\/ubaldofernandes.com\/index.php\/news\/sao-jose-de-campestre-recebe-r-100-mil-de-emendas-do-deputado-ubaldo-fernandes-para-area-da-saude\/#breadcrumb\"},\"inLanguage\":\"pt-BR\",\"potentialAction\":[{\"@type\":\"ReadAction\",\"target\":[\"https:\/\/ubaldofernandes.com\/index.php\/news\/sao-jose-de-campestre-recebe-r-100-mil-de-emendas-do-deputado-ubaldo-fernandes-para-area-da-saude\/\"]}]},{\"@type\":\"ImageObject\",\"inLanguage\":\"pt-BR\",\"@id\":\"https:\/\/ubaldofernandes.com\/index.php\/news\/sao-jose-de-campestre-recebe-r-100-mil-de-emendas-do-deputado-ubaldo-fernandes-para-area-da-saude\/#primaryimage\",\"url\":\"https:\/\/ubaldofernandes.com\/wp-content\/uploads\/2020\/07\/vlaudey.jpg\",\"contentUrl\":\"https:\/\/ubaldofernandes.com\/wp-content\/uploads\/2020\/07\/vlaudey.jpg\",\"width\":430,\"height\":287},{\"@type\":\"BreadcrumbList\",\"@id\":\"https:\/\/ubaldofernandes.com\/index.php\/news\/sao-jose-de-campestre-recebe-r-100-mil-de-emendas-do-deputado-ubaldo-fernandes-para-area-da-saude\/#breadcrumb\",\"itemListElement\":[{\"@type\":\"ListItem\",\"position\":1,\"name\":\"In\u00edcio\",\"item\":\"https:\/\/ubaldofernandes.com\/\"},{\"@type\":\"ListItem\",\"position\":2,\"name\":\"Not\u00edcias\",\"item\":\"https:\/\/ubaldofernandes.com\/index.php\/news\/\"},{\"@type\":\"ListItem\",\"position\":3,\"name\":\"S\u00e3o Jos\u00e9 de Campestre recebe R$ 100 mil de emendas do deputado Ubaldo Fernandes para \u00e1rea da Sa\u00fade\"}]},{\"@type\":\"WebSite\",\"@id\":\"https:\/\/ubaldofernandes.com\/#website\",\"url\":\"https:\/\/ubaldofernandes.com\/\",\"name\":\"Ubaldo Fernandes\",\"description\":\"Deputado Estadual\",\"potentialAction\":[{\"@type\":\"SearchAction\",\"target\":{\"@type\":\"EntryPoint\",\"urlTemplate\":\"https:\/\/ubaldofernandes.com\/?s={search_term_string}\"},\"query-input\":{\"@type\":\"PropertyValueSpecification\",\"valueRequired\":true,\"valueName\":\"search_term_string\"}}],\"inLanguage\":\"pt-BR\"}]}<\/script>\n<!-- \/ Yoast SEO plugin. -->","yoast_head_json":{"title":"S\u00e3o Jos\u00e9 de Campestre recebe R$ 100 mil de emendas do deputado Ubaldo Fernandes para \u00e1rea da Sa\u00fade - Ubaldo Fernandes","robots":{"index":"index","follow":"follow","max-snippet":"max-snippet:-1","max-image-preview":"max-image-preview:large","max-video-preview":"max-video-preview:-1"},"canonical":"https:\/\/ubaldofernandes.com\/index.php\/news\/sao-jose-de-campestre-recebe-r-100-mil-de-emendas-do-deputado-ubaldo-fernandes-para-area-da-saude\/","og_locale":"pt_BR","og_type":"article","og_title":"S\u00e3o Jos\u00e9 de Campestre recebe R$ 100 mil de emendas do deputado Ubaldo Fernandes para \u00e1rea da Sa\u00fade - Ubaldo Fernandes","og_description":"O munic\u00edpio de S\u00e3o Jos\u00e9 de Campestre pode contar com R$ 100 mil para serem investidos na \u00e1rea da Sa\u00fade. Estes recursos foram destinados pelas emendas parlamentares 245 e 223 do deputado estadual Ubaldo Fernandes (PL), atrav\u00e9s de transfer\u00eancias fundo a fundo, liberadas ontem (29) pela Portaria n\u00b0 2034\/2020 do Governo do Estado. \u201cEstas emendas [&hellip;]","og_url":"https:\/\/ubaldofernandes.com\/index.php\/news\/sao-jose-de-campestre-recebe-r-100-mil-de-emendas-do-deputado-ubaldo-fernandes-para-area-da-saude\/","og_site_name":"Ubaldo Fernandes","article_modified_time":"2020-07-30T22:18:52+00:00","og_image":[{"width":430,"height":287,"url":"https:\/\/ubaldofernandes.com\/wp-content\/uploads\/2020\/07\/vlaudey.jpg","type":"image\/jpeg"}],"twitter_card":"summary_large_image","twitter_misc":{"Est. tempo de leitura":"1 minuto"},"schema":{"@context":"https:\/\/schema.org","@graph":[{"@type":"WebPage","@id":"https:\/\/ubaldofernandes.com\/index.php\/news\/sao-jose-de-campestre-recebe-r-100-mil-de-emendas-do-deputado-ubaldo-fernandes-para-area-da-saude\/","url":"https:\/\/ubaldofernandes.com\/index.php\/news\/sao-jose-de-campestre-recebe-r-100-mil-de-emendas-do-deputado-ubaldo-fernandes-para-area-da-saude\/","name":"S\u00e3o Jos\u00e9 de Campestre recebe R$ 100 mil de emendas do deputado Ubaldo Fernandes para \u00e1rea da Sa\u00fade - Ubaldo Fernandes","isPartOf":{"@id":"https:\/\/ubaldofernandes.com\/#website"},"primaryImageOfPage":{"@id":"https:\/\/ubaldofernandes.com\/index.php\/news\/sao-jose-de-campestre-recebe-r-100-mil-de-emendas-do-deputado-ubaldo-fernandes-para-area-da-saude\/#primaryimage"},"image":{"@id":"https:\/\/ubaldofernandes.com\/index.php\/news\/sao-jose-de-campestre-recebe-r-100-mil-de-emendas-do-deputado-ubaldo-fernandes-para-area-da-saude\/#primaryimage"},"thumbnailUrl":"https:\/\/ubaldofernandes.com\/wp-content\/uploads\/2020\/07\/vlaudey.jpg","datePublished":"2020-07-30T22:18:51+00:00","dateModified":"2020-07-30T22:18:52+00:00","breadcrumb":{"@id":"https:\/\/ubaldofernandes.com\/index.php\/news\/sao-jose-de-campestre-recebe-r-100-mil-de-emendas-do-deputado-ubaldo-fernandes-para-area-da-saude\/#breadcrumb"},"inLanguage":"pt-BR","potentialAction":[{"@type":"ReadAction","target":["https:\/\/ubaldofernandes.com\/index.php\/news\/sao-jose-de-campestre-recebe-r-100-mil-de-emendas-do-deputado-ubaldo-fernandes-para-area-da-saude\/"]}]},{"@type":"ImageObject","inLanguage":"pt-BR","@id":"https:\/\/ubaldofernandes.com\/index.php\/news\/sao-jose-de-campestre-recebe-r-100-mil-de-emendas-do-deputado-ubaldo-fernandes-para-area-da-saude\/#primaryimage","url":"https:\/\/ubaldofernandes.com\/wp-content\/uploads\/2020\/07\/vlaudey.jpg","contentUrl":"https:\/\/ubaldofernandes.com\/wp-content\/uploads\/2020\/07\/vlaudey.jpg","width":430,"height":287},{"@type":"BreadcrumbList","@id":"https:\/\/ubaldofernandes.com\/index.php\/news\/sao-jose-de-campestre-recebe-r-100-mil-de-emendas-do-deputado-ubaldo-fernandes-para-area-da-saude\/#breadcrumb","itemListElement":[{"@type":"ListItem","position":1,"name":"In\u00edcio","item":"https:\/\/ubaldofernandes.com\/"},{"@type":"ListItem","position":2,"name":"Not\u00edcias","item":"https:\/\/ubaldofernandes.com\/index.php\/news\/"},{"@type":"ListItem","position":3,"name":"S\u00e3o Jos\u00e9 de Campestre recebe R$ 100 mil de emendas do deputado Ubaldo Fernandes para \u00e1rea da Sa\u00fade"}]},{"@type":"WebSite","@id":"https:\/\/ubaldofernandes.com\/#website","url":"https:\/\/ubaldofernandes.com\/","name":"Ubaldo Fernandes","description":"Deputado Estadual","potentialAction":[{"@type":"SearchAction","target":{"@type":"EntryPoint","urlTemplate":"https:\/\/ubaldofernandes.com\/?s={search_term_string}"},"query-input":{"@type":"PropertyValueSpecification","valueRequired":true,"valueName":"search_term_string"}}],"inLanguage":"pt-BR"}]}},"_links":{"self":[{"href":"https:\/\/ubaldofernandes.com\/index.php\/wp-json\/wp\/v2\/news\/625","targetHints":{"allow":["GET"]}}],"collection":[{"href":"https:\/\/ubaldofernandes.com\/index.php\/wp-json\/wp\/v2\/news"}],"about":[{"href":"https:\/\/ubaldofernandes.com\/index.php\/wp-json\/wp\/v2\/types\/news"}],"wp:featuredmedia":[{"embeddable":true,"href":"https:\/\/ubaldofernandes.com\/index.php\/wp-json\/wp\/v2\/media\/627"}],"wp:attachment":[{"href":"https:\/\/ubaldofernandes.com\/index.php\/wp-json\/wp\/v2\/media?parent=625"}],"curies":[{"name":"wp","href":"https:\/\/api.w.org\/{rel}","templated":true}]}}