{"id":6261,"date":"2024-02-07T16:30:00","date_gmt":"2024-02-07T19:30:00","guid":{"rendered":"https:\/\/ubaldofernandes.com\/?post_type=news&#038;p=6261"},"modified":"2024-02-16T16:31:53","modified_gmt":"2024-02-16T19:31:53","slug":"deputado-ressalta-lei-que-garante-espaco-a-deficientes-em-eventos","status":"publish","type":"news","link":"https:\/\/ubaldofernandes.com\/index.php\/news\/deputado-ressalta-lei-que-garante-espaco-a-deficientes-em-eventos\/","title":{"rendered":"Deputado ressalta lei que garante espa\u00e7o a deficientes em eventos"},"content":{"rendered":"\n<p>O deputado estadual Ubaldo Fernandes (PSDB), no pronunciamento desta ter\u00e7a-feira (06), comentou sobre a mensagem anual da governadora F\u00e1tima Bezerra (PT), lida na sess\u00e3o da segunda-feira (05). Ele citou o PAC \u2013 Programa de Acelera\u00e7\u00e3o do Crescimento \u2013 e os recursos do PEF \u2013 Programa de Equil\u00edbrio Fiscal \u2013 para garantir a recupera\u00e7\u00e3o de estradas.<\/p>\n\n\n\n<p>\u201cA mensagem da governadora trouxe perspectivas importantes para o nosso Estado\u201d, afirmou Ubaldo, ressaltando entre os projetos do PAC, o incentivo \u00e0 estrutura h\u00eddrica do Rio Grande do Norte, e chamando aten\u00e7\u00e3o para as estradas que ser\u00e3o recuperadas. \u201cPrincipalmente as estradas de maior fluxo\u201d, disse Ubaldo, registrando as vias tur\u00edsticas e das \u00e1reas produtivas. \u201cMas lembrando que esses recursos n\u00e3o contemplam nem 20% das estradas\u201d, afirmou o parlamentar, torcendo para que a segunda parcela do PEF seja \u2018100% destinada a nossas estradas\u2019, concluiu.<\/p>\n\n\n\n<p>Mat\u00e9ria publicada no <a href=\"https:\/\/ismaelmedeiros.com.br\/deputado-ressalta-lei-que-garante-espaco-a-deficientes-em-eventos\/\">Blog Ismael Medeiros<\/a>. <\/p>\n","protected":false},"featured_media":6257,"parent":0,"template":"","class_list":["post-6261","news","type-news","status-publish","has-post-thumbnail","hentry"],"acf":[],"yoast_head":"<!-- This site is optimized with the Yoast SEO plugin v24.6 - https:\/\/yoast.com\/wordpress\/plugins\/seo\/ -->\n<title>Deputado ressalta lei que garante espa\u00e7o a deficientes em eventos - Ubaldo Fernandes<\/title>\n<meta name=\"robots\" content=\"index, follow, max-snippet:-1, max-image-preview:large, max-video-preview:-1\" \/>\n<link rel=\"canonical\" href=\"https:\/\/ubaldofernandes.com\/index.php\/news\/deputado-ressalta-lei-que-garante-espaco-a-deficientes-em-eventos\/\" \/>\n<meta property=\"og:locale\" content=\"pt_BR\" \/>\n<meta property=\"og:type\" content=\"article\" \/>\n<meta property=\"og:title\" content=\"Deputado ressalta lei que garante espa\u00e7o a deficientes em eventos - Ubaldo Fernandes\" \/>\n<meta property=\"og:description\" content=\"O deputado estadual Ubaldo Fernandes (PSDB), no pronunciamento desta ter\u00e7a-feira (06), comentou sobre a mensagem anual da governadora F\u00e1tima Bezerra (PT), lida na sess\u00e3o da segunda-feira (05). Ele citou o PAC \u2013 Programa de Acelera\u00e7\u00e3o do Crescimento \u2013 e os recursos do PEF \u2013 Programa de Equil\u00edbrio Fiscal \u2013 para garantir a recupera\u00e7\u00e3o de estradas. [&hellip;]\" \/>\n<meta property=\"og:url\" content=\"https:\/\/ubaldofernandes.com\/index.php\/news\/deputado-ressalta-lei-que-garante-espaco-a-deficientes-em-eventos\/\" \/>\n<meta property=\"og:site_name\" content=\"Ubaldo Fernandes\" \/>\n<meta property=\"article:modified_time\" content=\"2024-02-16T19:31:53+00:00\" \/>\n<meta property=\"og:image\" content=\"https:\/\/ubaldofernandes.com\/wp-content\/uploads\/2024\/02\/Blog-do-Passaro.jpg\" \/>\n\t<meta property=\"og:image:width\" content=\"1620\" \/>\n\t<meta property=\"og:image:height\" content=\"1080\" \/>\n\t<meta property=\"og:image:type\" content=\"image\/jpeg\" \/>\n<meta name=\"twitter:card\" content=\"summary_large_image\" \/>\n<meta name=\"twitter:label1\" content=\"Est. tempo de leitura\" \/>\n\t<meta name=\"twitter:data1\" content=\"1 minuto\" \/>\n<script type=\"application\/ld+json\" class=\"yoast-schema-graph\">{\"@context\":\"https:\/\/schema.org\",\"@graph\":[{\"@type\":\"WebPage\",\"@id\":\"https:\/\/ubaldofernandes.com\/index.php\/news\/deputado-ressalta-lei-que-garante-espaco-a-deficientes-em-eventos\/\",\"url\":\"https:\/\/ubaldofernandes.com\/index.php\/news\/deputado-ressalta-lei-que-garante-espaco-a-deficientes-em-eventos\/\",\"name\":\"Deputado ressalta lei que garante espa\u00e7o a deficientes em eventos - Ubaldo Fernandes\",\"isPartOf\":{\"@id\":\"https:\/\/ubaldofernandes.com\/#website\"},\"primaryImageOfPage\":{\"@id\":\"https:\/\/ubaldofernandes.com\/index.php\/news\/deputado-ressalta-lei-que-garante-espaco-a-deficientes-em-eventos\/#primaryimage\"},\"image\":{\"@id\":\"https:\/\/ubaldofernandes.com\/index.php\/news\/deputado-ressalta-lei-que-garante-espaco-a-deficientes-em-eventos\/#primaryimage\"},\"thumbnailUrl\":\"https:\/\/ubaldofernandes.com\/wp-content\/uploads\/2024\/02\/Blog-do-Passaro.jpg\",\"datePublished\":\"2024-02-07T19:30:00+00:00\",\"dateModified\":\"2024-02-16T19:31:53+00:00\",\"breadcrumb\":{\"@id\":\"https:\/\/ubaldofernandes.com\/index.php\/news\/deputado-ressalta-lei-que-garante-espaco-a-deficientes-em-eventos\/#breadcrumb\"},\"inLanguage\":\"pt-BR\",\"potentialAction\":[{\"@type\":\"ReadAction\",\"target\":[\"https:\/\/ubaldofernandes.com\/index.php\/news\/deputado-ressalta-lei-que-garante-espaco-a-deficientes-em-eventos\/\"]}]},{\"@type\":\"ImageObject\",\"inLanguage\":\"pt-BR\",\"@id\":\"https:\/\/ubaldofernandes.com\/index.php\/news\/deputado-ressalta-lei-que-garante-espaco-a-deficientes-em-eventos\/#primaryimage\",\"url\":\"https:\/\/ubaldofernandes.com\/wp-content\/uploads\/2024\/02\/Blog-do-Passaro.jpg\",\"contentUrl\":\"https:\/\/ubaldofernandes.com\/wp-content\/uploads\/2024\/02\/Blog-do-Passaro.jpg\",\"width\":1620,\"height\":1080},{\"@type\":\"BreadcrumbList\",\"@id\":\"https:\/\/ubaldofernandes.com\/index.php\/news\/deputado-ressalta-lei-que-garante-espaco-a-deficientes-em-eventos\/#breadcrumb\",\"itemListElement\":[{\"@type\":\"ListItem\",\"position\":1,\"name\":\"In\u00edcio\",\"item\":\"https:\/\/ubaldofernandes.com\/\"},{\"@type\":\"ListItem\",\"position\":2,\"name\":\"Not\u00edcias\",\"item\":\"https:\/\/ubaldofernandes.com\/index.php\/news\/\"},{\"@type\":\"ListItem\",\"position\":3,\"name\":\"Deputado ressalta lei que garante espa\u00e7o a deficientes em eventos\"}]},{\"@type\":\"WebSite\",\"@id\":\"https:\/\/ubaldofernandes.com\/#website\",\"url\":\"https:\/\/ubaldofernandes.com\/\",\"name\":\"Ubaldo Fernandes\",\"description\":\"Deputado Estadual\",\"potentialAction\":[{\"@type\":\"SearchAction\",\"target\":{\"@type\":\"EntryPoint\",\"urlTemplate\":\"https:\/\/ubaldofernandes.com\/?s={search_term_string}\"},\"query-input\":{\"@type\":\"PropertyValueSpecification\",\"valueRequired\":true,\"valueName\":\"search_term_string\"}}],\"inLanguage\":\"pt-BR\"}]}<\/script>\n<!-- \/ Yoast SEO plugin. -->","yoast_head_json":{"title":"Deputado ressalta lei que garante espa\u00e7o a deficientes em eventos - Ubaldo Fernandes","robots":{"index":"index","follow":"follow","max-snippet":"max-snippet:-1","max-image-preview":"max-image-preview:large","max-video-preview":"max-video-preview:-1"},"canonical":"https:\/\/ubaldofernandes.com\/index.php\/news\/deputado-ressalta-lei-que-garante-espaco-a-deficientes-em-eventos\/","og_locale":"pt_BR","og_type":"article","og_title":"Deputado ressalta lei que garante espa\u00e7o a deficientes em eventos - Ubaldo Fernandes","og_description":"O deputado estadual Ubaldo Fernandes (PSDB), no pronunciamento desta ter\u00e7a-feira (06), comentou sobre a mensagem anual da governadora F\u00e1tima Bezerra (PT), lida na sess\u00e3o da segunda-feira (05). Ele citou o PAC \u2013 Programa de Acelera\u00e7\u00e3o do Crescimento \u2013 e os recursos do PEF \u2013 Programa de Equil\u00edbrio Fiscal \u2013 para garantir a recupera\u00e7\u00e3o de estradas. [&hellip;]","og_url":"https:\/\/ubaldofernandes.com\/index.php\/news\/deputado-ressalta-lei-que-garante-espaco-a-deficientes-em-eventos\/","og_site_name":"Ubaldo Fernandes","article_modified_time":"2024-02-16T19:31:53+00:00","og_image":[{"width":1620,"height":1080,"url":"https:\/\/ubaldofernandes.com\/wp-content\/uploads\/2024\/02\/Blog-do-Passaro.jpg","type":"image\/jpeg"}],"twitter_card":"summary_large_image","twitter_misc":{"Est. tempo de leitura":"1 minuto"},"schema":{"@context":"https:\/\/schema.org","@graph":[{"@type":"WebPage","@id":"https:\/\/ubaldofernandes.com\/index.php\/news\/deputado-ressalta-lei-que-garante-espaco-a-deficientes-em-eventos\/","url":"https:\/\/ubaldofernandes.com\/index.php\/news\/deputado-ressalta-lei-que-garante-espaco-a-deficientes-em-eventos\/","name":"Deputado ressalta lei que garante espa\u00e7o a deficientes em eventos - Ubaldo Fernandes","isPartOf":{"@id":"https:\/\/ubaldofernandes.com\/#website"},"primaryImageOfPage":{"@id":"https:\/\/ubaldofernandes.com\/index.php\/news\/deputado-ressalta-lei-que-garante-espaco-a-deficientes-em-eventos\/#primaryimage"},"image":{"@id":"https:\/\/ubaldofernandes.com\/index.php\/news\/deputado-ressalta-lei-que-garante-espaco-a-deficientes-em-eventos\/#primaryimage"},"thumbnailUrl":"https:\/\/ubaldofernandes.com\/wp-content\/uploads\/2024\/02\/Blog-do-Passaro.jpg","datePublished":"2024-02-07T19:30:00+00:00","dateModified":"2024-02-16T19:31:53+00:00","breadcrumb":{"@id":"https:\/\/ubaldofernandes.com\/index.php\/news\/deputado-ressalta-lei-que-garante-espaco-a-deficientes-em-eventos\/#breadcrumb"},"inLanguage":"pt-BR","potentialAction":[{"@type":"ReadAction","target":["https:\/\/ubaldofernandes.com\/index.php\/news\/deputado-ressalta-lei-que-garante-espaco-a-deficientes-em-eventos\/"]}]},{"@type":"ImageObject","inLanguage":"pt-BR","@id":"https:\/\/ubaldofernandes.com\/index.php\/news\/deputado-ressalta-lei-que-garante-espaco-a-deficientes-em-eventos\/#primaryimage","url":"https:\/\/ubaldofernandes.com\/wp-content\/uploads\/2024\/02\/Blog-do-Passaro.jpg","contentUrl":"https:\/\/ubaldofernandes.com\/wp-content\/uploads\/2024\/02\/Blog-do-Passaro.jpg","width":1620,"height":1080},{"@type":"BreadcrumbList","@id":"https:\/\/ubaldofernandes.com\/index.php\/news\/deputado-ressalta-lei-que-garante-espaco-a-deficientes-em-eventos\/#breadcrumb","itemListElement":[{"@type":"ListItem","position":1,"name":"In\u00edcio","item":"https:\/\/ubaldofernandes.com\/"},{"@type":"ListItem","position":2,"name":"Not\u00edcias","item":"https:\/\/ubaldofernandes.com\/index.php\/news\/"},{"@type":"ListItem","position":3,"name":"Deputado ressalta lei que garante espa\u00e7o a deficientes em eventos"}]},{"@type":"WebSite","@id":"https:\/\/ubaldofernandes.com\/#website","url":"https:\/\/ubaldofernandes.com\/","name":"Ubaldo Fernandes","description":"Deputado Estadual","potentialAction":[{"@type":"SearchAction","target":{"@type":"EntryPoint","urlTemplate":"https:\/\/ubaldofernandes.com\/?s={search_term_string}"},"query-input":{"@type":"PropertyValueSpecification","valueRequired":true,"valueName":"search_term_string"}}],"inLanguage":"pt-BR"}]}},"_links":{"self":[{"href":"https:\/\/ubaldofernandes.com\/index.php\/wp-json\/wp\/v2\/news\/6261","targetHints":{"allow":["GET"]}}],"collection":[{"href":"https:\/\/ubaldofernandes.com\/index.php\/wp-json\/wp\/v2\/news"}],"about":[{"href":"https:\/\/ubaldofernandes.com\/index.php\/wp-json\/wp\/v2\/types\/news"}],"wp:featuredmedia":[{"embeddable":true,"href":"https:\/\/ubaldofernandes.com\/index.php\/wp-json\/wp\/v2\/media\/6257"}],"wp:attachment":[{"href":"https:\/\/ubaldofernandes.com\/index.php\/wp-json\/wp\/v2\/media?parent=6261"}],"curies":[{"name":"wp","href":"https:\/\/api.w.org\/{rel}","templated":true}]}}