{"id":628,"date":"2020-07-08T19:21:34","date_gmt":"2020-07-08T22:21:34","guid":{"rendered":"https:\/\/ubaldofernandes.com\/?post_type=news&#038;p=628"},"modified":"2020-07-30T19:23:40","modified_gmt":"2020-07-30T22:23:40","slug":"emenda-do-deputado-ubaldo-fernandes-destina-r-100-mil-para-compra-de-ambulancia-em-extremoz","status":"publish","type":"news","link":"https:\/\/ubaldofernandes.com\/index.php\/news\/emenda-do-deputado-ubaldo-fernandes-destina-r-100-mil-para-compra-de-ambulancia-em-extremoz\/","title":{"rendered":"Emenda do deputado Ubaldo Fernandes destina R$ 100 mil para compra de ambul\u00e2ncia em Extremoz"},"content":{"rendered":"\n<p>O munic\u00edpio de Extremoz poder\u00e1 contar com mais R$ 100 mil para a compra de uma ambul\u00e2ncia para atender a popula\u00e7\u00e3o da cidade. Esses recursos foram liberados pelo Fundo de Sa\u00fade do RN no \u00faltimo dia 06, atrav\u00e9s da emenda parlamentar 202, do deputado Ubaldo Fernandes (PL), autorizada por meio da Portaria n\u00b0 1922\/2020 .<\/p>\n\n\n\n<p>\u201cAs emendas chegam num momento especialmente delicado da pandemia do Covid-19, quando a popula\u00e7\u00e3o se ressente da falta de equipamentos, insumos e acolhimento no sistema p\u00fablico. Com esses recursos investidos na compra da ambul\u00e2ncia, acreditamos estar refor\u00e7ando a assist\u00eancia \u00e0 sa\u00fade p\u00fablica em Extemoz, que atende ainda moradores de outras cidades da regi\u00e3o metropolitana de Natal\u2019, afirma Ubaldo Fernandes.<\/p>\n\n\n\n<p>Mat\u00e9ria publicada no <a href=\"https:\/\/www.jairsampaio.com\/emenda-do-deputado-ubaldo-fernandes-destina-r-100-mil-para-compra-de-ambulancia-em-extremoz\/\">Blog JairSampaio.com<\/a> .<\/p>\n","protected":false},"featured_media":629,"parent":0,"template":"","class_list":["post-628","news","type-news","status-publish","has-post-thumbnail","hentry"],"acf":[],"yoast_head":"<!-- This site is optimized with the Yoast SEO plugin v24.6 - https:\/\/yoast.com\/wordpress\/plugins\/seo\/ -->\n<title>Emenda do deputado Ubaldo Fernandes destina R$ 100 mil para compra de ambul\u00e2ncia em Extremoz - Ubaldo Fernandes<\/title>\n<meta name=\"robots\" content=\"index, follow, max-snippet:-1, max-image-preview:large, max-video-preview:-1\" \/>\n<link rel=\"canonical\" href=\"https:\/\/ubaldofernandes.com\/index.php\/news\/emenda-do-deputado-ubaldo-fernandes-destina-r-100-mil-para-compra-de-ambulancia-em-extremoz\/\" \/>\n<meta property=\"og:locale\" content=\"pt_BR\" \/>\n<meta property=\"og:type\" content=\"article\" \/>\n<meta property=\"og:title\" content=\"Emenda do deputado Ubaldo Fernandes destina R$ 100 mil para compra de ambul\u00e2ncia em Extremoz - Ubaldo Fernandes\" \/>\n<meta property=\"og:description\" content=\"O munic\u00edpio de Extremoz poder\u00e1 contar com mais R$ 100 mil para a compra de uma ambul\u00e2ncia para atender a popula\u00e7\u00e3o da cidade. Esses recursos foram liberados pelo Fundo de Sa\u00fade do RN no \u00faltimo dia 06, atrav\u00e9s da emenda parlamentar 202, do deputado Ubaldo Fernandes (PL), autorizada por meio da Portaria n\u00b0 1922\/2020 . [&hellip;]\" \/>\n<meta property=\"og:url\" content=\"https:\/\/ubaldofernandes.com\/index.php\/news\/emenda-do-deputado-ubaldo-fernandes-destina-r-100-mil-para-compra-de-ambulancia-em-extremoz\/\" \/>\n<meta property=\"og:site_name\" content=\"Ubaldo Fernandes\" \/>\n<meta property=\"article:modified_time\" content=\"2020-07-30T22:23:40+00:00\" \/>\n<meta property=\"og:image\" content=\"https:\/\/ubaldofernandes.com\/wp-content\/uploads\/2020\/07\/jair-sampaio.jpg\" \/>\n\t<meta property=\"og:image:width\" content=\"560\" \/>\n\t<meta property=\"og:image:height\" content=\"360\" \/>\n\t<meta property=\"og:image:type\" content=\"image\/jpeg\" \/>\n<meta name=\"twitter:card\" content=\"summary_large_image\" \/>\n<meta name=\"twitter:label1\" content=\"Est. tempo de leitura\" \/>\n\t<meta name=\"twitter:data1\" content=\"1 minuto\" \/>\n<script type=\"application\/ld+json\" class=\"yoast-schema-graph\">{\"@context\":\"https:\/\/schema.org\",\"@graph\":[{\"@type\":\"WebPage\",\"@id\":\"https:\/\/ubaldofernandes.com\/index.php\/news\/emenda-do-deputado-ubaldo-fernandes-destina-r-100-mil-para-compra-de-ambulancia-em-extremoz\/\",\"url\":\"https:\/\/ubaldofernandes.com\/index.php\/news\/emenda-do-deputado-ubaldo-fernandes-destina-r-100-mil-para-compra-de-ambulancia-em-extremoz\/\",\"name\":\"Emenda do deputado Ubaldo Fernandes destina R$ 100 mil para compra de ambul\u00e2ncia em Extremoz - Ubaldo Fernandes\",\"isPartOf\":{\"@id\":\"https:\/\/ubaldofernandes.com\/#website\"},\"primaryImageOfPage\":{\"@id\":\"https:\/\/ubaldofernandes.com\/index.php\/news\/emenda-do-deputado-ubaldo-fernandes-destina-r-100-mil-para-compra-de-ambulancia-em-extremoz\/#primaryimage\"},\"image\":{\"@id\":\"https:\/\/ubaldofernandes.com\/index.php\/news\/emenda-do-deputado-ubaldo-fernandes-destina-r-100-mil-para-compra-de-ambulancia-em-extremoz\/#primaryimage\"},\"thumbnailUrl\":\"https:\/\/ubaldofernandes.com\/wp-content\/uploads\/2020\/07\/jair-sampaio.jpg\",\"datePublished\":\"2020-07-08T22:21:34+00:00\",\"dateModified\":\"2020-07-30T22:23:40+00:00\",\"breadcrumb\":{\"@id\":\"https:\/\/ubaldofernandes.com\/index.php\/news\/emenda-do-deputado-ubaldo-fernandes-destina-r-100-mil-para-compra-de-ambulancia-em-extremoz\/#breadcrumb\"},\"inLanguage\":\"pt-BR\",\"potentialAction\":[{\"@type\":\"ReadAction\",\"target\":[\"https:\/\/ubaldofernandes.com\/index.php\/news\/emenda-do-deputado-ubaldo-fernandes-destina-r-100-mil-para-compra-de-ambulancia-em-extremoz\/\"]}]},{\"@type\":\"ImageObject\",\"inLanguage\":\"pt-BR\",\"@id\":\"https:\/\/ubaldofernandes.com\/index.php\/news\/emenda-do-deputado-ubaldo-fernandes-destina-r-100-mil-para-compra-de-ambulancia-em-extremoz\/#primaryimage\",\"url\":\"https:\/\/ubaldofernandes.com\/wp-content\/uploads\/2020\/07\/jair-sampaio.jpg\",\"contentUrl\":\"https:\/\/ubaldofernandes.com\/wp-content\/uploads\/2020\/07\/jair-sampaio.jpg\",\"width\":560,\"height\":360},{\"@type\":\"BreadcrumbList\",\"@id\":\"https:\/\/ubaldofernandes.com\/index.php\/news\/emenda-do-deputado-ubaldo-fernandes-destina-r-100-mil-para-compra-de-ambulancia-em-extremoz\/#breadcrumb\",\"itemListElement\":[{\"@type\":\"ListItem\",\"position\":1,\"name\":\"In\u00edcio\",\"item\":\"https:\/\/ubaldofernandes.com\/\"},{\"@type\":\"ListItem\",\"position\":2,\"name\":\"Not\u00edcias\",\"item\":\"https:\/\/ubaldofernandes.com\/index.php\/news\/\"},{\"@type\":\"ListItem\",\"position\":3,\"name\":\"Emenda do deputado Ubaldo Fernandes destina R$ 100 mil para compra de ambul\u00e2ncia em Extremoz\"}]},{\"@type\":\"WebSite\",\"@id\":\"https:\/\/ubaldofernandes.com\/#website\",\"url\":\"https:\/\/ubaldofernandes.com\/\",\"name\":\"Ubaldo Fernandes\",\"description\":\"Deputado Estadual\",\"potentialAction\":[{\"@type\":\"SearchAction\",\"target\":{\"@type\":\"EntryPoint\",\"urlTemplate\":\"https:\/\/ubaldofernandes.com\/?s={search_term_string}\"},\"query-input\":{\"@type\":\"PropertyValueSpecification\",\"valueRequired\":true,\"valueName\":\"search_term_string\"}}],\"inLanguage\":\"pt-BR\"}]}<\/script>\n<!-- \/ Yoast SEO plugin. -->","yoast_head_json":{"title":"Emenda do deputado Ubaldo Fernandes destina R$ 100 mil para compra de ambul\u00e2ncia em Extremoz - Ubaldo Fernandes","robots":{"index":"index","follow":"follow","max-snippet":"max-snippet:-1","max-image-preview":"max-image-preview:large","max-video-preview":"max-video-preview:-1"},"canonical":"https:\/\/ubaldofernandes.com\/index.php\/news\/emenda-do-deputado-ubaldo-fernandes-destina-r-100-mil-para-compra-de-ambulancia-em-extremoz\/","og_locale":"pt_BR","og_type":"article","og_title":"Emenda do deputado Ubaldo Fernandes destina R$ 100 mil para compra de ambul\u00e2ncia em Extremoz - Ubaldo Fernandes","og_description":"O munic\u00edpio de Extremoz poder\u00e1 contar com mais R$ 100 mil para a compra de uma ambul\u00e2ncia para atender a popula\u00e7\u00e3o da cidade. Esses recursos foram liberados pelo Fundo de Sa\u00fade do RN no \u00faltimo dia 06, atrav\u00e9s da emenda parlamentar 202, do deputado Ubaldo Fernandes (PL), autorizada por meio da Portaria n\u00b0 1922\/2020 . [&hellip;]","og_url":"https:\/\/ubaldofernandes.com\/index.php\/news\/emenda-do-deputado-ubaldo-fernandes-destina-r-100-mil-para-compra-de-ambulancia-em-extremoz\/","og_site_name":"Ubaldo Fernandes","article_modified_time":"2020-07-30T22:23:40+00:00","og_image":[{"width":560,"height":360,"url":"https:\/\/ubaldofernandes.com\/wp-content\/uploads\/2020\/07\/jair-sampaio.jpg","type":"image\/jpeg"}],"twitter_card":"summary_large_image","twitter_misc":{"Est. tempo de leitura":"1 minuto"},"schema":{"@context":"https:\/\/schema.org","@graph":[{"@type":"WebPage","@id":"https:\/\/ubaldofernandes.com\/index.php\/news\/emenda-do-deputado-ubaldo-fernandes-destina-r-100-mil-para-compra-de-ambulancia-em-extremoz\/","url":"https:\/\/ubaldofernandes.com\/index.php\/news\/emenda-do-deputado-ubaldo-fernandes-destina-r-100-mil-para-compra-de-ambulancia-em-extremoz\/","name":"Emenda do deputado Ubaldo Fernandes destina R$ 100 mil para compra de ambul\u00e2ncia em Extremoz - Ubaldo Fernandes","isPartOf":{"@id":"https:\/\/ubaldofernandes.com\/#website"},"primaryImageOfPage":{"@id":"https:\/\/ubaldofernandes.com\/index.php\/news\/emenda-do-deputado-ubaldo-fernandes-destina-r-100-mil-para-compra-de-ambulancia-em-extremoz\/#primaryimage"},"image":{"@id":"https:\/\/ubaldofernandes.com\/index.php\/news\/emenda-do-deputado-ubaldo-fernandes-destina-r-100-mil-para-compra-de-ambulancia-em-extremoz\/#primaryimage"},"thumbnailUrl":"https:\/\/ubaldofernandes.com\/wp-content\/uploads\/2020\/07\/jair-sampaio.jpg","datePublished":"2020-07-08T22:21:34+00:00","dateModified":"2020-07-30T22:23:40+00:00","breadcrumb":{"@id":"https:\/\/ubaldofernandes.com\/index.php\/news\/emenda-do-deputado-ubaldo-fernandes-destina-r-100-mil-para-compra-de-ambulancia-em-extremoz\/#breadcrumb"},"inLanguage":"pt-BR","potentialAction":[{"@type":"ReadAction","target":["https:\/\/ubaldofernandes.com\/index.php\/news\/emenda-do-deputado-ubaldo-fernandes-destina-r-100-mil-para-compra-de-ambulancia-em-extremoz\/"]}]},{"@type":"ImageObject","inLanguage":"pt-BR","@id":"https:\/\/ubaldofernandes.com\/index.php\/news\/emenda-do-deputado-ubaldo-fernandes-destina-r-100-mil-para-compra-de-ambulancia-em-extremoz\/#primaryimage","url":"https:\/\/ubaldofernandes.com\/wp-content\/uploads\/2020\/07\/jair-sampaio.jpg","contentUrl":"https:\/\/ubaldofernandes.com\/wp-content\/uploads\/2020\/07\/jair-sampaio.jpg","width":560,"height":360},{"@type":"BreadcrumbList","@id":"https:\/\/ubaldofernandes.com\/index.php\/news\/emenda-do-deputado-ubaldo-fernandes-destina-r-100-mil-para-compra-de-ambulancia-em-extremoz\/#breadcrumb","itemListElement":[{"@type":"ListItem","position":1,"name":"In\u00edcio","item":"https:\/\/ubaldofernandes.com\/"},{"@type":"ListItem","position":2,"name":"Not\u00edcias","item":"https:\/\/ubaldofernandes.com\/index.php\/news\/"},{"@type":"ListItem","position":3,"name":"Emenda do deputado Ubaldo Fernandes destina R$ 100 mil para compra de ambul\u00e2ncia em Extremoz"}]},{"@type":"WebSite","@id":"https:\/\/ubaldofernandes.com\/#website","url":"https:\/\/ubaldofernandes.com\/","name":"Ubaldo Fernandes","description":"Deputado Estadual","potentialAction":[{"@type":"SearchAction","target":{"@type":"EntryPoint","urlTemplate":"https:\/\/ubaldofernandes.com\/?s={search_term_string}"},"query-input":{"@type":"PropertyValueSpecification","valueRequired":true,"valueName":"search_term_string"}}],"inLanguage":"pt-BR"}]}},"_links":{"self":[{"href":"https:\/\/ubaldofernandes.com\/index.php\/wp-json\/wp\/v2\/news\/628","targetHints":{"allow":["GET"]}}],"collection":[{"href":"https:\/\/ubaldofernandes.com\/index.php\/wp-json\/wp\/v2\/news"}],"about":[{"href":"https:\/\/ubaldofernandes.com\/index.php\/wp-json\/wp\/v2\/types\/news"}],"wp:featuredmedia":[{"embeddable":true,"href":"https:\/\/ubaldofernandes.com\/index.php\/wp-json\/wp\/v2\/media\/629"}],"wp:attachment":[{"href":"https:\/\/ubaldofernandes.com\/index.php\/wp-json\/wp\/v2\/media?parent=628"}],"curies":[{"name":"wp","href":"https:\/\/api.w.org\/{rel}","templated":true}]}}