{"id":6289,"date":"2024-02-22T11:57:00","date_gmt":"2024-02-22T14:57:00","guid":{"rendered":"https:\/\/ubaldofernandes.com\/?post_type=news&#038;p=6289"},"modified":"2024-02-26T09:53:05","modified_gmt":"2024-02-26T12:53:05","slug":"deputado-apela-a-superintendencia-do-inss-para-nao-fechar-agencia-em-natal","status":"publish","type":"news","link":"https:\/\/ubaldofernandes.com\/index.php\/news\/deputado-apela-a-superintendencia-do-inss-para-nao-fechar-agencia-em-natal\/","title":{"rendered":"Deputado apela \u00e0 Superintend\u00eancia do INSS para n\u00e3o fechar ag\u00eancia em Natal"},"content":{"rendered":"\n<p><em>O deputado Ubaldo Fernandes (PSDB) pretende enviar requerimento formal ao \u00f3rg\u00e3o solicitando a manuten\u00e7\u00e3o dos servi\u00e7o da ag\u00eancia localizada na Zona Sul de Natal<\/em><\/p>\n\n\n\n<p>O deputado Ubaldo Fernandes (PSDB), em discurso na Assembleia Legislativa nesta quinta-feira (22), expressou preocupa\u00e7\u00e3o com o iminente fechamento da Ag\u00eancia Sul do Instituto Nacional do Seguro Social (INSS), localizada no bairro Lagoa Nova, em Natal. Ele apelou \u00e0 Superintend\u00eancia do \u00f3rg\u00e3o para reconsiderar a decis\u00e3o.<\/p>\n\n\n\n<p>Fernandes questionou o impacto que essa decis\u00e3o ter\u00e1 no atendimento aos cidad\u00e3os que buscam garantir seus direitos previdenci\u00e1rios, como aposentadoria e aux\u00edlios. Ele destacou que mais de cinco mil pessoas s\u00e3o atendidas mensalmente na ag\u00eancia.<\/p>\n\n\n\n<p>O deputado argumentou que a estrat\u00e9gia de descentraliza\u00e7\u00e3o dos servi\u00e7os p\u00fablicos deve ser avaliada individualmente. Ele alertou que o fechamento da ag\u00eancia pode sobrecarregar a outra unidade do INSS no centro da cidade, prejudicando ainda mais o atendimento, que j\u00e1 enfrenta dificuldades.<\/p>\n\n\n\n<p>\u201cO atendimento do INSS, que j\u00e1 n\u00e3o anda bom, tende a piorar. Hoje em dia demora e nem todas as pessoas t\u00eam acesso ao sistema digital, como pessoas idosas sem habilidade para acessar os servi\u00e7os e que por isso precisam do atendimento presencial. Com o fechamento dessa ag\u00eancia tenho certeza de que ir\u00e1 superlotar a outra ag\u00eancia que fica no Centro da cidade, na rua Apodi\u201d, disse o deputado.<\/p>\n\n\n\n<p>Ubaldo Fernandes concluiu seu discurso anunciando que enviar\u00e1 requerimentos para garantir a continuidade dos servi\u00e7os na Ag\u00eancia Sul do INSS. Ele apelou \u00e0 ger\u00eancia da autarquia para que revogue a decis\u00e3o, ressaltando a preocupa\u00e7\u00e3o da popula\u00e7\u00e3o e do sindicato dos servidores, que j\u00e1 se manifestou contra a medida.<\/p>\n\n\n\n<p>Mat\u00e9ria publicada no jornal <a href=\"https:\/\/www.novonoticias.com.br\/deputado-apela-a-superintendencia-do-inss-para-nao-fechar-agencia-em-natal\/\">Novo Not\u00edcias<\/a>. <\/p>\n","protected":false},"featured_media":6290,"parent":0,"template":"","class_list":["post-6289","news","type-news","status-publish","has-post-thumbnail","hentry"],"acf":[],"yoast_head":"<!-- This site is optimized with the Yoast SEO plugin v24.6 - https:\/\/yoast.com\/wordpress\/plugins\/seo\/ -->\n<title>Deputado apela \u00e0 Superintend\u00eancia do INSS para n\u00e3o fechar ag\u00eancia em Natal - Ubaldo Fernandes<\/title>\n<meta name=\"robots\" content=\"index, follow, max-snippet:-1, max-image-preview:large, max-video-preview:-1\" \/>\n<link rel=\"canonical\" href=\"https:\/\/ubaldofernandes.com\/index.php\/news\/deputado-apela-a-superintendencia-do-inss-para-nao-fechar-agencia-em-natal\/\" \/>\n<meta property=\"og:locale\" content=\"pt_BR\" \/>\n<meta property=\"og:type\" content=\"article\" \/>\n<meta property=\"og:title\" content=\"Deputado apela \u00e0 Superintend\u00eancia do INSS para n\u00e3o fechar ag\u00eancia em Natal - Ubaldo Fernandes\" \/>\n<meta property=\"og:description\" content=\"O deputado Ubaldo Fernandes (PSDB) pretende enviar requerimento formal ao \u00f3rg\u00e3o solicitando a manuten\u00e7\u00e3o dos servi\u00e7o da ag\u00eancia localizada na Zona Sul de Natal O deputado Ubaldo Fernandes (PSDB), em discurso na Assembleia Legislativa nesta quinta-feira (22), expressou preocupa\u00e7\u00e3o com o iminente fechamento da Ag\u00eancia Sul do Instituto Nacional do Seguro Social (INSS), localizada no [&hellip;]\" \/>\n<meta property=\"og:url\" content=\"https:\/\/ubaldofernandes.com\/index.php\/news\/deputado-apela-a-superintendencia-do-inss-para-nao-fechar-agencia-em-natal\/\" \/>\n<meta property=\"og:site_name\" content=\"Ubaldo Fernandes\" \/>\n<meta property=\"article:modified_time\" content=\"2024-02-26T12:53:05+00:00\" \/>\n<meta property=\"og:image\" content=\"https:\/\/ubaldofernandes.com\/wp-content\/uploads\/2024\/02\/Plenario-fev24.jpeg\" \/>\n\t<meta property=\"og:image:width\" content=\"1110\" \/>\n\t<meta property=\"og:image:height\" content=\"739\" \/>\n\t<meta property=\"og:image:type\" content=\"image\/jpeg\" \/>\n<meta name=\"twitter:card\" content=\"summary_large_image\" \/>\n<meta name=\"twitter:label1\" content=\"Est. tempo de leitura\" \/>\n\t<meta name=\"twitter:data1\" content=\"2 minutos\" \/>\n<script type=\"application\/ld+json\" class=\"yoast-schema-graph\">{\"@context\":\"https:\/\/schema.org\",\"@graph\":[{\"@type\":\"WebPage\",\"@id\":\"https:\/\/ubaldofernandes.com\/index.php\/news\/deputado-apela-a-superintendencia-do-inss-para-nao-fechar-agencia-em-natal\/\",\"url\":\"https:\/\/ubaldofernandes.com\/index.php\/news\/deputado-apela-a-superintendencia-do-inss-para-nao-fechar-agencia-em-natal\/\",\"name\":\"Deputado apela \u00e0 Superintend\u00eancia do INSS para n\u00e3o fechar ag\u00eancia em Natal - Ubaldo Fernandes\",\"isPartOf\":{\"@id\":\"https:\/\/ubaldofernandes.com\/#website\"},\"primaryImageOfPage\":{\"@id\":\"https:\/\/ubaldofernandes.com\/index.php\/news\/deputado-apela-a-superintendencia-do-inss-para-nao-fechar-agencia-em-natal\/#primaryimage\"},\"image\":{\"@id\":\"https:\/\/ubaldofernandes.com\/index.php\/news\/deputado-apela-a-superintendencia-do-inss-para-nao-fechar-agencia-em-natal\/#primaryimage\"},\"thumbnailUrl\":\"https:\/\/ubaldofernandes.com\/wp-content\/uploads\/2024\/02\/Plenario-fev24.jpeg\",\"datePublished\":\"2024-02-22T14:57:00+00:00\",\"dateModified\":\"2024-02-26T12:53:05+00:00\",\"breadcrumb\":{\"@id\":\"https:\/\/ubaldofernandes.com\/index.php\/news\/deputado-apela-a-superintendencia-do-inss-para-nao-fechar-agencia-em-natal\/#breadcrumb\"},\"inLanguage\":\"pt-BR\",\"potentialAction\":[{\"@type\":\"ReadAction\",\"target\":[\"https:\/\/ubaldofernandes.com\/index.php\/news\/deputado-apela-a-superintendencia-do-inss-para-nao-fechar-agencia-em-natal\/\"]}]},{\"@type\":\"ImageObject\",\"inLanguage\":\"pt-BR\",\"@id\":\"https:\/\/ubaldofernandes.com\/index.php\/news\/deputado-apela-a-superintendencia-do-inss-para-nao-fechar-agencia-em-natal\/#primaryimage\",\"url\":\"https:\/\/ubaldofernandes.com\/wp-content\/uploads\/2024\/02\/Plenario-fev24.jpeg\",\"contentUrl\":\"https:\/\/ubaldofernandes.com\/wp-content\/uploads\/2024\/02\/Plenario-fev24.jpeg\",\"width\":1110,\"height\":739},{\"@type\":\"BreadcrumbList\",\"@id\":\"https:\/\/ubaldofernandes.com\/index.php\/news\/deputado-apela-a-superintendencia-do-inss-para-nao-fechar-agencia-em-natal\/#breadcrumb\",\"itemListElement\":[{\"@type\":\"ListItem\",\"position\":1,\"name\":\"In\u00edcio\",\"item\":\"https:\/\/ubaldofernandes.com\/\"},{\"@type\":\"ListItem\",\"position\":2,\"name\":\"Not\u00edcias\",\"item\":\"https:\/\/ubaldofernandes.com\/index.php\/news\/\"},{\"@type\":\"ListItem\",\"position\":3,\"name\":\"Deputado apela \u00e0 Superintend\u00eancia do INSS para n\u00e3o fechar ag\u00eancia em Natal\"}]},{\"@type\":\"WebSite\",\"@id\":\"https:\/\/ubaldofernandes.com\/#website\",\"url\":\"https:\/\/ubaldofernandes.com\/\",\"name\":\"Ubaldo Fernandes\",\"description\":\"Deputado Estadual\",\"potentialAction\":[{\"@type\":\"SearchAction\",\"target\":{\"@type\":\"EntryPoint\",\"urlTemplate\":\"https:\/\/ubaldofernandes.com\/?s={search_term_string}\"},\"query-input\":{\"@type\":\"PropertyValueSpecification\",\"valueRequired\":true,\"valueName\":\"search_term_string\"}}],\"inLanguage\":\"pt-BR\"}]}<\/script>\n<!-- \/ Yoast SEO plugin. -->","yoast_head_json":{"title":"Deputado apela \u00e0 Superintend\u00eancia do INSS para n\u00e3o fechar ag\u00eancia em Natal - Ubaldo Fernandes","robots":{"index":"index","follow":"follow","max-snippet":"max-snippet:-1","max-image-preview":"max-image-preview:large","max-video-preview":"max-video-preview:-1"},"canonical":"https:\/\/ubaldofernandes.com\/index.php\/news\/deputado-apela-a-superintendencia-do-inss-para-nao-fechar-agencia-em-natal\/","og_locale":"pt_BR","og_type":"article","og_title":"Deputado apela \u00e0 Superintend\u00eancia do INSS para n\u00e3o fechar ag\u00eancia em Natal - Ubaldo Fernandes","og_description":"O deputado Ubaldo Fernandes (PSDB) pretende enviar requerimento formal ao \u00f3rg\u00e3o solicitando a manuten\u00e7\u00e3o dos servi\u00e7o da ag\u00eancia localizada na Zona Sul de Natal O deputado Ubaldo Fernandes (PSDB), em discurso na Assembleia Legislativa nesta quinta-feira (22), expressou preocupa\u00e7\u00e3o com o iminente fechamento da Ag\u00eancia Sul do Instituto Nacional do Seguro Social (INSS), localizada no [&hellip;]","og_url":"https:\/\/ubaldofernandes.com\/index.php\/news\/deputado-apela-a-superintendencia-do-inss-para-nao-fechar-agencia-em-natal\/","og_site_name":"Ubaldo Fernandes","article_modified_time":"2024-02-26T12:53:05+00:00","og_image":[{"width":1110,"height":739,"url":"https:\/\/ubaldofernandes.com\/wp-content\/uploads\/2024\/02\/Plenario-fev24.jpeg","type":"image\/jpeg"}],"twitter_card":"summary_large_image","twitter_misc":{"Est. tempo de leitura":"2 minutos"},"schema":{"@context":"https:\/\/schema.org","@graph":[{"@type":"WebPage","@id":"https:\/\/ubaldofernandes.com\/index.php\/news\/deputado-apela-a-superintendencia-do-inss-para-nao-fechar-agencia-em-natal\/","url":"https:\/\/ubaldofernandes.com\/index.php\/news\/deputado-apela-a-superintendencia-do-inss-para-nao-fechar-agencia-em-natal\/","name":"Deputado apela \u00e0 Superintend\u00eancia do INSS para n\u00e3o fechar ag\u00eancia em Natal - Ubaldo Fernandes","isPartOf":{"@id":"https:\/\/ubaldofernandes.com\/#website"},"primaryImageOfPage":{"@id":"https:\/\/ubaldofernandes.com\/index.php\/news\/deputado-apela-a-superintendencia-do-inss-para-nao-fechar-agencia-em-natal\/#primaryimage"},"image":{"@id":"https:\/\/ubaldofernandes.com\/index.php\/news\/deputado-apela-a-superintendencia-do-inss-para-nao-fechar-agencia-em-natal\/#primaryimage"},"thumbnailUrl":"https:\/\/ubaldofernandes.com\/wp-content\/uploads\/2024\/02\/Plenario-fev24.jpeg","datePublished":"2024-02-22T14:57:00+00:00","dateModified":"2024-02-26T12:53:05+00:00","breadcrumb":{"@id":"https:\/\/ubaldofernandes.com\/index.php\/news\/deputado-apela-a-superintendencia-do-inss-para-nao-fechar-agencia-em-natal\/#breadcrumb"},"inLanguage":"pt-BR","potentialAction":[{"@type":"ReadAction","target":["https:\/\/ubaldofernandes.com\/index.php\/news\/deputado-apela-a-superintendencia-do-inss-para-nao-fechar-agencia-em-natal\/"]}]},{"@type":"ImageObject","inLanguage":"pt-BR","@id":"https:\/\/ubaldofernandes.com\/index.php\/news\/deputado-apela-a-superintendencia-do-inss-para-nao-fechar-agencia-em-natal\/#primaryimage","url":"https:\/\/ubaldofernandes.com\/wp-content\/uploads\/2024\/02\/Plenario-fev24.jpeg","contentUrl":"https:\/\/ubaldofernandes.com\/wp-content\/uploads\/2024\/02\/Plenario-fev24.jpeg","width":1110,"height":739},{"@type":"BreadcrumbList","@id":"https:\/\/ubaldofernandes.com\/index.php\/news\/deputado-apela-a-superintendencia-do-inss-para-nao-fechar-agencia-em-natal\/#breadcrumb","itemListElement":[{"@type":"ListItem","position":1,"name":"In\u00edcio","item":"https:\/\/ubaldofernandes.com\/"},{"@type":"ListItem","position":2,"name":"Not\u00edcias","item":"https:\/\/ubaldofernandes.com\/index.php\/news\/"},{"@type":"ListItem","position":3,"name":"Deputado apela \u00e0 Superintend\u00eancia do INSS para n\u00e3o fechar ag\u00eancia em Natal"}]},{"@type":"WebSite","@id":"https:\/\/ubaldofernandes.com\/#website","url":"https:\/\/ubaldofernandes.com\/","name":"Ubaldo Fernandes","description":"Deputado Estadual","potentialAction":[{"@type":"SearchAction","target":{"@type":"EntryPoint","urlTemplate":"https:\/\/ubaldofernandes.com\/?s={search_term_string}"},"query-input":{"@type":"PropertyValueSpecification","valueRequired":true,"valueName":"search_term_string"}}],"inLanguage":"pt-BR"}]}},"_links":{"self":[{"href":"https:\/\/ubaldofernandes.com\/index.php\/wp-json\/wp\/v2\/news\/6289","targetHints":{"allow":["GET"]}}],"collection":[{"href":"https:\/\/ubaldofernandes.com\/index.php\/wp-json\/wp\/v2\/news"}],"about":[{"href":"https:\/\/ubaldofernandes.com\/index.php\/wp-json\/wp\/v2\/types\/news"}],"wp:featuredmedia":[{"embeddable":true,"href":"https:\/\/ubaldofernandes.com\/index.php\/wp-json\/wp\/v2\/media\/6290"}],"wp:attachment":[{"href":"https:\/\/ubaldofernandes.com\/index.php\/wp-json\/wp\/v2\/media?parent=6289"}],"curies":[{"name":"wp","href":"https:\/\/api.w.org\/{rel}","templated":true}]}}