{"id":6291,"date":"2024-02-21T11:02:00","date_gmt":"2024-02-21T14:02:00","guid":{"rendered":"https:\/\/ubaldofernandes.com\/?post_type=news&#038;p=6291"},"modified":"2024-02-26T09:59:37","modified_gmt":"2024-02-26T12:59:37","slug":"tv-e-radio-assembleia-recebem-premiacao-como-vencedores-do-natal-sem-igual","status":"publish","type":"news","link":"https:\/\/ubaldofernandes.com\/index.php\/news\/tv-e-radio-assembleia-recebem-premiacao-como-vencedores-do-natal-sem-igual\/","title":{"rendered":"TV e R\u00e1dio Assembleia recebem premia\u00e7\u00e3o como vencedores do \u201cNatal sem igual\u201d"},"content":{"rendered":"\n<p>Aconteceu ontem (20) a noite de premia\u00e7\u00e3o do \u201cNatal sem igual\u201d, iniciativa que enaltece os melhores conte\u00fados jornal\u00edsticos sobre o patrim\u00f4nio hist\u00f3rico e arquitet\u00f4nico da cidade nas categorias texto, \u00e1udio e v\u00eddeo. A solenidade ocorreu no sal\u00e3o nobre do Teatro Alberto Maranh\u00e3o, consagrando a TV e a R\u00e1dio Assembleia vencedoras nas categorias v\u00eddeo e \u00e1udio, respectivamente.<\/p>\n\n\n\n<p>Matheus Magalh\u00e3es, Cristiane Rodrigues, Cristiano Bezerra e Edson Alves, da TV Assembleia RN, foram os premiados em v\u00eddeo, com o mini document\u00e1rio \u201cNos passos de Cascudo\u201d. Na categoria \u00e1udio, Rita Machado, B\u00e1rbara Freire, Cleidi Vila Nova e Carol Reis, da R\u00e1dio Assembleia RN, ficaram em primeiro lugar com o podcast \u201cCen\u00e1rios da Arte Potiguar\u201d.<\/p>\n\n\n\n<p>Cada uma das categorias tamb\u00e9m teve uma men\u00e7\u00e3o honrosa. E a TV foi novamente premiada na categoria v\u00eddeo com \u201cO caminho de beber \u00e1gua \u2013 a hist\u00f3ria da primeira rua de Natal\u201d, com a equipe formada por Cl\u00e1udia Ang\u00e9lica, Rosa Medeiros, Nyander Rodrigues, Jefferson Hallyday, Cristiano Bezerra e J. Gon\u00e7alves.<\/p>\n\n\n\n<p>Nas demais categorias premiadas, as jornalistas Mirella Lopes e Isabela Santos, da Ag\u00eancia Saiba Mais, ganharam na categoria texto, com a mat\u00e9ria \u201cDo bonde ao bus\u00e3o: mem\u00f3ria e caminhos para a Rua Jo\u00e3o Pessoa\u201d; Jaqueilton Gomes e Rafael Ara\u00fajo, do Novo Not\u00edcias, por \u201cA \u2018Estrada Velha\u2019 que levou Natal da Guerra ao desenvolvimento\u201d (texto); \u00cdcaro Carvalho, da Jovem Pan News Natal, por \u201cMais uma por favor: bares fomentam cultura e arte no Centro Hist\u00f3rico de Natal\u201d (\u00e1udio). Al\u00e9m de trof\u00e9u e certificados, os seis conte\u00fados destacados s\u00e3o premiados em dinheiro.<\/p>\n\n\n\n<p>\u201cNatal sem igual\u201d \u00e9 organizado pelo jornalista Oct\u00e1vio Santiago, em parceria com a Viva Promo\u00e7\u00f5es, e integra a programa\u00e7\u00e3o do Festival Hist\u00f3rico do Natal. A iniciativa \u00e9 viabilizada pelas leis C\u00e2mara Cascudo e Djalma Maranh\u00e3o.<\/p>\n\n\n\n<p>Em 2023, o pr\u00eamio teve como tema \u201cOs caminhos da cidade\u201d, com foco nas avenidas, ruas, becos e vielas que ajudam a contar a hist\u00f3ria da capital potiguar. A comiss\u00e3o julgadora foi formada pelos jornalistas Fl\u00e1via Urbano, Alice Lima e Gustavo Sobral.<\/p>\n\n\n\n<p>Mat\u00e9ria publicada no <a href=\"https:\/\/eliasjornalista.com\/tv-e-radio-assembleia-recebem-premiacao-como-vencedores-do-natal-sem-igual\/\">Blog Elias Medeiros<\/a>.<\/p>\n","protected":false},"featured_media":6292,"parent":0,"template":"","class_list":["post-6291","news","type-news","status-publish","has-post-thumbnail","hentry"],"acf":[],"yoast_head":"<!-- This site is optimized with the Yoast SEO plugin v24.6 - https:\/\/yoast.com\/wordpress\/plugins\/seo\/ -->\n<title>TV e R\u00e1dio Assembleia recebem premia\u00e7\u00e3o como vencedores do \u201cNatal sem igual\u201d - Ubaldo Fernandes<\/title>\n<meta name=\"robots\" content=\"index, follow, max-snippet:-1, max-image-preview:large, max-video-preview:-1\" \/>\n<link rel=\"canonical\" href=\"https:\/\/ubaldofernandes.com\/index.php\/news\/tv-e-radio-assembleia-recebem-premiacao-como-vencedores-do-natal-sem-igual\/\" \/>\n<meta property=\"og:locale\" content=\"pt_BR\" \/>\n<meta property=\"og:type\" content=\"article\" \/>\n<meta property=\"og:title\" content=\"TV e R\u00e1dio Assembleia recebem premia\u00e7\u00e3o como vencedores do \u201cNatal sem igual\u201d - Ubaldo Fernandes\" \/>\n<meta property=\"og:description\" content=\"Aconteceu ontem (20) a noite de premia\u00e7\u00e3o do \u201cNatal sem igual\u201d, iniciativa que enaltece os melhores conte\u00fados jornal\u00edsticos sobre o patrim\u00f4nio hist\u00f3rico e arquitet\u00f4nico da cidade nas categorias texto, \u00e1udio e v\u00eddeo. A solenidade ocorreu no sal\u00e3o nobre do Teatro Alberto Maranh\u00e3o, consagrando a TV e a R\u00e1dio Assembleia vencedoras nas categorias v\u00eddeo e \u00e1udio, [&hellip;]\" \/>\n<meta property=\"og:url\" content=\"https:\/\/ubaldofernandes.com\/index.php\/news\/tv-e-radio-assembleia-recebem-premiacao-como-vencedores-do-natal-sem-igual\/\" \/>\n<meta property=\"og:site_name\" content=\"Ubaldo Fernandes\" \/>\n<meta property=\"article:modified_time\" content=\"2024-02-26T12:59:37+00:00\" \/>\n<meta property=\"og:image\" content=\"https:\/\/ubaldofernandes.com\/wp-content\/uploads\/2024\/02\/Premiacao-TV-ASSEMBLEIA.jpg\" \/>\n\t<meta property=\"og:image:width\" content=\"630\" \/>\n\t<meta property=\"og:image:height\" content=\"420\" \/>\n\t<meta property=\"og:image:type\" content=\"image\/jpeg\" \/>\n<meta name=\"twitter:card\" content=\"summary_large_image\" \/>\n<meta name=\"twitter:label1\" content=\"Est. tempo de leitura\" \/>\n\t<meta name=\"twitter:data1\" content=\"2 minutos\" \/>\n<script type=\"application\/ld+json\" class=\"yoast-schema-graph\">{\"@context\":\"https:\/\/schema.org\",\"@graph\":[{\"@type\":\"WebPage\",\"@id\":\"https:\/\/ubaldofernandes.com\/index.php\/news\/tv-e-radio-assembleia-recebem-premiacao-como-vencedores-do-natal-sem-igual\/\",\"url\":\"https:\/\/ubaldofernandes.com\/index.php\/news\/tv-e-radio-assembleia-recebem-premiacao-como-vencedores-do-natal-sem-igual\/\",\"name\":\"TV e R\u00e1dio Assembleia recebem premia\u00e7\u00e3o como vencedores do \u201cNatal sem igual\u201d - Ubaldo Fernandes\",\"isPartOf\":{\"@id\":\"https:\/\/ubaldofernandes.com\/#website\"},\"primaryImageOfPage\":{\"@id\":\"https:\/\/ubaldofernandes.com\/index.php\/news\/tv-e-radio-assembleia-recebem-premiacao-como-vencedores-do-natal-sem-igual\/#primaryimage\"},\"image\":{\"@id\":\"https:\/\/ubaldofernandes.com\/index.php\/news\/tv-e-radio-assembleia-recebem-premiacao-como-vencedores-do-natal-sem-igual\/#primaryimage\"},\"thumbnailUrl\":\"https:\/\/ubaldofernandes.com\/wp-content\/uploads\/2024\/02\/Premiacao-TV-ASSEMBLEIA.jpg\",\"datePublished\":\"2024-02-21T14:02:00+00:00\",\"dateModified\":\"2024-02-26T12:59:37+00:00\",\"breadcrumb\":{\"@id\":\"https:\/\/ubaldofernandes.com\/index.php\/news\/tv-e-radio-assembleia-recebem-premiacao-como-vencedores-do-natal-sem-igual\/#breadcrumb\"},\"inLanguage\":\"pt-BR\",\"potentialAction\":[{\"@type\":\"ReadAction\",\"target\":[\"https:\/\/ubaldofernandes.com\/index.php\/news\/tv-e-radio-assembleia-recebem-premiacao-como-vencedores-do-natal-sem-igual\/\"]}]},{\"@type\":\"ImageObject\",\"inLanguage\":\"pt-BR\",\"@id\":\"https:\/\/ubaldofernandes.com\/index.php\/news\/tv-e-radio-assembleia-recebem-premiacao-como-vencedores-do-natal-sem-igual\/#primaryimage\",\"url\":\"https:\/\/ubaldofernandes.com\/wp-content\/uploads\/2024\/02\/Premiacao-TV-ASSEMBLEIA.jpg\",\"contentUrl\":\"https:\/\/ubaldofernandes.com\/wp-content\/uploads\/2024\/02\/Premiacao-TV-ASSEMBLEIA.jpg\",\"width\":630,\"height\":420},{\"@type\":\"BreadcrumbList\",\"@id\":\"https:\/\/ubaldofernandes.com\/index.php\/news\/tv-e-radio-assembleia-recebem-premiacao-como-vencedores-do-natal-sem-igual\/#breadcrumb\",\"itemListElement\":[{\"@type\":\"ListItem\",\"position\":1,\"name\":\"In\u00edcio\",\"item\":\"https:\/\/ubaldofernandes.com\/\"},{\"@type\":\"ListItem\",\"position\":2,\"name\":\"Not\u00edcias\",\"item\":\"https:\/\/ubaldofernandes.com\/index.php\/news\/\"},{\"@type\":\"ListItem\",\"position\":3,\"name\":\"TV e R\u00e1dio Assembleia recebem premia\u00e7\u00e3o como vencedores do \u201cNatal sem igual\u201d\"}]},{\"@type\":\"WebSite\",\"@id\":\"https:\/\/ubaldofernandes.com\/#website\",\"url\":\"https:\/\/ubaldofernandes.com\/\",\"name\":\"Ubaldo Fernandes\",\"description\":\"Deputado Estadual\",\"potentialAction\":[{\"@type\":\"SearchAction\",\"target\":{\"@type\":\"EntryPoint\",\"urlTemplate\":\"https:\/\/ubaldofernandes.com\/?s={search_term_string}\"},\"query-input\":{\"@type\":\"PropertyValueSpecification\",\"valueRequired\":true,\"valueName\":\"search_term_string\"}}],\"inLanguage\":\"pt-BR\"}]}<\/script>\n<!-- \/ Yoast SEO plugin. -->","yoast_head_json":{"title":"TV e R\u00e1dio Assembleia recebem premia\u00e7\u00e3o como vencedores do \u201cNatal sem igual\u201d - Ubaldo Fernandes","robots":{"index":"index","follow":"follow","max-snippet":"max-snippet:-1","max-image-preview":"max-image-preview:large","max-video-preview":"max-video-preview:-1"},"canonical":"https:\/\/ubaldofernandes.com\/index.php\/news\/tv-e-radio-assembleia-recebem-premiacao-como-vencedores-do-natal-sem-igual\/","og_locale":"pt_BR","og_type":"article","og_title":"TV e R\u00e1dio Assembleia recebem premia\u00e7\u00e3o como vencedores do \u201cNatal sem igual\u201d - Ubaldo Fernandes","og_description":"Aconteceu ontem (20) a noite de premia\u00e7\u00e3o do \u201cNatal sem igual\u201d, iniciativa que enaltece os melhores conte\u00fados jornal\u00edsticos sobre o patrim\u00f4nio hist\u00f3rico e arquitet\u00f4nico da cidade nas categorias texto, \u00e1udio e v\u00eddeo. A solenidade ocorreu no sal\u00e3o nobre do Teatro Alberto Maranh\u00e3o, consagrando a TV e a R\u00e1dio Assembleia vencedoras nas categorias v\u00eddeo e \u00e1udio, [&hellip;]","og_url":"https:\/\/ubaldofernandes.com\/index.php\/news\/tv-e-radio-assembleia-recebem-premiacao-como-vencedores-do-natal-sem-igual\/","og_site_name":"Ubaldo Fernandes","article_modified_time":"2024-02-26T12:59:37+00:00","og_image":[{"width":630,"height":420,"url":"https:\/\/ubaldofernandes.com\/wp-content\/uploads\/2024\/02\/Premiacao-TV-ASSEMBLEIA.jpg","type":"image\/jpeg"}],"twitter_card":"summary_large_image","twitter_misc":{"Est. tempo de leitura":"2 minutos"},"schema":{"@context":"https:\/\/schema.org","@graph":[{"@type":"WebPage","@id":"https:\/\/ubaldofernandes.com\/index.php\/news\/tv-e-radio-assembleia-recebem-premiacao-como-vencedores-do-natal-sem-igual\/","url":"https:\/\/ubaldofernandes.com\/index.php\/news\/tv-e-radio-assembleia-recebem-premiacao-como-vencedores-do-natal-sem-igual\/","name":"TV e R\u00e1dio Assembleia recebem premia\u00e7\u00e3o como vencedores do \u201cNatal sem igual\u201d - Ubaldo Fernandes","isPartOf":{"@id":"https:\/\/ubaldofernandes.com\/#website"},"primaryImageOfPage":{"@id":"https:\/\/ubaldofernandes.com\/index.php\/news\/tv-e-radio-assembleia-recebem-premiacao-como-vencedores-do-natal-sem-igual\/#primaryimage"},"image":{"@id":"https:\/\/ubaldofernandes.com\/index.php\/news\/tv-e-radio-assembleia-recebem-premiacao-como-vencedores-do-natal-sem-igual\/#primaryimage"},"thumbnailUrl":"https:\/\/ubaldofernandes.com\/wp-content\/uploads\/2024\/02\/Premiacao-TV-ASSEMBLEIA.jpg","datePublished":"2024-02-21T14:02:00+00:00","dateModified":"2024-02-26T12:59:37+00:00","breadcrumb":{"@id":"https:\/\/ubaldofernandes.com\/index.php\/news\/tv-e-radio-assembleia-recebem-premiacao-como-vencedores-do-natal-sem-igual\/#breadcrumb"},"inLanguage":"pt-BR","potentialAction":[{"@type":"ReadAction","target":["https:\/\/ubaldofernandes.com\/index.php\/news\/tv-e-radio-assembleia-recebem-premiacao-como-vencedores-do-natal-sem-igual\/"]}]},{"@type":"ImageObject","inLanguage":"pt-BR","@id":"https:\/\/ubaldofernandes.com\/index.php\/news\/tv-e-radio-assembleia-recebem-premiacao-como-vencedores-do-natal-sem-igual\/#primaryimage","url":"https:\/\/ubaldofernandes.com\/wp-content\/uploads\/2024\/02\/Premiacao-TV-ASSEMBLEIA.jpg","contentUrl":"https:\/\/ubaldofernandes.com\/wp-content\/uploads\/2024\/02\/Premiacao-TV-ASSEMBLEIA.jpg","width":630,"height":420},{"@type":"BreadcrumbList","@id":"https:\/\/ubaldofernandes.com\/index.php\/news\/tv-e-radio-assembleia-recebem-premiacao-como-vencedores-do-natal-sem-igual\/#breadcrumb","itemListElement":[{"@type":"ListItem","position":1,"name":"In\u00edcio","item":"https:\/\/ubaldofernandes.com\/"},{"@type":"ListItem","position":2,"name":"Not\u00edcias","item":"https:\/\/ubaldofernandes.com\/index.php\/news\/"},{"@type":"ListItem","position":3,"name":"TV e R\u00e1dio Assembleia recebem premia\u00e7\u00e3o como vencedores do \u201cNatal sem igual\u201d"}]},{"@type":"WebSite","@id":"https:\/\/ubaldofernandes.com\/#website","url":"https:\/\/ubaldofernandes.com\/","name":"Ubaldo Fernandes","description":"Deputado Estadual","potentialAction":[{"@type":"SearchAction","target":{"@type":"EntryPoint","urlTemplate":"https:\/\/ubaldofernandes.com\/?s={search_term_string}"},"query-input":{"@type":"PropertyValueSpecification","valueRequired":true,"valueName":"search_term_string"}}],"inLanguage":"pt-BR"}]}},"_links":{"self":[{"href":"https:\/\/ubaldofernandes.com\/index.php\/wp-json\/wp\/v2\/news\/6291","targetHints":{"allow":["GET"]}}],"collection":[{"href":"https:\/\/ubaldofernandes.com\/index.php\/wp-json\/wp\/v2\/news"}],"about":[{"href":"https:\/\/ubaldofernandes.com\/index.php\/wp-json\/wp\/v2\/types\/news"}],"wp:featuredmedia":[{"embeddable":true,"href":"https:\/\/ubaldofernandes.com\/index.php\/wp-json\/wp\/v2\/media\/6292"}],"wp:attachment":[{"href":"https:\/\/ubaldofernandes.com\/index.php\/wp-json\/wp\/v2\/media?parent=6291"}],"curies":[{"name":"wp","href":"https:\/\/api.w.org\/{rel}","templated":true}]}}